{"id":211845,"date":"2025-06-30T13:54:43","date_gmt":"2025-06-30T17:54:43","guid":{"rendered":"https:\/\/www.cuballama.com\/noticias\/?p=211845"},"modified":"2025-06-30T13:54:46","modified_gmt":"2025-06-30T17:54:46","slug":"fallece-anciano-cubano-bajo-custodia-de-ice-en-miami","status":"publish","type":"post","link":"https:\/\/www.cuballama.com\/noticias\/fallece-anciano-cubano-bajo-custodia-de-ice-en-miami\/","title":{"rendered":"Fallece anciano cubano bajo custodia de ICE en Miami"},"content":{"rendered":"\n<p>Un ciudadano cubano de 75 a\u00f1os muri\u00f3 mientras se encontraba bajo custodia del Servicio de Inmigraci\u00f3n y Control de Aduanas de Estados Unidos (ICE por sus siglas en ingl\u00e9s).<\/p>\n\n\n\n<p>As\u00ed lo inform\u00f3 la agencia este domingo en <a href=\"https:\/\/www.ice.gov\/news\/releases\/cuban-national-dies-ice-custody\" target=\"_blank\" rel=\"noreferrer noopener\">un comunicado oficial<\/a>, mediante el cual detall\u00f3 adem\u00e1s que el cubano, identificado como Isidro P\u00e9rez, falleci\u00f3 el 26 de junio a las 8:42 de la noche en el Hospital HCA Kendall, en Florida.<\/p>\n\n\n\n<p>P\u00e9rez, cuyo deceso se encuentra actualmente bajo investigaci\u00f3n, estaba detenido en la Unidad de Alojamiento M\u00e9dico del Centro de Procesamiento de Servicios Krome cuando sinti\u00f3 un dolor en el pecho.<\/p>\n\n\n\n<p>De acuerdo con ICE, el equipo de rescate del condado de Miami-Dade respondi\u00f3 socorri\u00f3 a P\u00e9rez, a quien fue necesario aplicarle maniobras de reanimaci\u00f3n, que incluyeron el uso de un desfibrilador externo autom\u00e1tico.<\/p>\n\n\n\n<p>Tras responder a \u201clos m\u00e9todos de reanimaci\u00f3n\u201d, el cubano fue trasladado de urgencia al hospital para ser evaluado, pero poco despu\u00e9s muri\u00f3.<\/p>\n\n\n\n<p>P\u00e9rez hab\u00eda sido arrestado por ICE el pasado 5 de junio en Cayo Largo, Florida, durante un operativo migratorio tras lo cual lo declar\u00f3 inadmisible seg\u00fan la Ley de Inmigraci\u00f3n y Nacionalidad de Estados Unidos.<\/p>\n\n\n\n<p>Al d\u00eda siguiente de ser detenido, P\u00e9rez fue trasladado a Krome, donde se le diagnosticaron m\u00faltiples problemas m\u00e9dicos, por lo que su salud requer\u00eda atenci\u00f3n continua.<\/p>\n\n\n\n<p>El 17 de junio fue hospitalizado en el Hospital Comunitario Larkin por presentar una angina inestable, con alteraciones en el electrocardiograma, y dado de alta el d\u00eda 25, apenas un d\u00eda antes de morir.<\/p>\n\n\n\n<p>El fallecido llevaba cerca de seis d\u00e9cadas en el pa\u00eda, ya que hab\u00eda sido puesto en libertad condicional en Houston, Texas, el 1 de abril de 1966.<\/p>\n\n\n\n<p>ICE precis\u00f3 adem\u00e1s que fue declarado culpable de posesi\u00f3n de una sustancia controlada en el Tribunal de Estados Unidos para el Distrito Sur de Florida en 1981 y en 1984.<\/p>\n\n\n\n<p>La agencia subray\u00f3 que est\u00e1 \u201ccomprometida con garantizar que todas las personas bajo su custodia residan en entornos seguros, protegidos y humanos\u201d.<\/p>\n\n\n\n<p>Seg\u00fan el protocolo m\u00e9dico de ICE, cada persona detenida recibe una evaluaci\u00f3n m\u00e9dica, dental y de salud mental dentro de las primeras 12 horas tras su llegada a un centro; una evaluaci\u00f3n m\u00e9dica completa en un plazo m\u00e1ximo de 14 d\u00edas; y acceso continuado a atenci\u00f3n m\u00e9dica de emergencia las 24 horas.<\/p>\n\n\n\n<p>\u201cEn ning\u00fan momento durante la detenci\u00f3n se niega la atenci\u00f3n de emergencia a un extranjero indocumentado detenido\u201d, subray\u00f3 el comunicado en medio de un clima de preocupaci\u00f3n por el trato m\u00e9dico y las condiciones de detenci\u00f3n de personas que permanecen bajo custodia migratoria en Estados Unidos.<\/p>\n\n\n\n<p><\/p>\n","protected":false},"excerpt":{"rendered":"<p>El fallecido hab\u00eda sido arrestado por las autoridades migratorias el pasado 5 de junio en Cayo Largo, Florida.<\/p>\n","protected":false},"author":30,"featured_media":211218,"comment_status":"open","ping_status":"closed","sticky":false,"template":"","format":"standard","meta":{"_acf_changed":false,"footnotes":""},"categories":[18,11024],"tags":[22976,11050,941,2978],"class_list":{"0":"post-211845","1":"post","2":"type-post","3":"status-publish","4":"format-standard","5":"has-post-thumbnail","7":"category-noticias","8":"category-noticias-de-miami","9":"tag-anciano-cubano","10":"tag-cubanos-en-miami","11":"tag-destacado","12":"tag-ice"},"acf":[],"yoast_head":"<!-- This site is optimized with the Yoast SEO plugin v27.5 - https:\/\/yoast.com\/product\/yoast-seo-wordpress\/ -->\n<title>Fallece anciano cubano bajo custodia de ICE en Miami - Cuballama Noticias<\/title>\n<meta name=\"description\" content=\"Un ciudadano cubano de 75 a\u00f1os muri\u00f3 mientras se encontraba bajo custodia del Servicio de Inmigraci\u00f3n y Control de Aduanas de Estados Unidos.\" \/>\n<meta name=\"robots\" content=\"index, follow, max-snippet:-1, max-image-preview:large, max-video-preview:-1\" \/>\n<link rel=\"canonical\" href=\"https:\/\/www.cuballama.com\/noticias\/fallece-anciano-cubano-bajo-custodia-de-ice-en-miami\/\" \/>\n<meta property=\"og:locale\" content=\"es_ES\" \/>\n<meta property=\"og:type\" content=\"article\" \/>\n<meta property=\"og:title\" content=\"Fallece anciano cubano bajo custodia de ICE en Miami - Cuballama Noticias\" \/>\n<meta property=\"og:description\" content=\"Un ciudadano cubano de 75 a\u00f1os muri\u00f3 mientras se encontraba bajo custodia del Servicio de Inmigraci\u00f3n y Control de Aduanas de Estados Unidos.\" \/>\n<meta property=\"og:url\" content=\"https:\/\/www.cuballama.com\/noticias\/fallece-anciano-cubano-bajo-custodia-de-ice-en-miami\/\" \/>\n<meta property=\"og:site_name\" content=\"Cuballama Noticias\" \/>\n<meta property=\"article:publisher\" content=\"https:\/\/www.facebook.com\/CubaLlama\" \/>\n<meta property=\"article:published_time\" content=\"2025-06-30T17:54:43+00:00\" \/>\n<meta property=\"article:modified_time\" content=\"2025-06-30T17:54:46+00:00\" \/>\n<meta property=\"og:image\" content=\"https:\/\/cdn1.mediawpaccore.net\/wp-content\/uploads\/2025\/06\/23235625\/506361186_18512883577004996_8535032883284720880_n1.jpg\" \/>\n\t<meta property=\"og:image:width\" content=\"1200\" \/>\n\t<meta property=\"og:image:height\" content=\"630\" \/>\n\t<meta property=\"og:image:type\" content=\"image\/jpeg\" \/>\n<meta name=\"author\" content=\"Kathy\" \/>\n<meta name=\"twitter:card\" content=\"summary_large_image\" \/>\n<meta name=\"twitter:creator\" content=\"@cuballama\" \/>\n<meta name=\"twitter:site\" content=\"@cuballama\" \/>\n<meta name=\"twitter:label1\" content=\"Escrito por\" \/>\n\t<meta name=\"twitter:data1\" content=\"Kathy\" \/>\n\t<meta name=\"twitter:label2\" content=\"Tiempo de lectura\" \/>\n\t<meta name=\"twitter:data2\" content=\"3 minutos\" \/>\n<script type=\"application\/ld+json\" class=\"yoast-schema-graph\">{\"@context\":\"https:\\\/\\\/schema.org\",\"@graph\":[{\"@type\":\"Article\",\"@id\":\"https:\\\/\\\/www.cuballama.com\\\/noticias\\\/fallece-anciano-cubano-bajo-custodia-de-ice-en-miami\\\/#article\",\"isPartOf\":{\"@id\":\"https:\\\/\\\/www.cuballama.com\\\/noticias\\\/fallece-anciano-cubano-bajo-custodia-de-ice-en-miami\\\/\"},\"author\":{\"name\":\"Kathy\",\"@id\":\"https:\\\/\\\/www.cuballama.com\\\/noticias\\\/#\\\/schema\\\/person\\\/86cd3e3f4974437f031211213bf892d5\"},\"headline\":\"Fallece anciano cubano bajo custodia de ICE en Miami\",\"datePublished\":\"2025-06-30T17:54:43+00:00\",\"dateModified\":\"2025-06-30T17:54:46+00:00\",\"mainEntityOfPage\":{\"@id\":\"https:\\\/\\\/www.cuballama.com\\\/noticias\\\/fallece-anciano-cubano-bajo-custodia-de-ice-en-miami\\\/\"},\"wordCount\":470,\"commentCount\":0,\"publisher\":{\"@id\":\"https:\\\/\\\/www.cuballama.com\\\/noticias\\\/#organization\"},\"image\":{\"@id\":\"https:\\\/\\\/www.cuballama.com\\\/noticias\\\/fallece-anciano-cubano-bajo-custodia-de-ice-en-miami\\\/#primaryimage\"},\"thumbnailUrl\":\"https:\\\/\\\/cdn1.mediawpaccore.net\\\/wp-content\\\/uploads\\\/2025\\\/06\\\/23235625\\\/506361186_18512883577004996_8535032883284720880_n1.jpg\",\"keywords\":[\"Anciano cubano\",\"cubanos en Miami\",\"destacado\",\"ICE\"],\"articleSection\":[\"Noticias\",\"Noticias de Miami\"],\"inLanguage\":\"es\",\"potentialAction\":[{\"@type\":\"CommentAction\",\"name\":\"Comment\",\"target\":[\"https:\\\/\\\/www.cuballama.com\\\/noticias\\\/fallece-anciano-cubano-bajo-custodia-de-ice-en-miami\\\/#respond\"]}]},{\"@type\":\"WebPage\",\"@id\":\"https:\\\/\\\/www.cuballama.com\\\/noticias\\\/fallece-anciano-cubano-bajo-custodia-de-ice-en-miami\\\/\",\"url\":\"https:\\\/\\\/www.cuballama.com\\\/noticias\\\/fallece-anciano-cubano-bajo-custodia-de-ice-en-miami\\\/\",\"name\":\"Fallece anciano cubano bajo custodia de ICE en Miami - Cuballama Noticias\",\"isPartOf\":{\"@id\":\"https:\\\/\\\/www.cuballama.com\\\/noticias\\\/#website\"},\"primaryImageOfPage\":{\"@id\":\"https:\\\/\\\/www.cuballama.com\\\/noticias\\\/fallece-anciano-cubano-bajo-custodia-de-ice-en-miami\\\/#primaryimage\"},\"image\":{\"@id\":\"https:\\\/\\\/www.cuballama.com\\\/noticias\\\/fallece-anciano-cubano-bajo-custodia-de-ice-en-miami\\\/#primaryimage\"},\"thumbnailUrl\":\"https:\\\/\\\/cdn1.mediawpaccore.net\\\/wp-content\\\/uploads\\\/2025\\\/06\\\/23235625\\\/506361186_18512883577004996_8535032883284720880_n1.jpg\",\"datePublished\":\"2025-06-30T17:54:43+00:00\",\"dateModified\":\"2025-06-30T17:54:46+00:00\",\"description\":\"Un ciudadano cubano de 75 a\u00f1os muri\u00f3 mientras se encontraba bajo custodia del Servicio de Inmigraci\u00f3n y Control de Aduanas de Estados Unidos.\",\"breadcrumb\":{\"@id\":\"https:\\\/\\\/www.cuballama.com\\\/noticias\\\/fallece-anciano-cubano-bajo-custodia-de-ice-en-miami\\\/#breadcrumb\"},\"inLanguage\":\"es\",\"potentialAction\":[{\"@type\":\"ReadAction\",\"target\":[\"https:\\\/\\\/www.cuballama.com\\\/noticias\\\/fallece-anciano-cubano-bajo-custodia-de-ice-en-miami\\\/\"]}]},{\"@type\":\"ImageObject\",\"inLanguage\":\"es\",\"@id\":\"https:\\\/\\\/www.cuballama.com\\\/noticias\\\/fallece-anciano-cubano-bajo-custodia-de-ice-en-miami\\\/#primaryimage\",\"url\":\"https:\\\/\\\/cdn1.mediawpaccore.net\\\/wp-content\\\/uploads\\\/2025\\\/06\\\/23235625\\\/506361186_18512883577004996_8535032883284720880_n1.jpg\",\"contentUrl\":\"https:\\\/\\\/cdn1.mediawpaccore.net\\\/wp-content\\\/uploads\\\/2025\\\/06\\\/23235625\\\/506361186_18512883577004996_8535032883284720880_n1.jpg\",\"width\":1200,\"height\":630,\"caption\":\"Centro de detenci\u00f3n de inmigrantes. Foto: Facebook\\\/Mario Pent\u00f3n.\"},{\"@type\":\"BreadcrumbList\",\"@id\":\"https:\\\/\\\/www.cuballama.com\\\/noticias\\\/fallece-anciano-cubano-bajo-custodia-de-ice-en-miami\\\/#breadcrumb\",\"itemListElement\":[{\"@type\":\"ListItem\",\"position\":1,\"name\":\"Home\",\"item\":\"https:\\\/\\\/www.cuballama.com\\\/noticias\\\/\"},{\"@type\":\"ListItem\",\"position\":2,\"name\":\"Fallece anciano cubano bajo custodia de ICE en Miami\"}]},{\"@type\":\"WebSite\",\"@id\":\"https:\\\/\\\/www.cuballama.com\\\/noticias\\\/#website\",\"url\":\"https:\\\/\\\/www.cuballama.com\\\/noticias\\\/\",\"name\":\"Cuballama Noticias\",\"description\":\"Medio digital sobre Cuba y el mundo\",\"publisher\":{\"@id\":\"https:\\\/\\\/www.cuballama.com\\\/noticias\\\/#organization\"},\"potentialAction\":[{\"@type\":\"SearchAction\",\"target\":{\"@type\":\"EntryPoint\",\"urlTemplate\":\"https:\\\/\\\/www.cuballama.com\\\/noticias\\\/?s={search_term_string}\"},\"query-input\":{\"@type\":\"PropertyValueSpecification\",\"valueRequired\":true,\"valueName\":\"search_term_string\"}}],\"inLanguage\":\"es\"},{\"@type\":\"Organization\",\"@id\":\"https:\\\/\\\/www.cuballama.com\\\/noticias\\\/#organization\",\"name\":\"Cuballama\",\"url\":\"https:\\\/\\\/www.cuballama.com\\\/noticias\\\/\",\"logo\":{\"@type\":\"ImageObject\",\"inLanguage\":\"es\",\"@id\":\"https:\\\/\\\/www.cuballama.com\\\/noticias\\\/#\\\/schema\\\/logo\\\/image\\\/\",\"url\":\"https:\\\/\\\/cdn1.mediawpaccore.net\\\/wp-content\\\/uploads\\\/2021\\\/12\\\/28171206\\\/cbll-logo-color-sm.png\",\"contentUrl\":\"https:\\\/\\\/cdn1.mediawpaccore.net\\\/wp-content\\\/uploads\\\/2021\\\/12\\\/28171206\\\/cbll-logo-color-sm.png\",\"width\":600,\"height\":133,\"caption\":\"Cuballama\"},\"image\":{\"@id\":\"https:\\\/\\\/www.cuballama.com\\\/noticias\\\/#\\\/schema\\\/logo\\\/image\\\/\"},\"sameAs\":[\"https:\\\/\\\/www.facebook.com\\\/CubaLlama\",\"https:\\\/\\\/x.com\\\/cuballama\",\"https:\\\/\\\/www.instagram.com\\\/stories\\\/cuballama_oficial\\\/\",\"https:\\\/\\\/www.youtube.com\\\/channel\\\/UCKkFE-d_axENGZcrc4as0IA\"]},{\"@type\":\"Person\",\"@id\":\"https:\\\/\\\/www.cuballama.com\\\/noticias\\\/#\\\/schema\\\/person\\\/86cd3e3f4974437f031211213bf892d5\",\"name\":\"Kathy\",\"url\":\"https:\\\/\\\/www.cuballama.com\\\/noticias\\\/author\\\/kathy\\\/\"}]}<\/script>\n<!-- \/ Yoast SEO plugin. -->","yoast_head_json":{"title":"Fallece anciano cubano bajo custodia de ICE en Miami - Cuballama Noticias","description":"Un ciudadano cubano de 75 a\u00f1os muri\u00f3 mientras se encontraba bajo custodia del Servicio de Inmigraci\u00f3n y Control de Aduanas de Estados Unidos.","robots":{"index":"index","follow":"follow","max-snippet":"max-snippet:-1","max-image-preview":"max-image-preview:large","max-video-preview":"max-video-preview:-1"},"canonical":"https:\/\/www.cuballama.com\/noticias\/fallece-anciano-cubano-bajo-custodia-de-ice-en-miami\/","og_locale":"es_ES","og_type":"article","og_title":"Fallece anciano cubano bajo custodia de ICE en Miami - Cuballama Noticias","og_description":"Un ciudadano cubano de 75 a\u00f1os muri\u00f3 mientras se encontraba bajo custodia del Servicio de Inmigraci\u00f3n y Control de Aduanas de Estados Unidos.","og_url":"https:\/\/www.cuballama.com\/noticias\/fallece-anciano-cubano-bajo-custodia-de-ice-en-miami\/","og_site_name":"Cuballama Noticias","article_publisher":"https:\/\/www.facebook.com\/CubaLlama","article_published_time":"2025-06-30T17:54:43+00:00","article_modified_time":"2025-06-30T17:54:46+00:00","og_image":[{"width":1200,"height":630,"url":"https:\/\/cdn1.mediawpaccore.net\/wp-content\/uploads\/2025\/06\/23235625\/506361186_18512883577004996_8535032883284720880_n1.jpg","type":"image\/jpeg"}],"author":"Kathy","twitter_card":"summary_large_image","twitter_creator":"@cuballama","twitter_site":"@cuballama","twitter_misc":{"Escrito por":"Kathy","Tiempo de lectura":"3 minutos"},"schema":{"@context":"https:\/\/schema.org","@graph":[{"@type":"Article","@id":"https:\/\/www.cuballama.com\/noticias\/fallece-anciano-cubano-bajo-custodia-de-ice-en-miami\/#article","isPartOf":{"@id":"https:\/\/www.cuballama.com\/noticias\/fallece-anciano-cubano-bajo-custodia-de-ice-en-miami\/"},"author":{"name":"Kathy","@id":"https:\/\/www.cuballama.com\/noticias\/#\/schema\/person\/86cd3e3f4974437f031211213bf892d5"},"headline":"Fallece anciano cubano bajo custodia de ICE en Miami","datePublished":"2025-06-30T17:54:43+00:00","dateModified":"2025-06-30T17:54:46+00:00","mainEntityOfPage":{"@id":"https:\/\/www.cuballama.com\/noticias\/fallece-anciano-cubano-bajo-custodia-de-ice-en-miami\/"},"wordCount":470,"commentCount":0,"publisher":{"@id":"https:\/\/www.cuballama.com\/noticias\/#organization"},"image":{"@id":"https:\/\/www.cuballama.com\/noticias\/fallece-anciano-cubano-bajo-custodia-de-ice-en-miami\/#primaryimage"},"thumbnailUrl":"https:\/\/cdn1.mediawpaccore.net\/wp-content\/uploads\/2025\/06\/23235625\/506361186_18512883577004996_8535032883284720880_n1.jpg","keywords":["Anciano cubano","cubanos en Miami","destacado","ICE"],"articleSection":["Noticias","Noticias de Miami"],"inLanguage":"es","potentialAction":[{"@type":"CommentAction","name":"Comment","target":["https:\/\/www.cuballama.com\/noticias\/fallece-anciano-cubano-bajo-custodia-de-ice-en-miami\/#respond"]}]},{"@type":"WebPage","@id":"https:\/\/www.cuballama.com\/noticias\/fallece-anciano-cubano-bajo-custodia-de-ice-en-miami\/","url":"https:\/\/www.cuballama.com\/noticias\/fallece-anciano-cubano-bajo-custodia-de-ice-en-miami\/","name":"Fallece anciano cubano bajo custodia de ICE en Miami - Cuballama Noticias","isPartOf":{"@id":"https:\/\/www.cuballama.com\/noticias\/#website"},"primaryImageOfPage":{"@id":"https:\/\/www.cuballama.com\/noticias\/fallece-anciano-cubano-bajo-custodia-de-ice-en-miami\/#primaryimage"},"image":{"@id":"https:\/\/www.cuballama.com\/noticias\/fallece-anciano-cubano-bajo-custodia-de-ice-en-miami\/#primaryimage"},"thumbnailUrl":"https:\/\/cdn1.mediawpaccore.net\/wp-content\/uploads\/2025\/06\/23235625\/506361186_18512883577004996_8535032883284720880_n1.jpg","datePublished":"2025-06-30T17:54:43+00:00","dateModified":"2025-06-30T17:54:46+00:00","description":"Un ciudadano cubano de 75 a\u00f1os muri\u00f3 mientras se encontraba bajo custodia del Servicio de Inmigraci\u00f3n y Control de Aduanas de Estados Unidos.","breadcrumb":{"@id":"https:\/\/www.cuballama.com\/noticias\/fallece-anciano-cubano-bajo-custodia-de-ice-en-miami\/#breadcrumb"},"inLanguage":"es","potentialAction":[{"@type":"ReadAction","target":["https:\/\/www.cuballama.com\/noticias\/fallece-anciano-cubano-bajo-custodia-de-ice-en-miami\/"]}]},{"@type":"ImageObject","inLanguage":"es","@id":"https:\/\/www.cuballama.com\/noticias\/fallece-anciano-cubano-bajo-custodia-de-ice-en-miami\/#primaryimage","url":"https:\/\/cdn1.mediawpaccore.net\/wp-content\/uploads\/2025\/06\/23235625\/506361186_18512883577004996_8535032883284720880_n1.jpg","contentUrl":"https:\/\/cdn1.mediawpaccore.net\/wp-content\/uploads\/2025\/06\/23235625\/506361186_18512883577004996_8535032883284720880_n1.jpg","width":1200,"height":630,"caption":"Centro de detenci\u00f3n de inmigrantes. Foto: Facebook\/Mario Pent\u00f3n."},{"@type":"BreadcrumbList","@id":"https:\/\/www.cuballama.com\/noticias\/fallece-anciano-cubano-bajo-custodia-de-ice-en-miami\/#breadcrumb","itemListElement":[{"@type":"ListItem","position":1,"name":"Home","item":"https:\/\/www.cuballama.com\/noticias\/"},{"@type":"ListItem","position":2,"name":"Fallece anciano cubano bajo custodia de ICE en Miami"}]},{"@type":"WebSite","@id":"https:\/\/www.cuballama.com\/noticias\/#website","url":"https:\/\/www.cuballama.com\/noticias\/","name":"Cuballama Noticias","description":"Medio digital sobre Cuba y el mundo","publisher":{"@id":"https:\/\/www.cuballama.com\/noticias\/#organization"},"potentialAction":[{"@type":"SearchAction","target":{"@type":"EntryPoint","urlTemplate":"https:\/\/www.cuballama.com\/noticias\/?s={search_term_string}"},"query-input":{"@type":"PropertyValueSpecification","valueRequired":true,"valueName":"search_term_string"}}],"inLanguage":"es"},{"@type":"Organization","@id":"https:\/\/www.cuballama.com\/noticias\/#organization","name":"Cuballama","url":"https:\/\/www.cuballama.com\/noticias\/","logo":{"@type":"ImageObject","inLanguage":"es","@id":"https:\/\/www.cuballama.com\/noticias\/#\/schema\/logo\/image\/","url":"https:\/\/cdn1.mediawpaccore.net\/wp-content\/uploads\/2021\/12\/28171206\/cbll-logo-color-sm.png","contentUrl":"https:\/\/cdn1.mediawpaccore.net\/wp-content\/uploads\/2021\/12\/28171206\/cbll-logo-color-sm.png","width":600,"height":133,"caption":"Cuballama"},"image":{"@id":"https:\/\/www.cuballama.com\/noticias\/#\/schema\/logo\/image\/"},"sameAs":["https:\/\/www.facebook.com\/CubaLlama","https:\/\/x.com\/cuballama","https:\/\/www.instagram.com\/stories\/cuballama_oficial\/","https:\/\/www.youtube.com\/channel\/UCKkFE-d_axENGZcrc4as0IA"]},{"@type":"Person","@id":"https:\/\/www.cuballama.com\/noticias\/#\/schema\/person\/86cd3e3f4974437f031211213bf892d5","name":"Kathy","url":"https:\/\/www.cuballama.com\/noticias\/author\/kathy\/"}]}},"_links":{"self":[{"href":"https:\/\/www.cuballama.com\/noticias\/wp-json\/wp\/v2\/posts\/211845","targetHints":{"allow":["GET"]}}],"collection":[{"href":"https:\/\/www.cuballama.com\/noticias\/wp-json\/wp\/v2\/posts"}],"about":[{"href":"https:\/\/www.cuballama.com\/noticias\/wp-json\/wp\/v2\/types\/post"}],"author":[{"embeddable":true,"href":"https:\/\/www.cuballama.com\/noticias\/wp-json\/wp\/v2\/users\/30"}],"replies":[{"embeddable":true,"href":"https:\/\/www.cuballama.com\/noticias\/wp-json\/wp\/v2\/comments?post=211845"}],"version-history":[{"count":2,"href":"https:\/\/www.cuballama.com\/noticias\/wp-json\/wp\/v2\/posts\/211845\/revisions"}],"predecessor-version":[{"id":211849,"href":"https:\/\/www.cuballama.com\/noticias\/wp-json\/wp\/v2\/posts\/211845\/revisions\/211849"}],"wp:featuredmedia":[{"embeddable":true,"href":"https:\/\/www.cuballama.com\/noticias\/wp-json\/wp\/v2\/media\/211218"}],"wp:attachment":[{"href":"https:\/\/www.cuballama.com\/noticias\/wp-json\/wp\/v2\/media?parent=211845"}],"wp:term":[{"taxonomy":"category","embeddable":true,"href":"https:\/\/www.cuballama.com\/noticias\/wp-json\/wp\/v2\/categories?post=211845"},{"taxonomy":"post_tag","embeddable":true,"href":"https:\/\/www.cuballama.com\/noticias\/wp-json\/wp\/v2\/tags?post=211845"}],"curies":[{"name":"wp","href":"https:\/\/api.w.org\/{rel}","templated":true}]}}