{"id":211598,"date":"2025-06-27T06:00:00","date_gmt":"2025-06-27T10:00:00","guid":{"rendered":"https:\/\/www.cuballama.com\/noticias\/?p=211598"},"modified":"2025-06-27T00:25:30","modified_gmt":"2025-06-27T04:25:30","slug":"emilio-frias-aconseja-a-quienes-llegaron-a-ee-uu-con-35-anos-o-mas-no-viniste-a-improvisar","status":"publish","type":"post","link":"https:\/\/www.cuballama.com\/noticias\/emilio-frias-aconseja-a-quienes-llegaron-a-ee-uu-con-35-anos-o-mas-no-viniste-a-improvisar\/","title":{"rendered":"Emilio Fr\u00edas aconseja a quienes llegaron a EE.UU. \u201ccon 35 a\u00f1os o m\u00e1s\u201d: \u201cNo viniste a improvisar\u201d"},"content":{"rendered":"\n<p>El m\u00fasico cubano Emilio Fr\u00edas, director de la orquesta El Ni\u00f1o y La Verdad, aconsej\u00f3 este mi\u00e9rcoles a quienes, como \u00e9l, han emigrado a Estados Unidos con m\u00e1s de 35 a\u00f1os.<\/p>\n\n\n\n<p>\u201cSi llegaste a Estados Unidos con 35 a\u00f1os o m\u00e1s, deber\u00edas saber esto\u2026 No est\u00e1s viejo, pero ya no puedes darte el lujo de perder el tiempo. Cada a\u00f1o cuenta, cada decisi\u00f3n suma o te frena\u201d, reflexion\u00f3 en redes sociales al pie de fotograf\u00edas suyas en una piscina de Miami Beach.<\/p>\n\n\n\n<p>\u201cEste pa\u00eds te exige m\u00e1s, pero tambi\u00e9n te da m\u00e1s. Solo que tienes que moverte intencionalmente. Ya no por impulso\u201d, asegur\u00f3 el int\u00e9rprete de \u2018Cambio\u2019, una canci\u00f3n por la que fue censurado en la isla.<\/p>\n\n\n\n<p>\u201cYa no est\u00e1s en modo \u2018so\u00f1ar\u2019. Est\u00e1s en modo ejecutar. Tu enfoque tiene que ser estrat\u00e9gico: Trabajo, papeles, cr\u00e9dito, ahorro, inversiones\u201d, recomend\u00f3.<\/p>\n\n\n\n<iframe loading=\"lazy\" src=\"https:\/\/www.facebook.com\/plugins\/post.php?href=https%3A%2F%2Fwww.facebook.com%2Fphoto.php%3Ffbid%3D1246039166895469%26set%3Da.194722102027186%26type%3D3&#038;show_text=true&#038;width=500\" width=\"500\" height=\"799\" style=\"border:none;overflow:hidden\" scrolling=\"no\" frameborder=\"0\" allowfullscreen=\"true\" allow=\"autoplay; clipboard-write; encrypted-media; picture-in-picture; web-share\"><\/iframe>\n\n\n\n<p>\u201cY si tienes hijos, este pa\u00eds puede ser el mayor regalo que les diste. Pero necesitan verte estable, firme, decidido, t\u00fa eres el ejemplo. A los 35 no viniste a improvisar. Viniste a recuperar el tiempo y a romperla, a tu manera\u201d, apunt\u00f3 el popular m\u00fasico.<\/p>\n\n\n\n<p>\u201cSi est\u00e1s en los Estados Unidos de Am\u00e9rica y pasas de los 35 a\u00f1os, este es tu momento, no es tarde, es ahora\u201d, concluy\u00f3 con optimismo y los pies bien puestos sobre la tierra.<\/p>\n\n\n\n<p>El m\u00fasico, que <a href=\"https:\/\/www.cuballama.com\/noticias\/emilio-frias-regresa-a-cuba-la-familia-es-lo-mas-grande\/?srsltid=AfmBOopEjNKP2kylRNXS6TL6IrY3CsY0UR-oNO0rVhVoFAFeYL1wVvFl\" target=\"_blank\" rel=\"noreferrer noopener\">visit\u00f3 la isla en enero de 2024<\/a> despu\u00e9s de una temporada viviendo en M\u00e9xico y un mes m\u00e1s tarde anunci\u00f3 su viaje a Estados Unidos, ha dicho que tuvo que salir de la isla \u201cde manera obligatoria\u201d.<\/p>\n\n\n\n<p>Ahora, al parecer ha decidido echar ra\u00edces en el sur de Florida junto a su actual esposa Yensi Herrero y <a href=\"https:\/\/www.cuballama.com\/noticias\/nacio-en-mexico-la-tercera-hija-de-emilio-frias-es-una-satisfaccion-extrema\/?srsltid=AfmBOoplUtmyFuyDZsAa_1bCzfiOy3Sv90V2PD9Vhr3-Q-ssL_0FA3ns\" target=\"_blank\" rel=\"noreferrer noopener\">la menor de sus hijas<\/a>, Evangeline.<\/p>\n\n\n\n<p>Fr\u00edas tiene otras dos hijas en Cuba: Emily y Emilenys.&nbsp;<\/p>\n\n\n\n<p>\u201cLa separaci\u00f3n de la familia es lo m\u00e1s doloroso que existe en el mundo luego de la muerte de un ser querido, pero el sacrificio por los que amas es el acto de amor m\u00e1s grande que pueda hacer un hombre\u201d, ha dicho el artista al hablar de los sacrificios que hacen quienes emigran por el bienestar de los suyos.<\/p>\n","protected":false},"excerpt":{"rendered":"<p>El cantante lleva poco m\u00e1s de un a\u00f1o viviendo en el sur de Florida.<\/p>\n","protected":false},"author":30,"featured_media":211599,"comment_status":"open","ping_status":"closed","sticky":false,"template":"","format":"standard","meta":{"_acf_changed":false,"footnotes":""},"categories":[443,18],"tags":[11050,941,13841,18451],"class_list":{"0":"post-211598","1":"post","2":"type-post","3":"status-publish","4":"format-standard","5":"has-post-thumbnail","7":"category-farandula","8":"category-noticias","9":"tag-cubanos-en-miami","10":"tag-destacado","11":"tag-el-nino-y-la-verdad","12":"tag-emilio-frias-2"},"acf":[],"yoast_head":"<!-- This site is optimized with the Yoast SEO plugin v27.5 - https:\/\/yoast.com\/product\/yoast-seo-wordpress\/ -->\n<title>Emilio Fr\u00edas aconseja a quienes llegaron a EE.UU. \u201ccon 35 a\u00f1os o m\u00e1s\u201d: \u201cNo viniste a improvisar\u201d - Cuballama Noticias<\/title>\n<meta name=\"description\" content=\"El m\u00fasico cubano Emilio Fr\u00edas ha aconsejado a quienes, como \u00e9l, han emigrado a Estados Unidos con 35 a\u00f1os o m\u00e1s.\" \/>\n<meta name=\"robots\" content=\"index, follow, max-snippet:-1, max-image-preview:large, max-video-preview:-1\" \/>\n<link rel=\"canonical\" href=\"https:\/\/www.cuballama.com\/noticias\/emilio-frias-aconseja-a-quienes-llegaron-a-ee-uu-con-35-anos-o-mas-no-viniste-a-improvisar\/\" \/>\n<meta property=\"og:locale\" content=\"es_ES\" \/>\n<meta property=\"og:type\" content=\"article\" \/>\n<meta property=\"og:title\" content=\"Emilio Fr\u00edas aconseja a quienes llegaron a EE.UU. \u201ccon 35 a\u00f1os o m\u00e1s\u201d: \u201cNo viniste a improvisar\u201d - Cuballama Noticias\" \/>\n<meta property=\"og:description\" content=\"El m\u00fasico cubano Emilio Fr\u00edas ha aconsejado a quienes, como \u00e9l, han emigrado a Estados Unidos con 35 a\u00f1os o m\u00e1s.\" \/>\n<meta property=\"og:url\" content=\"https:\/\/www.cuballama.com\/noticias\/emilio-frias-aconseja-a-quienes-llegaron-a-ee-uu-con-35-anos-o-mas-no-viniste-a-improvisar\/\" \/>\n<meta property=\"og:site_name\" content=\"Cuballama Noticias\" \/>\n<meta property=\"article:publisher\" content=\"https:\/\/www.facebook.com\/CubaLlama\" \/>\n<meta property=\"article:published_time\" content=\"2025-06-27T10:00:00+00:00\" \/>\n<meta property=\"og:image\" content=\"https:\/\/cdn1.mediawpaccore.net\/wp-content\/uploads\/2025\/06\/26234009\/513641736_1246042510228468_6385758347923298305_n1.jpg\" \/>\n\t<meta property=\"og:image:width\" content=\"1200\" \/>\n\t<meta property=\"og:image:height\" content=\"630\" \/>\n\t<meta property=\"og:image:type\" content=\"image\/jpeg\" \/>\n<meta name=\"author\" content=\"Kathy\" \/>\n<meta name=\"twitter:card\" content=\"summary_large_image\" \/>\n<meta name=\"twitter:creator\" content=\"@cuballama\" \/>\n<meta name=\"twitter:site\" content=\"@cuballama\" \/>\n<meta name=\"twitter:label1\" content=\"Escrito por\" \/>\n\t<meta name=\"twitter:data1\" content=\"Kathy\" \/>\n\t<meta name=\"twitter:label2\" content=\"Tiempo de lectura\" \/>\n\t<meta name=\"twitter:data2\" content=\"2 minutos\" \/>\n<script type=\"application\/ld+json\" class=\"yoast-schema-graph\">{\"@context\":\"https:\\\/\\\/schema.org\",\"@graph\":[{\"@type\":\"Article\",\"@id\":\"https:\\\/\\\/www.cuballama.com\\\/noticias\\\/emilio-frias-aconseja-a-quienes-llegaron-a-ee-uu-con-35-anos-o-mas-no-viniste-a-improvisar\\\/#article\",\"isPartOf\":{\"@id\":\"https:\\\/\\\/www.cuballama.com\\\/noticias\\\/emilio-frias-aconseja-a-quienes-llegaron-a-ee-uu-con-35-anos-o-mas-no-viniste-a-improvisar\\\/\"},\"author\":{\"name\":\"Kathy\",\"@id\":\"https:\\\/\\\/www.cuballama.com\\\/noticias\\\/#\\\/schema\\\/person\\\/86cd3e3f4974437f031211213bf892d5\"},\"headline\":\"Emilio Fr\u00edas aconseja a quienes llegaron a EE.UU. \u201ccon 35 a\u00f1os o m\u00e1s\u201d: \u201cNo viniste a improvisar\u201d\",\"datePublished\":\"2025-06-27T10:00:00+00:00\",\"mainEntityOfPage\":{\"@id\":\"https:\\\/\\\/www.cuballama.com\\\/noticias\\\/emilio-frias-aconseja-a-quienes-llegaron-a-ee-uu-con-35-anos-o-mas-no-viniste-a-improvisar\\\/\"},\"wordCount\":409,\"commentCount\":0,\"publisher\":{\"@id\":\"https:\\\/\\\/www.cuballama.com\\\/noticias\\\/#organization\"},\"image\":{\"@id\":\"https:\\\/\\\/www.cuballama.com\\\/noticias\\\/emilio-frias-aconseja-a-quienes-llegaron-a-ee-uu-con-35-anos-o-mas-no-viniste-a-improvisar\\\/#primaryimage\"},\"thumbnailUrl\":\"https:\\\/\\\/cdn1.mediawpaccore.net\\\/wp-content\\\/uploads\\\/2025\\\/06\\\/26234009\\\/513641736_1246042510228468_6385758347923298305_n1.jpg\",\"keywords\":[\"cubanos en Miami\",\"destacado\",\"El Ni\u00f1o y la Verdad\",\"Emilio Fr\u00edas\"],\"articleSection\":[\"Far\u00e1ndula\",\"Noticias\"],\"inLanguage\":\"es\",\"potentialAction\":[{\"@type\":\"CommentAction\",\"name\":\"Comment\",\"target\":[\"https:\\\/\\\/www.cuballama.com\\\/noticias\\\/emilio-frias-aconseja-a-quienes-llegaron-a-ee-uu-con-35-anos-o-mas-no-viniste-a-improvisar\\\/#respond\"]}]},{\"@type\":\"WebPage\",\"@id\":\"https:\\\/\\\/www.cuballama.com\\\/noticias\\\/emilio-frias-aconseja-a-quienes-llegaron-a-ee-uu-con-35-anos-o-mas-no-viniste-a-improvisar\\\/\",\"url\":\"https:\\\/\\\/www.cuballama.com\\\/noticias\\\/emilio-frias-aconseja-a-quienes-llegaron-a-ee-uu-con-35-anos-o-mas-no-viniste-a-improvisar\\\/\",\"name\":\"Emilio Fr\u00edas aconseja a quienes llegaron a EE.UU. \u201ccon 35 a\u00f1os o m\u00e1s\u201d: \u201cNo viniste a improvisar\u201d - Cuballama Noticias\",\"isPartOf\":{\"@id\":\"https:\\\/\\\/www.cuballama.com\\\/noticias\\\/#website\"},\"primaryImageOfPage\":{\"@id\":\"https:\\\/\\\/www.cuballama.com\\\/noticias\\\/emilio-frias-aconseja-a-quienes-llegaron-a-ee-uu-con-35-anos-o-mas-no-viniste-a-improvisar\\\/#primaryimage\"},\"image\":{\"@id\":\"https:\\\/\\\/www.cuballama.com\\\/noticias\\\/emilio-frias-aconseja-a-quienes-llegaron-a-ee-uu-con-35-anos-o-mas-no-viniste-a-improvisar\\\/#primaryimage\"},\"thumbnailUrl\":\"https:\\\/\\\/cdn1.mediawpaccore.net\\\/wp-content\\\/uploads\\\/2025\\\/06\\\/26234009\\\/513641736_1246042510228468_6385758347923298305_n1.jpg\",\"datePublished\":\"2025-06-27T10:00:00+00:00\",\"description\":\"El m\u00fasico cubano Emilio Fr\u00edas ha aconsejado a quienes, como \u00e9l, han emigrado a Estados Unidos con 35 a\u00f1os o m\u00e1s.\",\"breadcrumb\":{\"@id\":\"https:\\\/\\\/www.cuballama.com\\\/noticias\\\/emilio-frias-aconseja-a-quienes-llegaron-a-ee-uu-con-35-anos-o-mas-no-viniste-a-improvisar\\\/#breadcrumb\"},\"inLanguage\":\"es\",\"potentialAction\":[{\"@type\":\"ReadAction\",\"target\":[\"https:\\\/\\\/www.cuballama.com\\\/noticias\\\/emilio-frias-aconseja-a-quienes-llegaron-a-ee-uu-con-35-anos-o-mas-no-viniste-a-improvisar\\\/\"]}]},{\"@type\":\"ImageObject\",\"inLanguage\":\"es\",\"@id\":\"https:\\\/\\\/www.cuballama.com\\\/noticias\\\/emilio-frias-aconseja-a-quienes-llegaron-a-ee-uu-con-35-anos-o-mas-no-viniste-a-improvisar\\\/#primaryimage\",\"url\":\"https:\\\/\\\/cdn1.mediawpaccore.net\\\/wp-content\\\/uploads\\\/2025\\\/06\\\/26234009\\\/513641736_1246042510228468_6385758347923298305_n1.jpg\",\"contentUrl\":\"https:\\\/\\\/cdn1.mediawpaccore.net\\\/wp-content\\\/uploads\\\/2025\\\/06\\\/26234009\\\/513641736_1246042510228468_6385758347923298305_n1.jpg\",\"width\":1200,\"height\":630,\"caption\":\"Emilio Fr\u00edas. Foto: Facebook\\\/El Ni\u00f1o y La Verdad.\"},{\"@type\":\"BreadcrumbList\",\"@id\":\"https:\\\/\\\/www.cuballama.com\\\/noticias\\\/emilio-frias-aconseja-a-quienes-llegaron-a-ee-uu-con-35-anos-o-mas-no-viniste-a-improvisar\\\/#breadcrumb\",\"itemListElement\":[{\"@type\":\"ListItem\",\"position\":1,\"name\":\"Home\",\"item\":\"https:\\\/\\\/www.cuballama.com\\\/noticias\\\/\"},{\"@type\":\"ListItem\",\"position\":2,\"name\":\"Emilio Fr\u00edas aconseja a quienes llegaron a EE.UU. \u201ccon 35 a\u00f1os o m\u00e1s\u201d: \u201cNo viniste a improvisar\u201d\"}]},{\"@type\":\"WebSite\",\"@id\":\"https:\\\/\\\/www.cuballama.com\\\/noticias\\\/#website\",\"url\":\"https:\\\/\\\/www.cuballama.com\\\/noticias\\\/\",\"name\":\"Cuballama Noticias\",\"description\":\"Medio digital sobre Cuba y el mundo\",\"publisher\":{\"@id\":\"https:\\\/\\\/www.cuballama.com\\\/noticias\\\/#organization\"},\"potentialAction\":[{\"@type\":\"SearchAction\",\"target\":{\"@type\":\"EntryPoint\",\"urlTemplate\":\"https:\\\/\\\/www.cuballama.com\\\/noticias\\\/?s={search_term_string}\"},\"query-input\":{\"@type\":\"PropertyValueSpecification\",\"valueRequired\":true,\"valueName\":\"search_term_string\"}}],\"inLanguage\":\"es\"},{\"@type\":\"Organization\",\"@id\":\"https:\\\/\\\/www.cuballama.com\\\/noticias\\\/#organization\",\"name\":\"Cuballama\",\"url\":\"https:\\\/\\\/www.cuballama.com\\\/noticias\\\/\",\"logo\":{\"@type\":\"ImageObject\",\"inLanguage\":\"es\",\"@id\":\"https:\\\/\\\/www.cuballama.com\\\/noticias\\\/#\\\/schema\\\/logo\\\/image\\\/\",\"url\":\"https:\\\/\\\/cdn1.mediawpaccore.net\\\/wp-content\\\/uploads\\\/2021\\\/12\\\/28171206\\\/cbll-logo-color-sm.png\",\"contentUrl\":\"https:\\\/\\\/cdn1.mediawpaccore.net\\\/wp-content\\\/uploads\\\/2021\\\/12\\\/28171206\\\/cbll-logo-color-sm.png\",\"width\":600,\"height\":133,\"caption\":\"Cuballama\"},\"image\":{\"@id\":\"https:\\\/\\\/www.cuballama.com\\\/noticias\\\/#\\\/schema\\\/logo\\\/image\\\/\"},\"sameAs\":[\"https:\\\/\\\/www.facebook.com\\\/CubaLlama\",\"https:\\\/\\\/x.com\\\/cuballama\",\"https:\\\/\\\/www.instagram.com\\\/stories\\\/cuballama_oficial\\\/\",\"https:\\\/\\\/www.youtube.com\\\/channel\\\/UCKkFE-d_axENGZcrc4as0IA\"]},{\"@type\":\"Person\",\"@id\":\"https:\\\/\\\/www.cuballama.com\\\/noticias\\\/#\\\/schema\\\/person\\\/86cd3e3f4974437f031211213bf892d5\",\"name\":\"Kathy\",\"url\":\"https:\\\/\\\/www.cuballama.com\\\/noticias\\\/author\\\/kathy\\\/\"}]}<\/script>\n<!-- \/ Yoast SEO plugin. -->","yoast_head_json":{"title":"Emilio Fr\u00edas aconseja a quienes llegaron a EE.UU. \u201ccon 35 a\u00f1os o m\u00e1s\u201d: \u201cNo viniste a improvisar\u201d - Cuballama Noticias","description":"El m\u00fasico cubano Emilio Fr\u00edas ha aconsejado a quienes, como \u00e9l, han emigrado a Estados Unidos con 35 a\u00f1os o m\u00e1s.","robots":{"index":"index","follow":"follow","max-snippet":"max-snippet:-1","max-image-preview":"max-image-preview:large","max-video-preview":"max-video-preview:-1"},"canonical":"https:\/\/www.cuballama.com\/noticias\/emilio-frias-aconseja-a-quienes-llegaron-a-ee-uu-con-35-anos-o-mas-no-viniste-a-improvisar\/","og_locale":"es_ES","og_type":"article","og_title":"Emilio Fr\u00edas aconseja a quienes llegaron a EE.UU. \u201ccon 35 a\u00f1os o m\u00e1s\u201d: \u201cNo viniste a improvisar\u201d - Cuballama Noticias","og_description":"El m\u00fasico cubano Emilio Fr\u00edas ha aconsejado a quienes, como \u00e9l, han emigrado a Estados Unidos con 35 a\u00f1os o m\u00e1s.","og_url":"https:\/\/www.cuballama.com\/noticias\/emilio-frias-aconseja-a-quienes-llegaron-a-ee-uu-con-35-anos-o-mas-no-viniste-a-improvisar\/","og_site_name":"Cuballama Noticias","article_publisher":"https:\/\/www.facebook.com\/CubaLlama","article_published_time":"2025-06-27T10:00:00+00:00","og_image":[{"width":1200,"height":630,"url":"https:\/\/cdn1.mediawpaccore.net\/wp-content\/uploads\/2025\/06\/26234009\/513641736_1246042510228468_6385758347923298305_n1.jpg","type":"image\/jpeg"}],"author":"Kathy","twitter_card":"summary_large_image","twitter_creator":"@cuballama","twitter_site":"@cuballama","twitter_misc":{"Escrito por":"Kathy","Tiempo de lectura":"2 minutos"},"schema":{"@context":"https:\/\/schema.org","@graph":[{"@type":"Article","@id":"https:\/\/www.cuballama.com\/noticias\/emilio-frias-aconseja-a-quienes-llegaron-a-ee-uu-con-35-anos-o-mas-no-viniste-a-improvisar\/#article","isPartOf":{"@id":"https:\/\/www.cuballama.com\/noticias\/emilio-frias-aconseja-a-quienes-llegaron-a-ee-uu-con-35-anos-o-mas-no-viniste-a-improvisar\/"},"author":{"name":"Kathy","@id":"https:\/\/www.cuballama.com\/noticias\/#\/schema\/person\/86cd3e3f4974437f031211213bf892d5"},"headline":"Emilio Fr\u00edas aconseja a quienes llegaron a EE.UU. \u201ccon 35 a\u00f1os o m\u00e1s\u201d: \u201cNo viniste a improvisar\u201d","datePublished":"2025-06-27T10:00:00+00:00","mainEntityOfPage":{"@id":"https:\/\/www.cuballama.com\/noticias\/emilio-frias-aconseja-a-quienes-llegaron-a-ee-uu-con-35-anos-o-mas-no-viniste-a-improvisar\/"},"wordCount":409,"commentCount":0,"publisher":{"@id":"https:\/\/www.cuballama.com\/noticias\/#organization"},"image":{"@id":"https:\/\/www.cuballama.com\/noticias\/emilio-frias-aconseja-a-quienes-llegaron-a-ee-uu-con-35-anos-o-mas-no-viniste-a-improvisar\/#primaryimage"},"thumbnailUrl":"https:\/\/cdn1.mediawpaccore.net\/wp-content\/uploads\/2025\/06\/26234009\/513641736_1246042510228468_6385758347923298305_n1.jpg","keywords":["cubanos en Miami","destacado","El Ni\u00f1o y la Verdad","Emilio Fr\u00edas"],"articleSection":["Far\u00e1ndula","Noticias"],"inLanguage":"es","potentialAction":[{"@type":"CommentAction","name":"Comment","target":["https:\/\/www.cuballama.com\/noticias\/emilio-frias-aconseja-a-quienes-llegaron-a-ee-uu-con-35-anos-o-mas-no-viniste-a-improvisar\/#respond"]}]},{"@type":"WebPage","@id":"https:\/\/www.cuballama.com\/noticias\/emilio-frias-aconseja-a-quienes-llegaron-a-ee-uu-con-35-anos-o-mas-no-viniste-a-improvisar\/","url":"https:\/\/www.cuballama.com\/noticias\/emilio-frias-aconseja-a-quienes-llegaron-a-ee-uu-con-35-anos-o-mas-no-viniste-a-improvisar\/","name":"Emilio Fr\u00edas aconseja a quienes llegaron a EE.UU. \u201ccon 35 a\u00f1os o m\u00e1s\u201d: \u201cNo viniste a improvisar\u201d - Cuballama Noticias","isPartOf":{"@id":"https:\/\/www.cuballama.com\/noticias\/#website"},"primaryImageOfPage":{"@id":"https:\/\/www.cuballama.com\/noticias\/emilio-frias-aconseja-a-quienes-llegaron-a-ee-uu-con-35-anos-o-mas-no-viniste-a-improvisar\/#primaryimage"},"image":{"@id":"https:\/\/www.cuballama.com\/noticias\/emilio-frias-aconseja-a-quienes-llegaron-a-ee-uu-con-35-anos-o-mas-no-viniste-a-improvisar\/#primaryimage"},"thumbnailUrl":"https:\/\/cdn1.mediawpaccore.net\/wp-content\/uploads\/2025\/06\/26234009\/513641736_1246042510228468_6385758347923298305_n1.jpg","datePublished":"2025-06-27T10:00:00+00:00","description":"El m\u00fasico cubano Emilio Fr\u00edas ha aconsejado a quienes, como \u00e9l, han emigrado a Estados Unidos con 35 a\u00f1os o m\u00e1s.","breadcrumb":{"@id":"https:\/\/www.cuballama.com\/noticias\/emilio-frias-aconseja-a-quienes-llegaron-a-ee-uu-con-35-anos-o-mas-no-viniste-a-improvisar\/#breadcrumb"},"inLanguage":"es","potentialAction":[{"@type":"ReadAction","target":["https:\/\/www.cuballama.com\/noticias\/emilio-frias-aconseja-a-quienes-llegaron-a-ee-uu-con-35-anos-o-mas-no-viniste-a-improvisar\/"]}]},{"@type":"ImageObject","inLanguage":"es","@id":"https:\/\/www.cuballama.com\/noticias\/emilio-frias-aconseja-a-quienes-llegaron-a-ee-uu-con-35-anos-o-mas-no-viniste-a-improvisar\/#primaryimage","url":"https:\/\/cdn1.mediawpaccore.net\/wp-content\/uploads\/2025\/06\/26234009\/513641736_1246042510228468_6385758347923298305_n1.jpg","contentUrl":"https:\/\/cdn1.mediawpaccore.net\/wp-content\/uploads\/2025\/06\/26234009\/513641736_1246042510228468_6385758347923298305_n1.jpg","width":1200,"height":630,"caption":"Emilio Fr\u00edas. Foto: Facebook\/El Ni\u00f1o y La Verdad."},{"@type":"BreadcrumbList","@id":"https:\/\/www.cuballama.com\/noticias\/emilio-frias-aconseja-a-quienes-llegaron-a-ee-uu-con-35-anos-o-mas-no-viniste-a-improvisar\/#breadcrumb","itemListElement":[{"@type":"ListItem","position":1,"name":"Home","item":"https:\/\/www.cuballama.com\/noticias\/"},{"@type":"ListItem","position":2,"name":"Emilio Fr\u00edas aconseja a quienes llegaron a EE.UU. \u201ccon 35 a\u00f1os o m\u00e1s\u201d: \u201cNo viniste a improvisar\u201d"}]},{"@type":"WebSite","@id":"https:\/\/www.cuballama.com\/noticias\/#website","url":"https:\/\/www.cuballama.com\/noticias\/","name":"Cuballama Noticias","description":"Medio digital sobre Cuba y el mundo","publisher":{"@id":"https:\/\/www.cuballama.com\/noticias\/#organization"},"potentialAction":[{"@type":"SearchAction","target":{"@type":"EntryPoint","urlTemplate":"https:\/\/www.cuballama.com\/noticias\/?s={search_term_string}"},"query-input":{"@type":"PropertyValueSpecification","valueRequired":true,"valueName":"search_term_string"}}],"inLanguage":"es"},{"@type":"Organization","@id":"https:\/\/www.cuballama.com\/noticias\/#organization","name":"Cuballama","url":"https:\/\/www.cuballama.com\/noticias\/","logo":{"@type":"ImageObject","inLanguage":"es","@id":"https:\/\/www.cuballama.com\/noticias\/#\/schema\/logo\/image\/","url":"https:\/\/cdn1.mediawpaccore.net\/wp-content\/uploads\/2021\/12\/28171206\/cbll-logo-color-sm.png","contentUrl":"https:\/\/cdn1.mediawpaccore.net\/wp-content\/uploads\/2021\/12\/28171206\/cbll-logo-color-sm.png","width":600,"height":133,"caption":"Cuballama"},"image":{"@id":"https:\/\/www.cuballama.com\/noticias\/#\/schema\/logo\/image\/"},"sameAs":["https:\/\/www.facebook.com\/CubaLlama","https:\/\/x.com\/cuballama","https:\/\/www.instagram.com\/stories\/cuballama_oficial\/","https:\/\/www.youtube.com\/channel\/UCKkFE-d_axENGZcrc4as0IA"]},{"@type":"Person","@id":"https:\/\/www.cuballama.com\/noticias\/#\/schema\/person\/86cd3e3f4974437f031211213bf892d5","name":"Kathy","url":"https:\/\/www.cuballama.com\/noticias\/author\/kathy\/"}]}},"_links":{"self":[{"href":"https:\/\/www.cuballama.com\/noticias\/wp-json\/wp\/v2\/posts\/211598","targetHints":{"allow":["GET"]}}],"collection":[{"href":"https:\/\/www.cuballama.com\/noticias\/wp-json\/wp\/v2\/posts"}],"about":[{"href":"https:\/\/www.cuballama.com\/noticias\/wp-json\/wp\/v2\/types\/post"}],"author":[{"embeddable":true,"href":"https:\/\/www.cuballama.com\/noticias\/wp-json\/wp\/v2\/users\/30"}],"replies":[{"embeddable":true,"href":"https:\/\/www.cuballama.com\/noticias\/wp-json\/wp\/v2\/comments?post=211598"}],"version-history":[{"count":6,"href":"https:\/\/www.cuballama.com\/noticias\/wp-json\/wp\/v2\/posts\/211598\/revisions"}],"predecessor-version":[{"id":211606,"href":"https:\/\/www.cuballama.com\/noticias\/wp-json\/wp\/v2\/posts\/211598\/revisions\/211606"}],"wp:featuredmedia":[{"embeddable":true,"href":"https:\/\/www.cuballama.com\/noticias\/wp-json\/wp\/v2\/media\/211599"}],"wp:attachment":[{"href":"https:\/\/www.cuballama.com\/noticias\/wp-json\/wp\/v2\/media?parent=211598"}],"wp:term":[{"taxonomy":"category","embeddable":true,"href":"https:\/\/www.cuballama.com\/noticias\/wp-json\/wp\/v2\/categories?post=211598"},{"taxonomy":"post_tag","embeddable":true,"href":"https:\/\/www.cuballama.com\/noticias\/wp-json\/wp\/v2\/tags?post=211598"}],"curies":[{"name":"wp","href":"https:\/\/api.w.org\/{rel}","templated":true}]}}