{"id":209625,"date":"2025-06-06T13:26:48","date_gmt":"2025-06-06T17:26:48","guid":{"rendered":"https:\/\/www.cuballama.com\/noticias\/?p=209625"},"modified":"2025-12-02T08:35:22","modified_gmt":"2025-12-02T13:35:22","slug":"esto-debes-saber-sobre-prohibicion-de-viaje-de-trump-si-eres-cubano","status":"publish","type":"post","link":"https:\/\/www.cuballama.com\/noticias\/esto-debes-saber-sobre-prohibicion-de-viaje-de-trump-si-eres-cubano\/","title":{"rendered":"Esto debes saber sobre prohibici\u00f3n de viaje de Trump si eres cubano"},"content":{"rendered":"\n<p>La Embajada de Estados Unidos en Cuba explic\u00f3 varios de los puntos que preocupan a los ciudadanos de la isla despu\u00e9s de que el presidente Donald Trump firmara la noche del mi\u00e9rcoles <a href=\"http:\/\/www.cuballama.com\/noticias\/trump-firma-orden-para-limitar-entrada-desde-cuba-y-otros-paises-a-ee-uu\/?srsltid=AfmBOopYjRmvcUhSj9UXgHNzOIZizWBnO1MyDEhOy6XsvLx5ynIEnpSe\" target=\"_blank\" rel=\"noreferrer noopener\">una orden que proh\u00edbe parcialmente la entrada de viajeros cubanos<\/a> a territorio estadounidense.<\/p>\n\n\n\n<p>Seg\u00fan detall\u00f3 la sede diplom\u00e1tica en redes sociales, Cuba, uno de los 19 pa\u00edses afectados con este paquete de restricciones de viaje, es un Estado considerado por Estados Unidos como patrocinador del terrorismo, que \u201cno coopera adecuadamente\u201d con Washington en materia de seguridad y \u201cno comparte suficiente informaci\u00f3n policial\u201d.&nbsp;<\/p>\n\n\n\n<p>La Embajada record\u00f3 adem\u00e1s que Cuba tambi\u00e9n se niega a aceptar el regreso de sus ciudadanos que han sido ordenados deportar y, seg\u00fan el informe oficial, los cubanos presentan altas tasas de estad\u00edas ilegales tras el vencimiento de sus visados: 7.69% en los de turismo\/negocios (B-1\/B-2) y 18.75% en los de estudiante e intercambio (F, M y J).<\/p>\n\n\n\n<p>En concreto, el<em> travel ban<\/em> impuesto por Trump suspende la entrada a Estados Unidos de ciudadanos cubanos, tanto inmigrantes como no inmigrantes, con los visados B-1, B-2, B-1\/B-2, F, M y J.<\/p>\n\n\n\n<iframe loading=\"lazy\" src=\"https:\/\/www.facebook.com\/plugins\/post.php?href=https%3A%2F%2Fwww.facebook.com%2FUSEmbCuba%2Fposts%2Fpfbid02wmBhW4wQwAKHHr2bwayvWxvCV5RPPFxZMipgmL2YbPY4uXD7haebc4PsqcSeKKX9l&#038;show_text=true&#038;width=500\" width=\"500\" height=\"635\" style=\"border:none;overflow:hidden\" scrolling=\"no\" frameborder=\"0\" allowfullscreen=\"true\" allow=\"autoplay; clipboard-write; encrypted-media; picture-in-picture; web-share\"><\/iframe>\n\n\n\n<p>Igualmente, la normativa dicta que los consulados reducir\u00e1n la validez de cualquier otro visado de no inmigrante para cubanos, cuando sea legalmente posible.<\/p>\n\n\n\n<p>Esta suspensi\u00f3n aplica a ciudadanos cubanos (y de los otros 18 pa\u00edses designados) que est\u00e9n fuera de Estados Unidos en la fecha de entrada en vigor de la proclama, y no tengan un visado v\u00e1lido a esa fecha.<\/p>\n\n\n\n<p>Adem\u00e1s, se ha precisado que se encuentran exentos de estas restricciones residentes permanentes legales (<em>green card holders<\/em>), personas con doble nacionalidad que viajan con pasaporte de otro pa\u00eds, y titulares de visados diplom\u00e1ticos o internacionales como: A-1, A-2, C-2, C-3, G-1 a G-4, OTAN-1 a OTAN-6.<\/p>\n\n\n\n<p>Tambi\u00e9n quedan fuera de esta restricci\u00f3n deportistas y equipos que viajen a eventos internacionales relevantes; }visados de inmigrante para familiares directos de ciudadanos estadounidenses: IR-1\/CR-1, IR-2\/CR-2, IR-5; casos de adopciones internacionales; visados especiales para: afganos, empleados del Gobierno de Estados Unidos y minor\u00edas perseguidas (espec\u00edficamente en Ir\u00e1n).<\/p>\n\n\n\n<p>Otras excepciones son los viajes de determinadas personas que, seg\u00fan considera la Fiscal General, redundar\u00eda en beneficio de un inter\u00e9s nacional cr\u00edtico para Estados Unidos que afecte al Departamento de Justicia, incluyendo los casos en que las personas deban estar presentes para participar en procedimientos penales en calidad de testigos.&nbsp;<\/p>\n\n\n\n<p>Estas \u00faltimas excepciones solo podr\u00e1n ser concedidas por la Fiscal General, o la persona que ella designe, en coordinaci\u00f3n con el Secretario de Estado y la Secretaria de Seguridad Nacional.<\/p>\n\n\n\n<p>Asimismo, se podr\u00e1n conceder excepciones, caso por caso, a aquellas personas que el Secretario de Estado considere, a su discreci\u00f3n, que su viaje redundar\u00eda en beneficio de los intereses nacionales para Estados Unidos.&nbsp;<\/p>\n\n\n\n<p>Tambi\u00e9n en este \u00faltimo caso estas excepciones solo podr\u00e1n ser concedidas por el Secretario de Estado o la persona que este designe, en coordinaci\u00f3n con la Secretaria de Seguridad Nacional o la persona que esta designe.<\/p>\n\n\n\n<p><\/p>\n","protected":false},"excerpt":{"rendered":"<p>El presidente de EE.UU. ha firmado una prohibici\u00f3n de viajes dirigida a 19 pa\u00edses, entre los que se encuentra la isla.<\/p>\n","protected":false},"author":30,"featured_media":193389,"comment_status":"open","ping_status":"closed","sticky":false,"template":"","format":"standard","meta":{"_acf_changed":false,"footnotes":""},"categories":[18,953],"tags":[5404,941],"class_list":{"0":"post-209625","1":"post","2":"type-post","3":"status-publish","4":"format-standard","5":"has-post-thumbnail","7":"category-noticias","8":"category-usa","9":"tag-administracion-trump","10":"tag-destacado"},"acf":[],"yoast_head":"<!-- This site is optimized with the Yoast SEO plugin v27.5 - https:\/\/yoast.com\/product\/yoast-seo-wordpress\/ -->\n<title>Esto debes saber sobre prohibici\u00f3n de viaje de Trump si eres cubano - Cuballama Noticias<\/title>\n<meta name=\"description\" content=\"La prohibici\u00f3n parcial de viajes de cubanos a Estados Unidos ha despertado muchas dudas entre los afectados.\" \/>\n<meta name=\"robots\" content=\"index, follow, max-snippet:-1, max-image-preview:large, max-video-preview:-1\" \/>\n<link rel=\"canonical\" href=\"https:\/\/www.cuballama.com\/noticias\/esto-debes-saber-sobre-prohibicion-de-viaje-de-trump-si-eres-cubano\/\" \/>\n<meta property=\"og:locale\" content=\"es_ES\" \/>\n<meta property=\"og:type\" content=\"article\" \/>\n<meta property=\"og:title\" content=\"Esto debes saber sobre prohibici\u00f3n de viaje de Trump si eres cubano - Cuballama Noticias\" \/>\n<meta property=\"og:description\" content=\"La prohibici\u00f3n parcial de viajes de cubanos a Estados Unidos ha despertado muchas dudas entre los afectados.\" \/>\n<meta property=\"og:url\" content=\"https:\/\/www.cuballama.com\/noticias\/esto-debes-saber-sobre-prohibicion-de-viaje-de-trump-si-eres-cubano\/\" \/>\n<meta property=\"og:site_name\" content=\"Cuballama Noticias\" \/>\n<meta property=\"article:publisher\" content=\"https:\/\/www.facebook.com\/CubaLlama\" \/>\n<meta property=\"article:published_time\" content=\"2025-06-06T17:26:48+00:00\" \/>\n<meta property=\"article:modified_time\" content=\"2025-12-02T13:35:22+00:00\" \/>\n<meta property=\"og:image\" content=\"https:\/\/cdn1.mediawpaccore.net\/wp-content\/uploads\/2024\/12\/21131725\/MG_7024CN1.jpg\" \/>\n\t<meta property=\"og:image:width\" content=\"1200\" \/>\n\t<meta property=\"og:image:height\" content=\"630\" \/>\n\t<meta property=\"og:image:type\" content=\"image\/jpeg\" \/>\n<meta name=\"author\" content=\"Kathy\" \/>\n<meta name=\"twitter:card\" content=\"summary_large_image\" \/>\n<meta name=\"twitter:creator\" content=\"@cuballama\" \/>\n<meta name=\"twitter:site\" content=\"@cuballama\" \/>\n<meta name=\"twitter:label1\" content=\"Escrito por\" \/>\n\t<meta name=\"twitter:data1\" content=\"Kathy\" \/>\n\t<meta name=\"twitter:label2\" content=\"Tiempo de lectura\" \/>\n\t<meta name=\"twitter:data2\" content=\"3 minutos\" \/>\n<script type=\"application\/ld+json\" class=\"yoast-schema-graph\">{\"@context\":\"https:\\\/\\\/schema.org\",\"@graph\":[{\"@type\":\"Article\",\"@id\":\"https:\\\/\\\/www.cuballama.com\\\/noticias\\\/esto-debes-saber-sobre-prohibicion-de-viaje-de-trump-si-eres-cubano\\\/#article\",\"isPartOf\":{\"@id\":\"https:\\\/\\\/www.cuballama.com\\\/noticias\\\/esto-debes-saber-sobre-prohibicion-de-viaje-de-trump-si-eres-cubano\\\/\"},\"author\":{\"name\":\"Kathy\",\"@id\":\"https:\\\/\\\/www.cuballama.com\\\/noticias\\\/#\\\/schema\\\/person\\\/86cd3e3f4974437f031211213bf892d5\"},\"headline\":\"Esto debes saber sobre prohibici\u00f3n de viaje de Trump si eres cubano\",\"datePublished\":\"2025-06-06T17:26:48+00:00\",\"dateModified\":\"2025-12-02T13:35:22+00:00\",\"mainEntityOfPage\":{\"@id\":\"https:\\\/\\\/www.cuballama.com\\\/noticias\\\/esto-debes-saber-sobre-prohibicion-de-viaje-de-trump-si-eres-cubano\\\/\"},\"wordCount\":540,\"commentCount\":0,\"publisher\":{\"@id\":\"https:\\\/\\\/www.cuballama.com\\\/noticias\\\/#organization\"},\"image\":{\"@id\":\"https:\\\/\\\/www.cuballama.com\\\/noticias\\\/esto-debes-saber-sobre-prohibicion-de-viaje-de-trump-si-eres-cubano\\\/#primaryimage\"},\"thumbnailUrl\":\"https:\\\/\\\/cdn1.mediawpaccore.net\\\/wp-content\\\/uploads\\\/2024\\\/12\\\/21131725\\\/MG_7024CN1.jpg\",\"keywords\":[\"administraci\u00f3n Trump\",\"destacado\"],\"articleSection\":[\"Noticias\",\"USA\"],\"inLanguage\":\"es\",\"potentialAction\":[{\"@type\":\"CommentAction\",\"name\":\"Comment\",\"target\":[\"https:\\\/\\\/www.cuballama.com\\\/noticias\\\/esto-debes-saber-sobre-prohibicion-de-viaje-de-trump-si-eres-cubano\\\/#respond\"]}]},{\"@type\":\"WebPage\",\"@id\":\"https:\\\/\\\/www.cuballama.com\\\/noticias\\\/esto-debes-saber-sobre-prohibicion-de-viaje-de-trump-si-eres-cubano\\\/\",\"url\":\"https:\\\/\\\/www.cuballama.com\\\/noticias\\\/esto-debes-saber-sobre-prohibicion-de-viaje-de-trump-si-eres-cubano\\\/\",\"name\":\"Esto debes saber sobre prohibici\u00f3n de viaje de Trump si eres cubano - Cuballama Noticias\",\"isPartOf\":{\"@id\":\"https:\\\/\\\/www.cuballama.com\\\/noticias\\\/#website\"},\"primaryImageOfPage\":{\"@id\":\"https:\\\/\\\/www.cuballama.com\\\/noticias\\\/esto-debes-saber-sobre-prohibicion-de-viaje-de-trump-si-eres-cubano\\\/#primaryimage\"},\"image\":{\"@id\":\"https:\\\/\\\/www.cuballama.com\\\/noticias\\\/esto-debes-saber-sobre-prohibicion-de-viaje-de-trump-si-eres-cubano\\\/#primaryimage\"},\"thumbnailUrl\":\"https:\\\/\\\/cdn1.mediawpaccore.net\\\/wp-content\\\/uploads\\\/2024\\\/12\\\/21131725\\\/MG_7024CN1.jpg\",\"datePublished\":\"2025-06-06T17:26:48+00:00\",\"dateModified\":\"2025-12-02T13:35:22+00:00\",\"description\":\"La prohibici\u00f3n parcial de viajes de cubanos a Estados Unidos ha despertado muchas dudas entre los afectados.\",\"breadcrumb\":{\"@id\":\"https:\\\/\\\/www.cuballama.com\\\/noticias\\\/esto-debes-saber-sobre-prohibicion-de-viaje-de-trump-si-eres-cubano\\\/#breadcrumb\"},\"inLanguage\":\"es\",\"potentialAction\":[{\"@type\":\"ReadAction\",\"target\":[\"https:\\\/\\\/www.cuballama.com\\\/noticias\\\/esto-debes-saber-sobre-prohibicion-de-viaje-de-trump-si-eres-cubano\\\/\"]}]},{\"@type\":\"ImageObject\",\"inLanguage\":\"es\",\"@id\":\"https:\\\/\\\/www.cuballama.com\\\/noticias\\\/esto-debes-saber-sobre-prohibicion-de-viaje-de-trump-si-eres-cubano\\\/#primaryimage\",\"url\":\"https:\\\/\\\/cdn1.mediawpaccore.net\\\/wp-content\\\/uploads\\\/2024\\\/12\\\/21131725\\\/MG_7024CN1.jpg\",\"contentUrl\":\"https:\\\/\\\/cdn1.mediawpaccore.net\\\/wp-content\\\/uploads\\\/2024\\\/12\\\/21131725\\\/MG_7024CN1.jpg\",\"width\":1200,\"height\":630,\"caption\":\"Embajada de Estados Unidos en Cuba. Foto: CN360.\"},{\"@type\":\"BreadcrumbList\",\"@id\":\"https:\\\/\\\/www.cuballama.com\\\/noticias\\\/esto-debes-saber-sobre-prohibicion-de-viaje-de-trump-si-eres-cubano\\\/#breadcrumb\",\"itemListElement\":[{\"@type\":\"ListItem\",\"position\":1,\"name\":\"Home\",\"item\":\"https:\\\/\\\/www.cuballama.com\\\/noticias\\\/\"},{\"@type\":\"ListItem\",\"position\":2,\"name\":\"Esto debes saber sobre prohibici\u00f3n de viaje de Trump si eres cubano\"}]},{\"@type\":\"WebSite\",\"@id\":\"https:\\\/\\\/www.cuballama.com\\\/noticias\\\/#website\",\"url\":\"https:\\\/\\\/www.cuballama.com\\\/noticias\\\/\",\"name\":\"Cuballama Noticias\",\"description\":\"Medio digital sobre Cuba y el mundo\",\"publisher\":{\"@id\":\"https:\\\/\\\/www.cuballama.com\\\/noticias\\\/#organization\"},\"potentialAction\":[{\"@type\":\"SearchAction\",\"target\":{\"@type\":\"EntryPoint\",\"urlTemplate\":\"https:\\\/\\\/www.cuballama.com\\\/noticias\\\/?s={search_term_string}\"},\"query-input\":{\"@type\":\"PropertyValueSpecification\",\"valueRequired\":true,\"valueName\":\"search_term_string\"}}],\"inLanguage\":\"es\"},{\"@type\":\"Organization\",\"@id\":\"https:\\\/\\\/www.cuballama.com\\\/noticias\\\/#organization\",\"name\":\"Cuballama\",\"url\":\"https:\\\/\\\/www.cuballama.com\\\/noticias\\\/\",\"logo\":{\"@type\":\"ImageObject\",\"inLanguage\":\"es\",\"@id\":\"https:\\\/\\\/www.cuballama.com\\\/noticias\\\/#\\\/schema\\\/logo\\\/image\\\/\",\"url\":\"https:\\\/\\\/cdn1.mediawpaccore.net\\\/wp-content\\\/uploads\\\/2021\\\/12\\\/28171206\\\/cbll-logo-color-sm.png\",\"contentUrl\":\"https:\\\/\\\/cdn1.mediawpaccore.net\\\/wp-content\\\/uploads\\\/2021\\\/12\\\/28171206\\\/cbll-logo-color-sm.png\",\"width\":600,\"height\":133,\"caption\":\"Cuballama\"},\"image\":{\"@id\":\"https:\\\/\\\/www.cuballama.com\\\/noticias\\\/#\\\/schema\\\/logo\\\/image\\\/\"},\"sameAs\":[\"https:\\\/\\\/www.facebook.com\\\/CubaLlama\",\"https:\\\/\\\/x.com\\\/cuballama\",\"https:\\\/\\\/www.instagram.com\\\/stories\\\/cuballama_oficial\\\/\",\"https:\\\/\\\/www.youtube.com\\\/channel\\\/UCKkFE-d_axENGZcrc4as0IA\"]},{\"@type\":\"Person\",\"@id\":\"https:\\\/\\\/www.cuballama.com\\\/noticias\\\/#\\\/schema\\\/person\\\/86cd3e3f4974437f031211213bf892d5\",\"name\":\"Kathy\",\"url\":\"https:\\\/\\\/www.cuballama.com\\\/noticias\\\/author\\\/kathy\\\/\"}]}<\/script>\n<!-- \/ Yoast SEO plugin. -->","yoast_head_json":{"title":"Esto debes saber sobre prohibici\u00f3n de viaje de Trump si eres cubano - Cuballama Noticias","description":"La prohibici\u00f3n parcial de viajes de cubanos a Estados Unidos ha despertado muchas dudas entre los afectados.","robots":{"index":"index","follow":"follow","max-snippet":"max-snippet:-1","max-image-preview":"max-image-preview:large","max-video-preview":"max-video-preview:-1"},"canonical":"https:\/\/www.cuballama.com\/noticias\/esto-debes-saber-sobre-prohibicion-de-viaje-de-trump-si-eres-cubano\/","og_locale":"es_ES","og_type":"article","og_title":"Esto debes saber sobre prohibici\u00f3n de viaje de Trump si eres cubano - Cuballama Noticias","og_description":"La prohibici\u00f3n parcial de viajes de cubanos a Estados Unidos ha despertado muchas dudas entre los afectados.","og_url":"https:\/\/www.cuballama.com\/noticias\/esto-debes-saber-sobre-prohibicion-de-viaje-de-trump-si-eres-cubano\/","og_site_name":"Cuballama Noticias","article_publisher":"https:\/\/www.facebook.com\/CubaLlama","article_published_time":"2025-06-06T17:26:48+00:00","article_modified_time":"2025-12-02T13:35:22+00:00","og_image":[{"width":1200,"height":630,"url":"https:\/\/cdn1.mediawpaccore.net\/wp-content\/uploads\/2024\/12\/21131725\/MG_7024CN1.jpg","type":"image\/jpeg"}],"author":"Kathy","twitter_card":"summary_large_image","twitter_creator":"@cuballama","twitter_site":"@cuballama","twitter_misc":{"Escrito por":"Kathy","Tiempo de lectura":"3 minutos"},"schema":{"@context":"https:\/\/schema.org","@graph":[{"@type":"Article","@id":"https:\/\/www.cuballama.com\/noticias\/esto-debes-saber-sobre-prohibicion-de-viaje-de-trump-si-eres-cubano\/#article","isPartOf":{"@id":"https:\/\/www.cuballama.com\/noticias\/esto-debes-saber-sobre-prohibicion-de-viaje-de-trump-si-eres-cubano\/"},"author":{"name":"Kathy","@id":"https:\/\/www.cuballama.com\/noticias\/#\/schema\/person\/86cd3e3f4974437f031211213bf892d5"},"headline":"Esto debes saber sobre prohibici\u00f3n de viaje de Trump si eres cubano","datePublished":"2025-06-06T17:26:48+00:00","dateModified":"2025-12-02T13:35:22+00:00","mainEntityOfPage":{"@id":"https:\/\/www.cuballama.com\/noticias\/esto-debes-saber-sobre-prohibicion-de-viaje-de-trump-si-eres-cubano\/"},"wordCount":540,"commentCount":0,"publisher":{"@id":"https:\/\/www.cuballama.com\/noticias\/#organization"},"image":{"@id":"https:\/\/www.cuballama.com\/noticias\/esto-debes-saber-sobre-prohibicion-de-viaje-de-trump-si-eres-cubano\/#primaryimage"},"thumbnailUrl":"https:\/\/cdn1.mediawpaccore.net\/wp-content\/uploads\/2024\/12\/21131725\/MG_7024CN1.jpg","keywords":["administraci\u00f3n Trump","destacado"],"articleSection":["Noticias","USA"],"inLanguage":"es","potentialAction":[{"@type":"CommentAction","name":"Comment","target":["https:\/\/www.cuballama.com\/noticias\/esto-debes-saber-sobre-prohibicion-de-viaje-de-trump-si-eres-cubano\/#respond"]}]},{"@type":"WebPage","@id":"https:\/\/www.cuballama.com\/noticias\/esto-debes-saber-sobre-prohibicion-de-viaje-de-trump-si-eres-cubano\/","url":"https:\/\/www.cuballama.com\/noticias\/esto-debes-saber-sobre-prohibicion-de-viaje-de-trump-si-eres-cubano\/","name":"Esto debes saber sobre prohibici\u00f3n de viaje de Trump si eres cubano - Cuballama Noticias","isPartOf":{"@id":"https:\/\/www.cuballama.com\/noticias\/#website"},"primaryImageOfPage":{"@id":"https:\/\/www.cuballama.com\/noticias\/esto-debes-saber-sobre-prohibicion-de-viaje-de-trump-si-eres-cubano\/#primaryimage"},"image":{"@id":"https:\/\/www.cuballama.com\/noticias\/esto-debes-saber-sobre-prohibicion-de-viaje-de-trump-si-eres-cubano\/#primaryimage"},"thumbnailUrl":"https:\/\/cdn1.mediawpaccore.net\/wp-content\/uploads\/2024\/12\/21131725\/MG_7024CN1.jpg","datePublished":"2025-06-06T17:26:48+00:00","dateModified":"2025-12-02T13:35:22+00:00","description":"La prohibici\u00f3n parcial de viajes de cubanos a Estados Unidos ha despertado muchas dudas entre los afectados.","breadcrumb":{"@id":"https:\/\/www.cuballama.com\/noticias\/esto-debes-saber-sobre-prohibicion-de-viaje-de-trump-si-eres-cubano\/#breadcrumb"},"inLanguage":"es","potentialAction":[{"@type":"ReadAction","target":["https:\/\/www.cuballama.com\/noticias\/esto-debes-saber-sobre-prohibicion-de-viaje-de-trump-si-eres-cubano\/"]}]},{"@type":"ImageObject","inLanguage":"es","@id":"https:\/\/www.cuballama.com\/noticias\/esto-debes-saber-sobre-prohibicion-de-viaje-de-trump-si-eres-cubano\/#primaryimage","url":"https:\/\/cdn1.mediawpaccore.net\/wp-content\/uploads\/2024\/12\/21131725\/MG_7024CN1.jpg","contentUrl":"https:\/\/cdn1.mediawpaccore.net\/wp-content\/uploads\/2024\/12\/21131725\/MG_7024CN1.jpg","width":1200,"height":630,"caption":"Embajada de Estados Unidos en Cuba. Foto: CN360."},{"@type":"BreadcrumbList","@id":"https:\/\/www.cuballama.com\/noticias\/esto-debes-saber-sobre-prohibicion-de-viaje-de-trump-si-eres-cubano\/#breadcrumb","itemListElement":[{"@type":"ListItem","position":1,"name":"Home","item":"https:\/\/www.cuballama.com\/noticias\/"},{"@type":"ListItem","position":2,"name":"Esto debes saber sobre prohibici\u00f3n de viaje de Trump si eres cubano"}]},{"@type":"WebSite","@id":"https:\/\/www.cuballama.com\/noticias\/#website","url":"https:\/\/www.cuballama.com\/noticias\/","name":"Cuballama Noticias","description":"Medio digital sobre Cuba y el mundo","publisher":{"@id":"https:\/\/www.cuballama.com\/noticias\/#organization"},"potentialAction":[{"@type":"SearchAction","target":{"@type":"EntryPoint","urlTemplate":"https:\/\/www.cuballama.com\/noticias\/?s={search_term_string}"},"query-input":{"@type":"PropertyValueSpecification","valueRequired":true,"valueName":"search_term_string"}}],"inLanguage":"es"},{"@type":"Organization","@id":"https:\/\/www.cuballama.com\/noticias\/#organization","name":"Cuballama","url":"https:\/\/www.cuballama.com\/noticias\/","logo":{"@type":"ImageObject","inLanguage":"es","@id":"https:\/\/www.cuballama.com\/noticias\/#\/schema\/logo\/image\/","url":"https:\/\/cdn1.mediawpaccore.net\/wp-content\/uploads\/2021\/12\/28171206\/cbll-logo-color-sm.png","contentUrl":"https:\/\/cdn1.mediawpaccore.net\/wp-content\/uploads\/2021\/12\/28171206\/cbll-logo-color-sm.png","width":600,"height":133,"caption":"Cuballama"},"image":{"@id":"https:\/\/www.cuballama.com\/noticias\/#\/schema\/logo\/image\/"},"sameAs":["https:\/\/www.facebook.com\/CubaLlama","https:\/\/x.com\/cuballama","https:\/\/www.instagram.com\/stories\/cuballama_oficial\/","https:\/\/www.youtube.com\/channel\/UCKkFE-d_axENGZcrc4as0IA"]},{"@type":"Person","@id":"https:\/\/www.cuballama.com\/noticias\/#\/schema\/person\/86cd3e3f4974437f031211213bf892d5","name":"Kathy","url":"https:\/\/www.cuballama.com\/noticias\/author\/kathy\/"}]}},"_links":{"self":[{"href":"https:\/\/www.cuballama.com\/noticias\/wp-json\/wp\/v2\/posts\/209625","targetHints":{"allow":["GET"]}}],"collection":[{"href":"https:\/\/www.cuballama.com\/noticias\/wp-json\/wp\/v2\/posts"}],"about":[{"href":"https:\/\/www.cuballama.com\/noticias\/wp-json\/wp\/v2\/types\/post"}],"author":[{"embeddable":true,"href":"https:\/\/www.cuballama.com\/noticias\/wp-json\/wp\/v2\/users\/30"}],"replies":[{"embeddable":true,"href":"https:\/\/www.cuballama.com\/noticias\/wp-json\/wp\/v2\/comments?post=209625"}],"version-history":[{"count":7,"href":"https:\/\/www.cuballama.com\/noticias\/wp-json\/wp\/v2\/posts\/209625\/revisions"}],"predecessor-version":[{"id":227477,"href":"https:\/\/www.cuballama.com\/noticias\/wp-json\/wp\/v2\/posts\/209625\/revisions\/227477"}],"wp:featuredmedia":[{"embeddable":true,"href":"https:\/\/www.cuballama.com\/noticias\/wp-json\/wp\/v2\/media\/193389"}],"wp:attachment":[{"href":"https:\/\/www.cuballama.com\/noticias\/wp-json\/wp\/v2\/media?parent=209625"}],"wp:term":[{"taxonomy":"category","embeddable":true,"href":"https:\/\/www.cuballama.com\/noticias\/wp-json\/wp\/v2\/categories?post=209625"},{"taxonomy":"post_tag","embeddable":true,"href":"https:\/\/www.cuballama.com\/noticias\/wp-json\/wp\/v2\/tags?post=209625"}],"curies":[{"name":"wp","href":"https:\/\/api.w.org\/{rel}","templated":true}]}}