{"id":209084,"date":"2025-05-31T01:44:29","date_gmt":"2025-05-31T05:44:29","guid":{"rendered":"https:\/\/www.cuballama.com\/noticias\/?p=209084"},"modified":"2025-05-31T01:44:31","modified_gmt":"2025-05-31T05:44:31","slug":"ee-uu-devuelve-cifra-record-de-migrantes-cubanos-en-vuelo-de-deportacion","status":"publish","type":"post","link":"https:\/\/www.cuballama.com\/noticias\/ee-uu-devuelve-cifra-record-de-migrantes-cubanos-en-vuelo-de-deportacion\/","title":{"rendered":"EE.UU. devuelve cifra r\u00e9cord de migrantes cubanos en vuelo de deportaci\u00f3n"},"content":{"rendered":"\n<p>El gobierno de Estados Unidos deport\u00f3 este viernes 30 de mayo a 130 inmigrantes cubanos en un vuelo fletado desde Miami por el Departamento de Inmigraci\u00f3n y Control de Aduanas (ICE por sus siglas en ingl\u00e9s).<\/p>\n\n\n\n<p>Se trata del mayor operativo a\u00e9reo realizado a Cuba en m\u00e1s de cinco a\u00f1os, seg\u00fan confirm\u00f3 <em>Caf\u00e9Fuerte<\/em>. Con anterioridad, los vuelos m\u00e1s concurridos acumularon 123 personas (2023) y 119 (febrero de 2020).<\/p>\n\n\n\n<p>De acuerdo con las autoridades cubanas, fueron devueltos a La Habana 106 hombres y 24 mujeres, que arribaron al Aeropuerto Internacional \u201cJos\u00e9 Mart\u00ed\u201d al filo del mediod\u00eda.<\/p>\n\n\n\n<p>Tambi\u00e9n trascendi\u00f3 que cinco de los cubanos repatriados fueron trasladados al \u00f3rgano de investigaci\u00f3n del Ministerio del Interior (Minint), ya que cuando abandonaron el pa\u00eds se encontraban en libertad condicional.<\/p>\n\n\n\n<iframe loading=\"lazy\" src=\"https:\/\/www.facebook.com\/plugins\/post.php?href=https%3A%2F%2Fwww.facebook.com%2Fpermalink.php%3Fstory_fbid%3Dpfbid021z2ojnqV4117bQoinEDg6Myw2219BfyYv6cYdkGATQz28NPUUhbKbEHfbN3TvHk7l%26id%3D61558472836328&#038;show_text=true&#038;width=500\" width=\"500\" height=\"640\" style=\"border:none;overflow:hidden\" scrolling=\"no\" frameborder=\"0\" allowfullscreen=\"true\" allow=\"autoplay; clipboard-write; encrypted-media; picture-in-picture; web-share\"><\/iframe>\n\n\n\n<p>Seg\u00fan datos oficiales publicados por el Minint, con la de este viernes suman cinco las operaciones a\u00e9reas en lo que va de a\u00f1o desde territorio estadounidense.<\/p>\n\n\n\n<p>En total, hasta el momento han sido 19 las devoluciones realizadas desde distintos pa\u00edses de la regi\u00f3n este a\u00f1o, con un total de 587 personas retornadas.<\/p>\n\n\n\n<p>El vuelo de este viernes ha sido el de mayor cantidad de cubanos devueltos a la capital de la isla desde que se reiniciaron estas operaciones de deportaci\u00f3n por v\u00eda a\u00e9rea, en abril de 2023.<\/p>\n\n\n\n<p>Es el quinto vuelo de deportaci\u00f3n realizado a Cuba durante la presente administraci\u00f3n Trump, que arriba as\u00ed a m\u00e1s de 376 inmigrantes devueltos. Esta cifra no es exacta porque un vuelo reportado por las autoridades cubanas, el pasado 21 de enero, sin confirmaci\u00f3n de ICE.<\/p>\n\n\n\n<p>\u201c\u200eCuba ratifica su compromiso con una migraci\u00f3n regular, segura y ordenada, al tiempo que reitera el peligro y las condiciones de riesgo para la vida que representan las salidas ilegales del pa\u00eds\u201d, agreg\u00f3 el Minint en un breve comunicado.<\/p>\n\n\n\n<p><\/p>\n","protected":false},"excerpt":{"rendered":"<p>El grupo devuelto este viernes 30 de mayo lo integraban 106 hombres y 24 mujeres.<\/p>\n","protected":false},"author":30,"featured_media":209091,"comment_status":"open","ping_status":"closed","sticky":false,"template":"","format":"standard","meta":{"_acf_changed":false,"footnotes":""},"categories":[18,955],"tags":[5404,600,11017,20532],"class_list":{"0":"post-209084","1":"post","2":"type-post","3":"status-publish","4":"format-standard","5":"has-post-thumbnail","7":"category-noticias","8":"category-noticias-de-cuba","9":"tag-administracion-trump","10":"tag-migrantes-cubanos","11":"tag-superdestacado","12":"tag-vuelo-de-deportacion"},"acf":[],"yoast_head":"<!-- This site is optimized with the Yoast SEO plugin v27.4 - https:\/\/yoast.com\/product\/yoast-seo-wordpress\/ -->\n<title>EE.UU. devuelve cifra r\u00e9cord de migrantes cubanos en vuelo de deportaci\u00f3n - Cuballama Noticias<\/title>\n<meta name=\"description\" content=\"El gobierno de Estados Unidos deport\u00f3 este viernes 30 de mayo a una cifra r\u00e9cord de inmigrantes cubanos a la isla.\" \/>\n<meta name=\"robots\" content=\"index, follow, max-snippet:-1, max-image-preview:large, max-video-preview:-1\" \/>\n<link rel=\"canonical\" href=\"https:\/\/www.cuballama.com\/noticias\/ee-uu-devuelve-cifra-record-de-migrantes-cubanos-en-vuelo-de-deportacion\/\" \/>\n<meta property=\"og:locale\" content=\"es_ES\" \/>\n<meta property=\"og:type\" content=\"article\" \/>\n<meta property=\"og:title\" content=\"EE.UU. devuelve cifra r\u00e9cord de migrantes cubanos en vuelo de deportaci\u00f3n - Cuballama Noticias\" \/>\n<meta property=\"og:description\" content=\"El gobierno de Estados Unidos deport\u00f3 este viernes 30 de mayo a una cifra r\u00e9cord de inmigrantes cubanos a la isla.\" \/>\n<meta property=\"og:url\" content=\"https:\/\/www.cuballama.com\/noticias\/ee-uu-devuelve-cifra-record-de-migrantes-cubanos-en-vuelo-de-deportacion\/\" \/>\n<meta property=\"og:site_name\" content=\"Cuballama Noticias\" \/>\n<meta property=\"article:publisher\" content=\"https:\/\/www.facebook.com\/CubaLlama\" \/>\n<meta property=\"article:published_time\" content=\"2025-05-31T05:44:29+00:00\" \/>\n<meta property=\"article:modified_time\" content=\"2025-05-31T05:44:31+00:00\" \/>\n<meta property=\"og:image\" content=\"https:\/\/cdn1.mediawpaccore.net\/wp-content\/uploads\/2025\/05\/31012154\/Deportacion-Mayo20251.jpg\" \/>\n\t<meta property=\"og:image:width\" content=\"1200\" \/>\n\t<meta property=\"og:image:height\" content=\"630\" \/>\n\t<meta property=\"og:image:type\" content=\"image\/jpeg\" \/>\n<meta name=\"author\" content=\"Kathy\" \/>\n<meta name=\"twitter:card\" content=\"summary_large_image\" \/>\n<meta name=\"twitter:creator\" content=\"@cuballama\" \/>\n<meta name=\"twitter:site\" content=\"@cuballama\" \/>\n<meta name=\"twitter:label1\" content=\"Escrito por\" \/>\n\t<meta name=\"twitter:data1\" content=\"Kathy\" \/>\n\t<meta name=\"twitter:label2\" content=\"Tiempo de lectura\" \/>\n\t<meta name=\"twitter:data2\" content=\"2 minutos\" \/>\n<script type=\"application\/ld+json\" class=\"yoast-schema-graph\">{\"@context\":\"https:\\\/\\\/schema.org\",\"@graph\":[{\"@type\":\"Article\",\"@id\":\"https:\\\/\\\/www.cuballama.com\\\/noticias\\\/ee-uu-devuelve-cifra-record-de-migrantes-cubanos-en-vuelo-de-deportacion\\\/#article\",\"isPartOf\":{\"@id\":\"https:\\\/\\\/www.cuballama.com\\\/noticias\\\/ee-uu-devuelve-cifra-record-de-migrantes-cubanos-en-vuelo-de-deportacion\\\/\"},\"author\":{\"name\":\"Kathy\",\"@id\":\"https:\\\/\\\/www.cuballama.com\\\/noticias\\\/#\\\/schema\\\/person\\\/86cd3e3f4974437f031211213bf892d5\"},\"headline\":\"EE.UU. devuelve cifra r\u00e9cord de migrantes cubanos en vuelo de deportaci\u00f3n\",\"datePublished\":\"2025-05-31T05:44:29+00:00\",\"dateModified\":\"2025-05-31T05:44:31+00:00\",\"mainEntityOfPage\":{\"@id\":\"https:\\\/\\\/www.cuballama.com\\\/noticias\\\/ee-uu-devuelve-cifra-record-de-migrantes-cubanos-en-vuelo-de-deportacion\\\/\"},\"wordCount\":324,\"commentCount\":0,\"publisher\":{\"@id\":\"https:\\\/\\\/www.cuballama.com\\\/noticias\\\/#organization\"},\"image\":{\"@id\":\"https:\\\/\\\/www.cuballama.com\\\/noticias\\\/ee-uu-devuelve-cifra-record-de-migrantes-cubanos-en-vuelo-de-deportacion\\\/#primaryimage\"},\"thumbnailUrl\":\"https:\\\/\\\/cdn1.mediawpaccore.net\\\/wp-content\\\/uploads\\\/2025\\\/05\\\/31012154\\\/Deportacion-Mayo20251.jpg\",\"keywords\":[\"administraci\u00f3n Trump\",\"Migrantes cubanos\",\"superdestacado\",\"vuelo de deportaci\u00f3n\"],\"articleSection\":[\"Noticias\",\"Noticias de Cuba\"],\"inLanguage\":\"es\",\"potentialAction\":[{\"@type\":\"CommentAction\",\"name\":\"Comment\",\"target\":[\"https:\\\/\\\/www.cuballama.com\\\/noticias\\\/ee-uu-devuelve-cifra-record-de-migrantes-cubanos-en-vuelo-de-deportacion\\\/#respond\"]}]},{\"@type\":\"WebPage\",\"@id\":\"https:\\\/\\\/www.cuballama.com\\\/noticias\\\/ee-uu-devuelve-cifra-record-de-migrantes-cubanos-en-vuelo-de-deportacion\\\/\",\"url\":\"https:\\\/\\\/www.cuballama.com\\\/noticias\\\/ee-uu-devuelve-cifra-record-de-migrantes-cubanos-en-vuelo-de-deportacion\\\/\",\"name\":\"EE.UU. devuelve cifra r\u00e9cord de migrantes cubanos en vuelo de deportaci\u00f3n - Cuballama Noticias\",\"isPartOf\":{\"@id\":\"https:\\\/\\\/www.cuballama.com\\\/noticias\\\/#website\"},\"primaryImageOfPage\":{\"@id\":\"https:\\\/\\\/www.cuballama.com\\\/noticias\\\/ee-uu-devuelve-cifra-record-de-migrantes-cubanos-en-vuelo-de-deportacion\\\/#primaryimage\"},\"image\":{\"@id\":\"https:\\\/\\\/www.cuballama.com\\\/noticias\\\/ee-uu-devuelve-cifra-record-de-migrantes-cubanos-en-vuelo-de-deportacion\\\/#primaryimage\"},\"thumbnailUrl\":\"https:\\\/\\\/cdn1.mediawpaccore.net\\\/wp-content\\\/uploads\\\/2025\\\/05\\\/31012154\\\/Deportacion-Mayo20251.jpg\",\"datePublished\":\"2025-05-31T05:44:29+00:00\",\"dateModified\":\"2025-05-31T05:44:31+00:00\",\"description\":\"El gobierno de Estados Unidos deport\u00f3 este viernes 30 de mayo a una cifra r\u00e9cord de inmigrantes cubanos a la isla.\",\"breadcrumb\":{\"@id\":\"https:\\\/\\\/www.cuballama.com\\\/noticias\\\/ee-uu-devuelve-cifra-record-de-migrantes-cubanos-en-vuelo-de-deportacion\\\/#breadcrumb\"},\"inLanguage\":\"es\",\"potentialAction\":[{\"@type\":\"ReadAction\",\"target\":[\"https:\\\/\\\/www.cuballama.com\\\/noticias\\\/ee-uu-devuelve-cifra-record-de-migrantes-cubanos-en-vuelo-de-deportacion\\\/\"]}]},{\"@type\":\"ImageObject\",\"inLanguage\":\"es\",\"@id\":\"https:\\\/\\\/www.cuballama.com\\\/noticias\\\/ee-uu-devuelve-cifra-record-de-migrantes-cubanos-en-vuelo-de-deportacion\\\/#primaryimage\",\"url\":\"https:\\\/\\\/cdn1.mediawpaccore.net\\\/wp-content\\\/uploads\\\/2025\\\/05\\\/31012154\\\/Deportacion-Mayo20251.jpg\",\"contentUrl\":\"https:\\\/\\\/cdn1.mediawpaccore.net\\\/wp-content\\\/uploads\\\/2025\\\/05\\\/31012154\\\/Deportacion-Mayo20251.jpg\",\"width\":1200,\"height\":630,\"caption\":\"Vuelo fletado de ICE a La Habana. Foto: Facebook\\\/Minint.\"},{\"@type\":\"BreadcrumbList\",\"@id\":\"https:\\\/\\\/www.cuballama.com\\\/noticias\\\/ee-uu-devuelve-cifra-record-de-migrantes-cubanos-en-vuelo-de-deportacion\\\/#breadcrumb\",\"itemListElement\":[{\"@type\":\"ListItem\",\"position\":1,\"name\":\"Home\",\"item\":\"https:\\\/\\\/www.cuballama.com\\\/noticias\\\/\"},{\"@type\":\"ListItem\",\"position\":2,\"name\":\"EE.UU. devuelve cifra r\u00e9cord de migrantes cubanos en vuelo de deportaci\u00f3n\"}]},{\"@type\":\"WebSite\",\"@id\":\"https:\\\/\\\/www.cuballama.com\\\/noticias\\\/#website\",\"url\":\"https:\\\/\\\/www.cuballama.com\\\/noticias\\\/\",\"name\":\"Cuballama Noticias\",\"description\":\"Medio digital sobre Cuba y el mundo\",\"publisher\":{\"@id\":\"https:\\\/\\\/www.cuballama.com\\\/noticias\\\/#organization\"},\"potentialAction\":[{\"@type\":\"SearchAction\",\"target\":{\"@type\":\"EntryPoint\",\"urlTemplate\":\"https:\\\/\\\/www.cuballama.com\\\/noticias\\\/?s={search_term_string}\"},\"query-input\":{\"@type\":\"PropertyValueSpecification\",\"valueRequired\":true,\"valueName\":\"search_term_string\"}}],\"inLanguage\":\"es\"},{\"@type\":\"Organization\",\"@id\":\"https:\\\/\\\/www.cuballama.com\\\/noticias\\\/#organization\",\"name\":\"Cuballama\",\"url\":\"https:\\\/\\\/www.cuballama.com\\\/noticias\\\/\",\"logo\":{\"@type\":\"ImageObject\",\"inLanguage\":\"es\",\"@id\":\"https:\\\/\\\/www.cuballama.com\\\/noticias\\\/#\\\/schema\\\/logo\\\/image\\\/\",\"url\":\"https:\\\/\\\/cdn1.mediawpaccore.net\\\/wp-content\\\/uploads\\\/2021\\\/12\\\/28171206\\\/cbll-logo-color-sm.png\",\"contentUrl\":\"https:\\\/\\\/cdn1.mediawpaccore.net\\\/wp-content\\\/uploads\\\/2021\\\/12\\\/28171206\\\/cbll-logo-color-sm.png\",\"width\":600,\"height\":133,\"caption\":\"Cuballama\"},\"image\":{\"@id\":\"https:\\\/\\\/www.cuballama.com\\\/noticias\\\/#\\\/schema\\\/logo\\\/image\\\/\"},\"sameAs\":[\"https:\\\/\\\/www.facebook.com\\\/CubaLlama\",\"https:\\\/\\\/x.com\\\/cuballama\",\"https:\\\/\\\/www.instagram.com\\\/stories\\\/cuballama_oficial\\\/\",\"https:\\\/\\\/www.youtube.com\\\/channel\\\/UCKkFE-d_axENGZcrc4as0IA\"]},{\"@type\":\"Person\",\"@id\":\"https:\\\/\\\/www.cuballama.com\\\/noticias\\\/#\\\/schema\\\/person\\\/86cd3e3f4974437f031211213bf892d5\",\"name\":\"Kathy\",\"url\":\"https:\\\/\\\/www.cuballama.com\\\/noticias\\\/author\\\/kathy\\\/\"}]}<\/script>\n<!-- \/ Yoast SEO plugin. -->","yoast_head_json":{"title":"EE.UU. devuelve cifra r\u00e9cord de migrantes cubanos en vuelo de deportaci\u00f3n - Cuballama Noticias","description":"El gobierno de Estados Unidos deport\u00f3 este viernes 30 de mayo a una cifra r\u00e9cord de inmigrantes cubanos a la isla.","robots":{"index":"index","follow":"follow","max-snippet":"max-snippet:-1","max-image-preview":"max-image-preview:large","max-video-preview":"max-video-preview:-1"},"canonical":"https:\/\/www.cuballama.com\/noticias\/ee-uu-devuelve-cifra-record-de-migrantes-cubanos-en-vuelo-de-deportacion\/","og_locale":"es_ES","og_type":"article","og_title":"EE.UU. devuelve cifra r\u00e9cord de migrantes cubanos en vuelo de deportaci\u00f3n - Cuballama Noticias","og_description":"El gobierno de Estados Unidos deport\u00f3 este viernes 30 de mayo a una cifra r\u00e9cord de inmigrantes cubanos a la isla.","og_url":"https:\/\/www.cuballama.com\/noticias\/ee-uu-devuelve-cifra-record-de-migrantes-cubanos-en-vuelo-de-deportacion\/","og_site_name":"Cuballama Noticias","article_publisher":"https:\/\/www.facebook.com\/CubaLlama","article_published_time":"2025-05-31T05:44:29+00:00","article_modified_time":"2025-05-31T05:44:31+00:00","og_image":[{"width":1200,"height":630,"url":"https:\/\/cdn1.mediawpaccore.net\/wp-content\/uploads\/2025\/05\/31012154\/Deportacion-Mayo20251.jpg","type":"image\/jpeg"}],"author":"Kathy","twitter_card":"summary_large_image","twitter_creator":"@cuballama","twitter_site":"@cuballama","twitter_misc":{"Escrito por":"Kathy","Tiempo de lectura":"2 minutos"},"schema":{"@context":"https:\/\/schema.org","@graph":[{"@type":"Article","@id":"https:\/\/www.cuballama.com\/noticias\/ee-uu-devuelve-cifra-record-de-migrantes-cubanos-en-vuelo-de-deportacion\/#article","isPartOf":{"@id":"https:\/\/www.cuballama.com\/noticias\/ee-uu-devuelve-cifra-record-de-migrantes-cubanos-en-vuelo-de-deportacion\/"},"author":{"name":"Kathy","@id":"https:\/\/www.cuballama.com\/noticias\/#\/schema\/person\/86cd3e3f4974437f031211213bf892d5"},"headline":"EE.UU. devuelve cifra r\u00e9cord de migrantes cubanos en vuelo de deportaci\u00f3n","datePublished":"2025-05-31T05:44:29+00:00","dateModified":"2025-05-31T05:44:31+00:00","mainEntityOfPage":{"@id":"https:\/\/www.cuballama.com\/noticias\/ee-uu-devuelve-cifra-record-de-migrantes-cubanos-en-vuelo-de-deportacion\/"},"wordCount":324,"commentCount":0,"publisher":{"@id":"https:\/\/www.cuballama.com\/noticias\/#organization"},"image":{"@id":"https:\/\/www.cuballama.com\/noticias\/ee-uu-devuelve-cifra-record-de-migrantes-cubanos-en-vuelo-de-deportacion\/#primaryimage"},"thumbnailUrl":"https:\/\/cdn1.mediawpaccore.net\/wp-content\/uploads\/2025\/05\/31012154\/Deportacion-Mayo20251.jpg","keywords":["administraci\u00f3n Trump","Migrantes cubanos","superdestacado","vuelo de deportaci\u00f3n"],"articleSection":["Noticias","Noticias de Cuba"],"inLanguage":"es","potentialAction":[{"@type":"CommentAction","name":"Comment","target":["https:\/\/www.cuballama.com\/noticias\/ee-uu-devuelve-cifra-record-de-migrantes-cubanos-en-vuelo-de-deportacion\/#respond"]}]},{"@type":"WebPage","@id":"https:\/\/www.cuballama.com\/noticias\/ee-uu-devuelve-cifra-record-de-migrantes-cubanos-en-vuelo-de-deportacion\/","url":"https:\/\/www.cuballama.com\/noticias\/ee-uu-devuelve-cifra-record-de-migrantes-cubanos-en-vuelo-de-deportacion\/","name":"EE.UU. devuelve cifra r\u00e9cord de migrantes cubanos en vuelo de deportaci\u00f3n - Cuballama Noticias","isPartOf":{"@id":"https:\/\/www.cuballama.com\/noticias\/#website"},"primaryImageOfPage":{"@id":"https:\/\/www.cuballama.com\/noticias\/ee-uu-devuelve-cifra-record-de-migrantes-cubanos-en-vuelo-de-deportacion\/#primaryimage"},"image":{"@id":"https:\/\/www.cuballama.com\/noticias\/ee-uu-devuelve-cifra-record-de-migrantes-cubanos-en-vuelo-de-deportacion\/#primaryimage"},"thumbnailUrl":"https:\/\/cdn1.mediawpaccore.net\/wp-content\/uploads\/2025\/05\/31012154\/Deportacion-Mayo20251.jpg","datePublished":"2025-05-31T05:44:29+00:00","dateModified":"2025-05-31T05:44:31+00:00","description":"El gobierno de Estados Unidos deport\u00f3 este viernes 30 de mayo a una cifra r\u00e9cord de inmigrantes cubanos a la isla.","breadcrumb":{"@id":"https:\/\/www.cuballama.com\/noticias\/ee-uu-devuelve-cifra-record-de-migrantes-cubanos-en-vuelo-de-deportacion\/#breadcrumb"},"inLanguage":"es","potentialAction":[{"@type":"ReadAction","target":["https:\/\/www.cuballama.com\/noticias\/ee-uu-devuelve-cifra-record-de-migrantes-cubanos-en-vuelo-de-deportacion\/"]}]},{"@type":"ImageObject","inLanguage":"es","@id":"https:\/\/www.cuballama.com\/noticias\/ee-uu-devuelve-cifra-record-de-migrantes-cubanos-en-vuelo-de-deportacion\/#primaryimage","url":"https:\/\/cdn1.mediawpaccore.net\/wp-content\/uploads\/2025\/05\/31012154\/Deportacion-Mayo20251.jpg","contentUrl":"https:\/\/cdn1.mediawpaccore.net\/wp-content\/uploads\/2025\/05\/31012154\/Deportacion-Mayo20251.jpg","width":1200,"height":630,"caption":"Vuelo fletado de ICE a La Habana. Foto: Facebook\/Minint."},{"@type":"BreadcrumbList","@id":"https:\/\/www.cuballama.com\/noticias\/ee-uu-devuelve-cifra-record-de-migrantes-cubanos-en-vuelo-de-deportacion\/#breadcrumb","itemListElement":[{"@type":"ListItem","position":1,"name":"Home","item":"https:\/\/www.cuballama.com\/noticias\/"},{"@type":"ListItem","position":2,"name":"EE.UU. devuelve cifra r\u00e9cord de migrantes cubanos en vuelo de deportaci\u00f3n"}]},{"@type":"WebSite","@id":"https:\/\/www.cuballama.com\/noticias\/#website","url":"https:\/\/www.cuballama.com\/noticias\/","name":"Cuballama Noticias","description":"Medio digital sobre Cuba y el mundo","publisher":{"@id":"https:\/\/www.cuballama.com\/noticias\/#organization"},"potentialAction":[{"@type":"SearchAction","target":{"@type":"EntryPoint","urlTemplate":"https:\/\/www.cuballama.com\/noticias\/?s={search_term_string}"},"query-input":{"@type":"PropertyValueSpecification","valueRequired":true,"valueName":"search_term_string"}}],"inLanguage":"es"},{"@type":"Organization","@id":"https:\/\/www.cuballama.com\/noticias\/#organization","name":"Cuballama","url":"https:\/\/www.cuballama.com\/noticias\/","logo":{"@type":"ImageObject","inLanguage":"es","@id":"https:\/\/www.cuballama.com\/noticias\/#\/schema\/logo\/image\/","url":"https:\/\/cdn1.mediawpaccore.net\/wp-content\/uploads\/2021\/12\/28171206\/cbll-logo-color-sm.png","contentUrl":"https:\/\/cdn1.mediawpaccore.net\/wp-content\/uploads\/2021\/12\/28171206\/cbll-logo-color-sm.png","width":600,"height":133,"caption":"Cuballama"},"image":{"@id":"https:\/\/www.cuballama.com\/noticias\/#\/schema\/logo\/image\/"},"sameAs":["https:\/\/www.facebook.com\/CubaLlama","https:\/\/x.com\/cuballama","https:\/\/www.instagram.com\/stories\/cuballama_oficial\/","https:\/\/www.youtube.com\/channel\/UCKkFE-d_axENGZcrc4as0IA"]},{"@type":"Person","@id":"https:\/\/www.cuballama.com\/noticias\/#\/schema\/person\/86cd3e3f4974437f031211213bf892d5","name":"Kathy","url":"https:\/\/www.cuballama.com\/noticias\/author\/kathy\/"}]}},"_links":{"self":[{"href":"https:\/\/www.cuballama.com\/noticias\/wp-json\/wp\/v2\/posts\/209084","targetHints":{"allow":["GET"]}}],"collection":[{"href":"https:\/\/www.cuballama.com\/noticias\/wp-json\/wp\/v2\/posts"}],"about":[{"href":"https:\/\/www.cuballama.com\/noticias\/wp-json\/wp\/v2\/types\/post"}],"author":[{"embeddable":true,"href":"https:\/\/www.cuballama.com\/noticias\/wp-json\/wp\/v2\/users\/30"}],"replies":[{"embeddable":true,"href":"https:\/\/www.cuballama.com\/noticias\/wp-json\/wp\/v2\/comments?post=209084"}],"version-history":[{"count":3,"href":"https:\/\/www.cuballama.com\/noticias\/wp-json\/wp\/v2\/posts\/209084\/revisions"}],"predecessor-version":[{"id":209092,"href":"https:\/\/www.cuballama.com\/noticias\/wp-json\/wp\/v2\/posts\/209084\/revisions\/209092"}],"wp:featuredmedia":[{"embeddable":true,"href":"https:\/\/www.cuballama.com\/noticias\/wp-json\/wp\/v2\/media\/209091"}],"wp:attachment":[{"href":"https:\/\/www.cuballama.com\/noticias\/wp-json\/wp\/v2\/media?parent=209084"}],"wp:term":[{"taxonomy":"category","embeddable":true,"href":"https:\/\/www.cuballama.com\/noticias\/wp-json\/wp\/v2\/categories?post=209084"},{"taxonomy":"post_tag","embeddable":true,"href":"https:\/\/www.cuballama.com\/noticias\/wp-json\/wp\/v2\/tags?post=209084"}],"curies":[{"name":"wp","href":"https:\/\/api.w.org\/{rel}","templated":true}]}}