{"id":206807,"date":"2025-05-08T08:00:00","date_gmt":"2025-05-08T12:00:00","guid":{"rendered":"https:\/\/www.cuballama.com\/noticias\/?p=206807"},"modified":"2025-05-08T06:22:34","modified_gmt":"2025-05-08T10:22:34","slug":"identifican-a-mas-de-1-000-cubanos-reclutados-por-rusia-para-combatir-en-ucrania","status":"publish","type":"post","link":"https:\/\/www.cuballama.com\/noticias\/identifican-a-mas-de-1-000-cubanos-reclutados-por-rusia-para-combatir-en-ucrania\/","title":{"rendered":"Identifican a m\u00e1s de 1.000 cubanos reclutados por Rusia para combatir en Ucrania"},"content":{"rendered":"\n<p><strong>Seg\u00fan el proyecto \u201cQuiero Vivir\u201d de la inteligencia militar ucraniana, se han identificado 1.028 cubanos que firmaron contratos con las Fuerzas Armadas rusas entre 2023 y 2024.<\/strong><\/p>\n\n\n\n<p>La informaci\u00f3n, compartida por medios locales, tambi\u00e9n revela los esquemas utilizados para reclutar e involucrar a ciudadanos cubanos en la guerra contra Ucrania. Mosc\u00fa estar\u00eda reclutando activamente a extranjeros, entre ellos cubanos, nepal\u00edes, ciudadanos de Sri Lanka e individuos provenientes de pa\u00edses de Asia Central.<\/p>\n\n\n\n<p>La inteligencia ucraniana considera a los mercenarios cubanos como la \u201ccolumna vertebral\u201d de esas fuerzas extranjeras enviadas al frente para combatir junto a Rusia en su ofensiva militar.<\/p>\n\n\n\n<p>Desde el proyecto \u201cQuiero Vivir\u201d ya se han identificado los nombres de al menos 1.028 cubanos, pero se estima que la cifra real de ciudadanos contratados podr\u00eda superar los 20.000.<\/p>\n\n\n\n<p>Sin embargo, muchos de estos reclutas <strong>no son informados del verdadero prop\u00f3sito de su viaje a Rusia<\/strong>. Llegan con promesas de empleo en almacenes, construcci\u00f3n o seguridad, con salarios estimados entre 2.000 y 2.500 d\u00f3lares, cifras consideradas astron\u00f3micas en comparaci\u00f3n con el sueldo base en Cuba. A esto se suma la promesa de obtener un pasaporte ruso.<\/p>\n\n\n\n<p>La realidad cambia dr\u00e1sticamente al llegar al pa\u00eds: muchos son enviados al frente sin preparaci\u00f3n militar adecuada. Una vez obtenida la ciudadan\u00eda, el Kremlin puede disponer de ellos como soldados, y en muchos casos, son movilizados m\u00e1s all\u00e1 del periodo establecido en sus contratos iniciales.<\/p>\n\n\n\n<p>A pesar de que, tras conocerse la existencia de esta red de reclutamiento ilegal, el gobierno cubano anunci\u00f3 procesos legales contra los supuestos reclutadores \u2014incluido el desmantelamiento en 2023 de una red de 17 personas vinculadas al tr\u00e1fico de personas para combatir por Mosc\u00fa\u2014, <strong>informes de inteligencia ucraniana y medios locales advierten que el reclutamiento no ha cesado<\/strong>, sino que contin\u00faa en aumento.<\/p>\n\n\n\n<p>Desde Ucrania se ha instado a las autoridades cubanas a detener el env\u00edo de sus ciudadanos a la guerra. Mientras tanto, <a href=\"https:\/\/www.cuballama.com\/noticias\/diaz-canel-viajara-a-rusia-a-celebracion-antifacista-mientras-zelenski-amenaza-integridad-de-los-asistentes\/\">el presidente <strong>Miguel D\u00edaz-Canel<\/strong>, junto a su esposa, la no primera dama <strong>Lis Cuesta<\/strong><\/a>, viajaron a Rusia para participar el 9 de mayo en las celebraciones por el aniversario de la victoria sobre el fascismo, acompa\u00f1ados por un nutrido s\u00e9quito oficial.<\/p>\n","protected":false},"excerpt":{"rendered":"<p>Desde el proyecto \u201cQuiero Vivir\u201d ya se han identificado los nombres de al menos 1.028 cubanos, pero se estima que la cifra real de ciudadanos contratados podr\u00eda superar los 20.000.<\/p>\n","protected":false},"author":29,"featured_media":126966,"comment_status":"open","ping_status":"closed","sticky":false,"template":"","format":"standard","meta":{"_acf_changed":false,"footnotes":""},"categories":[18,955],"tags":[10867,92,6100,941,13771,19949,2157,5068],"class_list":{"0":"post-206807","1":"post","2":"type-post","3":"status-publish","4":"format-standard","5":"has-post-thumbnail","7":"category-noticias","8":"category-noticias-de-cuba","9":"tag-crisis-en-cuba","10":"tag-cubanos","11":"tag-cubanos-en-rusia","12":"tag-destacado","13":"tag-guerra-con-ucrania","14":"tag-mercenarios-cubanos","15":"tag-rusia","16":"tag-ucrania"},"acf":[],"yoast_head":"<!-- This site is optimized with the Yoast SEO plugin v27.5 - https:\/\/yoast.com\/product\/yoast-seo-wordpress\/ -->\n<title>Identifican a m\u00e1s de 1.000 cubanos reclutados por Rusia para combatir en Ucrania - Cuballama Noticias<\/title>\n<meta name=\"description\" content=\"La inteligencia ucraniana ha desvelado el nombre de m\u00e1s de mil cubanos reclutados por Rusia para participar en la guerra.\" \/>\n<meta name=\"robots\" content=\"index, follow, max-snippet:-1, max-image-preview:large, max-video-preview:-1\" \/>\n<link rel=\"canonical\" href=\"https:\/\/www.cuballama.com\/noticias\/identifican-a-mas-de-1-000-cubanos-reclutados-por-rusia-para-combatir-en-ucrania\/\" \/>\n<meta property=\"og:locale\" content=\"es_ES\" \/>\n<meta property=\"og:type\" content=\"article\" \/>\n<meta property=\"og:title\" content=\"Identifican a m\u00e1s de 1.000 cubanos reclutados por Rusia para combatir en Ucrania - Cuballama Noticias\" \/>\n<meta property=\"og:description\" content=\"La inteligencia ucraniana ha desvelado el nombre de m\u00e1s de mil cubanos reclutados por Rusia para participar en la guerra.\" \/>\n<meta property=\"og:url\" content=\"https:\/\/www.cuballama.com\/noticias\/identifican-a-mas-de-1-000-cubanos-reclutados-por-rusia-para-combatir-en-ucrania\/\" \/>\n<meta property=\"og:site_name\" content=\"Cuballama Noticias\" \/>\n<meta property=\"article:publisher\" content=\"https:\/\/www.facebook.com\/CubaLlama\" \/>\n<meta property=\"article:published_time\" content=\"2025-05-08T12:00:00+00:00\" \/>\n<meta property=\"og:image\" content=\"https:\/\/cdn1.mediawpaccore.net\/wp-content\/uploads\/2023\/06\/26122623\/cubanos_rusia.jpg\" \/>\n\t<meta property=\"og:image:width\" content=\"1236\" \/>\n\t<meta property=\"og:image:height\" content=\"758\" \/>\n\t<meta property=\"og:image:type\" content=\"image\/jpeg\" \/>\n<meta name=\"author\" content=\"Sof\u00eda Reyes\" \/>\n<meta name=\"twitter:card\" content=\"summary_large_image\" \/>\n<meta name=\"twitter:creator\" content=\"@cuballama\" \/>\n<meta name=\"twitter:site\" content=\"@cuballama\" \/>\n<meta name=\"twitter:label1\" content=\"Escrito por\" \/>\n\t<meta name=\"twitter:data1\" content=\"Sof\u00eda Reyes\" \/>\n\t<meta name=\"twitter:label2\" content=\"Tiempo de lectura\" \/>\n\t<meta name=\"twitter:data2\" content=\"2 minutos\" \/>\n<script type=\"application\/ld+json\" class=\"yoast-schema-graph\">{\"@context\":\"https:\\\/\\\/schema.org\",\"@graph\":[{\"@type\":\"Article\",\"@id\":\"https:\\\/\\\/www.cuballama.com\\\/noticias\\\/identifican-a-mas-de-1-000-cubanos-reclutados-por-rusia-para-combatir-en-ucrania\\\/#article\",\"isPartOf\":{\"@id\":\"https:\\\/\\\/www.cuballama.com\\\/noticias\\\/identifican-a-mas-de-1-000-cubanos-reclutados-por-rusia-para-combatir-en-ucrania\\\/\"},\"author\":{\"name\":\"Sof\u00eda Reyes\",\"@id\":\"https:\\\/\\\/www.cuballama.com\\\/noticias\\\/#\\\/schema\\\/person\\\/5cba2b8cc25a3159e49fe730a94d512e\"},\"headline\":\"Identifican a m\u00e1s de 1.000 cubanos reclutados por Rusia para combatir en Ucrania\",\"datePublished\":\"2025-05-08T12:00:00+00:00\",\"mainEntityOfPage\":{\"@id\":\"https:\\\/\\\/www.cuballama.com\\\/noticias\\\/identifican-a-mas-de-1-000-cubanos-reclutados-por-rusia-para-combatir-en-ucrania\\\/\"},\"wordCount\":383,\"commentCount\":0,\"publisher\":{\"@id\":\"https:\\\/\\\/www.cuballama.com\\\/noticias\\\/#organization\"},\"image\":{\"@id\":\"https:\\\/\\\/www.cuballama.com\\\/noticias\\\/identifican-a-mas-de-1-000-cubanos-reclutados-por-rusia-para-combatir-en-ucrania\\\/#primaryimage\"},\"thumbnailUrl\":\"https:\\\/\\\/cdn1.mediawpaccore.net\\\/wp-content\\\/uploads\\\/2023\\\/06\\\/26122623\\\/cubanos_rusia.jpg\",\"keywords\":[\"Crisis en Cuba\",\"cubanos\",\"Cubanos en Rusia\",\"destacado\",\"guerra con Ucrania\",\"mercenarios cubanos\",\"Rusia\",\"Ucrania\"],\"articleSection\":[\"Noticias\",\"Noticias de Cuba\"],\"inLanguage\":\"es\",\"potentialAction\":[{\"@type\":\"CommentAction\",\"name\":\"Comment\",\"target\":[\"https:\\\/\\\/www.cuballama.com\\\/noticias\\\/identifican-a-mas-de-1-000-cubanos-reclutados-por-rusia-para-combatir-en-ucrania\\\/#respond\"]}]},{\"@type\":\"WebPage\",\"@id\":\"https:\\\/\\\/www.cuballama.com\\\/noticias\\\/identifican-a-mas-de-1-000-cubanos-reclutados-por-rusia-para-combatir-en-ucrania\\\/\",\"url\":\"https:\\\/\\\/www.cuballama.com\\\/noticias\\\/identifican-a-mas-de-1-000-cubanos-reclutados-por-rusia-para-combatir-en-ucrania\\\/\",\"name\":\"Identifican a m\u00e1s de 1.000 cubanos reclutados por Rusia para combatir en Ucrania - Cuballama Noticias\",\"isPartOf\":{\"@id\":\"https:\\\/\\\/www.cuballama.com\\\/noticias\\\/#website\"},\"primaryImageOfPage\":{\"@id\":\"https:\\\/\\\/www.cuballama.com\\\/noticias\\\/identifican-a-mas-de-1-000-cubanos-reclutados-por-rusia-para-combatir-en-ucrania\\\/#primaryimage\"},\"image\":{\"@id\":\"https:\\\/\\\/www.cuballama.com\\\/noticias\\\/identifican-a-mas-de-1-000-cubanos-reclutados-por-rusia-para-combatir-en-ucrania\\\/#primaryimage\"},\"thumbnailUrl\":\"https:\\\/\\\/cdn1.mediawpaccore.net\\\/wp-content\\\/uploads\\\/2023\\\/06\\\/26122623\\\/cubanos_rusia.jpg\",\"datePublished\":\"2025-05-08T12:00:00+00:00\",\"description\":\"La inteligencia ucraniana ha desvelado el nombre de m\u00e1s de mil cubanos reclutados por Rusia para participar en la guerra.\",\"breadcrumb\":{\"@id\":\"https:\\\/\\\/www.cuballama.com\\\/noticias\\\/identifican-a-mas-de-1-000-cubanos-reclutados-por-rusia-para-combatir-en-ucrania\\\/#breadcrumb\"},\"inLanguage\":\"es\",\"potentialAction\":[{\"@type\":\"ReadAction\",\"target\":[\"https:\\\/\\\/www.cuballama.com\\\/noticias\\\/identifican-a-mas-de-1-000-cubanos-reclutados-por-rusia-para-combatir-en-ucrania\\\/\"]}]},{\"@type\":\"ImageObject\",\"inLanguage\":\"es\",\"@id\":\"https:\\\/\\\/www.cuballama.com\\\/noticias\\\/identifican-a-mas-de-1-000-cubanos-reclutados-por-rusia-para-combatir-en-ucrania\\\/#primaryimage\",\"url\":\"https:\\\/\\\/cdn1.mediawpaccore.net\\\/wp-content\\\/uploads\\\/2023\\\/06\\\/26122623\\\/cubanos_rusia.jpg\",\"contentUrl\":\"https:\\\/\\\/cdn1.mediawpaccore.net\\\/wp-content\\\/uploads\\\/2023\\\/06\\\/26122623\\\/cubanos_rusia.jpg\",\"width\":1236,\"height\":758,\"caption\":\"Foto: REFERENCIAL: V\u00eda Redes Sociales \\\/ Grupo de Facebook Cubanos en Mosc\u00fa\"},{\"@type\":\"BreadcrumbList\",\"@id\":\"https:\\\/\\\/www.cuballama.com\\\/noticias\\\/identifican-a-mas-de-1-000-cubanos-reclutados-por-rusia-para-combatir-en-ucrania\\\/#breadcrumb\",\"itemListElement\":[{\"@type\":\"ListItem\",\"position\":1,\"name\":\"Home\",\"item\":\"https:\\\/\\\/www.cuballama.com\\\/noticias\\\/\"},{\"@type\":\"ListItem\",\"position\":2,\"name\":\"Identifican a m\u00e1s de 1.000 cubanos reclutados por Rusia para combatir en Ucrania\"}]},{\"@type\":\"WebSite\",\"@id\":\"https:\\\/\\\/www.cuballama.com\\\/noticias\\\/#website\",\"url\":\"https:\\\/\\\/www.cuballama.com\\\/noticias\\\/\",\"name\":\"Cuballama Noticias\",\"description\":\"Medio digital sobre Cuba y el mundo\",\"publisher\":{\"@id\":\"https:\\\/\\\/www.cuballama.com\\\/noticias\\\/#organization\"},\"potentialAction\":[{\"@type\":\"SearchAction\",\"target\":{\"@type\":\"EntryPoint\",\"urlTemplate\":\"https:\\\/\\\/www.cuballama.com\\\/noticias\\\/?s={search_term_string}\"},\"query-input\":{\"@type\":\"PropertyValueSpecification\",\"valueRequired\":true,\"valueName\":\"search_term_string\"}}],\"inLanguage\":\"es\"},{\"@type\":\"Organization\",\"@id\":\"https:\\\/\\\/www.cuballama.com\\\/noticias\\\/#organization\",\"name\":\"Cuballama\",\"url\":\"https:\\\/\\\/www.cuballama.com\\\/noticias\\\/\",\"logo\":{\"@type\":\"ImageObject\",\"inLanguage\":\"es\",\"@id\":\"https:\\\/\\\/www.cuballama.com\\\/noticias\\\/#\\\/schema\\\/logo\\\/image\\\/\",\"url\":\"https:\\\/\\\/cdn1.mediawpaccore.net\\\/wp-content\\\/uploads\\\/2021\\\/12\\\/28171206\\\/cbll-logo-color-sm.png\",\"contentUrl\":\"https:\\\/\\\/cdn1.mediawpaccore.net\\\/wp-content\\\/uploads\\\/2021\\\/12\\\/28171206\\\/cbll-logo-color-sm.png\",\"width\":600,\"height\":133,\"caption\":\"Cuballama\"},\"image\":{\"@id\":\"https:\\\/\\\/www.cuballama.com\\\/noticias\\\/#\\\/schema\\\/logo\\\/image\\\/\"},\"sameAs\":[\"https:\\\/\\\/www.facebook.com\\\/CubaLlama\",\"https:\\\/\\\/x.com\\\/cuballama\",\"https:\\\/\\\/www.instagram.com\\\/stories\\\/cuballama_oficial\\\/\",\"https:\\\/\\\/www.youtube.com\\\/channel\\\/UCKkFE-d_axENGZcrc4as0IA\"]},{\"@type\":\"Person\",\"@id\":\"https:\\\/\\\/www.cuballama.com\\\/noticias\\\/#\\\/schema\\\/person\\\/5cba2b8cc25a3159e49fe730a94d512e\",\"name\":\"Sof\u00eda Reyes\",\"url\":\"https:\\\/\\\/www.cuballama.com\\\/noticias\\\/author\\\/laura\\\/\"}]}<\/script>\n<!-- \/ Yoast SEO plugin. -->","yoast_head_json":{"title":"Identifican a m\u00e1s de 1.000 cubanos reclutados por Rusia para combatir en Ucrania - Cuballama Noticias","description":"La inteligencia ucraniana ha desvelado el nombre de m\u00e1s de mil cubanos reclutados por Rusia para participar en la guerra.","robots":{"index":"index","follow":"follow","max-snippet":"max-snippet:-1","max-image-preview":"max-image-preview:large","max-video-preview":"max-video-preview:-1"},"canonical":"https:\/\/www.cuballama.com\/noticias\/identifican-a-mas-de-1-000-cubanos-reclutados-por-rusia-para-combatir-en-ucrania\/","og_locale":"es_ES","og_type":"article","og_title":"Identifican a m\u00e1s de 1.000 cubanos reclutados por Rusia para combatir en Ucrania - Cuballama Noticias","og_description":"La inteligencia ucraniana ha desvelado el nombre de m\u00e1s de mil cubanos reclutados por Rusia para participar en la guerra.","og_url":"https:\/\/www.cuballama.com\/noticias\/identifican-a-mas-de-1-000-cubanos-reclutados-por-rusia-para-combatir-en-ucrania\/","og_site_name":"Cuballama Noticias","article_publisher":"https:\/\/www.facebook.com\/CubaLlama","article_published_time":"2025-05-08T12:00:00+00:00","og_image":[{"width":1236,"height":758,"url":"https:\/\/cdn1.mediawpaccore.net\/wp-content\/uploads\/2023\/06\/26122623\/cubanos_rusia.jpg","type":"image\/jpeg"}],"author":"Sof\u00eda Reyes","twitter_card":"summary_large_image","twitter_creator":"@cuballama","twitter_site":"@cuballama","twitter_misc":{"Escrito por":"Sof\u00eda Reyes","Tiempo de lectura":"2 minutos"},"schema":{"@context":"https:\/\/schema.org","@graph":[{"@type":"Article","@id":"https:\/\/www.cuballama.com\/noticias\/identifican-a-mas-de-1-000-cubanos-reclutados-por-rusia-para-combatir-en-ucrania\/#article","isPartOf":{"@id":"https:\/\/www.cuballama.com\/noticias\/identifican-a-mas-de-1-000-cubanos-reclutados-por-rusia-para-combatir-en-ucrania\/"},"author":{"name":"Sof\u00eda Reyes","@id":"https:\/\/www.cuballama.com\/noticias\/#\/schema\/person\/5cba2b8cc25a3159e49fe730a94d512e"},"headline":"Identifican a m\u00e1s de 1.000 cubanos reclutados por Rusia para combatir en Ucrania","datePublished":"2025-05-08T12:00:00+00:00","mainEntityOfPage":{"@id":"https:\/\/www.cuballama.com\/noticias\/identifican-a-mas-de-1-000-cubanos-reclutados-por-rusia-para-combatir-en-ucrania\/"},"wordCount":383,"commentCount":0,"publisher":{"@id":"https:\/\/www.cuballama.com\/noticias\/#organization"},"image":{"@id":"https:\/\/www.cuballama.com\/noticias\/identifican-a-mas-de-1-000-cubanos-reclutados-por-rusia-para-combatir-en-ucrania\/#primaryimage"},"thumbnailUrl":"https:\/\/cdn1.mediawpaccore.net\/wp-content\/uploads\/2023\/06\/26122623\/cubanos_rusia.jpg","keywords":["Crisis en Cuba","cubanos","Cubanos en Rusia","destacado","guerra con Ucrania","mercenarios cubanos","Rusia","Ucrania"],"articleSection":["Noticias","Noticias de Cuba"],"inLanguage":"es","potentialAction":[{"@type":"CommentAction","name":"Comment","target":["https:\/\/www.cuballama.com\/noticias\/identifican-a-mas-de-1-000-cubanos-reclutados-por-rusia-para-combatir-en-ucrania\/#respond"]}]},{"@type":"WebPage","@id":"https:\/\/www.cuballama.com\/noticias\/identifican-a-mas-de-1-000-cubanos-reclutados-por-rusia-para-combatir-en-ucrania\/","url":"https:\/\/www.cuballama.com\/noticias\/identifican-a-mas-de-1-000-cubanos-reclutados-por-rusia-para-combatir-en-ucrania\/","name":"Identifican a m\u00e1s de 1.000 cubanos reclutados por Rusia para combatir en Ucrania - Cuballama Noticias","isPartOf":{"@id":"https:\/\/www.cuballama.com\/noticias\/#website"},"primaryImageOfPage":{"@id":"https:\/\/www.cuballama.com\/noticias\/identifican-a-mas-de-1-000-cubanos-reclutados-por-rusia-para-combatir-en-ucrania\/#primaryimage"},"image":{"@id":"https:\/\/www.cuballama.com\/noticias\/identifican-a-mas-de-1-000-cubanos-reclutados-por-rusia-para-combatir-en-ucrania\/#primaryimage"},"thumbnailUrl":"https:\/\/cdn1.mediawpaccore.net\/wp-content\/uploads\/2023\/06\/26122623\/cubanos_rusia.jpg","datePublished":"2025-05-08T12:00:00+00:00","description":"La inteligencia ucraniana ha desvelado el nombre de m\u00e1s de mil cubanos reclutados por Rusia para participar en la guerra.","breadcrumb":{"@id":"https:\/\/www.cuballama.com\/noticias\/identifican-a-mas-de-1-000-cubanos-reclutados-por-rusia-para-combatir-en-ucrania\/#breadcrumb"},"inLanguage":"es","potentialAction":[{"@type":"ReadAction","target":["https:\/\/www.cuballama.com\/noticias\/identifican-a-mas-de-1-000-cubanos-reclutados-por-rusia-para-combatir-en-ucrania\/"]}]},{"@type":"ImageObject","inLanguage":"es","@id":"https:\/\/www.cuballama.com\/noticias\/identifican-a-mas-de-1-000-cubanos-reclutados-por-rusia-para-combatir-en-ucrania\/#primaryimage","url":"https:\/\/cdn1.mediawpaccore.net\/wp-content\/uploads\/2023\/06\/26122623\/cubanos_rusia.jpg","contentUrl":"https:\/\/cdn1.mediawpaccore.net\/wp-content\/uploads\/2023\/06\/26122623\/cubanos_rusia.jpg","width":1236,"height":758,"caption":"Foto: REFERENCIAL: V\u00eda Redes Sociales \/ Grupo de Facebook Cubanos en Mosc\u00fa"},{"@type":"BreadcrumbList","@id":"https:\/\/www.cuballama.com\/noticias\/identifican-a-mas-de-1-000-cubanos-reclutados-por-rusia-para-combatir-en-ucrania\/#breadcrumb","itemListElement":[{"@type":"ListItem","position":1,"name":"Home","item":"https:\/\/www.cuballama.com\/noticias\/"},{"@type":"ListItem","position":2,"name":"Identifican a m\u00e1s de 1.000 cubanos reclutados por Rusia para combatir en Ucrania"}]},{"@type":"WebSite","@id":"https:\/\/www.cuballama.com\/noticias\/#website","url":"https:\/\/www.cuballama.com\/noticias\/","name":"Cuballama Noticias","description":"Medio digital sobre Cuba y el mundo","publisher":{"@id":"https:\/\/www.cuballama.com\/noticias\/#organization"},"potentialAction":[{"@type":"SearchAction","target":{"@type":"EntryPoint","urlTemplate":"https:\/\/www.cuballama.com\/noticias\/?s={search_term_string}"},"query-input":{"@type":"PropertyValueSpecification","valueRequired":true,"valueName":"search_term_string"}}],"inLanguage":"es"},{"@type":"Organization","@id":"https:\/\/www.cuballama.com\/noticias\/#organization","name":"Cuballama","url":"https:\/\/www.cuballama.com\/noticias\/","logo":{"@type":"ImageObject","inLanguage":"es","@id":"https:\/\/www.cuballama.com\/noticias\/#\/schema\/logo\/image\/","url":"https:\/\/cdn1.mediawpaccore.net\/wp-content\/uploads\/2021\/12\/28171206\/cbll-logo-color-sm.png","contentUrl":"https:\/\/cdn1.mediawpaccore.net\/wp-content\/uploads\/2021\/12\/28171206\/cbll-logo-color-sm.png","width":600,"height":133,"caption":"Cuballama"},"image":{"@id":"https:\/\/www.cuballama.com\/noticias\/#\/schema\/logo\/image\/"},"sameAs":["https:\/\/www.facebook.com\/CubaLlama","https:\/\/x.com\/cuballama","https:\/\/www.instagram.com\/stories\/cuballama_oficial\/","https:\/\/www.youtube.com\/channel\/UCKkFE-d_axENGZcrc4as0IA"]},{"@type":"Person","@id":"https:\/\/www.cuballama.com\/noticias\/#\/schema\/person\/5cba2b8cc25a3159e49fe730a94d512e","name":"Sof\u00eda Reyes","url":"https:\/\/www.cuballama.com\/noticias\/author\/laura\/"}]}},"_links":{"self":[{"href":"https:\/\/www.cuballama.com\/noticias\/wp-json\/wp\/v2\/posts\/206807","targetHints":{"allow":["GET"]}}],"collection":[{"href":"https:\/\/www.cuballama.com\/noticias\/wp-json\/wp\/v2\/posts"}],"about":[{"href":"https:\/\/www.cuballama.com\/noticias\/wp-json\/wp\/v2\/types\/post"}],"author":[{"embeddable":true,"href":"https:\/\/www.cuballama.com\/noticias\/wp-json\/wp\/v2\/users\/29"}],"replies":[{"embeddable":true,"href":"https:\/\/www.cuballama.com\/noticias\/wp-json\/wp\/v2\/comments?post=206807"}],"version-history":[{"count":2,"href":"https:\/\/www.cuballama.com\/noticias\/wp-json\/wp\/v2\/posts\/206807\/revisions"}],"predecessor-version":[{"id":206857,"href":"https:\/\/www.cuballama.com\/noticias\/wp-json\/wp\/v2\/posts\/206807\/revisions\/206857"}],"wp:featuredmedia":[{"embeddable":true,"href":"https:\/\/www.cuballama.com\/noticias\/wp-json\/wp\/v2\/media\/126966"}],"wp:attachment":[{"href":"https:\/\/www.cuballama.com\/noticias\/wp-json\/wp\/v2\/media?parent=206807"}],"wp:term":[{"taxonomy":"category","embeddable":true,"href":"https:\/\/www.cuballama.com\/noticias\/wp-json\/wp\/v2\/categories?post=206807"},{"taxonomy":"post_tag","embeddable":true,"href":"https:\/\/www.cuballama.com\/noticias\/wp-json\/wp\/v2\/tags?post=206807"}],"curies":[{"name":"wp","href":"https:\/\/api.w.org\/{rel}","templated":true}]}}