{"id":202916,"date":"2025-03-29T08:24:18","date_gmt":"2025-03-29T12:24:18","guid":{"rendered":"https:\/\/www.cuballama.com\/noticias\/?p=202916"},"modified":"2025-03-29T10:33:06","modified_gmt":"2025-03-29T14:33:06","slug":"liberan-a-cubana-con-i-220a-detenida-tras-asistir-a-su-cita-con-ice","status":"publish","type":"post","link":"https:\/\/www.cuballama.com\/noticias\/liberan-a-cubana-con-i-220a-detenida-tras-asistir-a-su-cita-con-ice\/","title":{"rendered":"Liberan a cubana con I-220A detenida tras asistir a su cita con ICE"},"content":{"rendered":"\n<p>Laura de la Caridad Gonz\u00e1lez S\u00e1nchez, la cubana de 26 a\u00f1os con I-220A que hab\u00eda sido detenida el pasado 10 de marzo tras presentarse a una cita en la oficina de Inmigraci\u00f3n y Control de Aduanas (ICE, por sus siglas en ingl\u00e9s) de Miramar, en el condado floridano de Broward fue liberada este viernes.<\/p>\n\n\n\n<p>A trav\u00e9s de redes sociales la congresista cubanoamericana Mar\u00eda Elvira Salazar, quien se hab\u00eda interesado por la situaci\u00f3n de la joven, confirm\u00f3 la buena noticia.<\/p>\n\n\n\n<p>\u201cMe reconforta la noticia de que Laura haya sido liberada del centro de detenci\u00f3n de ICE. Desde el momento en que supe de su caso, invitamos a su madre a nuestra oficina y hemos mantenido una estrecha comunicaci\u00f3n con su familia\u201d, expres\u00f3 Salazar.<\/p>\n\n\n\n<blockquote class=\"instagram-media\" data-instgrm-captioned data-instgrm-permalink=\"https:\/\/www.instagram.com\/p\/DHw032qsFZt\/?utm_source=ig_embed&amp;utm_campaign=loading\" data-instgrm-version=\"14\" style=\" background:#FFF; border:0; border-radius:3px; box-shadow:0 0 1px 0 rgba(0,0,0,0.5),0 1px 10px 0 rgba(0,0,0,0.15); margin: 1px; max-width:540px; min-width:326px; padding:0; width:99.375%; width:-webkit-calc(100% - 2px); width:calc(100% - 2px);\"><div style=\"padding:16px;\"> <a href=\"https:\/\/www.instagram.com\/p\/DHw032qsFZt\/?utm_source=ig_embed&amp;utm_campaign=loading\" style=\" background:#FFFFFF; line-height:0; padding:0 0; text-align:center; text-decoration:none; width:100%;\" target=\"_blank\"> <div style=\" display: flex; flex-direction: row; align-items: center;\"> <div style=\"background-color: #F4F4F4; border-radius: 50%; flex-grow: 0; height: 40px; margin-right: 14px; width: 40px;\"><\/div> <div style=\"display: flex; flex-direction: column; flex-grow: 1; justify-content: center;\"> <div style=\" background-color: #F4F4F4; border-radius: 4px; flex-grow: 0; height: 14px; margin-bottom: 6px; width: 100px;\"><\/div> <div style=\" background-color: #F4F4F4; border-radius: 4px; flex-grow: 0; height: 14px; width: 60px;\"><\/div><\/div><\/div><div style=\"padding: 19% 0;\"><\/div> <div style=\"display:block; height:50px; margin:0 auto 12px; width:50px;\"><svg width=\"50px\" height=\"50px\" viewBox=\"0 0 60 60\" version=\"1.1\" xmlns=\"https:\/\/www.w3.org\/2000\/svg\" xmlns:xlink=\"https:\/\/www.w3.org\/1999\/xlink\"><g stroke=\"none\" stroke-width=\"1\" fill=\"none\" fill-rule=\"evenodd\"><g transform=\"translate(-511.000000, -20.000000)\" fill=\"#000000\"><g><path d=\"M556.869,30.41 C554.814,30.41 553.148,32.076 553.148,34.131 C553.148,36.186 554.814,37.852 556.869,37.852 C558.924,37.852 560.59,36.186 560.59,34.131 C560.59,32.076 558.924,30.41 556.869,30.41 M541,60.657 C535.114,60.657 530.342,55.887 530.342,50 C530.342,44.114 535.114,39.342 541,39.342 C546.887,39.342 551.658,44.114 551.658,50 C551.658,55.887 546.887,60.657 541,60.657 M541,33.886 C532.1,33.886 524.886,41.1 524.886,50 C524.886,58.899 532.1,66.113 541,66.113 C549.9,66.113 557.115,58.899 557.115,50 C557.115,41.1 549.9,33.886 541,33.886 M565.378,62.101 C565.244,65.022 564.756,66.606 564.346,67.663 C563.803,69.06 563.154,70.057 562.106,71.106 C561.058,72.155 560.06,72.803 558.662,73.347 C557.607,73.757 556.021,74.244 553.102,74.378 C549.944,74.521 548.997,74.552 541,74.552 C533.003,74.552 532.056,74.521 528.898,74.378 C525.979,74.244 524.393,73.757 523.338,73.347 C521.94,72.803 520.942,72.155 519.894,71.106 C518.846,70.057 518.197,69.06 517.654,67.663 C517.244,66.606 516.755,65.022 516.623,62.101 C516.479,58.943 516.448,57.996 516.448,50 C516.448,42.003 516.479,41.056 516.623,37.899 C516.755,34.978 517.244,33.391 517.654,32.338 C518.197,30.938 518.846,29.942 519.894,28.894 C520.942,27.846 521.94,27.196 523.338,26.654 C524.393,26.244 525.979,25.756 528.898,25.623 C532.057,25.479 533.004,25.448 541,25.448 C548.997,25.448 549.943,25.479 553.102,25.623 C556.021,25.756 557.607,26.244 558.662,26.654 C560.06,27.196 561.058,27.846 562.106,28.894 C563.154,29.942 563.803,30.938 564.346,32.338 C564.756,33.391 565.244,34.978 565.378,37.899 C565.522,41.056 565.552,42.003 565.552,50 C565.552,57.996 565.522,58.943 565.378,62.101 M570.82,37.631 C570.674,34.438 570.167,32.258 569.425,30.349 C568.659,28.377 567.633,26.702 565.965,25.035 C564.297,23.368 562.623,22.342 560.652,21.575 C558.743,20.834 556.562,20.326 553.369,20.18 C550.169,20.033 549.148,20 541,20 C532.853,20 531.831,20.033 528.631,20.18 C525.438,20.326 523.257,20.834 521.349,21.575 C519.376,22.342 517.703,23.368 516.035,25.035 C514.368,26.702 513.342,28.377 512.574,30.349 C511.834,32.258 511.326,34.438 511.181,37.631 C511.035,40.831 511,41.851 511,50 C511,58.147 511.035,59.17 511.181,62.369 C511.326,65.562 511.834,67.743 512.574,69.651 C513.342,71.625 514.368,73.296 516.035,74.965 C517.703,76.634 519.376,77.658 521.349,78.425 C523.257,79.167 525.438,79.673 528.631,79.82 C531.831,79.965 532.853,80.001 541,80.001 C549.148,80.001 550.169,79.965 553.369,79.82 C556.562,79.673 558.743,79.167 560.652,78.425 C562.623,77.658 564.297,76.634 565.965,74.965 C567.633,73.296 568.659,71.625 569.425,69.651 C570.167,67.743 570.674,65.562 570.82,62.369 C570.966,59.17 571,58.147 571,50 C571,41.851 570.966,40.831 570.82,37.631\"><\/path><\/g><\/g><\/g><\/svg><\/div><div style=\"padding-top: 8px;\"> <div style=\" color:#3897f0; font-family:Arial,sans-serif; font-size:14px; font-style:normal; font-weight:550; line-height:18px;\">Ver esta publicaci\u00f3n en Instagram<\/div><\/div><div style=\"padding: 12.5% 0;\"><\/div> <div style=\"display: flex; flex-direction: row; margin-bottom: 14px; align-items: center;\"><div> <div style=\"background-color: #F4F4F4; border-radius: 50%; height: 12.5px; width: 12.5px; transform: translateX(0px) translateY(7px);\"><\/div> <div style=\"background-color: #F4F4F4; height: 12.5px; transform: rotate(-45deg) translateX(3px) translateY(1px); width: 12.5px; flex-grow: 0; margin-right: 14px; margin-left: 2px;\"><\/div> <div style=\"background-color: #F4F4F4; border-radius: 50%; height: 12.5px; width: 12.5px; transform: translateX(9px) translateY(-18px);\"><\/div><\/div><div style=\"margin-left: 8px;\"> <div style=\" background-color: #F4F4F4; border-radius: 50%; flex-grow: 0; height: 20px; width: 20px;\"><\/div> <div style=\" width: 0; height: 0; border-top: 2px solid transparent; border-left: 6px solid #f4f4f4; border-bottom: 2px solid transparent; transform: translateX(16px) translateY(-4px) rotate(30deg)\"><\/div><\/div><div style=\"margin-left: auto;\"> <div style=\" width: 0px; border-top: 8px solid #F4F4F4; border-right: 8px solid transparent; transform: translateY(16px);\"><\/div> <div style=\" background-color: #F4F4F4; flex-grow: 0; height: 12px; width: 16px; transform: translateY(-4px);\"><\/div> <div style=\" width: 0; height: 0; border-top: 8px solid #F4F4F4; border-left: 8px solid transparent; transform: translateY(-4px) translateX(8px);\"><\/div><\/div><\/div> <div style=\"display: flex; flex-direction: column; flex-grow: 1; justify-content: center; margin-bottom: 24px;\"> <div style=\" background-color: #F4F4F4; border-radius: 4px; flex-grow: 0; height: 14px; margin-bottom: 6px; width: 224px;\"><\/div> <div style=\" background-color: #F4F4F4; border-radius: 4px; flex-grow: 0; height: 14px; width: 144px;\"><\/div><\/div><\/a><p style=\" color:#c9c8cd; font-family:Arial,sans-serif; font-size:14px; line-height:17px; margin-bottom:0; margin-top:8px; overflow:hidden; padding:8px 0 7px; text-align:center; text-overflow:ellipsis; white-space:nowrap;\"><a href=\"https:\/\/www.instagram.com\/p\/DHw032qsFZt\/?utm_source=ig_embed&amp;utm_campaign=loading\" style=\" color:#c9c8cd; font-family:Arial,sans-serif; font-size:14px; font-style:normal; font-weight:normal; line-height:17px; text-decoration:none;\" target=\"_blank\">Una publicaci\u00f3n compartida por Mar\u00eda Elvira Salazar (@maelvirasalazar)<\/a><\/p><\/div><\/blockquote>\n<script async src=\"\/\/www.instagram.com\/embed.js\"><\/script>\n\n\n\n<p>\u201cHabl\u00e9 personalmente con ICE y el Departamento de Seguridad Nacional para solicitar su liberaci\u00f3n, recalcando que no ten\u00eda antecedentes penales, que su caso de asilo estaba pendiente y que no representaba ning\u00fan riesgo para la sociedad\u201d, dijo en un comunicado.<\/p>\n\n\n\n<p>Del mismo modo, Salazar inst\u00f3 a ICE a no detener a <a href=\"https:\/\/www.cuballama.com\/noticias\/crece-vigilancia-de-ice-sobre-inmigrantes-con-i-220a\/?srsltid=AfmBOopPwhgUs2qino5b5Z2EfCgOXsOvuPzjRJeNdA5V56mk3KIFrOWk\" target=\"_blank\" rel=\"noreferrer noopener\">cubanos con el documento I-220A<\/a>, que es una forma de libertad condicional, si no tienen antecedentes penales y est\u00e1n a la espera de una resoluci\u00f3n en su caso de asilo.<\/p>\n\n\n\n<div class=\"wp-block-group is-nowrap is-layout-flex wp-container-core-group-is-layout-ad2f72ca wp-block-group-is-layout-flex\">\n<p>\u201cDesde mi conversaci\u00f3n, no tengo conocimiento de ning\u00fan otro caso similar, pero si vuelve a ocurrir, luchar\u00e9 por ellos\u201d, asegur\u00f3 la congresista al subrayar que dej\u00f3 claro ante las autoridades migratorias \u201clas terribles condiciones en Cuba, donde una dictadura brutal tortura a los disidentes y pisotea los derechos humanos\u201d.<\/p>\n<\/div>\n\n\n\n<iframe loading=\"lazy\" src=\"https:\/\/www.facebook.com\/plugins\/video.php?height=476&#038;href=https%3A%2F%2Fwww.facebook.com%2Fmariaelvirasalazar%2Fvideos%2F1685573682046207%2F&#038;show_text=false&#038;width=476&#038;t=0\" width=\"476\" height=\"476\" style=\"border:none;overflow:hidden\" scrolling=\"no\" frameborder=\"0\" allowfullscreen=\"true\" allow=\"autoplay; clipboard-write; encrypted-media; picture-in-picture; web-share\" allowFullScreen=\"true\"><\/iframe>\n\n\n\n<p>Laura recibi\u00f3 un formulario I-220A tras entrar a Estados Unidos por la frontera en septiembre del 2022 y present\u00f3 un caso de asilo, cuya primera audiencia est\u00e1 programada para el pr\u00f3ximo 25 de diciembre.<\/p>\n\n\n\n<p>La detenci\u00f3n de la joven, quien tiene un r\u00e9cord criminal limpio, fue una sorpresa para ella misma y para su familia, que hasta el momento tem\u00eda que pudiera ser deportada a la isla.<\/p>\n\n\n\n<p><\/p>\n","protected":false},"excerpt":{"rendered":"<p>La joven hab\u00eda sido detenida el pasado 10 de marzo.<\/p>\n","protected":false},"author":30,"featured_media":202917,"comment_status":"open","ping_status":"closed","sticky":false,"template":"","format":"standard","meta":{"_acf_changed":false,"footnotes":""},"categories":[18,11024],"tags":[21239,941,4671],"class_list":{"0":"post-202916","1":"post","2":"type-post","3":"status-publish","4":"format-standard","5":"has-post-thumbnail","7":"category-noticias","8":"category-noticias-de-miami","9":"tag-cubanos-con-i-220a","10":"tag-destacado","11":"tag-joven-cubana"},"acf":[],"yoast_head":"<!-- This site is optimized with the Yoast SEO plugin v27.5 - https:\/\/yoast.com\/product\/yoast-seo-wordpress\/ -->\n<title>Liberan a cubana con I-220A detenida tras asistir a su cita con ICE - Cuballama Noticias<\/title>\n<meta name=\"description\" content=\"Autoridades de Estados Uniodos liberaron a una joven cubana con I-220A detenida tras asistir a su cita de inmigraci\u00f3n.\" \/>\n<meta name=\"robots\" content=\"index, follow, max-snippet:-1, max-image-preview:large, max-video-preview:-1\" \/>\n<link rel=\"canonical\" href=\"https:\/\/www.cuballama.com\/noticias\/liberan-a-cubana-con-i-220a-detenida-tras-asistir-a-su-cita-con-ice\/\" \/>\n<meta property=\"og:locale\" content=\"es_ES\" \/>\n<meta property=\"og:type\" content=\"article\" \/>\n<meta property=\"og:title\" content=\"Liberan a cubana con I-220A detenida tras asistir a su cita con ICE - Cuballama Noticias\" \/>\n<meta property=\"og:description\" content=\"Autoridades de Estados Uniodos liberaron a una joven cubana con I-220A detenida tras asistir a su cita de inmigraci\u00f3n.\" \/>\n<meta property=\"og:url\" content=\"https:\/\/www.cuballama.com\/noticias\/liberan-a-cubana-con-i-220a-detenida-tras-asistir-a-su-cita-con-ice\/\" \/>\n<meta property=\"og:site_name\" content=\"Cuballama Noticias\" \/>\n<meta property=\"article:publisher\" content=\"https:\/\/www.facebook.com\/CubaLlama\" \/>\n<meta property=\"article:published_time\" content=\"2025-03-29T12:24:18+00:00\" \/>\n<meta property=\"article:modified_time\" content=\"2025-03-29T14:33:06+00:00\" \/>\n<meta property=\"og:image\" content=\"https:\/\/cdn1.mediawpaccore.net\/wp-content\/uploads\/2025\/03\/29002138\/1741812312-detienen-joven-cubana-220a-al-acudir-cita-inmigracion-miramar.jpg\" \/>\n\t<meta property=\"og:image:width\" content=\"1200\" \/>\n\t<meta property=\"og:image:height\" content=\"630\" \/>\n\t<meta property=\"og:image:type\" content=\"image\/jpeg\" \/>\n<meta name=\"author\" content=\"Kathy\" \/>\n<meta name=\"twitter:card\" content=\"summary_large_image\" \/>\n<meta name=\"twitter:creator\" content=\"@cuballama\" \/>\n<meta name=\"twitter:site\" content=\"@cuballama\" \/>\n<meta name=\"twitter:label1\" content=\"Escrito por\" \/>\n\t<meta name=\"twitter:data1\" content=\"Kathy\" \/>\n\t<meta name=\"twitter:label2\" content=\"Tiempo de lectura\" \/>\n\t<meta name=\"twitter:data2\" content=\"2 minutos\" \/>\n<script type=\"application\/ld+json\" class=\"yoast-schema-graph\">{\"@context\":\"https:\\\/\\\/schema.org\",\"@graph\":[{\"@type\":\"Article\",\"@id\":\"https:\\\/\\\/www.cuballama.com\\\/noticias\\\/liberan-a-cubana-con-i-220a-detenida-tras-asistir-a-su-cita-con-ice\\\/#article\",\"isPartOf\":{\"@id\":\"https:\\\/\\\/www.cuballama.com\\\/noticias\\\/liberan-a-cubana-con-i-220a-detenida-tras-asistir-a-su-cita-con-ice\\\/\"},\"author\":{\"name\":\"Kathy\",\"@id\":\"https:\\\/\\\/www.cuballama.com\\\/noticias\\\/#\\\/schema\\\/person\\\/86cd3e3f4974437f031211213bf892d5\"},\"headline\":\"Liberan a cubana con I-220A detenida tras asistir a su cita con ICE\",\"datePublished\":\"2025-03-29T12:24:18+00:00\",\"dateModified\":\"2025-03-29T14:33:06+00:00\",\"mainEntityOfPage\":{\"@id\":\"https:\\\/\\\/www.cuballama.com\\\/noticias\\\/liberan-a-cubana-con-i-220a-detenida-tras-asistir-a-su-cita-con-ice\\\/\"},\"wordCount\":371,\"commentCount\":0,\"publisher\":{\"@id\":\"https:\\\/\\\/www.cuballama.com\\\/noticias\\\/#organization\"},\"image\":{\"@id\":\"https:\\\/\\\/www.cuballama.com\\\/noticias\\\/liberan-a-cubana-con-i-220a-detenida-tras-asistir-a-su-cita-con-ice\\\/#primaryimage\"},\"thumbnailUrl\":\"https:\\\/\\\/cdn1.mediawpaccore.net\\\/wp-content\\\/uploads\\\/2025\\\/03\\\/29002138\\\/1741812312-detienen-joven-cubana-220a-al-acudir-cita-inmigracion-miramar.jpg\",\"keywords\":[\"Cubanos con I-220A\",\"destacado\",\"joven cubana\"],\"articleSection\":[\"Noticias\",\"Noticias de Miami\"],\"inLanguage\":\"es\",\"potentialAction\":[{\"@type\":\"CommentAction\",\"name\":\"Comment\",\"target\":[\"https:\\\/\\\/www.cuballama.com\\\/noticias\\\/liberan-a-cubana-con-i-220a-detenida-tras-asistir-a-su-cita-con-ice\\\/#respond\"]}]},{\"@type\":\"WebPage\",\"@id\":\"https:\\\/\\\/www.cuballama.com\\\/noticias\\\/liberan-a-cubana-con-i-220a-detenida-tras-asistir-a-su-cita-con-ice\\\/\",\"url\":\"https:\\\/\\\/www.cuballama.com\\\/noticias\\\/liberan-a-cubana-con-i-220a-detenida-tras-asistir-a-su-cita-con-ice\\\/\",\"name\":\"Liberan a cubana con I-220A detenida tras asistir a su cita con ICE - Cuballama Noticias\",\"isPartOf\":{\"@id\":\"https:\\\/\\\/www.cuballama.com\\\/noticias\\\/#website\"},\"primaryImageOfPage\":{\"@id\":\"https:\\\/\\\/www.cuballama.com\\\/noticias\\\/liberan-a-cubana-con-i-220a-detenida-tras-asistir-a-su-cita-con-ice\\\/#primaryimage\"},\"image\":{\"@id\":\"https:\\\/\\\/www.cuballama.com\\\/noticias\\\/liberan-a-cubana-con-i-220a-detenida-tras-asistir-a-su-cita-con-ice\\\/#primaryimage\"},\"thumbnailUrl\":\"https:\\\/\\\/cdn1.mediawpaccore.net\\\/wp-content\\\/uploads\\\/2025\\\/03\\\/29002138\\\/1741812312-detienen-joven-cubana-220a-al-acudir-cita-inmigracion-miramar.jpg\",\"datePublished\":\"2025-03-29T12:24:18+00:00\",\"dateModified\":\"2025-03-29T14:33:06+00:00\",\"description\":\"Autoridades de Estados Uniodos liberaron a una joven cubana con I-220A detenida tras asistir a su cita de inmigraci\u00f3n.\",\"breadcrumb\":{\"@id\":\"https:\\\/\\\/www.cuballama.com\\\/noticias\\\/liberan-a-cubana-con-i-220a-detenida-tras-asistir-a-su-cita-con-ice\\\/#breadcrumb\"},\"inLanguage\":\"es\",\"potentialAction\":[{\"@type\":\"ReadAction\",\"target\":[\"https:\\\/\\\/www.cuballama.com\\\/noticias\\\/liberan-a-cubana-con-i-220a-detenida-tras-asistir-a-su-cita-con-ice\\\/\"]}]},{\"@type\":\"ImageObject\",\"inLanguage\":\"es\",\"@id\":\"https:\\\/\\\/www.cuballama.com\\\/noticias\\\/liberan-a-cubana-con-i-220a-detenida-tras-asistir-a-su-cita-con-ice\\\/#primaryimage\",\"url\":\"https:\\\/\\\/cdn1.mediawpaccore.net\\\/wp-content\\\/uploads\\\/2025\\\/03\\\/29002138\\\/1741812312-detienen-joven-cubana-220a-al-acudir-cita-inmigracion-miramar.jpg\",\"contentUrl\":\"https:\\\/\\\/cdn1.mediawpaccore.net\\\/wp-content\\\/uploads\\\/2025\\\/03\\\/29002138\\\/1741812312-detienen-joven-cubana-220a-al-acudir-cita-inmigracion-miramar.jpg\",\"width\":1200,\"height\":630,\"caption\":\"Laura de la Caridad Gonz\u00e1lez S\u00e1nchez, la joven cubana detenida \u00a9 Collage Captura de Univision Laura de la Caridad Gonz\u00e1lez S\u00e1nchez. Foto: Captura de video\\\/Univisi\u00f3n.\"},{\"@type\":\"BreadcrumbList\",\"@id\":\"https:\\\/\\\/www.cuballama.com\\\/noticias\\\/liberan-a-cubana-con-i-220a-detenida-tras-asistir-a-su-cita-con-ice\\\/#breadcrumb\",\"itemListElement\":[{\"@type\":\"ListItem\",\"position\":1,\"name\":\"Home\",\"item\":\"https:\\\/\\\/www.cuballama.com\\\/noticias\\\/\"},{\"@type\":\"ListItem\",\"position\":2,\"name\":\"Liberan a cubana con I-220A detenida tras asistir a su cita con ICE\"}]},{\"@type\":\"WebSite\",\"@id\":\"https:\\\/\\\/www.cuballama.com\\\/noticias\\\/#website\",\"url\":\"https:\\\/\\\/www.cuballama.com\\\/noticias\\\/\",\"name\":\"Cuballama Noticias\",\"description\":\"Medio digital sobre Cuba y el mundo\",\"publisher\":{\"@id\":\"https:\\\/\\\/www.cuballama.com\\\/noticias\\\/#organization\"},\"potentialAction\":[{\"@type\":\"SearchAction\",\"target\":{\"@type\":\"EntryPoint\",\"urlTemplate\":\"https:\\\/\\\/www.cuballama.com\\\/noticias\\\/?s={search_term_string}\"},\"query-input\":{\"@type\":\"PropertyValueSpecification\",\"valueRequired\":true,\"valueName\":\"search_term_string\"}}],\"inLanguage\":\"es\"},{\"@type\":\"Organization\",\"@id\":\"https:\\\/\\\/www.cuballama.com\\\/noticias\\\/#organization\",\"name\":\"Cuballama\",\"url\":\"https:\\\/\\\/www.cuballama.com\\\/noticias\\\/\",\"logo\":{\"@type\":\"ImageObject\",\"inLanguage\":\"es\",\"@id\":\"https:\\\/\\\/www.cuballama.com\\\/noticias\\\/#\\\/schema\\\/logo\\\/image\\\/\",\"url\":\"https:\\\/\\\/cdn1.mediawpaccore.net\\\/wp-content\\\/uploads\\\/2021\\\/12\\\/28171206\\\/cbll-logo-color-sm.png\",\"contentUrl\":\"https:\\\/\\\/cdn1.mediawpaccore.net\\\/wp-content\\\/uploads\\\/2021\\\/12\\\/28171206\\\/cbll-logo-color-sm.png\",\"width\":600,\"height\":133,\"caption\":\"Cuballama\"},\"image\":{\"@id\":\"https:\\\/\\\/www.cuballama.com\\\/noticias\\\/#\\\/schema\\\/logo\\\/image\\\/\"},\"sameAs\":[\"https:\\\/\\\/www.facebook.com\\\/CubaLlama\",\"https:\\\/\\\/x.com\\\/cuballama\",\"https:\\\/\\\/www.instagram.com\\\/stories\\\/cuballama_oficial\\\/\",\"https:\\\/\\\/www.youtube.com\\\/channel\\\/UCKkFE-d_axENGZcrc4as0IA\"]},{\"@type\":\"Person\",\"@id\":\"https:\\\/\\\/www.cuballama.com\\\/noticias\\\/#\\\/schema\\\/person\\\/86cd3e3f4974437f031211213bf892d5\",\"name\":\"Kathy\",\"url\":\"https:\\\/\\\/www.cuballama.com\\\/noticias\\\/author\\\/kathy\\\/\"}]}<\/script>\n<!-- \/ Yoast SEO plugin. -->","yoast_head_json":{"title":"Liberan a cubana con I-220A detenida tras asistir a su cita con ICE - Cuballama Noticias","description":"Autoridades de Estados Uniodos liberaron a una joven cubana con I-220A detenida tras asistir a su cita de inmigraci\u00f3n.","robots":{"index":"index","follow":"follow","max-snippet":"max-snippet:-1","max-image-preview":"max-image-preview:large","max-video-preview":"max-video-preview:-1"},"canonical":"https:\/\/www.cuballama.com\/noticias\/liberan-a-cubana-con-i-220a-detenida-tras-asistir-a-su-cita-con-ice\/","og_locale":"es_ES","og_type":"article","og_title":"Liberan a cubana con I-220A detenida tras asistir a su cita con ICE - Cuballama Noticias","og_description":"Autoridades de Estados Uniodos liberaron a una joven cubana con I-220A detenida tras asistir a su cita de inmigraci\u00f3n.","og_url":"https:\/\/www.cuballama.com\/noticias\/liberan-a-cubana-con-i-220a-detenida-tras-asistir-a-su-cita-con-ice\/","og_site_name":"Cuballama Noticias","article_publisher":"https:\/\/www.facebook.com\/CubaLlama","article_published_time":"2025-03-29T12:24:18+00:00","article_modified_time":"2025-03-29T14:33:06+00:00","og_image":[{"width":1200,"height":630,"url":"https:\/\/cdn1.mediawpaccore.net\/wp-content\/uploads\/2025\/03\/29002138\/1741812312-detienen-joven-cubana-220a-al-acudir-cita-inmigracion-miramar.jpg","type":"image\/jpeg"}],"author":"Kathy","twitter_card":"summary_large_image","twitter_creator":"@cuballama","twitter_site":"@cuballama","twitter_misc":{"Escrito por":"Kathy","Tiempo de lectura":"2 minutos"},"schema":{"@context":"https:\/\/schema.org","@graph":[{"@type":"Article","@id":"https:\/\/www.cuballama.com\/noticias\/liberan-a-cubana-con-i-220a-detenida-tras-asistir-a-su-cita-con-ice\/#article","isPartOf":{"@id":"https:\/\/www.cuballama.com\/noticias\/liberan-a-cubana-con-i-220a-detenida-tras-asistir-a-su-cita-con-ice\/"},"author":{"name":"Kathy","@id":"https:\/\/www.cuballama.com\/noticias\/#\/schema\/person\/86cd3e3f4974437f031211213bf892d5"},"headline":"Liberan a cubana con I-220A detenida tras asistir a su cita con ICE","datePublished":"2025-03-29T12:24:18+00:00","dateModified":"2025-03-29T14:33:06+00:00","mainEntityOfPage":{"@id":"https:\/\/www.cuballama.com\/noticias\/liberan-a-cubana-con-i-220a-detenida-tras-asistir-a-su-cita-con-ice\/"},"wordCount":371,"commentCount":0,"publisher":{"@id":"https:\/\/www.cuballama.com\/noticias\/#organization"},"image":{"@id":"https:\/\/www.cuballama.com\/noticias\/liberan-a-cubana-con-i-220a-detenida-tras-asistir-a-su-cita-con-ice\/#primaryimage"},"thumbnailUrl":"https:\/\/cdn1.mediawpaccore.net\/wp-content\/uploads\/2025\/03\/29002138\/1741812312-detienen-joven-cubana-220a-al-acudir-cita-inmigracion-miramar.jpg","keywords":["Cubanos con I-220A","destacado","joven cubana"],"articleSection":["Noticias","Noticias de Miami"],"inLanguage":"es","potentialAction":[{"@type":"CommentAction","name":"Comment","target":["https:\/\/www.cuballama.com\/noticias\/liberan-a-cubana-con-i-220a-detenida-tras-asistir-a-su-cita-con-ice\/#respond"]}]},{"@type":"WebPage","@id":"https:\/\/www.cuballama.com\/noticias\/liberan-a-cubana-con-i-220a-detenida-tras-asistir-a-su-cita-con-ice\/","url":"https:\/\/www.cuballama.com\/noticias\/liberan-a-cubana-con-i-220a-detenida-tras-asistir-a-su-cita-con-ice\/","name":"Liberan a cubana con I-220A detenida tras asistir a su cita con ICE - Cuballama Noticias","isPartOf":{"@id":"https:\/\/www.cuballama.com\/noticias\/#website"},"primaryImageOfPage":{"@id":"https:\/\/www.cuballama.com\/noticias\/liberan-a-cubana-con-i-220a-detenida-tras-asistir-a-su-cita-con-ice\/#primaryimage"},"image":{"@id":"https:\/\/www.cuballama.com\/noticias\/liberan-a-cubana-con-i-220a-detenida-tras-asistir-a-su-cita-con-ice\/#primaryimage"},"thumbnailUrl":"https:\/\/cdn1.mediawpaccore.net\/wp-content\/uploads\/2025\/03\/29002138\/1741812312-detienen-joven-cubana-220a-al-acudir-cita-inmigracion-miramar.jpg","datePublished":"2025-03-29T12:24:18+00:00","dateModified":"2025-03-29T14:33:06+00:00","description":"Autoridades de Estados Uniodos liberaron a una joven cubana con I-220A detenida tras asistir a su cita de inmigraci\u00f3n.","breadcrumb":{"@id":"https:\/\/www.cuballama.com\/noticias\/liberan-a-cubana-con-i-220a-detenida-tras-asistir-a-su-cita-con-ice\/#breadcrumb"},"inLanguage":"es","potentialAction":[{"@type":"ReadAction","target":["https:\/\/www.cuballama.com\/noticias\/liberan-a-cubana-con-i-220a-detenida-tras-asistir-a-su-cita-con-ice\/"]}]},{"@type":"ImageObject","inLanguage":"es","@id":"https:\/\/www.cuballama.com\/noticias\/liberan-a-cubana-con-i-220a-detenida-tras-asistir-a-su-cita-con-ice\/#primaryimage","url":"https:\/\/cdn1.mediawpaccore.net\/wp-content\/uploads\/2025\/03\/29002138\/1741812312-detienen-joven-cubana-220a-al-acudir-cita-inmigracion-miramar.jpg","contentUrl":"https:\/\/cdn1.mediawpaccore.net\/wp-content\/uploads\/2025\/03\/29002138\/1741812312-detienen-joven-cubana-220a-al-acudir-cita-inmigracion-miramar.jpg","width":1200,"height":630,"caption":"Laura de la Caridad Gonz\u00e1lez S\u00e1nchez, la joven cubana detenida \u00a9 Collage Captura de Univision Laura de la Caridad Gonz\u00e1lez S\u00e1nchez. Foto: Captura de video\/Univisi\u00f3n."},{"@type":"BreadcrumbList","@id":"https:\/\/www.cuballama.com\/noticias\/liberan-a-cubana-con-i-220a-detenida-tras-asistir-a-su-cita-con-ice\/#breadcrumb","itemListElement":[{"@type":"ListItem","position":1,"name":"Home","item":"https:\/\/www.cuballama.com\/noticias\/"},{"@type":"ListItem","position":2,"name":"Liberan a cubana con I-220A detenida tras asistir a su cita con ICE"}]},{"@type":"WebSite","@id":"https:\/\/www.cuballama.com\/noticias\/#website","url":"https:\/\/www.cuballama.com\/noticias\/","name":"Cuballama Noticias","description":"Medio digital sobre Cuba y el mundo","publisher":{"@id":"https:\/\/www.cuballama.com\/noticias\/#organization"},"potentialAction":[{"@type":"SearchAction","target":{"@type":"EntryPoint","urlTemplate":"https:\/\/www.cuballama.com\/noticias\/?s={search_term_string}"},"query-input":{"@type":"PropertyValueSpecification","valueRequired":true,"valueName":"search_term_string"}}],"inLanguage":"es"},{"@type":"Organization","@id":"https:\/\/www.cuballama.com\/noticias\/#organization","name":"Cuballama","url":"https:\/\/www.cuballama.com\/noticias\/","logo":{"@type":"ImageObject","inLanguage":"es","@id":"https:\/\/www.cuballama.com\/noticias\/#\/schema\/logo\/image\/","url":"https:\/\/cdn1.mediawpaccore.net\/wp-content\/uploads\/2021\/12\/28171206\/cbll-logo-color-sm.png","contentUrl":"https:\/\/cdn1.mediawpaccore.net\/wp-content\/uploads\/2021\/12\/28171206\/cbll-logo-color-sm.png","width":600,"height":133,"caption":"Cuballama"},"image":{"@id":"https:\/\/www.cuballama.com\/noticias\/#\/schema\/logo\/image\/"},"sameAs":["https:\/\/www.facebook.com\/CubaLlama","https:\/\/x.com\/cuballama","https:\/\/www.instagram.com\/stories\/cuballama_oficial\/","https:\/\/www.youtube.com\/channel\/UCKkFE-d_axENGZcrc4as0IA"]},{"@type":"Person","@id":"https:\/\/www.cuballama.com\/noticias\/#\/schema\/person\/86cd3e3f4974437f031211213bf892d5","name":"Kathy","url":"https:\/\/www.cuballama.com\/noticias\/author\/kathy\/"}]}},"_links":{"self":[{"href":"https:\/\/www.cuballama.com\/noticias\/wp-json\/wp\/v2\/posts\/202916","targetHints":{"allow":["GET"]}}],"collection":[{"href":"https:\/\/www.cuballama.com\/noticias\/wp-json\/wp\/v2\/posts"}],"about":[{"href":"https:\/\/www.cuballama.com\/noticias\/wp-json\/wp\/v2\/types\/post"}],"author":[{"embeddable":true,"href":"https:\/\/www.cuballama.com\/noticias\/wp-json\/wp\/v2\/users\/30"}],"replies":[{"embeddable":true,"href":"https:\/\/www.cuballama.com\/noticias\/wp-json\/wp\/v2\/comments?post=202916"}],"version-history":[{"count":7,"href":"https:\/\/www.cuballama.com\/noticias\/wp-json\/wp\/v2\/posts\/202916\/revisions"}],"predecessor-version":[{"id":202934,"href":"https:\/\/www.cuballama.com\/noticias\/wp-json\/wp\/v2\/posts\/202916\/revisions\/202934"}],"wp:featuredmedia":[{"embeddable":true,"href":"https:\/\/www.cuballama.com\/noticias\/wp-json\/wp\/v2\/media\/202917"}],"wp:attachment":[{"href":"https:\/\/www.cuballama.com\/noticias\/wp-json\/wp\/v2\/media?parent=202916"}],"wp:term":[{"taxonomy":"category","embeddable":true,"href":"https:\/\/www.cuballama.com\/noticias\/wp-json\/wp\/v2\/categories?post=202916"},{"taxonomy":"post_tag","embeddable":true,"href":"https:\/\/www.cuballama.com\/noticias\/wp-json\/wp\/v2\/tags?post=202916"}],"curies":[{"name":"wp","href":"https:\/\/api.w.org\/{rel}","templated":true}]}}