{"id":200792,"date":"2025-03-10T12:25:17","date_gmt":"2025-03-10T16:25:17","guid":{"rendered":"https:\/\/www.cuballama.com\/noticias\/?p=200792"},"modified":"2025-03-10T12:25:20","modified_gmt":"2025-03-10T16:25:20","slug":"trump-planea-prohibir-entrada-de-cubanos-a-ee-uu","status":"publish","type":"post","link":"https:\/\/www.cuballama.com\/noticias\/trump-planea-prohibir-entrada-de-cubanos-a-ee-uu\/","title":{"rendered":"Trump planea prohibir entrada de cubanos a EE.UU."},"content":{"rendered":"\n<p>La administraci\u00f3n de Donald Trump planea prohibir la entrada de cubanos a Estados Unidos mediante la restricci\u00f3n y hasta la suspensi\u00f3n de visados en los pr\u00f3ximos meses, seg\u00fan inform\u00f3 la pasada semana el diario <em>The New York Times<\/em>.<\/p>\n\n\n\n<p>La medida, cuyo borrador se encontrar\u00eda en fase final, pretende cancelar viajes para ciudadanos de pa\u00edses que sean considerados problem\u00e1ticos o recalcitrantes por no tener una fluida cooperaci\u00f3n de seguridad y registros informativos con Estados Unidos.<\/p>\n\n\n\n<p><a href=\"https:\/\/www.cafefuerte.com\/estados-unidos\/lista-roja-de-viajeros-trump-planea-prohibir-entrada-de-cubanos-a-estados-unidos\/?fbclid=IwZXh0bgNhZW0CMTEAAR2cB9UVZIBz5MJ4Q9rEKDw9A7MwDBn6_QY2I0q7Xy58ujEpVKwQZayeHhs_aem_zi5M0tBt_uMoLddEMkZ3mg\" target=\"_blank\" rel=\"noreferrer noopener\">Fuentes vinculadas a la Casa Blanca dijeron a <em>Caf\u00e9Fuerte<\/em><\/a><em> <\/em>que la directiva responde a la orden ejecutiva Protecci\u00f3n del pueblo estadounidense contra la invasi\u00f3n, firmada por Trump el mismo d\u00eda en que comenz\u00f3 su segundo mandato, el pasado 20 de enero, cuando dio 60 d\u00edas al Departamento de Estado para hacer un informe sobre posibles sanciones de viajes y de visados para pa\u00edses no cooperativos.<\/p>\n\n\n\n<p>Entre estos \u00faltimos estar\u00edan aquellos donde \u201cla b\u00fasqueda de informaci\u00f3n e investigaci\u00f3n sobre personas es tan deficiente que justifica una suspensi\u00f3n parcial o total de la admisi\u00f3n de sus nacionales en Estados Unidos\u201d.<\/p>\n\n\n\n<p>Adem\u00e1s, se castigar\u00eda con estas limitaciones a los conocidos como \u201cpa\u00edses recalcitrantes\u201d, es decir, \u201cque no cooperan en admitir a sus ciudadanos con orden final de deportaci\u00f3n\u201d.&nbsp;<\/p>\n\n\n\n<p>En tal sentido, <em>Caf\u00e9Fuerte <\/em>record\u00f3 que Cuba est\u00e1 entre los pa\u00edses con mayor cantidad de deportables en Estados Unidos, con 42.084, y solo admite de forma selectiva a sus nacionales mediante una evaluaci\u00f3n caso por caso.<\/p>\n\n\n\n<p>El mismo medio constat\u00f3 que la primera versi\u00f3n de esta pol\u00edtica, a cargo de la Oficina de Asuntos Consulares del DHS es la encargada de la elaboraci\u00f3n de la propuesta, cuya primera versi\u00f3n debe estar lista en dos semanas.<\/p>\n\n\n\n<p>Esta medida definir\u00eda una lista roja para ciudadanos de pa\u00edses con un m\u00e1ximo nivel de prohibici\u00f3n, entre los que estar\u00edan Cuba, Ir\u00e1n, Libia, Corea del Norte, Somalia, Sud\u00e1n, Siria, Venezuela y Yemen (los mismos contra los que existieron restricciones de este tipo en 2017, durante el primer mandato de Trump), y a los que ahora se sumar\u00eda Afganist\u00e1n.<\/p>\n\n\n\n<p>Seg\u00fan el borrador, los ciudadanos de los pa\u00edses incluidos en la lista roja quedar\u00edan impedidos de entrar a Estados Unidos sin una revisi\u00f3n administrativa exhaustiva de los motivos de su viaje.<\/p>\n\n\n\n<p>\u201cLas deliberaciones en el Departamento de Estado han sido intensas y el punto de mayor discusi\u00f3n no es Cuba, sino Afganist\u00e1n, por todo lo que significa para sus refugiados despu\u00e9s de la guerra\u201d, se\u00f1al\u00f3 a <em>Caf\u00e9Fuerte<\/em> una de las fuentes consultadas.<\/p>\n\n\n\n<p>Se establecer\u00eda un segundo nivel de pa\u00edses, en categor\u00eda naranja, cuyo acceso a visados no se restringir\u00e1 completamente, sino que se limitar\u00eda a ciertos tipos de visas de negocios. En este caso, se reducir\u00eda la duraci\u00f3n de las visas y los solicitantes deber\u00edan comparecer en persona a cumplir entrevistas consulares.<\/p>\n\n\n\n<p>\u201cPor el momento, Cuba va a estar en el listado rojo\u201d, asegur\u00f3 la fuente a <em>Caf\u00e9Fuerte<\/em>. \u201cEs poco probable que sea bajada al segundo grupo de menores restricciones\u201d.<\/p>\n\n\n\n<p>Habr\u00eda asimismo una categor\u00eda amarilla para pa\u00edses que tendr\u00edan 60 d\u00edas para corregir deficiencias en cuanto a los requerimientos de informaci\u00f3n y control, o ser sumados a una de las otras dos listas.<\/p>\n\n\n\n<p>Otro de los informantes asegur\u00f3 que estas restricciones pudieran entrar en efecto en mayo tras un per\u00edodo de consultas internas.<\/p>\n\n\n\n<p>Hasta el momento se desconoce si ser\u00edan afectadas las personas con visas vigentes o con visados de reunificaci\u00f3n familiar, cuyas citas se retomaron en la Embajada en La Habana desde el pasado a\u00f1o.<\/p>\n\n\n\n<p>Hasta ahora la Embajada de Estados Unidos en La Habana sigue procesando siete tipos de visas de no inmigrante (categor\u00edas H, J, L, O, P, Q y R), un servicio consular que fue restablecido desde el pasado 19 de agosto y que hab\u00eda sido suspendido por Trump en su anterior mandato.&nbsp;<\/p>\n\n\n\n<p>Mientras, las peticiones de visas B-1 y B-2, que permiten viajes de negocio y turismo y fueron retomadas para cubanos a mediados de 2023, siguen sin procesarse en La Habana, por lo que los interesados deben hacer la petici\u00f3n en un tercer pa\u00eds.<\/p>\n\n\n\n<p><\/p>\n","protected":false},"excerpt":{"rendered":"<p>Cuba estar\u00eda incluida en una lista de pa\u00edses cuyos ciudadanos quedar\u00edan impedidos de entrar a Estados Unidos.<\/p>\n","protected":false},"author":30,"featured_media":184372,"comment_status":"open","ping_status":"closed","sticky":false,"template":"","format":"standard","meta":{"_acf_changed":false,"footnotes":""},"categories":[18,955],"tags":[5404,11017,21934,18072],"class_list":{"0":"post-200792","1":"post","2":"type-post","3":"status-publish","4":"format-standard","5":"has-post-thumbnail","7":"category-noticias","8":"category-noticias-de-cuba","9":"tag-administracion-trump","10":"tag-superdestacado","11":"tag-visas-para-cubanos","12":"tag-visas-para-estados-unidos"},"acf":[],"yoast_head":"<!-- This site is optimized with the Yoast SEO plugin v27.5 - https:\/\/yoast.com\/product\/yoast-seo-wordpress\/ -->\n<title>Trump planea prohibir entrada de cubanos a EE.UU. - Cuballama Noticias<\/title>\n<meta name=\"description\" content=\"La administraci\u00f3n de Donald Trump planea prohibir la entrada de cubanos a EE.UU. mediante la restricci\u00f3n y hasta la suspensi\u00f3n de visas.\" \/>\n<meta name=\"robots\" content=\"index, follow, max-snippet:-1, max-image-preview:large, max-video-preview:-1\" \/>\n<link rel=\"canonical\" href=\"https:\/\/www.cuballama.com\/noticias\/trump-planea-prohibir-entrada-de-cubanos-a-ee-uu\/\" \/>\n<meta property=\"og:locale\" content=\"es_ES\" \/>\n<meta property=\"og:type\" content=\"article\" \/>\n<meta property=\"og:title\" content=\"Trump planea prohibir entrada de cubanos a EE.UU. - Cuballama Noticias\" \/>\n<meta property=\"og:description\" content=\"La administraci\u00f3n de Donald Trump planea prohibir la entrada de cubanos a EE.UU. mediante la restricci\u00f3n y hasta la suspensi\u00f3n de visas.\" \/>\n<meta property=\"og:url\" content=\"https:\/\/www.cuballama.com\/noticias\/trump-planea-prohibir-entrada-de-cubanos-a-ee-uu\/\" \/>\n<meta property=\"og:site_name\" content=\"Cuballama Noticias\" \/>\n<meta property=\"article:publisher\" content=\"https:\/\/www.facebook.com\/CubaLlama\" \/>\n<meta property=\"article:published_time\" content=\"2025-03-10T16:25:17+00:00\" \/>\n<meta property=\"article:modified_time\" content=\"2025-03-10T16:25:20+00:00\" \/>\n<meta property=\"og:image\" content=\"https:\/\/cdn1.mediawpaccore.net\/wp-content\/uploads\/2024\/09\/28000837\/MG_9282CN-1920x12801-1.jpg\" \/>\n\t<meta property=\"og:image:width\" content=\"1200\" \/>\n\t<meta property=\"og:image:height\" content=\"630\" \/>\n\t<meta property=\"og:image:type\" content=\"image\/jpeg\" \/>\n<meta name=\"author\" content=\"Kathy\" \/>\n<meta name=\"twitter:card\" content=\"summary_large_image\" \/>\n<meta name=\"twitter:creator\" content=\"@cuballama\" \/>\n<meta name=\"twitter:site\" content=\"@cuballama\" \/>\n<meta name=\"twitter:label1\" content=\"Escrito por\" \/>\n\t<meta name=\"twitter:data1\" content=\"Kathy\" \/>\n\t<meta name=\"twitter:label2\" content=\"Tiempo de lectura\" \/>\n\t<meta name=\"twitter:data2\" content=\"4 minutos\" \/>\n<script type=\"application\/ld+json\" class=\"yoast-schema-graph\">{\"@context\":\"https:\\\/\\\/schema.org\",\"@graph\":[{\"@type\":\"Article\",\"@id\":\"https:\\\/\\\/www.cuballama.com\\\/noticias\\\/trump-planea-prohibir-entrada-de-cubanos-a-ee-uu\\\/#article\",\"isPartOf\":{\"@id\":\"https:\\\/\\\/www.cuballama.com\\\/noticias\\\/trump-planea-prohibir-entrada-de-cubanos-a-ee-uu\\\/\"},\"author\":{\"name\":\"Kathy\",\"@id\":\"https:\\\/\\\/www.cuballama.com\\\/noticias\\\/#\\\/schema\\\/person\\\/86cd3e3f4974437f031211213bf892d5\"},\"headline\":\"Trump planea prohibir entrada de cubanos a EE.UU.\",\"datePublished\":\"2025-03-10T16:25:17+00:00\",\"dateModified\":\"2025-03-10T16:25:20+00:00\",\"mainEntityOfPage\":{\"@id\":\"https:\\\/\\\/www.cuballama.com\\\/noticias\\\/trump-planea-prohibir-entrada-de-cubanos-a-ee-uu\\\/\"},\"wordCount\":738,\"commentCount\":0,\"publisher\":{\"@id\":\"https:\\\/\\\/www.cuballama.com\\\/noticias\\\/#organization\"},\"image\":{\"@id\":\"https:\\\/\\\/www.cuballama.com\\\/noticias\\\/trump-planea-prohibir-entrada-de-cubanos-a-ee-uu\\\/#primaryimage\"},\"thumbnailUrl\":\"https:\\\/\\\/cdn1.mediawpaccore.net\\\/wp-content\\\/uploads\\\/2024\\\/09\\\/28000837\\\/MG_9282CN-1920x12801-1.jpg\",\"keywords\":[\"administraci\u00f3n Trump\",\"superdestacado\",\"visas para cubanos\",\"visas para Estados Unidos\"],\"articleSection\":[\"Noticias\",\"Noticias de Cuba\"],\"inLanguage\":\"es\",\"potentialAction\":[{\"@type\":\"CommentAction\",\"name\":\"Comment\",\"target\":[\"https:\\\/\\\/www.cuballama.com\\\/noticias\\\/trump-planea-prohibir-entrada-de-cubanos-a-ee-uu\\\/#respond\"]}]},{\"@type\":\"WebPage\",\"@id\":\"https:\\\/\\\/www.cuballama.com\\\/noticias\\\/trump-planea-prohibir-entrada-de-cubanos-a-ee-uu\\\/\",\"url\":\"https:\\\/\\\/www.cuballama.com\\\/noticias\\\/trump-planea-prohibir-entrada-de-cubanos-a-ee-uu\\\/\",\"name\":\"Trump planea prohibir entrada de cubanos a EE.UU. - Cuballama Noticias\",\"isPartOf\":{\"@id\":\"https:\\\/\\\/www.cuballama.com\\\/noticias\\\/#website\"},\"primaryImageOfPage\":{\"@id\":\"https:\\\/\\\/www.cuballama.com\\\/noticias\\\/trump-planea-prohibir-entrada-de-cubanos-a-ee-uu\\\/#primaryimage\"},\"image\":{\"@id\":\"https:\\\/\\\/www.cuballama.com\\\/noticias\\\/trump-planea-prohibir-entrada-de-cubanos-a-ee-uu\\\/#primaryimage\"},\"thumbnailUrl\":\"https:\\\/\\\/cdn1.mediawpaccore.net\\\/wp-content\\\/uploads\\\/2024\\\/09\\\/28000837\\\/MG_9282CN-1920x12801-1.jpg\",\"datePublished\":\"2025-03-10T16:25:17+00:00\",\"dateModified\":\"2025-03-10T16:25:20+00:00\",\"description\":\"La administraci\u00f3n de Donald Trump planea prohibir la entrada de cubanos a EE.UU. mediante la restricci\u00f3n y hasta la suspensi\u00f3n de visas.\",\"breadcrumb\":{\"@id\":\"https:\\\/\\\/www.cuballama.com\\\/noticias\\\/trump-planea-prohibir-entrada-de-cubanos-a-ee-uu\\\/#breadcrumb\"},\"inLanguage\":\"es\",\"potentialAction\":[{\"@type\":\"ReadAction\",\"target\":[\"https:\\\/\\\/www.cuballama.com\\\/noticias\\\/trump-planea-prohibir-entrada-de-cubanos-a-ee-uu\\\/\"]}]},{\"@type\":\"ImageObject\",\"inLanguage\":\"es\",\"@id\":\"https:\\\/\\\/www.cuballama.com\\\/noticias\\\/trump-planea-prohibir-entrada-de-cubanos-a-ee-uu\\\/#primaryimage\",\"url\":\"https:\\\/\\\/cdn1.mediawpaccore.net\\\/wp-content\\\/uploads\\\/2024\\\/09\\\/28000837\\\/MG_9282CN-1920x12801-1.jpg\",\"contentUrl\":\"https:\\\/\\\/cdn1.mediawpaccore.net\\\/wp-content\\\/uploads\\\/2024\\\/09\\\/28000837\\\/MG_9282CN-1920x12801-1.jpg\",\"width\":1200,\"height\":630,\"caption\":\"Embajada de EE.UU. en La Habana. Foto: CN360.\"},{\"@type\":\"BreadcrumbList\",\"@id\":\"https:\\\/\\\/www.cuballama.com\\\/noticias\\\/trump-planea-prohibir-entrada-de-cubanos-a-ee-uu\\\/#breadcrumb\",\"itemListElement\":[{\"@type\":\"ListItem\",\"position\":1,\"name\":\"Home\",\"item\":\"https:\\\/\\\/www.cuballama.com\\\/noticias\\\/\"},{\"@type\":\"ListItem\",\"position\":2,\"name\":\"Trump planea prohibir entrada de cubanos a EE.UU.\"}]},{\"@type\":\"WebSite\",\"@id\":\"https:\\\/\\\/www.cuballama.com\\\/noticias\\\/#website\",\"url\":\"https:\\\/\\\/www.cuballama.com\\\/noticias\\\/\",\"name\":\"Cuballama Noticias\",\"description\":\"Medio digital sobre Cuba y el mundo\",\"publisher\":{\"@id\":\"https:\\\/\\\/www.cuballama.com\\\/noticias\\\/#organization\"},\"potentialAction\":[{\"@type\":\"SearchAction\",\"target\":{\"@type\":\"EntryPoint\",\"urlTemplate\":\"https:\\\/\\\/www.cuballama.com\\\/noticias\\\/?s={search_term_string}\"},\"query-input\":{\"@type\":\"PropertyValueSpecification\",\"valueRequired\":true,\"valueName\":\"search_term_string\"}}],\"inLanguage\":\"es\"},{\"@type\":\"Organization\",\"@id\":\"https:\\\/\\\/www.cuballama.com\\\/noticias\\\/#organization\",\"name\":\"Cuballama\",\"url\":\"https:\\\/\\\/www.cuballama.com\\\/noticias\\\/\",\"logo\":{\"@type\":\"ImageObject\",\"inLanguage\":\"es\",\"@id\":\"https:\\\/\\\/www.cuballama.com\\\/noticias\\\/#\\\/schema\\\/logo\\\/image\\\/\",\"url\":\"https:\\\/\\\/cdn1.mediawpaccore.net\\\/wp-content\\\/uploads\\\/2021\\\/12\\\/28171206\\\/cbll-logo-color-sm.png\",\"contentUrl\":\"https:\\\/\\\/cdn1.mediawpaccore.net\\\/wp-content\\\/uploads\\\/2021\\\/12\\\/28171206\\\/cbll-logo-color-sm.png\",\"width\":600,\"height\":133,\"caption\":\"Cuballama\"},\"image\":{\"@id\":\"https:\\\/\\\/www.cuballama.com\\\/noticias\\\/#\\\/schema\\\/logo\\\/image\\\/\"},\"sameAs\":[\"https:\\\/\\\/www.facebook.com\\\/CubaLlama\",\"https:\\\/\\\/x.com\\\/cuballama\",\"https:\\\/\\\/www.instagram.com\\\/stories\\\/cuballama_oficial\\\/\",\"https:\\\/\\\/www.youtube.com\\\/channel\\\/UCKkFE-d_axENGZcrc4as0IA\"]},{\"@type\":\"Person\",\"@id\":\"https:\\\/\\\/www.cuballama.com\\\/noticias\\\/#\\\/schema\\\/person\\\/86cd3e3f4974437f031211213bf892d5\",\"name\":\"Kathy\",\"url\":\"https:\\\/\\\/www.cuballama.com\\\/noticias\\\/author\\\/kathy\\\/\"}]}<\/script>\n<!-- \/ Yoast SEO plugin. -->","yoast_head_json":{"title":"Trump planea prohibir entrada de cubanos a EE.UU. - Cuballama Noticias","description":"La administraci\u00f3n de Donald Trump planea prohibir la entrada de cubanos a EE.UU. mediante la restricci\u00f3n y hasta la suspensi\u00f3n de visas.","robots":{"index":"index","follow":"follow","max-snippet":"max-snippet:-1","max-image-preview":"max-image-preview:large","max-video-preview":"max-video-preview:-1"},"canonical":"https:\/\/www.cuballama.com\/noticias\/trump-planea-prohibir-entrada-de-cubanos-a-ee-uu\/","og_locale":"es_ES","og_type":"article","og_title":"Trump planea prohibir entrada de cubanos a EE.UU. - Cuballama Noticias","og_description":"La administraci\u00f3n de Donald Trump planea prohibir la entrada de cubanos a EE.UU. mediante la restricci\u00f3n y hasta la suspensi\u00f3n de visas.","og_url":"https:\/\/www.cuballama.com\/noticias\/trump-planea-prohibir-entrada-de-cubanos-a-ee-uu\/","og_site_name":"Cuballama Noticias","article_publisher":"https:\/\/www.facebook.com\/CubaLlama","article_published_time":"2025-03-10T16:25:17+00:00","article_modified_time":"2025-03-10T16:25:20+00:00","og_image":[{"width":1200,"height":630,"url":"https:\/\/cdn1.mediawpaccore.net\/wp-content\/uploads\/2024\/09\/28000837\/MG_9282CN-1920x12801-1.jpg","type":"image\/jpeg"}],"author":"Kathy","twitter_card":"summary_large_image","twitter_creator":"@cuballama","twitter_site":"@cuballama","twitter_misc":{"Escrito por":"Kathy","Tiempo de lectura":"4 minutos"},"schema":{"@context":"https:\/\/schema.org","@graph":[{"@type":"Article","@id":"https:\/\/www.cuballama.com\/noticias\/trump-planea-prohibir-entrada-de-cubanos-a-ee-uu\/#article","isPartOf":{"@id":"https:\/\/www.cuballama.com\/noticias\/trump-planea-prohibir-entrada-de-cubanos-a-ee-uu\/"},"author":{"name":"Kathy","@id":"https:\/\/www.cuballama.com\/noticias\/#\/schema\/person\/86cd3e3f4974437f031211213bf892d5"},"headline":"Trump planea prohibir entrada de cubanos a EE.UU.","datePublished":"2025-03-10T16:25:17+00:00","dateModified":"2025-03-10T16:25:20+00:00","mainEntityOfPage":{"@id":"https:\/\/www.cuballama.com\/noticias\/trump-planea-prohibir-entrada-de-cubanos-a-ee-uu\/"},"wordCount":738,"commentCount":0,"publisher":{"@id":"https:\/\/www.cuballama.com\/noticias\/#organization"},"image":{"@id":"https:\/\/www.cuballama.com\/noticias\/trump-planea-prohibir-entrada-de-cubanos-a-ee-uu\/#primaryimage"},"thumbnailUrl":"https:\/\/cdn1.mediawpaccore.net\/wp-content\/uploads\/2024\/09\/28000837\/MG_9282CN-1920x12801-1.jpg","keywords":["administraci\u00f3n Trump","superdestacado","visas para cubanos","visas para Estados Unidos"],"articleSection":["Noticias","Noticias de Cuba"],"inLanguage":"es","potentialAction":[{"@type":"CommentAction","name":"Comment","target":["https:\/\/www.cuballama.com\/noticias\/trump-planea-prohibir-entrada-de-cubanos-a-ee-uu\/#respond"]}]},{"@type":"WebPage","@id":"https:\/\/www.cuballama.com\/noticias\/trump-planea-prohibir-entrada-de-cubanos-a-ee-uu\/","url":"https:\/\/www.cuballama.com\/noticias\/trump-planea-prohibir-entrada-de-cubanos-a-ee-uu\/","name":"Trump planea prohibir entrada de cubanos a EE.UU. - Cuballama Noticias","isPartOf":{"@id":"https:\/\/www.cuballama.com\/noticias\/#website"},"primaryImageOfPage":{"@id":"https:\/\/www.cuballama.com\/noticias\/trump-planea-prohibir-entrada-de-cubanos-a-ee-uu\/#primaryimage"},"image":{"@id":"https:\/\/www.cuballama.com\/noticias\/trump-planea-prohibir-entrada-de-cubanos-a-ee-uu\/#primaryimage"},"thumbnailUrl":"https:\/\/cdn1.mediawpaccore.net\/wp-content\/uploads\/2024\/09\/28000837\/MG_9282CN-1920x12801-1.jpg","datePublished":"2025-03-10T16:25:17+00:00","dateModified":"2025-03-10T16:25:20+00:00","description":"La administraci\u00f3n de Donald Trump planea prohibir la entrada de cubanos a EE.UU. mediante la restricci\u00f3n y hasta la suspensi\u00f3n de visas.","breadcrumb":{"@id":"https:\/\/www.cuballama.com\/noticias\/trump-planea-prohibir-entrada-de-cubanos-a-ee-uu\/#breadcrumb"},"inLanguage":"es","potentialAction":[{"@type":"ReadAction","target":["https:\/\/www.cuballama.com\/noticias\/trump-planea-prohibir-entrada-de-cubanos-a-ee-uu\/"]}]},{"@type":"ImageObject","inLanguage":"es","@id":"https:\/\/www.cuballama.com\/noticias\/trump-planea-prohibir-entrada-de-cubanos-a-ee-uu\/#primaryimage","url":"https:\/\/cdn1.mediawpaccore.net\/wp-content\/uploads\/2024\/09\/28000837\/MG_9282CN-1920x12801-1.jpg","contentUrl":"https:\/\/cdn1.mediawpaccore.net\/wp-content\/uploads\/2024\/09\/28000837\/MG_9282CN-1920x12801-1.jpg","width":1200,"height":630,"caption":"Embajada de EE.UU. en La Habana. Foto: CN360."},{"@type":"BreadcrumbList","@id":"https:\/\/www.cuballama.com\/noticias\/trump-planea-prohibir-entrada-de-cubanos-a-ee-uu\/#breadcrumb","itemListElement":[{"@type":"ListItem","position":1,"name":"Home","item":"https:\/\/www.cuballama.com\/noticias\/"},{"@type":"ListItem","position":2,"name":"Trump planea prohibir entrada de cubanos a EE.UU."}]},{"@type":"WebSite","@id":"https:\/\/www.cuballama.com\/noticias\/#website","url":"https:\/\/www.cuballama.com\/noticias\/","name":"Cuballama Noticias","description":"Medio digital sobre Cuba y el mundo","publisher":{"@id":"https:\/\/www.cuballama.com\/noticias\/#organization"},"potentialAction":[{"@type":"SearchAction","target":{"@type":"EntryPoint","urlTemplate":"https:\/\/www.cuballama.com\/noticias\/?s={search_term_string}"},"query-input":{"@type":"PropertyValueSpecification","valueRequired":true,"valueName":"search_term_string"}}],"inLanguage":"es"},{"@type":"Organization","@id":"https:\/\/www.cuballama.com\/noticias\/#organization","name":"Cuballama","url":"https:\/\/www.cuballama.com\/noticias\/","logo":{"@type":"ImageObject","inLanguage":"es","@id":"https:\/\/www.cuballama.com\/noticias\/#\/schema\/logo\/image\/","url":"https:\/\/cdn1.mediawpaccore.net\/wp-content\/uploads\/2021\/12\/28171206\/cbll-logo-color-sm.png","contentUrl":"https:\/\/cdn1.mediawpaccore.net\/wp-content\/uploads\/2021\/12\/28171206\/cbll-logo-color-sm.png","width":600,"height":133,"caption":"Cuballama"},"image":{"@id":"https:\/\/www.cuballama.com\/noticias\/#\/schema\/logo\/image\/"},"sameAs":["https:\/\/www.facebook.com\/CubaLlama","https:\/\/x.com\/cuballama","https:\/\/www.instagram.com\/stories\/cuballama_oficial\/","https:\/\/www.youtube.com\/channel\/UCKkFE-d_axENGZcrc4as0IA"]},{"@type":"Person","@id":"https:\/\/www.cuballama.com\/noticias\/#\/schema\/person\/86cd3e3f4974437f031211213bf892d5","name":"Kathy","url":"https:\/\/www.cuballama.com\/noticias\/author\/kathy\/"}]}},"_links":{"self":[{"href":"https:\/\/www.cuballama.com\/noticias\/wp-json\/wp\/v2\/posts\/200792","targetHints":{"allow":["GET"]}}],"collection":[{"href":"https:\/\/www.cuballama.com\/noticias\/wp-json\/wp\/v2\/posts"}],"about":[{"href":"https:\/\/www.cuballama.com\/noticias\/wp-json\/wp\/v2\/types\/post"}],"author":[{"embeddable":true,"href":"https:\/\/www.cuballama.com\/noticias\/wp-json\/wp\/v2\/users\/30"}],"replies":[{"embeddable":true,"href":"https:\/\/www.cuballama.com\/noticias\/wp-json\/wp\/v2\/comments?post=200792"}],"version-history":[{"count":3,"href":"https:\/\/www.cuballama.com\/noticias\/wp-json\/wp\/v2\/posts\/200792\/revisions"}],"predecessor-version":[{"id":200799,"href":"https:\/\/www.cuballama.com\/noticias\/wp-json\/wp\/v2\/posts\/200792\/revisions\/200799"}],"wp:featuredmedia":[{"embeddable":true,"href":"https:\/\/www.cuballama.com\/noticias\/wp-json\/wp\/v2\/media\/184372"}],"wp:attachment":[{"href":"https:\/\/www.cuballama.com\/noticias\/wp-json\/wp\/v2\/media?parent=200792"}],"wp:term":[{"taxonomy":"category","embeddable":true,"href":"https:\/\/www.cuballama.com\/noticias\/wp-json\/wp\/v2\/categories?post=200792"},{"taxonomy":"post_tag","embeddable":true,"href":"https:\/\/www.cuballama.com\/noticias\/wp-json\/wp\/v2\/tags?post=200792"}],"curies":[{"name":"wp","href":"https:\/\/api.w.org\/{rel}","templated":true}]}}