{"id":199921,"date":"2025-03-01T10:39:56","date_gmt":"2025-03-01T15:39:56","guid":{"rendered":"https:\/\/www.cuballama.com\/noticias\/?p=199921"},"modified":"2025-03-01T10:48:33","modified_gmt":"2025-03-01T15:48:33","slug":"adolescente-enfermo-mental-tira-a-su-sobrina-bebe-de-cuarto-piso-en-sancti-spiritus","status":"publish","type":"post","link":"https:\/\/www.cuballama.com\/noticias\/adolescente-enfermo-mental-tira-a-su-sobrina-bebe-de-cuarto-piso-en-sancti-spiritus\/","title":{"rendered":"Adolescente enfermo mental tira a su sobrina beb\u00e9 de cuarto piso en Sancti Sp\u00edritus"},"content":{"rendered":"\n<p>Un adolescente cubano enfermo mental habr\u00eda lanzado este viernes a su sobrina, de apenas 11 meses de edad, desde el cuarto piso de un edificio en el municipio de Jatibonico, Sancti Sp\u00edritus, seg\u00fan reportes en redes sociales.<\/p>\n\n\n\n<p>Varias publicaciones en grupos locales de Facebook aseguraron que \u201cmilagrosamente\u201d la peque\u00f1a, que al parecer se llama Nathaly, sobrevivi\u00f3 a la ca\u00edda y fue trasladada al Hospital Pedi\u00e1trico Provincial Jos\u00e9 Mart\u00ed P\u00e9rez.<\/p>\n\n\n\n<figure class=\"wp-block-image size-large is-resized\"><img loading=\"lazy\" decoding=\"async\" width=\"805\" height=\"1024\" src=\"https:\/\/cdn1.mediawpaccore.net\/wp-content\/uploads\/2025\/03\/01102931\/Imagen-de-WhatsApp-2025-03-01-a-las-09.33.11_be26c268-805x1024.jpg\" alt=\"\" class=\"wp-image-199925\" style=\"width:478px;height:auto\" srcset=\"https:\/\/cdn1.mediawpaccore.net\/wp-content\/uploads\/2025\/03\/01102931\/Imagen-de-WhatsApp-2025-03-01-a-las-09.33.11_be26c268-805x1024.jpg 805w, https:\/\/cdn1.mediawpaccore.net\/wp-content\/uploads\/2025\/03\/01102931\/Imagen-de-WhatsApp-2025-03-01-a-las-09.33.11_be26c268-236x300.jpg 236w, https:\/\/cdn1.mediawpaccore.net\/wp-content\/uploads\/2025\/03\/01102931\/Imagen-de-WhatsApp-2025-03-01-a-las-09.33.11_be26c268-768x976.jpg 768w, https:\/\/cdn1.mediawpaccore.net\/wp-content\/uploads\/2025\/03\/01102931\/Imagen-de-WhatsApp-2025-03-01-a-las-09.33.11_be26c268-150x191.jpg 150w, https:\/\/cdn1.mediawpaccore.net\/wp-content\/uploads\/2025\/03\/01102931\/Imagen-de-WhatsApp-2025-03-01-a-las-09.33.11_be26c268-300x381.jpg 300w, https:\/\/cdn1.mediawpaccore.net\/wp-content\/uploads\/2025\/03\/01102931\/Imagen-de-WhatsApp-2025-03-01-a-las-09.33.11_be26c268-696x885.jpg 696w, https:\/\/cdn1.mediawpaccore.net\/wp-content\/uploads\/2025\/03\/01102931\/Imagen-de-WhatsApp-2025-03-01-a-las-09.33.11_be26c268-1068x1358.jpg 1068w, https:\/\/cdn1.mediawpaccore.net\/wp-content\/uploads\/2025\/03\/01102931\/Imagen-de-WhatsApp-2025-03-01-a-las-09.33.11_be26c268.jpg 1135w\" sizes=\"auto, (max-width: 805px) 100vw, 805px\" \/><\/figure>\n\n\n\n<p>El usuario Yosdany Morej\u00f3n Ortega dijo que el director de la instituci\u00f3n asegur\u00f3 que la beb\u00e9 se encuentra \u201cbien de salud\u201d y \u201csin riesgo para la vida\u201d.<\/p>\n\n\n\n<p>Otras versiones apuntaron que \u201cla peque\u00f1a est\u00e1 en condici\u00f3n estable\u201d, aunque \u201cbajo cuidados intensivos\u201d y con \u201cun monitoreo constante\u201d.<\/p>\n\n\n\n<figure class=\"wp-block-image size-large is-resized\"><img loading=\"lazy\" decoding=\"async\" width=\"972\" height=\"1024\" src=\"https:\/\/cdn1.mediawpaccore.net\/wp-content\/uploads\/2025\/03\/01102952\/Imagen-de-WhatsApp-2025-03-01-a-las-09.33.11_9ec1e140-972x1024.jpg\" alt=\"\" class=\"wp-image-199926\" style=\"width:476px;height:auto\" srcset=\"https:\/\/cdn1.mediawpaccore.net\/wp-content\/uploads\/2025\/03\/01102952\/Imagen-de-WhatsApp-2025-03-01-a-las-09.33.11_9ec1e140-972x1024.jpg 972w, https:\/\/cdn1.mediawpaccore.net\/wp-content\/uploads\/2025\/03\/01102952\/Imagen-de-WhatsApp-2025-03-01-a-las-09.33.11_9ec1e140-285x300.jpg 285w, https:\/\/cdn1.mediawpaccore.net\/wp-content\/uploads\/2025\/03\/01102952\/Imagen-de-WhatsApp-2025-03-01-a-las-09.33.11_9ec1e140-768x809.jpg 768w, https:\/\/cdn1.mediawpaccore.net\/wp-content\/uploads\/2025\/03\/01102952\/Imagen-de-WhatsApp-2025-03-01-a-las-09.33.11_9ec1e140-150x158.jpg 150w, https:\/\/cdn1.mediawpaccore.net\/wp-content\/uploads\/2025\/03\/01102952\/Imagen-de-WhatsApp-2025-03-01-a-las-09.33.11_9ec1e140-300x316.jpg 300w, https:\/\/cdn1.mediawpaccore.net\/wp-content\/uploads\/2025\/03\/01102952\/Imagen-de-WhatsApp-2025-03-01-a-las-09.33.11_9ec1e140-696x733.jpg 696w, https:\/\/cdn1.mediawpaccore.net\/wp-content\/uploads\/2025\/03\/01102952\/Imagen-de-WhatsApp-2025-03-01-a-las-09.33.11_9ec1e140.jpg 1057w\" sizes=\"auto, (max-width: 972px) 100vw, 972px\" \/><\/figure>\n\n\n\n<p>Tambi\u00e9n trascendi\u00f3 que el t\u00edo de la ni\u00f1a, de 15 a\u00f1os, que, seg\u00fan algunos tiene \u201cuna discapacidad mental moderada\u201d, y para otros padece de \u201cesquisofrenia\u201d, tambi\u00e9n permanece hospitalizado y con \u201catenci\u00f3n m\u00e9dica priorizada\u201d.<\/p>\n\n\n\n<p>La internauta Rosario Crespo confirm\u00f3 que el hecho es \u201cmuy cierto\u201d. \u201cEstoy en el hospitalito con mi sobrinita operada y estaban los familiares de la ni\u00f1a. Por la noche la polic\u00eda trajo al t\u00edo y lo tienen ingresado\u201d, coment\u00f3.<\/p>\n\n\n\n<figure class=\"wp-block-image size-large is-resized\"><img loading=\"lazy\" decoding=\"async\" width=\"1024\" height=\"432\" src=\"https:\/\/cdn1.mediawpaccore.net\/wp-content\/uploads\/2025\/03\/01103023\/Imagen-de-WhatsApp-2025-03-01-a-las-09.33.11_45406330-1024x432.jpg\" alt=\"\" class=\"wp-image-199927\" style=\"width:478px;height:auto\" srcset=\"https:\/\/cdn1.mediawpaccore.net\/wp-content\/uploads\/2025\/03\/01103023\/Imagen-de-WhatsApp-2025-03-01-a-las-09.33.11_45406330-1024x432.jpg 1024w, https:\/\/cdn1.mediawpaccore.net\/wp-content\/uploads\/2025\/03\/01103023\/Imagen-de-WhatsApp-2025-03-01-a-las-09.33.11_45406330-300x126.jpg 300w, https:\/\/cdn1.mediawpaccore.net\/wp-content\/uploads\/2025\/03\/01103023\/Imagen-de-WhatsApp-2025-03-01-a-las-09.33.11_45406330-768x324.jpg 768w, https:\/\/cdn1.mediawpaccore.net\/wp-content\/uploads\/2025\/03\/01103023\/Imagen-de-WhatsApp-2025-03-01-a-las-09.33.11_45406330-150x63.jpg 150w, https:\/\/cdn1.mediawpaccore.net\/wp-content\/uploads\/2025\/03\/01103023\/Imagen-de-WhatsApp-2025-03-01-a-las-09.33.11_45406330-696x293.jpg 696w, https:\/\/cdn1.mediawpaccore.net\/wp-content\/uploads\/2025\/03\/01103023\/Imagen-de-WhatsApp-2025-03-01-a-las-09.33.11_45406330-1068x450.jpg 1068w, https:\/\/cdn1.mediawpaccore.net\/wp-content\/uploads\/2025\/03\/01103023\/Imagen-de-WhatsApp-2025-03-01-a-las-09.33.11_45406330.jpg 1146w\" sizes=\"auto, (max-width: 1024px) 100vw, 1024px\" \/><\/figure>\n\n\n\n<p>De acuerdo con personas allegadas a la familia, el joven habr\u00eda actuado impulsivamente, pero \u201cse dice que es muy agresivo incluso con ni\u00f1os vecinos\u201d.<\/p>\n\n\n\n<figure class=\"wp-block-image size-large is-resized\"><img loading=\"lazy\" decoding=\"async\" width=\"935\" height=\"1024\" src=\"https:\/\/cdn1.mediawpaccore.net\/wp-content\/uploads\/2025\/03\/01103127\/Imagen-de-WhatsApp-2025-03-01-a-las-09.33.11_301eb423-935x1024.jpg\" alt=\"\" class=\"wp-image-199929\" style=\"width:478px;height:auto\" srcset=\"https:\/\/cdn1.mediawpaccore.net\/wp-content\/uploads\/2025\/03\/01103127\/Imagen-de-WhatsApp-2025-03-01-a-las-09.33.11_301eb423-935x1024.jpg 935w, https:\/\/cdn1.mediawpaccore.net\/wp-content\/uploads\/2025\/03\/01103127\/Imagen-de-WhatsApp-2025-03-01-a-las-09.33.11_301eb423-274x300.jpg 274w, https:\/\/cdn1.mediawpaccore.net\/wp-content\/uploads\/2025\/03\/01103127\/Imagen-de-WhatsApp-2025-03-01-a-las-09.33.11_301eb423-768x841.jpg 768w, https:\/\/cdn1.mediawpaccore.net\/wp-content\/uploads\/2025\/03\/01103127\/Imagen-de-WhatsApp-2025-03-01-a-las-09.33.11_301eb423-150x164.jpg 150w, https:\/\/cdn1.mediawpaccore.net\/wp-content\/uploads\/2025\/03\/01103127\/Imagen-de-WhatsApp-2025-03-01-a-las-09.33.11_301eb423-300x329.jpg 300w, https:\/\/cdn1.mediawpaccore.net\/wp-content\/uploads\/2025\/03\/01103127\/Imagen-de-WhatsApp-2025-03-01-a-las-09.33.11_301eb423-696x762.jpg 696w, https:\/\/cdn1.mediawpaccore.net\/wp-content\/uploads\/2025\/03\/01103127\/Imagen-de-WhatsApp-2025-03-01-a-las-09.33.11_301eb423-1068x1170.jpg 1068w, https:\/\/cdn1.mediawpaccore.net\/wp-content\/uploads\/2025\/03\/01103127\/Imagen-de-WhatsApp-2025-03-01-a-las-09.33.11_301eb423.jpg 1131w\" sizes=\"auto, (max-width: 935px) 100vw, 935px\" \/><\/figure>\n\n\n\n<p>En tanto, decenas de cubanos se han movilizado para brindarles apoyo y proveer cualquier medicamento que necesiten.<\/p>\n\n\n\n<figure class=\"wp-block-image size-large is-resized\"><img loading=\"lazy\" decoding=\"async\" width=\"787\" height=\"1024\" src=\"https:\/\/cdn1.mediawpaccore.net\/wp-content\/uploads\/2025\/03\/01103044\/Imagen-de-WhatsApp-2025-03-01-a-las-09.33.11_832d00c6-787x1024.jpg\" alt=\"\" class=\"wp-image-199928\" style=\"width:477px;height:auto\" srcset=\"https:\/\/cdn1.mediawpaccore.net\/wp-content\/uploads\/2025\/03\/01103044\/Imagen-de-WhatsApp-2025-03-01-a-las-09.33.11_832d00c6-787x1024.jpg 787w, https:\/\/cdn1.mediawpaccore.net\/wp-content\/uploads\/2025\/03\/01103044\/Imagen-de-WhatsApp-2025-03-01-a-las-09.33.11_832d00c6-230x300.jpg 230w, https:\/\/cdn1.mediawpaccore.net\/wp-content\/uploads\/2025\/03\/01103044\/Imagen-de-WhatsApp-2025-03-01-a-las-09.33.11_832d00c6-768x1000.jpg 768w, https:\/\/cdn1.mediawpaccore.net\/wp-content\/uploads\/2025\/03\/01103044\/Imagen-de-WhatsApp-2025-03-01-a-las-09.33.11_832d00c6-150x195.jpg 150w, https:\/\/cdn1.mediawpaccore.net\/wp-content\/uploads\/2025\/03\/01103044\/Imagen-de-WhatsApp-2025-03-01-a-las-09.33.11_832d00c6-300x391.jpg 300w, https:\/\/cdn1.mediawpaccore.net\/wp-content\/uploads\/2025\/03\/01103044\/Imagen-de-WhatsApp-2025-03-01-a-las-09.33.11_832d00c6-696x906.jpg 696w, https:\/\/cdn1.mediawpaccore.net\/wp-content\/uploads\/2025\/03\/01103044\/Imagen-de-WhatsApp-2025-03-01-a-las-09.33.11_832d00c6-1068x1390.jpg 1068w, https:\/\/cdn1.mediawpaccore.net\/wp-content\/uploads\/2025\/03\/01103044\/Imagen-de-WhatsApp-2025-03-01-a-las-09.33.11_832d00c6.jpg 1179w\" sizes=\"auto, (max-width: 787px) 100vw, 787px\" \/><figcaption class=\"wp-element-caption\">La beb\u00e9 junto a su madre. Foto: Facebook\/Revolico Jatibonico.<\/figcaption><\/figure>\n\n\n\n<p>No pocos han recalcado que este tipo de hechos ocurren cada vez m\u00e1s debido a la escasez de medicamentos para pacientes con enfermedades mentales en Cuba, una situaci\u00f3n que se hace insostenible para todos los que viven con ellos.<\/p>\n\n\n\n<figure class=\"wp-block-image size-large is-resized\"><img loading=\"lazy\" decoding=\"async\" width=\"813\" height=\"1024\" src=\"https:\/\/cdn1.mediawpaccore.net\/wp-content\/uploads\/2025\/03\/01103354\/Imagen-de-WhatsApp-2025-03-01-a-las-09.33.11_b4e94b37-813x1024.jpg\" alt=\"\" class=\"wp-image-199930\" style=\"width:478px;height:auto\" srcset=\"https:\/\/cdn1.mediawpaccore.net\/wp-content\/uploads\/2025\/03\/01103354\/Imagen-de-WhatsApp-2025-03-01-a-las-09.33.11_b4e94b37-813x1024.jpg 813w, https:\/\/cdn1.mediawpaccore.net\/wp-content\/uploads\/2025\/03\/01103354\/Imagen-de-WhatsApp-2025-03-01-a-las-09.33.11_b4e94b37-238x300.jpg 238w, https:\/\/cdn1.mediawpaccore.net\/wp-content\/uploads\/2025\/03\/01103354\/Imagen-de-WhatsApp-2025-03-01-a-las-09.33.11_b4e94b37-768x967.jpg 768w, https:\/\/cdn1.mediawpaccore.net\/wp-content\/uploads\/2025\/03\/01103354\/Imagen-de-WhatsApp-2025-03-01-a-las-09.33.11_b4e94b37-150x189.jpg 150w, https:\/\/cdn1.mediawpaccore.net\/wp-content\/uploads\/2025\/03\/01103354\/Imagen-de-WhatsApp-2025-03-01-a-las-09.33.11_b4e94b37-300x378.jpg 300w, https:\/\/cdn1.mediawpaccore.net\/wp-content\/uploads\/2025\/03\/01103354\/Imagen-de-WhatsApp-2025-03-01-a-las-09.33.11_b4e94b37-696x876.jpg 696w, https:\/\/cdn1.mediawpaccore.net\/wp-content\/uploads\/2025\/03\/01103354\/Imagen-de-WhatsApp-2025-03-01-a-las-09.33.11_b4e94b37-1068x1345.jpg 1068w, https:\/\/cdn1.mediawpaccore.net\/wp-content\/uploads\/2025\/03\/01103354\/Imagen-de-WhatsApp-2025-03-01-a-las-09.33.11_b4e94b37.jpg 1085w\" sizes=\"auto, (max-width: 813px) 100vw, 813px\" \/><\/figure>\n\n\n\n<p>El mes pasado se hizo viral el caso de <a href=\"https:\/\/www.cuballama.com\/noticias\/enfermo-mental-desnudo-sobre-busto-de-jose-marti-desata-polemica\/?srsltid=AfmBOorhjrGiD9SSJHBCpyUaBDteqjw5Jg_ZVwNeDAEm916SiPyCZmt3\" target=\"_blank\" rel=\"noreferrer noopener\">un paciente psiqui\u00e1trico que ultraj\u00f3 desnudo un busto del H\u00e9roe Nacional de Cuba<\/a>, Jos\u00e9 Mart\u00ed, en la ciudad de Baracoa, Guant\u00e1namo.<\/p>\n\n\n\n<p>Pese a que los m\u00e9dicos insisten en que \u201cla principal causa de descompensaci\u00f3n de la enfermedad psiqui\u00e1trica es el abandono del tratamiento\u201d, los psicof\u00e1rmacos siguen sin llegar o llegando de \u201ca buchito\u201d a las farmacias cubanas.<\/p>\n\n\n\n<p><\/p>\n","protected":false},"excerpt":{"rendered":"<p>El lamentable hecho conmovi\u00f3 a la localidad de Jatibonico este viernes.<\/p>\n","protected":false},"author":30,"featured_media":199923,"comment_status":"open","ping_status":"closed","sticky":false,"template":"","format":"standard","meta":{"_acf_changed":false,"footnotes":""},"categories":[18,955],"tags":[19636,941,13290,1944],"class_list":{"0":"post-199921","1":"post","2":"type-post","3":"status-publish","4":"format-standard","5":"has-post-thumbnail","7":"category-noticias","8":"category-noticias-de-cuba","9":"tag-adolescente-cubano","10":"tag-destacado","11":"tag-enfermedad-mental","12":"tag-jatibonico"},"acf":[],"yoast_head":"<!-- This site is optimized with the Yoast SEO plugin v27.5 - https:\/\/yoast.com\/product\/yoast-seo-wordpress\/ -->\n<title>Adolescente enfermo mental tira a su sobrina beb\u00e9 de cuarto piso en Sancti Sp\u00edritus - Cuballama Noticias<\/title>\n<meta name=\"description\" content=\"Un adolescente cubano enfermo mental habr\u00eda lanzado a su sobrina, de 11 meses, desde el cuarto piso de un edificio en Sancti Sp\u00edritus.\" \/>\n<meta name=\"robots\" content=\"index, follow, max-snippet:-1, max-image-preview:large, max-video-preview:-1\" \/>\n<link rel=\"canonical\" href=\"https:\/\/www.cuballama.com\/noticias\/adolescente-enfermo-mental-tira-a-su-sobrina-bebe-de-cuarto-piso-en-sancti-spiritus\/\" \/>\n<meta property=\"og:locale\" content=\"es_ES\" \/>\n<meta property=\"og:type\" content=\"article\" \/>\n<meta property=\"og:title\" content=\"Adolescente enfermo mental tira a su sobrina beb\u00e9 de cuarto piso en Sancti Sp\u00edritus - Cuballama Noticias\" \/>\n<meta property=\"og:description\" content=\"Un adolescente cubano enfermo mental habr\u00eda lanzado a su sobrina, de 11 meses, desde el cuarto piso de un edificio en Sancti Sp\u00edritus.\" \/>\n<meta property=\"og:url\" content=\"https:\/\/www.cuballama.com\/noticias\/adolescente-enfermo-mental-tira-a-su-sobrina-bebe-de-cuarto-piso-en-sancti-spiritus\/\" \/>\n<meta property=\"og:site_name\" content=\"Cuballama Noticias\" \/>\n<meta property=\"article:publisher\" content=\"https:\/\/www.facebook.com\/CubaLlama\" \/>\n<meta property=\"article:published_time\" content=\"2025-03-01T15:39:56+00:00\" \/>\n<meta property=\"article:modified_time\" content=\"2025-03-01T15:48:33+00:00\" \/>\n<meta property=\"og:image\" content=\"https:\/\/cdn1.mediawpaccore.net\/wp-content\/uploads\/2025\/03\/01095103\/hospital-pediatrico-de-sancti-spiritus-1-foto-rolando-martinez-900x5251-1.jpg\" \/>\n\t<meta property=\"og:image:width\" content=\"1200\" \/>\n\t<meta property=\"og:image:height\" content=\"630\" \/>\n\t<meta property=\"og:image:type\" content=\"image\/jpeg\" \/>\n<meta name=\"author\" content=\"Kathy\" \/>\n<meta name=\"twitter:card\" content=\"summary_large_image\" \/>\n<meta name=\"twitter:creator\" content=\"@cuballama\" \/>\n<meta name=\"twitter:site\" content=\"@cuballama\" \/>\n<meta name=\"twitter:label1\" content=\"Escrito por\" \/>\n\t<meta name=\"twitter:data1\" content=\"Kathy\" \/>\n\t<meta name=\"twitter:label2\" content=\"Tiempo de lectura\" \/>\n\t<meta name=\"twitter:data2\" content=\"3 minutos\" \/>\n<script type=\"application\/ld+json\" class=\"yoast-schema-graph\">{\"@context\":\"https:\\\/\\\/schema.org\",\"@graph\":[{\"@type\":\"Article\",\"@id\":\"https:\\\/\\\/www.cuballama.com\\\/noticias\\\/adolescente-enfermo-mental-tira-a-su-sobrina-bebe-de-cuarto-piso-en-sancti-spiritus\\\/#article\",\"isPartOf\":{\"@id\":\"https:\\\/\\\/www.cuballama.com\\\/noticias\\\/adolescente-enfermo-mental-tira-a-su-sobrina-bebe-de-cuarto-piso-en-sancti-spiritus\\\/\"},\"author\":{\"name\":\"Kathy\",\"@id\":\"https:\\\/\\\/www.cuballama.com\\\/noticias\\\/#\\\/schema\\\/person\\\/86cd3e3f4974437f031211213bf892d5\"},\"headline\":\"Adolescente enfermo mental tira a su sobrina beb\u00e9 de cuarto piso en Sancti Sp\u00edritus\",\"datePublished\":\"2025-03-01T15:39:56+00:00\",\"dateModified\":\"2025-03-01T15:48:33+00:00\",\"mainEntityOfPage\":{\"@id\":\"https:\\\/\\\/www.cuballama.com\\\/noticias\\\/adolescente-enfermo-mental-tira-a-su-sobrina-bebe-de-cuarto-piso-en-sancti-spiritus\\\/\"},\"wordCount\":389,\"commentCount\":0,\"publisher\":{\"@id\":\"https:\\\/\\\/www.cuballama.com\\\/noticias\\\/#organization\"},\"image\":{\"@id\":\"https:\\\/\\\/www.cuballama.com\\\/noticias\\\/adolescente-enfermo-mental-tira-a-su-sobrina-bebe-de-cuarto-piso-en-sancti-spiritus\\\/#primaryimage\"},\"thumbnailUrl\":\"https:\\\/\\\/cdn1.mediawpaccore.net\\\/wp-content\\\/uploads\\\/2025\\\/03\\\/01095103\\\/hospital-pediatrico-de-sancti-spiritus-1-foto-rolando-martinez-900x5251-1.jpg\",\"keywords\":[\"adolescente cubano\",\"destacado\",\"enfermedad mental\",\"Jatibonico\"],\"articleSection\":[\"Noticias\",\"Noticias de Cuba\"],\"inLanguage\":\"es\",\"potentialAction\":[{\"@type\":\"CommentAction\",\"name\":\"Comment\",\"target\":[\"https:\\\/\\\/www.cuballama.com\\\/noticias\\\/adolescente-enfermo-mental-tira-a-su-sobrina-bebe-de-cuarto-piso-en-sancti-spiritus\\\/#respond\"]}]},{\"@type\":\"WebPage\",\"@id\":\"https:\\\/\\\/www.cuballama.com\\\/noticias\\\/adolescente-enfermo-mental-tira-a-su-sobrina-bebe-de-cuarto-piso-en-sancti-spiritus\\\/\",\"url\":\"https:\\\/\\\/www.cuballama.com\\\/noticias\\\/adolescente-enfermo-mental-tira-a-su-sobrina-bebe-de-cuarto-piso-en-sancti-spiritus\\\/\",\"name\":\"Adolescente enfermo mental tira a su sobrina beb\u00e9 de cuarto piso en Sancti Sp\u00edritus - Cuballama Noticias\",\"isPartOf\":{\"@id\":\"https:\\\/\\\/www.cuballama.com\\\/noticias\\\/#website\"},\"primaryImageOfPage\":{\"@id\":\"https:\\\/\\\/www.cuballama.com\\\/noticias\\\/adolescente-enfermo-mental-tira-a-su-sobrina-bebe-de-cuarto-piso-en-sancti-spiritus\\\/#primaryimage\"},\"image\":{\"@id\":\"https:\\\/\\\/www.cuballama.com\\\/noticias\\\/adolescente-enfermo-mental-tira-a-su-sobrina-bebe-de-cuarto-piso-en-sancti-spiritus\\\/#primaryimage\"},\"thumbnailUrl\":\"https:\\\/\\\/cdn1.mediawpaccore.net\\\/wp-content\\\/uploads\\\/2025\\\/03\\\/01095103\\\/hospital-pediatrico-de-sancti-spiritus-1-foto-rolando-martinez-900x5251-1.jpg\",\"datePublished\":\"2025-03-01T15:39:56+00:00\",\"dateModified\":\"2025-03-01T15:48:33+00:00\",\"description\":\"Un adolescente cubano enfermo mental habr\u00eda lanzado a su sobrina, de 11 meses, desde el cuarto piso de un edificio en Sancti Sp\u00edritus.\",\"breadcrumb\":{\"@id\":\"https:\\\/\\\/www.cuballama.com\\\/noticias\\\/adolescente-enfermo-mental-tira-a-su-sobrina-bebe-de-cuarto-piso-en-sancti-spiritus\\\/#breadcrumb\"},\"inLanguage\":\"es\",\"potentialAction\":[{\"@type\":\"ReadAction\",\"target\":[\"https:\\\/\\\/www.cuballama.com\\\/noticias\\\/adolescente-enfermo-mental-tira-a-su-sobrina-bebe-de-cuarto-piso-en-sancti-spiritus\\\/\"]}]},{\"@type\":\"ImageObject\",\"inLanguage\":\"es\",\"@id\":\"https:\\\/\\\/www.cuballama.com\\\/noticias\\\/adolescente-enfermo-mental-tira-a-su-sobrina-bebe-de-cuarto-piso-en-sancti-spiritus\\\/#primaryimage\",\"url\":\"https:\\\/\\\/cdn1.mediawpaccore.net\\\/wp-content\\\/uploads\\\/2025\\\/03\\\/01095103\\\/hospital-pediatrico-de-sancti-spiritus-1-foto-rolando-martinez-900x5251-1.jpg\",\"contentUrl\":\"https:\\\/\\\/cdn1.mediawpaccore.net\\\/wp-content\\\/uploads\\\/2025\\\/03\\\/01095103\\\/hospital-pediatrico-de-sancti-spiritus-1-foto-rolando-martinez-900x5251-1.jpg\",\"width\":1200,\"height\":630,\"caption\":\"Hospital pedi\u00e1trico de Sancti Sp\u00edritus. Foto: Peri\u00f3dico Escambray.\"},{\"@type\":\"BreadcrumbList\",\"@id\":\"https:\\\/\\\/www.cuballama.com\\\/noticias\\\/adolescente-enfermo-mental-tira-a-su-sobrina-bebe-de-cuarto-piso-en-sancti-spiritus\\\/#breadcrumb\",\"itemListElement\":[{\"@type\":\"ListItem\",\"position\":1,\"name\":\"Home\",\"item\":\"https:\\\/\\\/www.cuballama.com\\\/noticias\\\/\"},{\"@type\":\"ListItem\",\"position\":2,\"name\":\"Adolescente enfermo mental tira a su sobrina beb\u00e9 de cuarto piso en Sancti Sp\u00edritus\"}]},{\"@type\":\"WebSite\",\"@id\":\"https:\\\/\\\/www.cuballama.com\\\/noticias\\\/#website\",\"url\":\"https:\\\/\\\/www.cuballama.com\\\/noticias\\\/\",\"name\":\"Cuballama Noticias\",\"description\":\"Medio digital sobre Cuba y el mundo\",\"publisher\":{\"@id\":\"https:\\\/\\\/www.cuballama.com\\\/noticias\\\/#organization\"},\"potentialAction\":[{\"@type\":\"SearchAction\",\"target\":{\"@type\":\"EntryPoint\",\"urlTemplate\":\"https:\\\/\\\/www.cuballama.com\\\/noticias\\\/?s={search_term_string}\"},\"query-input\":{\"@type\":\"PropertyValueSpecification\",\"valueRequired\":true,\"valueName\":\"search_term_string\"}}],\"inLanguage\":\"es\"},{\"@type\":\"Organization\",\"@id\":\"https:\\\/\\\/www.cuballama.com\\\/noticias\\\/#organization\",\"name\":\"Cuballama\",\"url\":\"https:\\\/\\\/www.cuballama.com\\\/noticias\\\/\",\"logo\":{\"@type\":\"ImageObject\",\"inLanguage\":\"es\",\"@id\":\"https:\\\/\\\/www.cuballama.com\\\/noticias\\\/#\\\/schema\\\/logo\\\/image\\\/\",\"url\":\"https:\\\/\\\/cdn1.mediawpaccore.net\\\/wp-content\\\/uploads\\\/2021\\\/12\\\/28171206\\\/cbll-logo-color-sm.png\",\"contentUrl\":\"https:\\\/\\\/cdn1.mediawpaccore.net\\\/wp-content\\\/uploads\\\/2021\\\/12\\\/28171206\\\/cbll-logo-color-sm.png\",\"width\":600,\"height\":133,\"caption\":\"Cuballama\"},\"image\":{\"@id\":\"https:\\\/\\\/www.cuballama.com\\\/noticias\\\/#\\\/schema\\\/logo\\\/image\\\/\"},\"sameAs\":[\"https:\\\/\\\/www.facebook.com\\\/CubaLlama\",\"https:\\\/\\\/x.com\\\/cuballama\",\"https:\\\/\\\/www.instagram.com\\\/stories\\\/cuballama_oficial\\\/\",\"https:\\\/\\\/www.youtube.com\\\/channel\\\/UCKkFE-d_axENGZcrc4as0IA\"]},{\"@type\":\"Person\",\"@id\":\"https:\\\/\\\/www.cuballama.com\\\/noticias\\\/#\\\/schema\\\/person\\\/86cd3e3f4974437f031211213bf892d5\",\"name\":\"Kathy\",\"url\":\"https:\\\/\\\/www.cuballama.com\\\/noticias\\\/author\\\/kathy\\\/\"}]}<\/script>\n<!-- \/ Yoast SEO plugin. -->","yoast_head_json":{"title":"Adolescente enfermo mental tira a su sobrina beb\u00e9 de cuarto piso en Sancti Sp\u00edritus - Cuballama Noticias","description":"Un adolescente cubano enfermo mental habr\u00eda lanzado a su sobrina, de 11 meses, desde el cuarto piso de un edificio en Sancti Sp\u00edritus.","robots":{"index":"index","follow":"follow","max-snippet":"max-snippet:-1","max-image-preview":"max-image-preview:large","max-video-preview":"max-video-preview:-1"},"canonical":"https:\/\/www.cuballama.com\/noticias\/adolescente-enfermo-mental-tira-a-su-sobrina-bebe-de-cuarto-piso-en-sancti-spiritus\/","og_locale":"es_ES","og_type":"article","og_title":"Adolescente enfermo mental tira a su sobrina beb\u00e9 de cuarto piso en Sancti Sp\u00edritus - Cuballama Noticias","og_description":"Un adolescente cubano enfermo mental habr\u00eda lanzado a su sobrina, de 11 meses, desde el cuarto piso de un edificio en Sancti Sp\u00edritus.","og_url":"https:\/\/www.cuballama.com\/noticias\/adolescente-enfermo-mental-tira-a-su-sobrina-bebe-de-cuarto-piso-en-sancti-spiritus\/","og_site_name":"Cuballama Noticias","article_publisher":"https:\/\/www.facebook.com\/CubaLlama","article_published_time":"2025-03-01T15:39:56+00:00","article_modified_time":"2025-03-01T15:48:33+00:00","og_image":[{"width":1200,"height":630,"url":"https:\/\/cdn1.mediawpaccore.net\/wp-content\/uploads\/2025\/03\/01095103\/hospital-pediatrico-de-sancti-spiritus-1-foto-rolando-martinez-900x5251-1.jpg","type":"image\/jpeg"}],"author":"Kathy","twitter_card":"summary_large_image","twitter_creator":"@cuballama","twitter_site":"@cuballama","twitter_misc":{"Escrito por":"Kathy","Tiempo de lectura":"3 minutos"},"schema":{"@context":"https:\/\/schema.org","@graph":[{"@type":"Article","@id":"https:\/\/www.cuballama.com\/noticias\/adolescente-enfermo-mental-tira-a-su-sobrina-bebe-de-cuarto-piso-en-sancti-spiritus\/#article","isPartOf":{"@id":"https:\/\/www.cuballama.com\/noticias\/adolescente-enfermo-mental-tira-a-su-sobrina-bebe-de-cuarto-piso-en-sancti-spiritus\/"},"author":{"name":"Kathy","@id":"https:\/\/www.cuballama.com\/noticias\/#\/schema\/person\/86cd3e3f4974437f031211213bf892d5"},"headline":"Adolescente enfermo mental tira a su sobrina beb\u00e9 de cuarto piso en Sancti Sp\u00edritus","datePublished":"2025-03-01T15:39:56+00:00","dateModified":"2025-03-01T15:48:33+00:00","mainEntityOfPage":{"@id":"https:\/\/www.cuballama.com\/noticias\/adolescente-enfermo-mental-tira-a-su-sobrina-bebe-de-cuarto-piso-en-sancti-spiritus\/"},"wordCount":389,"commentCount":0,"publisher":{"@id":"https:\/\/www.cuballama.com\/noticias\/#organization"},"image":{"@id":"https:\/\/www.cuballama.com\/noticias\/adolescente-enfermo-mental-tira-a-su-sobrina-bebe-de-cuarto-piso-en-sancti-spiritus\/#primaryimage"},"thumbnailUrl":"https:\/\/cdn1.mediawpaccore.net\/wp-content\/uploads\/2025\/03\/01095103\/hospital-pediatrico-de-sancti-spiritus-1-foto-rolando-martinez-900x5251-1.jpg","keywords":["adolescente cubano","destacado","enfermedad mental","Jatibonico"],"articleSection":["Noticias","Noticias de Cuba"],"inLanguage":"es","potentialAction":[{"@type":"CommentAction","name":"Comment","target":["https:\/\/www.cuballama.com\/noticias\/adolescente-enfermo-mental-tira-a-su-sobrina-bebe-de-cuarto-piso-en-sancti-spiritus\/#respond"]}]},{"@type":"WebPage","@id":"https:\/\/www.cuballama.com\/noticias\/adolescente-enfermo-mental-tira-a-su-sobrina-bebe-de-cuarto-piso-en-sancti-spiritus\/","url":"https:\/\/www.cuballama.com\/noticias\/adolescente-enfermo-mental-tira-a-su-sobrina-bebe-de-cuarto-piso-en-sancti-spiritus\/","name":"Adolescente enfermo mental tira a su sobrina beb\u00e9 de cuarto piso en Sancti Sp\u00edritus - Cuballama Noticias","isPartOf":{"@id":"https:\/\/www.cuballama.com\/noticias\/#website"},"primaryImageOfPage":{"@id":"https:\/\/www.cuballama.com\/noticias\/adolescente-enfermo-mental-tira-a-su-sobrina-bebe-de-cuarto-piso-en-sancti-spiritus\/#primaryimage"},"image":{"@id":"https:\/\/www.cuballama.com\/noticias\/adolescente-enfermo-mental-tira-a-su-sobrina-bebe-de-cuarto-piso-en-sancti-spiritus\/#primaryimage"},"thumbnailUrl":"https:\/\/cdn1.mediawpaccore.net\/wp-content\/uploads\/2025\/03\/01095103\/hospital-pediatrico-de-sancti-spiritus-1-foto-rolando-martinez-900x5251-1.jpg","datePublished":"2025-03-01T15:39:56+00:00","dateModified":"2025-03-01T15:48:33+00:00","description":"Un adolescente cubano enfermo mental habr\u00eda lanzado a su sobrina, de 11 meses, desde el cuarto piso de un edificio en Sancti Sp\u00edritus.","breadcrumb":{"@id":"https:\/\/www.cuballama.com\/noticias\/adolescente-enfermo-mental-tira-a-su-sobrina-bebe-de-cuarto-piso-en-sancti-spiritus\/#breadcrumb"},"inLanguage":"es","potentialAction":[{"@type":"ReadAction","target":["https:\/\/www.cuballama.com\/noticias\/adolescente-enfermo-mental-tira-a-su-sobrina-bebe-de-cuarto-piso-en-sancti-spiritus\/"]}]},{"@type":"ImageObject","inLanguage":"es","@id":"https:\/\/www.cuballama.com\/noticias\/adolescente-enfermo-mental-tira-a-su-sobrina-bebe-de-cuarto-piso-en-sancti-spiritus\/#primaryimage","url":"https:\/\/cdn1.mediawpaccore.net\/wp-content\/uploads\/2025\/03\/01095103\/hospital-pediatrico-de-sancti-spiritus-1-foto-rolando-martinez-900x5251-1.jpg","contentUrl":"https:\/\/cdn1.mediawpaccore.net\/wp-content\/uploads\/2025\/03\/01095103\/hospital-pediatrico-de-sancti-spiritus-1-foto-rolando-martinez-900x5251-1.jpg","width":1200,"height":630,"caption":"Hospital pedi\u00e1trico de Sancti Sp\u00edritus. Foto: Peri\u00f3dico Escambray."},{"@type":"BreadcrumbList","@id":"https:\/\/www.cuballama.com\/noticias\/adolescente-enfermo-mental-tira-a-su-sobrina-bebe-de-cuarto-piso-en-sancti-spiritus\/#breadcrumb","itemListElement":[{"@type":"ListItem","position":1,"name":"Home","item":"https:\/\/www.cuballama.com\/noticias\/"},{"@type":"ListItem","position":2,"name":"Adolescente enfermo mental tira a su sobrina beb\u00e9 de cuarto piso en Sancti Sp\u00edritus"}]},{"@type":"WebSite","@id":"https:\/\/www.cuballama.com\/noticias\/#website","url":"https:\/\/www.cuballama.com\/noticias\/","name":"Cuballama Noticias","description":"Medio digital sobre Cuba y el mundo","publisher":{"@id":"https:\/\/www.cuballama.com\/noticias\/#organization"},"potentialAction":[{"@type":"SearchAction","target":{"@type":"EntryPoint","urlTemplate":"https:\/\/www.cuballama.com\/noticias\/?s={search_term_string}"},"query-input":{"@type":"PropertyValueSpecification","valueRequired":true,"valueName":"search_term_string"}}],"inLanguage":"es"},{"@type":"Organization","@id":"https:\/\/www.cuballama.com\/noticias\/#organization","name":"Cuballama","url":"https:\/\/www.cuballama.com\/noticias\/","logo":{"@type":"ImageObject","inLanguage":"es","@id":"https:\/\/www.cuballama.com\/noticias\/#\/schema\/logo\/image\/","url":"https:\/\/cdn1.mediawpaccore.net\/wp-content\/uploads\/2021\/12\/28171206\/cbll-logo-color-sm.png","contentUrl":"https:\/\/cdn1.mediawpaccore.net\/wp-content\/uploads\/2021\/12\/28171206\/cbll-logo-color-sm.png","width":600,"height":133,"caption":"Cuballama"},"image":{"@id":"https:\/\/www.cuballama.com\/noticias\/#\/schema\/logo\/image\/"},"sameAs":["https:\/\/www.facebook.com\/CubaLlama","https:\/\/x.com\/cuballama","https:\/\/www.instagram.com\/stories\/cuballama_oficial\/","https:\/\/www.youtube.com\/channel\/UCKkFE-d_axENGZcrc4as0IA"]},{"@type":"Person","@id":"https:\/\/www.cuballama.com\/noticias\/#\/schema\/person\/86cd3e3f4974437f031211213bf892d5","name":"Kathy","url":"https:\/\/www.cuballama.com\/noticias\/author\/kathy\/"}]}},"_links":{"self":[{"href":"https:\/\/www.cuballama.com\/noticias\/wp-json\/wp\/v2\/posts\/199921","targetHints":{"allow":["GET"]}}],"collection":[{"href":"https:\/\/www.cuballama.com\/noticias\/wp-json\/wp\/v2\/posts"}],"about":[{"href":"https:\/\/www.cuballama.com\/noticias\/wp-json\/wp\/v2\/types\/post"}],"author":[{"embeddable":true,"href":"https:\/\/www.cuballama.com\/noticias\/wp-json\/wp\/v2\/users\/30"}],"replies":[{"embeddable":true,"href":"https:\/\/www.cuballama.com\/noticias\/wp-json\/wp\/v2\/comments?post=199921"}],"version-history":[{"count":6,"href":"https:\/\/www.cuballama.com\/noticias\/wp-json\/wp\/v2\/posts\/199921\/revisions"}],"predecessor-version":[{"id":199934,"href":"https:\/\/www.cuballama.com\/noticias\/wp-json\/wp\/v2\/posts\/199921\/revisions\/199934"}],"wp:featuredmedia":[{"embeddable":true,"href":"https:\/\/www.cuballama.com\/noticias\/wp-json\/wp\/v2\/media\/199923"}],"wp:attachment":[{"href":"https:\/\/www.cuballama.com\/noticias\/wp-json\/wp\/v2\/media?parent=199921"}],"wp:term":[{"taxonomy":"category","embeddable":true,"href":"https:\/\/www.cuballama.com\/noticias\/wp-json\/wp\/v2\/categories?post=199921"},{"taxonomy":"post_tag","embeddable":true,"href":"https:\/\/www.cuballama.com\/noticias\/wp-json\/wp\/v2\/tags?post=199921"}],"curies":[{"name":"wp","href":"https:\/\/api.w.org\/{rel}","templated":true}]}}