{"id":199691,"date":"2025-02-27T06:00:00","date_gmt":"2025-02-27T11:00:00","guid":{"rendered":"https:\/\/www.cuballama.com\/noticias\/?p=199691"},"modified":"2025-02-27T02:59:51","modified_gmt":"2025-02-27T07:59:51","slug":"kylie-jenner-devastada-por-la-muerte-de-su-estilista-y-amigo-no-se-como-seguir-adelante-sin-ti","status":"publish","type":"post","link":"https:\/\/www.cuballama.com\/noticias\/kylie-jenner-devastada-por-la-muerte-de-su-estilista-y-amigo-no-se-como-seguir-adelante-sin-ti\/","title":{"rendered":"Kylie Jenner devastada por la muerte de su estilista y amigo: \u201cNo s\u00e9 c\u00f3mo seguir adelante sin ti\u201d"},"content":{"rendered":"\n<p>Varias celebridades se encuentran de luto tras la muerte repentina del estilista Jes\u00fas Guerrero, conocido como el \u00abpeluquero de las celebrities\u00bb. A lo largo de su carrera, trabaj\u00f3 con artistas de la talla de Rosal\u00eda, Kylie Jenner, Katy Perry, Jennifer L\u00f3pez, Demi Moore, LISA, Charli XCX y Kali Uchis.<\/p>\n\n\n\n<p>Seg\u00fan informan medios como Univisi\u00f3n, Women\u2019s Wear Daily y People, Guerrero falleci\u00f3 de manera inesperada a los 34 a\u00f1os. D\u00edas antes, se encontraba trabajando en el extranjero con una de sus clientas m\u00e1s cercanas.<\/p>\n\n\n\n<p>Coincidentemente, la cantante Jennifer L\u00f3pez public\u00f3 una serie de fotograf\u00edas a su llegada a los Emiratos \u00c1rabes Unidos, donde etiquet\u00f3 al estilista, presuntamente para indicar que \u00e9l se hab\u00eda encargado de su peinado.<\/p>\n\n\n\n<p>A pesar de estar laborando fuera de Estados Unidos, Guerrero regres\u00f3 a su pa\u00eds, donde finalmente falleci\u00f3 en un hospital debido a complicaciones por una neumon\u00eda. Hasta el momento de redactar esta nota, ni familiares ni amistades han confirmado o desmentido esta versi\u00f3n, manteniendo un absoluto hermetismo.<\/p>\n\n\n\n<p>Entre sus clientas, una de las m\u00e1s afectadas es la modelo y empresaria Kylie Jenner, quien le dedic\u00f3 un extenso mensaje en su perfil de Instagram, donde destac\u00f3 su profunda amistad.<\/p>\n\n\n\n<p>\u201cJes\u00fas era m\u00e1s que mi amigo, era una luz en mi vida, una fuente de risas, consuelo, amor y apoyo inquebrantable. No s\u00e9 c\u00f3mo habr\u00eda sobrevivido la \u00faltima casi d\u00e9cada sin \u00e9l a mi lado. Ten\u00eda una manera de hacer que incluso los d\u00edas m\u00e1s pesados se sintieran m\u00e1s ligeros\u201d, expres\u00f3 Jenner.<\/p>\n\n\n\n<figure class=\"wp-block-image size-large\"><img loading=\"lazy\" decoding=\"async\" width=\"1024\" height=\"632\" src=\"https:\/\/cdn1.mediawpaccore.net\/wp-content\/uploads\/2025\/02\/27025419\/Captura-de-pantalla-2025-02-27-a-las-8.51.37-1024x632.png\" alt=\"\" class=\"wp-image-199701\" srcset=\"https:\/\/cdn1.mediawpaccore.net\/wp-content\/uploads\/2025\/02\/27025419\/Captura-de-pantalla-2025-02-27-a-las-8.51.37-1024x632.png 1024w, https:\/\/cdn1.mediawpaccore.net\/wp-content\/uploads\/2025\/02\/27025419\/Captura-de-pantalla-2025-02-27-a-las-8.51.37-300x185.png 300w, https:\/\/cdn1.mediawpaccore.net\/wp-content\/uploads\/2025\/02\/27025419\/Captura-de-pantalla-2025-02-27-a-las-8.51.37-768x474.png 768w, https:\/\/cdn1.mediawpaccore.net\/wp-content\/uploads\/2025\/02\/27025419\/Captura-de-pantalla-2025-02-27-a-las-8.51.37-1536x948.png 1536w, https:\/\/cdn1.mediawpaccore.net\/wp-content\/uploads\/2025\/02\/27025419\/Captura-de-pantalla-2025-02-27-a-las-8.51.37-2048x1265.png 2048w, https:\/\/cdn1.mediawpaccore.net\/wp-content\/uploads\/2025\/02\/27025419\/Captura-de-pantalla-2025-02-27-a-las-8.51.37-150x93.png 150w, https:\/\/cdn1.mediawpaccore.net\/wp-content\/uploads\/2025\/02\/27025419\/Captura-de-pantalla-2025-02-27-a-las-8.51.37-696x430.png 696w, https:\/\/cdn1.mediawpaccore.net\/wp-content\/uploads\/2025\/02\/27025419\/Captura-de-pantalla-2025-02-27-a-las-8.51.37-1068x659.png 1068w, https:\/\/cdn1.mediawpaccore.net\/wp-content\/uploads\/2025\/02\/27025419\/Captura-de-pantalla-2025-02-27-a-las-8.51.37-1920x1186.png 1920w, https:\/\/cdn1.mediawpaccore.net\/wp-content\/uploads\/2025\/02\/27025419\/Captura-de-pantalla-2025-02-27-a-las-8.51.37-356x220.png 356w\" sizes=\"auto, (max-width: 1024px) 100vw, 1024px\" \/><figcaption class=\"wp-element-caption\">Captura de pantalla publicaci\u00f3n de Instagram de Kylie Jenner<\/figcaption><\/figure>\n\n\n\n<p>Adem\u00e1s, agreg\u00f3: \u201cGracias, Jes\u00fas, por estar siempre ah\u00ed para m\u00ed, por levantarme, por ser mi amigo. El dolor de perderte es simplemente insoportable y no s\u00e9 c\u00f3mo seguir adelante sin ti, pero s\u00e9 que un gran dolor nace solo de un gran amor, y yo te amaba tanto. Fuiste la mejor persona, con un talento inigualable. Un verdadero artista. Inspiraste a muchos y siempre lo har\u00e1s\u201d.<\/p>\n\n\n\n<p>Medios como Forbes informan que Jenner se encuentra trabajando en privado con la familia para trasladar el cuerpo de Guerrero a su ciudad natal, Houston, Texas. La empresaria tambi\u00e9n habr\u00eda cubierto los gastos del funeral para aliviar la carga econ\u00f3mica de los familiares.<\/p>\n\n\n\n<p>Hasta el momento, la causa exacta de la muerte no ha sido revelada, mientras las muestras de cari\u00f1o y homenajes al talentoso estilista contin\u00faan multiplic\u00e1ndose en redes sociales.<\/p>\n","protected":false},"excerpt":{"rendered":"<p>Varias celebridades se encuentran de luto tras la muerte repentina del estilista Jes\u00fas Guerrero, conocido como el \u00abpeluquero de las celebrities\u00bb.<\/p>\n","protected":false},"author":29,"featured_media":199702,"comment_status":"open","ping_status":"closed","sticky":false,"template":"","format":"standard","meta":{"_acf_changed":false,"footnotes":""},"categories":[443],"tags":[11930,23566,479,21803],"class_list":{"0":"post-199691","1":"post","2":"type-post","3":"status-publish","4":"format-standard","5":"has-post-thumbnail","7":"category-farandula","8":"tag-artistas-internacionales","9":"tag-celebrities","10":"tag-kylie-jenner","11":"tag-las-kardashians"},"acf":[],"yoast_head":"<!-- This site is optimized with the Yoast SEO plugin v27.4 - https:\/\/yoast.com\/product\/yoast-seo-wordpress\/ -->\n<title>Kylie Jenner devastada por la muerte de su estilista y amigo: \u201cNo s\u00e9 c\u00f3mo seguir adelante sin ti\u201d - Cuballama Noticias<\/title>\n<meta name=\"description\" content=\"Kylie Jenner se encuentra devastada tras la repentina p\u00e9rdida de su amigo y estilista Jes\u00fas Guerrero a los 34 a\u00f1os.\" \/>\n<meta name=\"robots\" content=\"index, follow, max-snippet:-1, max-image-preview:large, max-video-preview:-1\" \/>\n<link rel=\"canonical\" href=\"https:\/\/www.cuballama.com\/noticias\/kylie-jenner-devastada-por-la-muerte-de-su-estilista-y-amigo-no-se-como-seguir-adelante-sin-ti\/\" \/>\n<meta property=\"og:locale\" content=\"es_ES\" \/>\n<meta property=\"og:type\" content=\"article\" \/>\n<meta property=\"og:title\" content=\"Kylie Jenner devastada por la muerte de su estilista y amigo: \u201cNo s\u00e9 c\u00f3mo seguir adelante sin ti\u201d - Cuballama Noticias\" \/>\n<meta property=\"og:description\" content=\"Kylie Jenner se encuentra devastada tras la repentina p\u00e9rdida de su amigo y estilista Jes\u00fas Guerrero a los 34 a\u00f1os.\" \/>\n<meta property=\"og:url\" content=\"https:\/\/www.cuballama.com\/noticias\/kylie-jenner-devastada-por-la-muerte-de-su-estilista-y-amigo-no-se-como-seguir-adelante-sin-ti\/\" \/>\n<meta property=\"og:site_name\" content=\"Cuballama Noticias\" \/>\n<meta property=\"article:publisher\" content=\"https:\/\/www.facebook.com\/CubaLlama\" \/>\n<meta property=\"article:published_time\" content=\"2025-02-27T11:00:00+00:00\" \/>\n<meta property=\"og:image\" content=\"https:\/\/cdn1.mediawpaccore.net\/wp-content\/uploads\/2025\/02\/27025550\/Diseno-sin-titulo140-1024x576.png\" \/>\n\t<meta property=\"og:image:width\" content=\"1024\" \/>\n\t<meta property=\"og:image:height\" content=\"576\" \/>\n\t<meta property=\"og:image:type\" content=\"image\/png\" \/>\n<meta name=\"author\" content=\"Sof\u00eda Reyes\" \/>\n<meta name=\"twitter:card\" content=\"summary_large_image\" \/>\n<meta name=\"twitter:creator\" content=\"@cuballama\" \/>\n<meta name=\"twitter:site\" content=\"@cuballama\" \/>\n<meta name=\"twitter:label1\" content=\"Escrito por\" \/>\n\t<meta name=\"twitter:data1\" content=\"Sof\u00eda Reyes\" \/>\n\t<meta name=\"twitter:label2\" content=\"Tiempo de lectura\" \/>\n\t<meta name=\"twitter:data2\" content=\"3 minutos\" \/>\n<script type=\"application\/ld+json\" class=\"yoast-schema-graph\">{\"@context\":\"https:\\\/\\\/schema.org\",\"@graph\":[{\"@type\":\"Article\",\"@id\":\"https:\\\/\\\/www.cuballama.com\\\/noticias\\\/kylie-jenner-devastada-por-la-muerte-de-su-estilista-y-amigo-no-se-como-seguir-adelante-sin-ti\\\/#article\",\"isPartOf\":{\"@id\":\"https:\\\/\\\/www.cuballama.com\\\/noticias\\\/kylie-jenner-devastada-por-la-muerte-de-su-estilista-y-amigo-no-se-como-seguir-adelante-sin-ti\\\/\"},\"author\":{\"name\":\"Sof\u00eda Reyes\",\"@id\":\"https:\\\/\\\/www.cuballama.com\\\/noticias\\\/#\\\/schema\\\/person\\\/5cba2b8cc25a3159e49fe730a94d512e\"},\"headline\":\"Kylie Jenner devastada por la muerte de su estilista y amigo: \u201cNo s\u00e9 c\u00f3mo seguir adelante sin ti\u201d\",\"datePublished\":\"2025-02-27T11:00:00+00:00\",\"mainEntityOfPage\":{\"@id\":\"https:\\\/\\\/www.cuballama.com\\\/noticias\\\/kylie-jenner-devastada-por-la-muerte-de-su-estilista-y-amigo-no-se-como-seguir-adelante-sin-ti\\\/\"},\"wordCount\":446,\"commentCount\":0,\"publisher\":{\"@id\":\"https:\\\/\\\/www.cuballama.com\\\/noticias\\\/#organization\"},\"image\":{\"@id\":\"https:\\\/\\\/www.cuballama.com\\\/noticias\\\/kylie-jenner-devastada-por-la-muerte-de-su-estilista-y-amigo-no-se-como-seguir-adelante-sin-ti\\\/#primaryimage\"},\"thumbnailUrl\":\"https:\\\/\\\/cdn1.mediawpaccore.net\\\/wp-content\\\/uploads\\\/2025\\\/02\\\/27025550\\\/Diseno-sin-titulo140.png\",\"keywords\":[\"artistas internacionales\",\"celebrities\",\"Kylie Jenner\",\"Las Kardashians\"],\"articleSection\":[\"Far\u00e1ndula\"],\"inLanguage\":\"es\",\"potentialAction\":[{\"@type\":\"CommentAction\",\"name\":\"Comment\",\"target\":[\"https:\\\/\\\/www.cuballama.com\\\/noticias\\\/kylie-jenner-devastada-por-la-muerte-de-su-estilista-y-amigo-no-se-como-seguir-adelante-sin-ti\\\/#respond\"]}]},{\"@type\":\"WebPage\",\"@id\":\"https:\\\/\\\/www.cuballama.com\\\/noticias\\\/kylie-jenner-devastada-por-la-muerte-de-su-estilista-y-amigo-no-se-como-seguir-adelante-sin-ti\\\/\",\"url\":\"https:\\\/\\\/www.cuballama.com\\\/noticias\\\/kylie-jenner-devastada-por-la-muerte-de-su-estilista-y-amigo-no-se-como-seguir-adelante-sin-ti\\\/\",\"name\":\"Kylie Jenner devastada por la muerte de su estilista y amigo: \u201cNo s\u00e9 c\u00f3mo seguir adelante sin ti\u201d - Cuballama Noticias\",\"isPartOf\":{\"@id\":\"https:\\\/\\\/www.cuballama.com\\\/noticias\\\/#website\"},\"primaryImageOfPage\":{\"@id\":\"https:\\\/\\\/www.cuballama.com\\\/noticias\\\/kylie-jenner-devastada-por-la-muerte-de-su-estilista-y-amigo-no-se-como-seguir-adelante-sin-ti\\\/#primaryimage\"},\"image\":{\"@id\":\"https:\\\/\\\/www.cuballama.com\\\/noticias\\\/kylie-jenner-devastada-por-la-muerte-de-su-estilista-y-amigo-no-se-como-seguir-adelante-sin-ti\\\/#primaryimage\"},\"thumbnailUrl\":\"https:\\\/\\\/cdn1.mediawpaccore.net\\\/wp-content\\\/uploads\\\/2025\\\/02\\\/27025550\\\/Diseno-sin-titulo140.png\",\"datePublished\":\"2025-02-27T11:00:00+00:00\",\"description\":\"Kylie Jenner se encuentra devastada tras la repentina p\u00e9rdida de su amigo y estilista Jes\u00fas Guerrero a los 34 a\u00f1os.\",\"breadcrumb\":{\"@id\":\"https:\\\/\\\/www.cuballama.com\\\/noticias\\\/kylie-jenner-devastada-por-la-muerte-de-su-estilista-y-amigo-no-se-como-seguir-adelante-sin-ti\\\/#breadcrumb\"},\"inLanguage\":\"es\",\"potentialAction\":[{\"@type\":\"ReadAction\",\"target\":[\"https:\\\/\\\/www.cuballama.com\\\/noticias\\\/kylie-jenner-devastada-por-la-muerte-de-su-estilista-y-amigo-no-se-como-seguir-adelante-sin-ti\\\/\"]}]},{\"@type\":\"ImageObject\",\"inLanguage\":\"es\",\"@id\":\"https:\\\/\\\/www.cuballama.com\\\/noticias\\\/kylie-jenner-devastada-por-la-muerte-de-su-estilista-y-amigo-no-se-como-seguir-adelante-sin-ti\\\/#primaryimage\",\"url\":\"https:\\\/\\\/cdn1.mediawpaccore.net\\\/wp-content\\\/uploads\\\/2025\\\/02\\\/27025550\\\/Diseno-sin-titulo140.png\",\"contentUrl\":\"https:\\\/\\\/cdn1.mediawpaccore.net\\\/wp-content\\\/uploads\\\/2025\\\/02\\\/27025550\\\/Diseno-sin-titulo140.png\",\"width\":1920,\"height\":1080,\"caption\":\"Fotos tomadas del perfil de Instagram de Kylie Jenner\"},{\"@type\":\"BreadcrumbList\",\"@id\":\"https:\\\/\\\/www.cuballama.com\\\/noticias\\\/kylie-jenner-devastada-por-la-muerte-de-su-estilista-y-amigo-no-se-como-seguir-adelante-sin-ti\\\/#breadcrumb\",\"itemListElement\":[{\"@type\":\"ListItem\",\"position\":1,\"name\":\"Home\",\"item\":\"https:\\\/\\\/www.cuballama.com\\\/noticias\\\/\"},{\"@type\":\"ListItem\",\"position\":2,\"name\":\"Kylie Jenner devastada por la muerte de su estilista y amigo: \u201cNo s\u00e9 c\u00f3mo seguir adelante sin ti\u201d\"}]},{\"@type\":\"WebSite\",\"@id\":\"https:\\\/\\\/www.cuballama.com\\\/noticias\\\/#website\",\"url\":\"https:\\\/\\\/www.cuballama.com\\\/noticias\\\/\",\"name\":\"Cuballama Noticias\",\"description\":\"Medio digital sobre Cuba y el mundo\",\"publisher\":{\"@id\":\"https:\\\/\\\/www.cuballama.com\\\/noticias\\\/#organization\"},\"potentialAction\":[{\"@type\":\"SearchAction\",\"target\":{\"@type\":\"EntryPoint\",\"urlTemplate\":\"https:\\\/\\\/www.cuballama.com\\\/noticias\\\/?s={search_term_string}\"},\"query-input\":{\"@type\":\"PropertyValueSpecification\",\"valueRequired\":true,\"valueName\":\"search_term_string\"}}],\"inLanguage\":\"es\"},{\"@type\":\"Organization\",\"@id\":\"https:\\\/\\\/www.cuballama.com\\\/noticias\\\/#organization\",\"name\":\"Cuballama\",\"url\":\"https:\\\/\\\/www.cuballama.com\\\/noticias\\\/\",\"logo\":{\"@type\":\"ImageObject\",\"inLanguage\":\"es\",\"@id\":\"https:\\\/\\\/www.cuballama.com\\\/noticias\\\/#\\\/schema\\\/logo\\\/image\\\/\",\"url\":\"https:\\\/\\\/cdn1.mediawpaccore.net\\\/wp-content\\\/uploads\\\/2021\\\/12\\\/28171206\\\/cbll-logo-color-sm.png\",\"contentUrl\":\"https:\\\/\\\/cdn1.mediawpaccore.net\\\/wp-content\\\/uploads\\\/2021\\\/12\\\/28171206\\\/cbll-logo-color-sm.png\",\"width\":600,\"height\":133,\"caption\":\"Cuballama\"},\"image\":{\"@id\":\"https:\\\/\\\/www.cuballama.com\\\/noticias\\\/#\\\/schema\\\/logo\\\/image\\\/\"},\"sameAs\":[\"https:\\\/\\\/www.facebook.com\\\/CubaLlama\",\"https:\\\/\\\/x.com\\\/cuballama\",\"https:\\\/\\\/www.instagram.com\\\/stories\\\/cuballama_oficial\\\/\",\"https:\\\/\\\/www.youtube.com\\\/channel\\\/UCKkFE-d_axENGZcrc4as0IA\"]},{\"@type\":\"Person\",\"@id\":\"https:\\\/\\\/www.cuballama.com\\\/noticias\\\/#\\\/schema\\\/person\\\/5cba2b8cc25a3159e49fe730a94d512e\",\"name\":\"Sof\u00eda Reyes\",\"url\":\"https:\\\/\\\/www.cuballama.com\\\/noticias\\\/author\\\/laura\\\/\"}]}<\/script>\n<!-- \/ Yoast SEO plugin. -->","yoast_head_json":{"title":"Kylie Jenner devastada por la muerte de su estilista y amigo: \u201cNo s\u00e9 c\u00f3mo seguir adelante sin ti\u201d - Cuballama Noticias","description":"Kylie Jenner se encuentra devastada tras la repentina p\u00e9rdida de su amigo y estilista Jes\u00fas Guerrero a los 34 a\u00f1os.","robots":{"index":"index","follow":"follow","max-snippet":"max-snippet:-1","max-image-preview":"max-image-preview:large","max-video-preview":"max-video-preview:-1"},"canonical":"https:\/\/www.cuballama.com\/noticias\/kylie-jenner-devastada-por-la-muerte-de-su-estilista-y-amigo-no-se-como-seguir-adelante-sin-ti\/","og_locale":"es_ES","og_type":"article","og_title":"Kylie Jenner devastada por la muerte de su estilista y amigo: \u201cNo s\u00e9 c\u00f3mo seguir adelante sin ti\u201d - Cuballama Noticias","og_description":"Kylie Jenner se encuentra devastada tras la repentina p\u00e9rdida de su amigo y estilista Jes\u00fas Guerrero a los 34 a\u00f1os.","og_url":"https:\/\/www.cuballama.com\/noticias\/kylie-jenner-devastada-por-la-muerte-de-su-estilista-y-amigo-no-se-como-seguir-adelante-sin-ti\/","og_site_name":"Cuballama Noticias","article_publisher":"https:\/\/www.facebook.com\/CubaLlama","article_published_time":"2025-02-27T11:00:00+00:00","og_image":[{"width":1024,"height":576,"url":"https:\/\/cdn1.mediawpaccore.net\/wp-content\/uploads\/2025\/02\/27025550\/Diseno-sin-titulo140-1024x576.png","type":"image\/png"}],"author":"Sof\u00eda Reyes","twitter_card":"summary_large_image","twitter_creator":"@cuballama","twitter_site":"@cuballama","twitter_misc":{"Escrito por":"Sof\u00eda Reyes","Tiempo de lectura":"3 minutos"},"schema":{"@context":"https:\/\/schema.org","@graph":[{"@type":"Article","@id":"https:\/\/www.cuballama.com\/noticias\/kylie-jenner-devastada-por-la-muerte-de-su-estilista-y-amigo-no-se-como-seguir-adelante-sin-ti\/#article","isPartOf":{"@id":"https:\/\/www.cuballama.com\/noticias\/kylie-jenner-devastada-por-la-muerte-de-su-estilista-y-amigo-no-se-como-seguir-adelante-sin-ti\/"},"author":{"name":"Sof\u00eda Reyes","@id":"https:\/\/www.cuballama.com\/noticias\/#\/schema\/person\/5cba2b8cc25a3159e49fe730a94d512e"},"headline":"Kylie Jenner devastada por la muerte de su estilista y amigo: \u201cNo s\u00e9 c\u00f3mo seguir adelante sin ti\u201d","datePublished":"2025-02-27T11:00:00+00:00","mainEntityOfPage":{"@id":"https:\/\/www.cuballama.com\/noticias\/kylie-jenner-devastada-por-la-muerte-de-su-estilista-y-amigo-no-se-como-seguir-adelante-sin-ti\/"},"wordCount":446,"commentCount":0,"publisher":{"@id":"https:\/\/www.cuballama.com\/noticias\/#organization"},"image":{"@id":"https:\/\/www.cuballama.com\/noticias\/kylie-jenner-devastada-por-la-muerte-de-su-estilista-y-amigo-no-se-como-seguir-adelante-sin-ti\/#primaryimage"},"thumbnailUrl":"https:\/\/cdn1.mediawpaccore.net\/wp-content\/uploads\/2025\/02\/27025550\/Diseno-sin-titulo140.png","keywords":["artistas internacionales","celebrities","Kylie Jenner","Las Kardashians"],"articleSection":["Far\u00e1ndula"],"inLanguage":"es","potentialAction":[{"@type":"CommentAction","name":"Comment","target":["https:\/\/www.cuballama.com\/noticias\/kylie-jenner-devastada-por-la-muerte-de-su-estilista-y-amigo-no-se-como-seguir-adelante-sin-ti\/#respond"]}]},{"@type":"WebPage","@id":"https:\/\/www.cuballama.com\/noticias\/kylie-jenner-devastada-por-la-muerte-de-su-estilista-y-amigo-no-se-como-seguir-adelante-sin-ti\/","url":"https:\/\/www.cuballama.com\/noticias\/kylie-jenner-devastada-por-la-muerte-de-su-estilista-y-amigo-no-se-como-seguir-adelante-sin-ti\/","name":"Kylie Jenner devastada por la muerte de su estilista y amigo: \u201cNo s\u00e9 c\u00f3mo seguir adelante sin ti\u201d - Cuballama Noticias","isPartOf":{"@id":"https:\/\/www.cuballama.com\/noticias\/#website"},"primaryImageOfPage":{"@id":"https:\/\/www.cuballama.com\/noticias\/kylie-jenner-devastada-por-la-muerte-de-su-estilista-y-amigo-no-se-como-seguir-adelante-sin-ti\/#primaryimage"},"image":{"@id":"https:\/\/www.cuballama.com\/noticias\/kylie-jenner-devastada-por-la-muerte-de-su-estilista-y-amigo-no-se-como-seguir-adelante-sin-ti\/#primaryimage"},"thumbnailUrl":"https:\/\/cdn1.mediawpaccore.net\/wp-content\/uploads\/2025\/02\/27025550\/Diseno-sin-titulo140.png","datePublished":"2025-02-27T11:00:00+00:00","description":"Kylie Jenner se encuentra devastada tras la repentina p\u00e9rdida de su amigo y estilista Jes\u00fas Guerrero a los 34 a\u00f1os.","breadcrumb":{"@id":"https:\/\/www.cuballama.com\/noticias\/kylie-jenner-devastada-por-la-muerte-de-su-estilista-y-amigo-no-se-como-seguir-adelante-sin-ti\/#breadcrumb"},"inLanguage":"es","potentialAction":[{"@type":"ReadAction","target":["https:\/\/www.cuballama.com\/noticias\/kylie-jenner-devastada-por-la-muerte-de-su-estilista-y-amigo-no-se-como-seguir-adelante-sin-ti\/"]}]},{"@type":"ImageObject","inLanguage":"es","@id":"https:\/\/www.cuballama.com\/noticias\/kylie-jenner-devastada-por-la-muerte-de-su-estilista-y-amigo-no-se-como-seguir-adelante-sin-ti\/#primaryimage","url":"https:\/\/cdn1.mediawpaccore.net\/wp-content\/uploads\/2025\/02\/27025550\/Diseno-sin-titulo140.png","contentUrl":"https:\/\/cdn1.mediawpaccore.net\/wp-content\/uploads\/2025\/02\/27025550\/Diseno-sin-titulo140.png","width":1920,"height":1080,"caption":"Fotos tomadas del perfil de Instagram de Kylie Jenner"},{"@type":"BreadcrumbList","@id":"https:\/\/www.cuballama.com\/noticias\/kylie-jenner-devastada-por-la-muerte-de-su-estilista-y-amigo-no-se-como-seguir-adelante-sin-ti\/#breadcrumb","itemListElement":[{"@type":"ListItem","position":1,"name":"Home","item":"https:\/\/www.cuballama.com\/noticias\/"},{"@type":"ListItem","position":2,"name":"Kylie Jenner devastada por la muerte de su estilista y amigo: \u201cNo s\u00e9 c\u00f3mo seguir adelante sin ti\u201d"}]},{"@type":"WebSite","@id":"https:\/\/www.cuballama.com\/noticias\/#website","url":"https:\/\/www.cuballama.com\/noticias\/","name":"Cuballama Noticias","description":"Medio digital sobre Cuba y el mundo","publisher":{"@id":"https:\/\/www.cuballama.com\/noticias\/#organization"},"potentialAction":[{"@type":"SearchAction","target":{"@type":"EntryPoint","urlTemplate":"https:\/\/www.cuballama.com\/noticias\/?s={search_term_string}"},"query-input":{"@type":"PropertyValueSpecification","valueRequired":true,"valueName":"search_term_string"}}],"inLanguage":"es"},{"@type":"Organization","@id":"https:\/\/www.cuballama.com\/noticias\/#organization","name":"Cuballama","url":"https:\/\/www.cuballama.com\/noticias\/","logo":{"@type":"ImageObject","inLanguage":"es","@id":"https:\/\/www.cuballama.com\/noticias\/#\/schema\/logo\/image\/","url":"https:\/\/cdn1.mediawpaccore.net\/wp-content\/uploads\/2021\/12\/28171206\/cbll-logo-color-sm.png","contentUrl":"https:\/\/cdn1.mediawpaccore.net\/wp-content\/uploads\/2021\/12\/28171206\/cbll-logo-color-sm.png","width":600,"height":133,"caption":"Cuballama"},"image":{"@id":"https:\/\/www.cuballama.com\/noticias\/#\/schema\/logo\/image\/"},"sameAs":["https:\/\/www.facebook.com\/CubaLlama","https:\/\/x.com\/cuballama","https:\/\/www.instagram.com\/stories\/cuballama_oficial\/","https:\/\/www.youtube.com\/channel\/UCKkFE-d_axENGZcrc4as0IA"]},{"@type":"Person","@id":"https:\/\/www.cuballama.com\/noticias\/#\/schema\/person\/5cba2b8cc25a3159e49fe730a94d512e","name":"Sof\u00eda Reyes","url":"https:\/\/www.cuballama.com\/noticias\/author\/laura\/"}]}},"_links":{"self":[{"href":"https:\/\/www.cuballama.com\/noticias\/wp-json\/wp\/v2\/posts\/199691","targetHints":{"allow":["GET"]}}],"collection":[{"href":"https:\/\/www.cuballama.com\/noticias\/wp-json\/wp\/v2\/posts"}],"about":[{"href":"https:\/\/www.cuballama.com\/noticias\/wp-json\/wp\/v2\/types\/post"}],"author":[{"embeddable":true,"href":"https:\/\/www.cuballama.com\/noticias\/wp-json\/wp\/v2\/users\/29"}],"replies":[{"embeddable":true,"href":"https:\/\/www.cuballama.com\/noticias\/wp-json\/wp\/v2\/comments?post=199691"}],"version-history":[{"count":3,"href":"https:\/\/www.cuballama.com\/noticias\/wp-json\/wp\/v2\/posts\/199691\/revisions"}],"predecessor-version":[{"id":199703,"href":"https:\/\/www.cuballama.com\/noticias\/wp-json\/wp\/v2\/posts\/199691\/revisions\/199703"}],"wp:featuredmedia":[{"embeddable":true,"href":"https:\/\/www.cuballama.com\/noticias\/wp-json\/wp\/v2\/media\/199702"}],"wp:attachment":[{"href":"https:\/\/www.cuballama.com\/noticias\/wp-json\/wp\/v2\/media?parent=199691"}],"wp:term":[{"taxonomy":"category","embeddable":true,"href":"https:\/\/www.cuballama.com\/noticias\/wp-json\/wp\/v2\/categories?post=199691"},{"taxonomy":"post_tag","embeddable":true,"href":"https:\/\/www.cuballama.com\/noticias\/wp-json\/wp\/v2\/tags?post=199691"}],"curies":[{"name":"wp","href":"https:\/\/api.w.org\/{rel}","templated":true}]}}