{"id":198077,"date":"2025-02-06T13:28:23","date_gmt":"2025-02-06T18:28:23","guid":{"rendered":"https:\/\/www.cuballama.com\/noticias\/?p=198077"},"modified":"2025-02-06T14:30:22","modified_gmt":"2025-02-06T19:30:22","slug":"enfermo-mental-desnudo-sobre-busto-de-jose-marti-desata-polemica","status":"publish","type":"post","link":"https:\/\/www.cuballama.com\/noticias\/enfermo-mental-desnudo-sobre-busto-de-jose-marti-desata-polemica\/","title":{"rendered":"Enfermo mental desnudo sobre busto de Jos\u00e9 Mart\u00ed desata pol\u00e9mica"},"content":{"rendered":"\n<p>Un video en el que aparece un paciente psiqui\u00e1trico desnudo ultrajando un busto del H\u00e9roe Nacional de Cuba, Jos\u00e9 Mart\u00ed, persuntamente en la ciudad de Baracoa, Guant\u00e1namo, ha destado una amplia pol\u00e9mica en las \u00faltimas horas.<\/p>\n\n\n\n<p>En <a href=\"https:\/\/fb.watch\/xAJXVrO8bW\/\" target=\"_blank\" rel=\"noreferrer noopener\">las im\u00e1genes compartidas<\/a> en redes sociales puede verse a un sujeto, que de acuerdo con varios reportes es esquizofr\u00e9nico, encima del busto del Ap\u00f3stol completamente desnudo, mientras golpea el monumento con su miembro y se mueve alocadamente.<\/p>\n\n\n\n<p>La penosa p\u00fablicaci\u00f3n ha divido las opiniones entre usuarios que han pedido que este hombre, bastante joven, sea \u201ccastigado p\u00fablicamente\u201d y hasta encarcelado; y quienes se han compadecido de su estado de salud en un pa\u00eds donde los pacientes psiqui\u00e1tricos tienen <a href=\"https:\/\/www.cuballama.com\/noticias\/cubana-con-esquizofrenia-desaparece-por-10-dias-debido-a-escasez-de-medicamentos\/\" target=\"_blank\" rel=\"noreferrer noopener\">cada vez menos acceso a los medicamentos<\/a> que necesitan.<\/p>\n\n\n\n<iframe loading=\"lazy\" src=\"https:\/\/www.facebook.com\/plugins\/post.php?href=https%3A%2F%2Fwww.facebook.com%2Fmv.porelcambio%2Fposts%2Fpfbid0CM4YL8dRw8z116FSWbxnoaNt1HuCaKxR3UTurmHh9vhH8GpZ7Hzg5uWYxAMf7QmHl&#038;show_text=true&#038;width=500\" width=\"500\" height=\"760\" style=\"border:none;overflow:hidden\" scrolling=\"no\" frameborder=\"0\" allowfullscreen=\"true\" allow=\"autoplay; clipboard-write; encrypted-media; picture-in-picture; web-share\"><\/iframe>\n\n\n\n<p>Seg\u00fan opin\u00f3 al respecto el m\u00e9dico cubano Lucio Enriquez Nodarse, radicado en Espa\u00f1a, el gobierno de la isla \u201cha abandonado a sus enfermos cr\u00f3nicos: hipertensos, diab\u00e9ticos y, como vemos en este caso, tambi\u00e9n a los pacientes psiqui\u00e1tricos\u201d.&nbsp;<\/p>\n\n\n\n<p>\u201cLas enfermedades cr\u00f3nicas se controlan con la toma diaria de medicamentos. No hay medicinas para las enfermedades cr\u00f3nicas, que matan a las personas\u201d, denunci\u00f3 el facultativo.&nbsp;<\/p>\n\n\n\n<p>En tal sentido, apunt\u00f3 el tambi\u00e9n activista pol\u00edtico, \u201cla principal causa de descompensaci\u00f3n de la enfermedad psiqui\u00e1trica es el abandono del tratamiento\u201d.<\/p>\n\n\n\n<p>\u201cDoy fe, doctor. No hay psicof\u00e1rmacos de ning\u00fan tipo en las farmacias del r\u00e9gimen. Cuando entran es un buchito. Todos los que padecen enfermedades de la salud mental est\u00e1n descompensados a no ser que lo compren por la calle a precios exorbitantes o que se las manden del exterior\u201d, confirm\u00f3 un seguidor de Enriquez Nodarse.<\/p>\n\n\n\n<p>\u201cNo hay medicamentos para los enfermos mentales y los han soltado para las calles. Conozco un esquizofr\u00e9nico que est\u00e1 en la calle. \u00c9l y muchos pacientes m\u00e1s estaban ingresados en Mazorra y los sacaron a las calles\u201d, insisti\u00f3 otra persona al hacer alusi\u00f3n al principal hospital psiqui\u00e1trico del pa\u00eds, ubicado en La Habana.<\/p>\n\n\n\n<iframe loading=\"lazy\" src=\"https:\/\/www.facebook.com\/plugins\/video.php?height=476&#038;href=https%3A%2F%2Fwww.facebook.com%2Flenriquez1972%2Fvideos%2F462682853443098%2F&#038;show_text=false&#038;width=267&#038;t=0\" width=\"267\" height=\"476\" style=\"border:none;overflow:hidden\" scrolling=\"no\" frameborder=\"0\" allowfullscreen=\"true\" allow=\"autoplay; clipboard-write; encrypted-media; picture-in-picture; web-share\" allowFullScreen=\"true\"><\/iframe>\n\n\n\n<p>\u201cAs\u00ed andan por toda Cuba, sin ning\u00fan tipo de tratamiento y seg\u00fan las autoridades de salud no hay capacidad en los hospitales psiqui\u00e1tricos para ingresarlos, pero tampoco hay nada en las farmacias ni les facilitan a los familiares el tratamiento. \u00a1Qu\u00e9 sabe ese loco de Mart\u00ed si ni sabe qui\u00e9n es \u00e9l mismo!\u201d, coment\u00f3 una cubana.<\/p>\n\n\n\n<p>\u201cAqu\u00ed en La Habana andan desnudos, comiendo de la basura, bebiendo aguas alba\u00f1ales, cagando en plena calle\u2026 \u00a1Y todav\u00eda alguien pretende exigirle a ese loco respeto a una estatua de Mart\u00ed!\u201d, apuntaron sobre c\u00f3mo \u201cel gobierno simplemente se limpi\u00f3 las manos y dej\u00f3 al pueblo a su suerte\u201d.<\/p>\n\n\n\n<p>Otros internautas dejaron claro que el video \u201cno da ninguna gracia\u201d y lamentaron la falta de empat\u00eda de quien se dedic\u00f3 a \u201cmalgastar\u201d sus datos m\u00f3viles para grabar la triste escena en lugar de llamar para pedir ayuda m\u00e9dica porque lo que hizo el hombre \u201cno es normal\u201d. \u201cMenos moral y dignidad tiene la persona que lo film\u00f3 y public\u00f3\u201d, escribieron.<\/p>\n\n\n\n<p>\u201cOjal\u00e1 entiendan todos los que est\u00e1n fuera de Cuba que los que estamos dentro si nos salvamos quedamos locos\u201d; y \u201cA veces es mejor estar as\u00ed loco para no sufrir todo lo que estamos viviendo\u201d, apuntaron otros que se compadecieron del sujeto.<\/p>\n\n\n\n<p>\u201cEsa persona debe estar bajo efectos de estupefacientes\u201d o \u201cEse es el qu\u00edmico\u201d, indicaron otros al hacer referencia al creciente consumo de drogas en el pa\u00eds.<\/p>\n\n\n\n<p>Por otro lado, no pocos aprovecharon la oportunidad para reivindicar la imagen de Mart\u00ed porque \u201cha sido muy irrespetado, manipulado, mal interprerado, politizado, utilizado\u201d. Mart\u00ed \u201cmerece el respeto de todo su pueblo\u201d y \u201cno tiene la culpa de lo que vivimos los cubanos\u201d, afirm\u00f3 el activista conocido como Manuel Viera desde Facebook, donde subray\u00f3 que \u201chay que ser muy martiano para ser anticomunista\u201d.<\/p>\n\n\n\n<p><\/p>\n","protected":false},"excerpt":{"rendered":"<p>Las penosa escena habr\u00eda tenido lugar en la ciudad de Baracoa.<\/p>\n","protected":false},"author":30,"featured_media":198080,"comment_status":"open","ping_status":"closed","sticky":false,"template":"","format":"standard","meta":{"_acf_changed":false,"footnotes":""},"categories":[18,955],"tags":[941,14867,18757,224,19427,9402],"class_list":{"0":"post-198077","1":"post","2":"type-post","3":"status-publish","4":"format-standard","5":"has-post-thumbnail","7":"category-noticias","8":"category-noticias-de-cuba","9":"tag-destacado","10":"tag-enfermos-mentales","11":"tag-escasez-de-medicinas","12":"tag-jose-marti","13":"tag-polemica-en-redes","14":"tag-salud-mental"},"acf":[],"yoast_head":"<!-- This site is optimized with the Yoast SEO plugin v27.5 - https:\/\/yoast.com\/product\/yoast-seo-wordpress\/ -->\n<title>Enfermo mental desnudo sobre busto de Jos\u00e9 Mart\u00ed desata pol\u00e9mica - Cuballama Noticias<\/title>\n<meta name=\"description\" content=\"Un video en el que aparece un paciente psiqui\u00e1trico ultrajando un busto de Jos\u00e9 Mart\u00ed en la isla ha desatado una amplia pol\u00e9mica.\" \/>\n<meta name=\"robots\" content=\"index, follow, max-snippet:-1, max-image-preview:large, max-video-preview:-1\" \/>\n<link rel=\"canonical\" href=\"https:\/\/www.cuballama.com\/noticias\/enfermo-mental-desnudo-sobre-busto-de-jose-marti-desata-polemica\/\" \/>\n<meta property=\"og:locale\" content=\"es_ES\" \/>\n<meta property=\"og:type\" content=\"article\" \/>\n<meta property=\"og:title\" content=\"Enfermo mental desnudo sobre busto de Jos\u00e9 Mart\u00ed desata pol\u00e9mica - Cuballama Noticias\" \/>\n<meta property=\"og:description\" content=\"Un video en el que aparece un paciente psiqui\u00e1trico ultrajando un busto de Jos\u00e9 Mart\u00ed en la isla ha desatado una amplia pol\u00e9mica.\" \/>\n<meta property=\"og:url\" content=\"https:\/\/www.cuballama.com\/noticias\/enfermo-mental-desnudo-sobre-busto-de-jose-marti-desata-polemica\/\" \/>\n<meta property=\"og:site_name\" content=\"Cuballama Noticias\" \/>\n<meta property=\"article:publisher\" content=\"https:\/\/www.facebook.com\/CubaLlama\" \/>\n<meta property=\"article:published_time\" content=\"2025-02-06T18:28:23+00:00\" \/>\n<meta property=\"article:modified_time\" content=\"2025-02-06T19:30:22+00:00\" \/>\n<meta property=\"og:image\" content=\"https:\/\/cdn1.mediawpaccore.net\/wp-content\/uploads\/2025\/02\/06124444\/Captura-de-pantalla_6-2-2025_124022_www.facebook.com_.jpg\" \/>\n\t<meta property=\"og:image:width\" content=\"1200\" \/>\n\t<meta property=\"og:image:height\" content=\"630\" \/>\n\t<meta property=\"og:image:type\" content=\"image\/jpeg\" \/>\n<meta name=\"author\" content=\"Kathy\" \/>\n<meta name=\"twitter:card\" content=\"summary_large_image\" \/>\n<meta name=\"twitter:creator\" content=\"@cuballama\" \/>\n<meta name=\"twitter:site\" content=\"@cuballama\" \/>\n<meta name=\"twitter:label1\" content=\"Escrito por\" \/>\n\t<meta name=\"twitter:data1\" content=\"Kathy\" \/>\n\t<meta name=\"twitter:label2\" content=\"Tiempo de lectura\" \/>\n\t<meta name=\"twitter:data2\" content=\"4 minutos\" \/>\n<script type=\"application\/ld+json\" class=\"yoast-schema-graph\">{\"@context\":\"https:\\\/\\\/schema.org\",\"@graph\":[{\"@type\":\"Article\",\"@id\":\"https:\\\/\\\/www.cuballama.com\\\/noticias\\\/enfermo-mental-desnudo-sobre-busto-de-jose-marti-desata-polemica\\\/#article\",\"isPartOf\":{\"@id\":\"https:\\\/\\\/www.cuballama.com\\\/noticias\\\/enfermo-mental-desnudo-sobre-busto-de-jose-marti-desata-polemica\\\/\"},\"author\":{\"name\":\"Kathy\",\"@id\":\"https:\\\/\\\/www.cuballama.com\\\/noticias\\\/#\\\/schema\\\/person\\\/86cd3e3f4974437f031211213bf892d5\"},\"headline\":\"Enfermo mental desnudo sobre busto de Jos\u00e9 Mart\u00ed desata pol\u00e9mica\",\"datePublished\":\"2025-02-06T18:28:23+00:00\",\"dateModified\":\"2025-02-06T19:30:22+00:00\",\"mainEntityOfPage\":{\"@id\":\"https:\\\/\\\/www.cuballama.com\\\/noticias\\\/enfermo-mental-desnudo-sobre-busto-de-jose-marti-desata-polemica\\\/\"},\"wordCount\":673,\"commentCount\":0,\"publisher\":{\"@id\":\"https:\\\/\\\/www.cuballama.com\\\/noticias\\\/#organization\"},\"image\":{\"@id\":\"https:\\\/\\\/www.cuballama.com\\\/noticias\\\/enfermo-mental-desnudo-sobre-busto-de-jose-marti-desata-polemica\\\/#primaryimage\"},\"thumbnailUrl\":\"https:\\\/\\\/cdn1.mediawpaccore.net\\\/wp-content\\\/uploads\\\/2025\\\/02\\\/06124444\\\/Captura-de-pantalla_6-2-2025_124022_www.facebook.com_.jpg\",\"keywords\":[\"destacado\",\"Enfermos mentales\",\"Escasez de medicinas\",\"Jos\u00e9 Mart\u00ed\",\"pol\u00e9mica en redes\",\"salud mental\"],\"articleSection\":[\"Noticias\",\"Noticias de Cuba\"],\"inLanguage\":\"es\",\"potentialAction\":[{\"@type\":\"CommentAction\",\"name\":\"Comment\",\"target\":[\"https:\\\/\\\/www.cuballama.com\\\/noticias\\\/enfermo-mental-desnudo-sobre-busto-de-jose-marti-desata-polemica\\\/#respond\"]}]},{\"@type\":\"WebPage\",\"@id\":\"https:\\\/\\\/www.cuballama.com\\\/noticias\\\/enfermo-mental-desnudo-sobre-busto-de-jose-marti-desata-polemica\\\/\",\"url\":\"https:\\\/\\\/www.cuballama.com\\\/noticias\\\/enfermo-mental-desnudo-sobre-busto-de-jose-marti-desata-polemica\\\/\",\"name\":\"Enfermo mental desnudo sobre busto de Jos\u00e9 Mart\u00ed desata pol\u00e9mica - Cuballama Noticias\",\"isPartOf\":{\"@id\":\"https:\\\/\\\/www.cuballama.com\\\/noticias\\\/#website\"},\"primaryImageOfPage\":{\"@id\":\"https:\\\/\\\/www.cuballama.com\\\/noticias\\\/enfermo-mental-desnudo-sobre-busto-de-jose-marti-desata-polemica\\\/#primaryimage\"},\"image\":{\"@id\":\"https:\\\/\\\/www.cuballama.com\\\/noticias\\\/enfermo-mental-desnudo-sobre-busto-de-jose-marti-desata-polemica\\\/#primaryimage\"},\"thumbnailUrl\":\"https:\\\/\\\/cdn1.mediawpaccore.net\\\/wp-content\\\/uploads\\\/2025\\\/02\\\/06124444\\\/Captura-de-pantalla_6-2-2025_124022_www.facebook.com_.jpg\",\"datePublished\":\"2025-02-06T18:28:23+00:00\",\"dateModified\":\"2025-02-06T19:30:22+00:00\",\"description\":\"Un video en el que aparece un paciente psiqui\u00e1trico ultrajando un busto de Jos\u00e9 Mart\u00ed en la isla ha desatado una amplia pol\u00e9mica.\",\"breadcrumb\":{\"@id\":\"https:\\\/\\\/www.cuballama.com\\\/noticias\\\/enfermo-mental-desnudo-sobre-busto-de-jose-marti-desata-polemica\\\/#breadcrumb\"},\"inLanguage\":\"es\",\"potentialAction\":[{\"@type\":\"ReadAction\",\"target\":[\"https:\\\/\\\/www.cuballama.com\\\/noticias\\\/enfermo-mental-desnudo-sobre-busto-de-jose-marti-desata-polemica\\\/\"]}]},{\"@type\":\"ImageObject\",\"inLanguage\":\"es\",\"@id\":\"https:\\\/\\\/www.cuballama.com\\\/noticias\\\/enfermo-mental-desnudo-sobre-busto-de-jose-marti-desata-polemica\\\/#primaryimage\",\"url\":\"https:\\\/\\\/cdn1.mediawpaccore.net\\\/wp-content\\\/uploads\\\/2025\\\/02\\\/06124444\\\/Captura-de-pantalla_6-2-2025_124022_www.facebook.com_.jpg\",\"contentUrl\":\"https:\\\/\\\/cdn1.mediawpaccore.net\\\/wp-content\\\/uploads\\\/2025\\\/02\\\/06124444\\\/Captura-de-pantalla_6-2-2025_124022_www.facebook.com_.jpg\",\"width\":1200,\"height\":630,\"caption\":\"Enfermo mental sobre busto de Jos\u00e9 Mart\u00ed. Foto: Captura de video\\\/Facebook\\\/Rickee Estrada.\"},{\"@type\":\"BreadcrumbList\",\"@id\":\"https:\\\/\\\/www.cuballama.com\\\/noticias\\\/enfermo-mental-desnudo-sobre-busto-de-jose-marti-desata-polemica\\\/#breadcrumb\",\"itemListElement\":[{\"@type\":\"ListItem\",\"position\":1,\"name\":\"Home\",\"item\":\"https:\\\/\\\/www.cuballama.com\\\/noticias\\\/\"},{\"@type\":\"ListItem\",\"position\":2,\"name\":\"Enfermo mental desnudo sobre busto de Jos\u00e9 Mart\u00ed desata pol\u00e9mica\"}]},{\"@type\":\"WebSite\",\"@id\":\"https:\\\/\\\/www.cuballama.com\\\/noticias\\\/#website\",\"url\":\"https:\\\/\\\/www.cuballama.com\\\/noticias\\\/\",\"name\":\"Cuballama Noticias\",\"description\":\"Medio digital sobre Cuba y el mundo\",\"publisher\":{\"@id\":\"https:\\\/\\\/www.cuballama.com\\\/noticias\\\/#organization\"},\"potentialAction\":[{\"@type\":\"SearchAction\",\"target\":{\"@type\":\"EntryPoint\",\"urlTemplate\":\"https:\\\/\\\/www.cuballama.com\\\/noticias\\\/?s={search_term_string}\"},\"query-input\":{\"@type\":\"PropertyValueSpecification\",\"valueRequired\":true,\"valueName\":\"search_term_string\"}}],\"inLanguage\":\"es\"},{\"@type\":\"Organization\",\"@id\":\"https:\\\/\\\/www.cuballama.com\\\/noticias\\\/#organization\",\"name\":\"Cuballama\",\"url\":\"https:\\\/\\\/www.cuballama.com\\\/noticias\\\/\",\"logo\":{\"@type\":\"ImageObject\",\"inLanguage\":\"es\",\"@id\":\"https:\\\/\\\/www.cuballama.com\\\/noticias\\\/#\\\/schema\\\/logo\\\/image\\\/\",\"url\":\"https:\\\/\\\/cdn1.mediawpaccore.net\\\/wp-content\\\/uploads\\\/2021\\\/12\\\/28171206\\\/cbll-logo-color-sm.png\",\"contentUrl\":\"https:\\\/\\\/cdn1.mediawpaccore.net\\\/wp-content\\\/uploads\\\/2021\\\/12\\\/28171206\\\/cbll-logo-color-sm.png\",\"width\":600,\"height\":133,\"caption\":\"Cuballama\"},\"image\":{\"@id\":\"https:\\\/\\\/www.cuballama.com\\\/noticias\\\/#\\\/schema\\\/logo\\\/image\\\/\"},\"sameAs\":[\"https:\\\/\\\/www.facebook.com\\\/CubaLlama\",\"https:\\\/\\\/x.com\\\/cuballama\",\"https:\\\/\\\/www.instagram.com\\\/stories\\\/cuballama_oficial\\\/\",\"https:\\\/\\\/www.youtube.com\\\/channel\\\/UCKkFE-d_axENGZcrc4as0IA\"]},{\"@type\":\"Person\",\"@id\":\"https:\\\/\\\/www.cuballama.com\\\/noticias\\\/#\\\/schema\\\/person\\\/86cd3e3f4974437f031211213bf892d5\",\"name\":\"Kathy\",\"url\":\"https:\\\/\\\/www.cuballama.com\\\/noticias\\\/author\\\/kathy\\\/\"}]}<\/script>\n<!-- \/ Yoast SEO plugin. -->","yoast_head_json":{"title":"Enfermo mental desnudo sobre busto de Jos\u00e9 Mart\u00ed desata pol\u00e9mica - Cuballama Noticias","description":"Un video en el que aparece un paciente psiqui\u00e1trico ultrajando un busto de Jos\u00e9 Mart\u00ed en la isla ha desatado una amplia pol\u00e9mica.","robots":{"index":"index","follow":"follow","max-snippet":"max-snippet:-1","max-image-preview":"max-image-preview:large","max-video-preview":"max-video-preview:-1"},"canonical":"https:\/\/www.cuballama.com\/noticias\/enfermo-mental-desnudo-sobre-busto-de-jose-marti-desata-polemica\/","og_locale":"es_ES","og_type":"article","og_title":"Enfermo mental desnudo sobre busto de Jos\u00e9 Mart\u00ed desata pol\u00e9mica - Cuballama Noticias","og_description":"Un video en el que aparece un paciente psiqui\u00e1trico ultrajando un busto de Jos\u00e9 Mart\u00ed en la isla ha desatado una amplia pol\u00e9mica.","og_url":"https:\/\/www.cuballama.com\/noticias\/enfermo-mental-desnudo-sobre-busto-de-jose-marti-desata-polemica\/","og_site_name":"Cuballama Noticias","article_publisher":"https:\/\/www.facebook.com\/CubaLlama","article_published_time":"2025-02-06T18:28:23+00:00","article_modified_time":"2025-02-06T19:30:22+00:00","og_image":[{"width":1200,"height":630,"url":"https:\/\/cdn1.mediawpaccore.net\/wp-content\/uploads\/2025\/02\/06124444\/Captura-de-pantalla_6-2-2025_124022_www.facebook.com_.jpg","type":"image\/jpeg"}],"author":"Kathy","twitter_card":"summary_large_image","twitter_creator":"@cuballama","twitter_site":"@cuballama","twitter_misc":{"Escrito por":"Kathy","Tiempo de lectura":"4 minutos"},"schema":{"@context":"https:\/\/schema.org","@graph":[{"@type":"Article","@id":"https:\/\/www.cuballama.com\/noticias\/enfermo-mental-desnudo-sobre-busto-de-jose-marti-desata-polemica\/#article","isPartOf":{"@id":"https:\/\/www.cuballama.com\/noticias\/enfermo-mental-desnudo-sobre-busto-de-jose-marti-desata-polemica\/"},"author":{"name":"Kathy","@id":"https:\/\/www.cuballama.com\/noticias\/#\/schema\/person\/86cd3e3f4974437f031211213bf892d5"},"headline":"Enfermo mental desnudo sobre busto de Jos\u00e9 Mart\u00ed desata pol\u00e9mica","datePublished":"2025-02-06T18:28:23+00:00","dateModified":"2025-02-06T19:30:22+00:00","mainEntityOfPage":{"@id":"https:\/\/www.cuballama.com\/noticias\/enfermo-mental-desnudo-sobre-busto-de-jose-marti-desata-polemica\/"},"wordCount":673,"commentCount":0,"publisher":{"@id":"https:\/\/www.cuballama.com\/noticias\/#organization"},"image":{"@id":"https:\/\/www.cuballama.com\/noticias\/enfermo-mental-desnudo-sobre-busto-de-jose-marti-desata-polemica\/#primaryimage"},"thumbnailUrl":"https:\/\/cdn1.mediawpaccore.net\/wp-content\/uploads\/2025\/02\/06124444\/Captura-de-pantalla_6-2-2025_124022_www.facebook.com_.jpg","keywords":["destacado","Enfermos mentales","Escasez de medicinas","Jos\u00e9 Mart\u00ed","pol\u00e9mica en redes","salud mental"],"articleSection":["Noticias","Noticias de Cuba"],"inLanguage":"es","potentialAction":[{"@type":"CommentAction","name":"Comment","target":["https:\/\/www.cuballama.com\/noticias\/enfermo-mental-desnudo-sobre-busto-de-jose-marti-desata-polemica\/#respond"]}]},{"@type":"WebPage","@id":"https:\/\/www.cuballama.com\/noticias\/enfermo-mental-desnudo-sobre-busto-de-jose-marti-desata-polemica\/","url":"https:\/\/www.cuballama.com\/noticias\/enfermo-mental-desnudo-sobre-busto-de-jose-marti-desata-polemica\/","name":"Enfermo mental desnudo sobre busto de Jos\u00e9 Mart\u00ed desata pol\u00e9mica - Cuballama Noticias","isPartOf":{"@id":"https:\/\/www.cuballama.com\/noticias\/#website"},"primaryImageOfPage":{"@id":"https:\/\/www.cuballama.com\/noticias\/enfermo-mental-desnudo-sobre-busto-de-jose-marti-desata-polemica\/#primaryimage"},"image":{"@id":"https:\/\/www.cuballama.com\/noticias\/enfermo-mental-desnudo-sobre-busto-de-jose-marti-desata-polemica\/#primaryimage"},"thumbnailUrl":"https:\/\/cdn1.mediawpaccore.net\/wp-content\/uploads\/2025\/02\/06124444\/Captura-de-pantalla_6-2-2025_124022_www.facebook.com_.jpg","datePublished":"2025-02-06T18:28:23+00:00","dateModified":"2025-02-06T19:30:22+00:00","description":"Un video en el que aparece un paciente psiqui\u00e1trico ultrajando un busto de Jos\u00e9 Mart\u00ed en la isla ha desatado una amplia pol\u00e9mica.","breadcrumb":{"@id":"https:\/\/www.cuballama.com\/noticias\/enfermo-mental-desnudo-sobre-busto-de-jose-marti-desata-polemica\/#breadcrumb"},"inLanguage":"es","potentialAction":[{"@type":"ReadAction","target":["https:\/\/www.cuballama.com\/noticias\/enfermo-mental-desnudo-sobre-busto-de-jose-marti-desata-polemica\/"]}]},{"@type":"ImageObject","inLanguage":"es","@id":"https:\/\/www.cuballama.com\/noticias\/enfermo-mental-desnudo-sobre-busto-de-jose-marti-desata-polemica\/#primaryimage","url":"https:\/\/cdn1.mediawpaccore.net\/wp-content\/uploads\/2025\/02\/06124444\/Captura-de-pantalla_6-2-2025_124022_www.facebook.com_.jpg","contentUrl":"https:\/\/cdn1.mediawpaccore.net\/wp-content\/uploads\/2025\/02\/06124444\/Captura-de-pantalla_6-2-2025_124022_www.facebook.com_.jpg","width":1200,"height":630,"caption":"Enfermo mental sobre busto de Jos\u00e9 Mart\u00ed. Foto: Captura de video\/Facebook\/Rickee Estrada."},{"@type":"BreadcrumbList","@id":"https:\/\/www.cuballama.com\/noticias\/enfermo-mental-desnudo-sobre-busto-de-jose-marti-desata-polemica\/#breadcrumb","itemListElement":[{"@type":"ListItem","position":1,"name":"Home","item":"https:\/\/www.cuballama.com\/noticias\/"},{"@type":"ListItem","position":2,"name":"Enfermo mental desnudo sobre busto de Jos\u00e9 Mart\u00ed desata pol\u00e9mica"}]},{"@type":"WebSite","@id":"https:\/\/www.cuballama.com\/noticias\/#website","url":"https:\/\/www.cuballama.com\/noticias\/","name":"Cuballama Noticias","description":"Medio digital sobre Cuba y el mundo","publisher":{"@id":"https:\/\/www.cuballama.com\/noticias\/#organization"},"potentialAction":[{"@type":"SearchAction","target":{"@type":"EntryPoint","urlTemplate":"https:\/\/www.cuballama.com\/noticias\/?s={search_term_string}"},"query-input":{"@type":"PropertyValueSpecification","valueRequired":true,"valueName":"search_term_string"}}],"inLanguage":"es"},{"@type":"Organization","@id":"https:\/\/www.cuballama.com\/noticias\/#organization","name":"Cuballama","url":"https:\/\/www.cuballama.com\/noticias\/","logo":{"@type":"ImageObject","inLanguage":"es","@id":"https:\/\/www.cuballama.com\/noticias\/#\/schema\/logo\/image\/","url":"https:\/\/cdn1.mediawpaccore.net\/wp-content\/uploads\/2021\/12\/28171206\/cbll-logo-color-sm.png","contentUrl":"https:\/\/cdn1.mediawpaccore.net\/wp-content\/uploads\/2021\/12\/28171206\/cbll-logo-color-sm.png","width":600,"height":133,"caption":"Cuballama"},"image":{"@id":"https:\/\/www.cuballama.com\/noticias\/#\/schema\/logo\/image\/"},"sameAs":["https:\/\/www.facebook.com\/CubaLlama","https:\/\/x.com\/cuballama","https:\/\/www.instagram.com\/stories\/cuballama_oficial\/","https:\/\/www.youtube.com\/channel\/UCKkFE-d_axENGZcrc4as0IA"]},{"@type":"Person","@id":"https:\/\/www.cuballama.com\/noticias\/#\/schema\/person\/86cd3e3f4974437f031211213bf892d5","name":"Kathy","url":"https:\/\/www.cuballama.com\/noticias\/author\/kathy\/"}]}},"_links":{"self":[{"href":"https:\/\/www.cuballama.com\/noticias\/wp-json\/wp\/v2\/posts\/198077","targetHints":{"allow":["GET"]}}],"collection":[{"href":"https:\/\/www.cuballama.com\/noticias\/wp-json\/wp\/v2\/posts"}],"about":[{"href":"https:\/\/www.cuballama.com\/noticias\/wp-json\/wp\/v2\/types\/post"}],"author":[{"embeddable":true,"href":"https:\/\/www.cuballama.com\/noticias\/wp-json\/wp\/v2\/users\/30"}],"replies":[{"embeddable":true,"href":"https:\/\/www.cuballama.com\/noticias\/wp-json\/wp\/v2\/comments?post=198077"}],"version-history":[{"count":11,"href":"https:\/\/www.cuballama.com\/noticias\/wp-json\/wp\/v2\/posts\/198077\/revisions"}],"predecessor-version":[{"id":198089,"href":"https:\/\/www.cuballama.com\/noticias\/wp-json\/wp\/v2\/posts\/198077\/revisions\/198089"}],"wp:featuredmedia":[{"embeddable":true,"href":"https:\/\/www.cuballama.com\/noticias\/wp-json\/wp\/v2\/media\/198080"}],"wp:attachment":[{"href":"https:\/\/www.cuballama.com\/noticias\/wp-json\/wp\/v2\/media?parent=198077"}],"wp:term":[{"taxonomy":"category","embeddable":true,"href":"https:\/\/www.cuballama.com\/noticias\/wp-json\/wp\/v2\/categories?post=198077"},{"taxonomy":"post_tag","embeddable":true,"href":"https:\/\/www.cuballama.com\/noticias\/wp-json\/wp\/v2\/tags?post=198077"}],"curies":[{"name":"wp","href":"https:\/\/api.w.org\/{rel}","templated":true}]}}