{"id":194520,"date":"2025-01-04T12:43:47","date_gmt":"2025-01-04T17:43:47","guid":{"rendered":"https:\/\/www.cuballama.com\/noticias\/?p=194520"},"modified":"2025-01-04T12:48:43","modified_gmt":"2025-01-04T17:48:43","slug":"policia-detiene-a-sandro-castro-en-la-habana-eso-es-pura-pelicula","status":"publish","type":"post","link":"https:\/\/www.cuballama.com\/noticias\/policia-detiene-a-sandro-castro-en-la-habana-eso-es-pura-pelicula\/","title":{"rendered":"Polic\u00eda detiene a Sandro Castro en La Habana: \u201cEso es pura pel\u00edcula\u201d"},"content":{"rendered":"\n<p>El nieto m\u00e1s medi\u00e1tico del exgobernante cubano Fidel Castro, Sandro Castro, habr\u00eda sido detenido el pasado 24 de diciembre por un polic\u00eda de tr\u00e1nsito en la conocida Quinta Avenida de La Habana, seg\u00fan revel\u00f3 este s\u00e1bado <em>CiberCuba<\/em>.<\/p>\n\n\n\n<p>Las exclusivas im\u00e1genes publicadas por el medio independiente muestran a Castro, que se ha autodenominado como un \u201cjoven revolucionario\u201d o \u201cel rey de la noche\u201d, conversando con el agente mientras \u00e9ste le revisa sus documentos.&nbsp;<\/p>\n\n\n\n<p>Seg\u00fan un testigo de lo sucedido en el municipio de Playa, el pol\u00e9mico due\u00f1o del bar EFE se desplazaba en un autom\u00f3vil de alta gama, cuyo modelo no pudo ser identificado, cuando fue detenido en la conocida arteria de la capital, una de las m\u00e1s transitadas por su abuelo.<\/p>\n\n\n\n<p>De acuerdo con la misma fuente, durante este control de tr\u00e1nsito, que no concluy\u00f3 con una multa, Castro se ve\u00eda relajado y sonriente, lo que se corresponde con la percepci\u00f3n de muchos cubanos sobre el trato diferenciado que reciben los miembros de la \u00e9lite castrista.<\/p>\n\n\n\n<iframe loading=\"lazy\" src=\"https:\/\/www.facebook.com\/plugins\/post.php?href=https%3A%2F%2Fwww.facebook.com%2Fed.dantes.jr%2Fposts%2Fpfbid02ubwkMDah4wz4ovzWA6B6trvP2DsmHu27uYTFmqPeFuZ5Eu84ZwDw85gdA8qfNC8ml&#038;show_text=true&#038;width=500\" width=\"500\" height=\"395\" style=\"border:none;overflow:hidden\" scrolling=\"no\" frameborder=\"0\" allowfullscreen=\"true\" allow=\"autoplay; clipboard-write; encrypted-media; picture-in-picture; web-share\"><\/iframe>\n\n\n\n<p>No en vano muchos internautas han reaccionado a la publicaci\u00f3n resumiendo que la presunta detenci\u00f3n habr\u00eda sido solo un montaje.<\/p>\n\n\n\n<p>\u201cEso no se lo cree nadie\u201d; \u201cEso es pura pel\u00edcula\u201d y \u201cQuisiera saber c\u00f3mo se \u2018filtr\u00f3\u2019 la foto. Esto me huele a premeditaci\u00f3n. \u00bfEl objetivo? Seguir siendo tendencia en redes sociales y desviar la atenci\u00f3n de temas m\u00e1s sensibles para la poblaci\u00f3n\u201d, comentaron al respecto.<\/p>\n\n\n\n<p>En torno a lo que otros han calificado como \u201cotra obra de teatro m\u00e1s\u201d, tambi\u00e9n se hizo referencia a las nefastas consecuencias que podr\u00eda traer para el oficial no conocer al \u201chumilde Sandrito\u201d. \u201cPobrecito, lo cara que le va a salir la ignorancia\u2026\u201d; \u201cSiento que se va para Oriente a pie\u201d y \u201cSolo le estaba pidiendo un aut\u00f3grafo\u201d, dijeron sobre el polic\u00eda.<\/p>\n\n\n\n<p>Hay que recordar que el joven Castro es <a href=\"https:\/\/www.cuballama.com\/noticias\/sandro-castro-agradece-a-la-gente-sencilla-que-fue-a-su-fiesta-de-millonario\/?srsltid=AfmBOooEpkq79R54DxVqFF5Qekkc-K3S8Omo9579EGSMkeRx7DLNXq5m\" target=\"_blank\" rel=\"noreferrer noopener\">tristemente c\u00e9lebre por hacer gala de su ostentoso estilo de vida<\/a> en un pa\u00eds marcado por una severa crisis econ\u00f3mica.<\/p>\n\n\n\n<p>En las \u00faltimas semanas el privilegiado joven ha desatado todo tipo de cr\u00edticas por celebrar lujosas fiestas, mientras especula con impunidad de una realidad inalcanzable para la mayor\u00eda de los cubanos.<\/p>\n\n\n\n<p>En 2021 el propio Castro gener\u00f3 otra amplia ola de malestar social tras alardear de su acceso a veh\u00edculos de lujo.<\/p>\n\n\n\n<p><\/p>\n","protected":false},"excerpt":{"rendered":"<p>Muchos se han preguntado por las consecuencias que podr\u00eda traer para el oficial no conocer al \u201chumilde Sandrito\u201d. <\/p>\n","protected":false},"author":30,"featured_media":194521,"comment_status":"open","ping_status":"closed","sticky":false,"template":"","format":"standard","meta":{"_acf_changed":false,"footnotes":""},"categories":[18,955],"tags":[941,11862,23242,19427,12615,11903,495],"class_list":{"0":"post-194520","1":"post","2":"type-post","3":"status-publish","4":"format-standard","5":"has-post-thumbnail","7":"category-noticias","8":"category-noticias-de-cuba","9":"tag-destacado","10":"tag-detenciones-en-cuba","11":"tag-nieto-de-fidel-castro","12":"tag-polemica-en-redes","13":"tag-policia-cubano","14":"tag-sandro-castro","15":"tag-transito"},"acf":[],"yoast_head":"<!-- This site is optimized with the Yoast SEO plugin v27.5 - https:\/\/yoast.com\/product\/yoast-seo-wordpress\/ -->\n<title>Polic\u00eda detiene a Sandro Castro en La Habana: \u201cEso es pura pel\u00edcula\u201d - Cuballama Noticias<\/title>\n<meta name=\"description\" content=\"El nieto del exgobernante cubano Fidel Castro, Sandro Castro, habr\u00eda sido detenido por un polic\u00eda en La Habana.\" \/>\n<meta name=\"robots\" content=\"index, follow, max-snippet:-1, max-image-preview:large, max-video-preview:-1\" \/>\n<link rel=\"canonical\" href=\"https:\/\/www.cuballama.com\/noticias\/policia-detiene-a-sandro-castro-en-la-habana-eso-es-pura-pelicula\/\" \/>\n<meta property=\"og:locale\" content=\"es_ES\" \/>\n<meta property=\"og:type\" content=\"article\" \/>\n<meta property=\"og:title\" content=\"Polic\u00eda detiene a Sandro Castro en La Habana: \u201cEso es pura pel\u00edcula\u201d - Cuballama Noticias\" \/>\n<meta property=\"og:description\" content=\"El nieto del exgobernante cubano Fidel Castro, Sandro Castro, habr\u00eda sido detenido por un polic\u00eda en La Habana.\" \/>\n<meta property=\"og:url\" content=\"https:\/\/www.cuballama.com\/noticias\/policia-detiene-a-sandro-castro-en-la-habana-eso-es-pura-pelicula\/\" \/>\n<meta property=\"og:site_name\" content=\"Cuballama Noticias\" \/>\n<meta property=\"article:publisher\" content=\"https:\/\/www.facebook.com\/CubaLlama\" \/>\n<meta property=\"article:published_time\" content=\"2025-01-04T17:43:47+00:00\" \/>\n<meta property=\"article:modified_time\" content=\"2025-01-04T17:48:43+00:00\" \/>\n<meta property=\"og:image\" content=\"https:\/\/cdn1.mediawpaccore.net\/wp-content\/uploads\/2025\/01\/04120619\/472160051_1574572103935101_6162204422528987769_n1.jpg\" \/>\n\t<meta property=\"og:image:width\" content=\"1200\" \/>\n\t<meta property=\"og:image:height\" content=\"630\" \/>\n\t<meta property=\"og:image:type\" content=\"image\/jpeg\" \/>\n<meta name=\"author\" content=\"Kathy\" \/>\n<meta name=\"twitter:card\" content=\"summary_large_image\" \/>\n<meta name=\"twitter:creator\" content=\"@cuballama\" \/>\n<meta name=\"twitter:site\" content=\"@cuballama\" \/>\n<meta name=\"twitter:label1\" content=\"Escrito por\" \/>\n\t<meta name=\"twitter:data1\" content=\"Kathy\" \/>\n\t<meta name=\"twitter:label2\" content=\"Tiempo de lectura\" \/>\n\t<meta name=\"twitter:data2\" content=\"2 minutos\" \/>\n<script type=\"application\/ld+json\" class=\"yoast-schema-graph\">{\"@context\":\"https:\\\/\\\/schema.org\",\"@graph\":[{\"@type\":\"Article\",\"@id\":\"https:\\\/\\\/www.cuballama.com\\\/noticias\\\/policia-detiene-a-sandro-castro-en-la-habana-eso-es-pura-pelicula\\\/#article\",\"isPartOf\":{\"@id\":\"https:\\\/\\\/www.cuballama.com\\\/noticias\\\/policia-detiene-a-sandro-castro-en-la-habana-eso-es-pura-pelicula\\\/\"},\"author\":{\"name\":\"Kathy\",\"@id\":\"https:\\\/\\\/www.cuballama.com\\\/noticias\\\/#\\\/schema\\\/person\\\/86cd3e3f4974437f031211213bf892d5\"},\"headline\":\"Polic\u00eda detiene a Sandro Castro en La Habana: \u201cEso es pura pel\u00edcula\u201d\",\"datePublished\":\"2025-01-04T17:43:47+00:00\",\"dateModified\":\"2025-01-04T17:48:43+00:00\",\"mainEntityOfPage\":{\"@id\":\"https:\\\/\\\/www.cuballama.com\\\/noticias\\\/policia-detiene-a-sandro-castro-en-la-habana-eso-es-pura-pelicula\\\/\"},\"wordCount\":422,\"commentCount\":0,\"publisher\":{\"@id\":\"https:\\\/\\\/www.cuballama.com\\\/noticias\\\/#organization\"},\"image\":{\"@id\":\"https:\\\/\\\/www.cuballama.com\\\/noticias\\\/policia-detiene-a-sandro-castro-en-la-habana-eso-es-pura-pelicula\\\/#primaryimage\"},\"thumbnailUrl\":\"https:\\\/\\\/cdn1.mediawpaccore.net\\\/wp-content\\\/uploads\\\/2025\\\/01\\\/04120619\\\/472160051_1574572103935101_6162204422528987769_n1.jpg\",\"keywords\":[\"destacado\",\"detenciones en Cuba\",\"nieto de Fidel Castro\",\"pol\u00e9mica en redes\",\"polic\u00eda cubano\",\"Sandro Castro\",\"Tr\u00e1nsito\"],\"articleSection\":[\"Noticias\",\"Noticias de Cuba\"],\"inLanguage\":\"es\",\"potentialAction\":[{\"@type\":\"CommentAction\",\"name\":\"Comment\",\"target\":[\"https:\\\/\\\/www.cuballama.com\\\/noticias\\\/policia-detiene-a-sandro-castro-en-la-habana-eso-es-pura-pelicula\\\/#respond\"]}]},{\"@type\":\"WebPage\",\"@id\":\"https:\\\/\\\/www.cuballama.com\\\/noticias\\\/policia-detiene-a-sandro-castro-en-la-habana-eso-es-pura-pelicula\\\/\",\"url\":\"https:\\\/\\\/www.cuballama.com\\\/noticias\\\/policia-detiene-a-sandro-castro-en-la-habana-eso-es-pura-pelicula\\\/\",\"name\":\"Polic\u00eda detiene a Sandro Castro en La Habana: \u201cEso es pura pel\u00edcula\u201d - Cuballama Noticias\",\"isPartOf\":{\"@id\":\"https:\\\/\\\/www.cuballama.com\\\/noticias\\\/#website\"},\"primaryImageOfPage\":{\"@id\":\"https:\\\/\\\/www.cuballama.com\\\/noticias\\\/policia-detiene-a-sandro-castro-en-la-habana-eso-es-pura-pelicula\\\/#primaryimage\"},\"image\":{\"@id\":\"https:\\\/\\\/www.cuballama.com\\\/noticias\\\/policia-detiene-a-sandro-castro-en-la-habana-eso-es-pura-pelicula\\\/#primaryimage\"},\"thumbnailUrl\":\"https:\\\/\\\/cdn1.mediawpaccore.net\\\/wp-content\\\/uploads\\\/2025\\\/01\\\/04120619\\\/472160051_1574572103935101_6162204422528987769_n1.jpg\",\"datePublished\":\"2025-01-04T17:43:47+00:00\",\"dateModified\":\"2025-01-04T17:48:43+00:00\",\"description\":\"El nieto del exgobernante cubano Fidel Castro, Sandro Castro, habr\u00eda sido detenido por un polic\u00eda en La Habana.\",\"breadcrumb\":{\"@id\":\"https:\\\/\\\/www.cuballama.com\\\/noticias\\\/policia-detiene-a-sandro-castro-en-la-habana-eso-es-pura-pelicula\\\/#breadcrumb\"},\"inLanguage\":\"es\",\"potentialAction\":[{\"@type\":\"ReadAction\",\"target\":[\"https:\\\/\\\/www.cuballama.com\\\/noticias\\\/policia-detiene-a-sandro-castro-en-la-habana-eso-es-pura-pelicula\\\/\"]}]},{\"@type\":\"ImageObject\",\"inLanguage\":\"es\",\"@id\":\"https:\\\/\\\/www.cuballama.com\\\/noticias\\\/policia-detiene-a-sandro-castro-en-la-habana-eso-es-pura-pelicula\\\/#primaryimage\",\"url\":\"https:\\\/\\\/cdn1.mediawpaccore.net\\\/wp-content\\\/uploads\\\/2025\\\/01\\\/04120619\\\/472160051_1574572103935101_6162204422528987769_n1.jpg\",\"contentUrl\":\"https:\\\/\\\/cdn1.mediawpaccore.net\\\/wp-content\\\/uploads\\\/2025\\\/01\\\/04120619\\\/472160051_1574572103935101_6162204422528987769_n1.jpg\",\"width\":1200,\"height\":630,\"caption\":\"Sandro Castro detenido por un polic\u00eda. Foto: Facebook\\\/CiberCuba.\"},{\"@type\":\"BreadcrumbList\",\"@id\":\"https:\\\/\\\/www.cuballama.com\\\/noticias\\\/policia-detiene-a-sandro-castro-en-la-habana-eso-es-pura-pelicula\\\/#breadcrumb\",\"itemListElement\":[{\"@type\":\"ListItem\",\"position\":1,\"name\":\"Home\",\"item\":\"https:\\\/\\\/www.cuballama.com\\\/noticias\\\/\"},{\"@type\":\"ListItem\",\"position\":2,\"name\":\"Polic\u00eda detiene a Sandro Castro en La Habana: \u201cEso es pura pel\u00edcula\u201d\"}]},{\"@type\":\"WebSite\",\"@id\":\"https:\\\/\\\/www.cuballama.com\\\/noticias\\\/#website\",\"url\":\"https:\\\/\\\/www.cuballama.com\\\/noticias\\\/\",\"name\":\"Cuballama Noticias\",\"description\":\"Medio digital sobre Cuba y el mundo\",\"publisher\":{\"@id\":\"https:\\\/\\\/www.cuballama.com\\\/noticias\\\/#organization\"},\"potentialAction\":[{\"@type\":\"SearchAction\",\"target\":{\"@type\":\"EntryPoint\",\"urlTemplate\":\"https:\\\/\\\/www.cuballama.com\\\/noticias\\\/?s={search_term_string}\"},\"query-input\":{\"@type\":\"PropertyValueSpecification\",\"valueRequired\":true,\"valueName\":\"search_term_string\"}}],\"inLanguage\":\"es\"},{\"@type\":\"Organization\",\"@id\":\"https:\\\/\\\/www.cuballama.com\\\/noticias\\\/#organization\",\"name\":\"Cuballama\",\"url\":\"https:\\\/\\\/www.cuballama.com\\\/noticias\\\/\",\"logo\":{\"@type\":\"ImageObject\",\"inLanguage\":\"es\",\"@id\":\"https:\\\/\\\/www.cuballama.com\\\/noticias\\\/#\\\/schema\\\/logo\\\/image\\\/\",\"url\":\"https:\\\/\\\/cdn1.mediawpaccore.net\\\/wp-content\\\/uploads\\\/2021\\\/12\\\/28171206\\\/cbll-logo-color-sm.png\",\"contentUrl\":\"https:\\\/\\\/cdn1.mediawpaccore.net\\\/wp-content\\\/uploads\\\/2021\\\/12\\\/28171206\\\/cbll-logo-color-sm.png\",\"width\":600,\"height\":133,\"caption\":\"Cuballama\"},\"image\":{\"@id\":\"https:\\\/\\\/www.cuballama.com\\\/noticias\\\/#\\\/schema\\\/logo\\\/image\\\/\"},\"sameAs\":[\"https:\\\/\\\/www.facebook.com\\\/CubaLlama\",\"https:\\\/\\\/x.com\\\/cuballama\",\"https:\\\/\\\/www.instagram.com\\\/stories\\\/cuballama_oficial\\\/\",\"https:\\\/\\\/www.youtube.com\\\/channel\\\/UCKkFE-d_axENGZcrc4as0IA\"]},{\"@type\":\"Person\",\"@id\":\"https:\\\/\\\/www.cuballama.com\\\/noticias\\\/#\\\/schema\\\/person\\\/86cd3e3f4974437f031211213bf892d5\",\"name\":\"Kathy\",\"url\":\"https:\\\/\\\/www.cuballama.com\\\/noticias\\\/author\\\/kathy\\\/\"}]}<\/script>\n<!-- \/ Yoast SEO plugin. -->","yoast_head_json":{"title":"Polic\u00eda detiene a Sandro Castro en La Habana: \u201cEso es pura pel\u00edcula\u201d - Cuballama Noticias","description":"El nieto del exgobernante cubano Fidel Castro, Sandro Castro, habr\u00eda sido detenido por un polic\u00eda en La Habana.","robots":{"index":"index","follow":"follow","max-snippet":"max-snippet:-1","max-image-preview":"max-image-preview:large","max-video-preview":"max-video-preview:-1"},"canonical":"https:\/\/www.cuballama.com\/noticias\/policia-detiene-a-sandro-castro-en-la-habana-eso-es-pura-pelicula\/","og_locale":"es_ES","og_type":"article","og_title":"Polic\u00eda detiene a Sandro Castro en La Habana: \u201cEso es pura pel\u00edcula\u201d - Cuballama Noticias","og_description":"El nieto del exgobernante cubano Fidel Castro, Sandro Castro, habr\u00eda sido detenido por un polic\u00eda en La Habana.","og_url":"https:\/\/www.cuballama.com\/noticias\/policia-detiene-a-sandro-castro-en-la-habana-eso-es-pura-pelicula\/","og_site_name":"Cuballama Noticias","article_publisher":"https:\/\/www.facebook.com\/CubaLlama","article_published_time":"2025-01-04T17:43:47+00:00","article_modified_time":"2025-01-04T17:48:43+00:00","og_image":[{"width":1200,"height":630,"url":"https:\/\/cdn1.mediawpaccore.net\/wp-content\/uploads\/2025\/01\/04120619\/472160051_1574572103935101_6162204422528987769_n1.jpg","type":"image\/jpeg"}],"author":"Kathy","twitter_card":"summary_large_image","twitter_creator":"@cuballama","twitter_site":"@cuballama","twitter_misc":{"Escrito por":"Kathy","Tiempo de lectura":"2 minutos"},"schema":{"@context":"https:\/\/schema.org","@graph":[{"@type":"Article","@id":"https:\/\/www.cuballama.com\/noticias\/policia-detiene-a-sandro-castro-en-la-habana-eso-es-pura-pelicula\/#article","isPartOf":{"@id":"https:\/\/www.cuballama.com\/noticias\/policia-detiene-a-sandro-castro-en-la-habana-eso-es-pura-pelicula\/"},"author":{"name":"Kathy","@id":"https:\/\/www.cuballama.com\/noticias\/#\/schema\/person\/86cd3e3f4974437f031211213bf892d5"},"headline":"Polic\u00eda detiene a Sandro Castro en La Habana: \u201cEso es pura pel\u00edcula\u201d","datePublished":"2025-01-04T17:43:47+00:00","dateModified":"2025-01-04T17:48:43+00:00","mainEntityOfPage":{"@id":"https:\/\/www.cuballama.com\/noticias\/policia-detiene-a-sandro-castro-en-la-habana-eso-es-pura-pelicula\/"},"wordCount":422,"commentCount":0,"publisher":{"@id":"https:\/\/www.cuballama.com\/noticias\/#organization"},"image":{"@id":"https:\/\/www.cuballama.com\/noticias\/policia-detiene-a-sandro-castro-en-la-habana-eso-es-pura-pelicula\/#primaryimage"},"thumbnailUrl":"https:\/\/cdn1.mediawpaccore.net\/wp-content\/uploads\/2025\/01\/04120619\/472160051_1574572103935101_6162204422528987769_n1.jpg","keywords":["destacado","detenciones en Cuba","nieto de Fidel Castro","pol\u00e9mica en redes","polic\u00eda cubano","Sandro Castro","Tr\u00e1nsito"],"articleSection":["Noticias","Noticias de Cuba"],"inLanguage":"es","potentialAction":[{"@type":"CommentAction","name":"Comment","target":["https:\/\/www.cuballama.com\/noticias\/policia-detiene-a-sandro-castro-en-la-habana-eso-es-pura-pelicula\/#respond"]}]},{"@type":"WebPage","@id":"https:\/\/www.cuballama.com\/noticias\/policia-detiene-a-sandro-castro-en-la-habana-eso-es-pura-pelicula\/","url":"https:\/\/www.cuballama.com\/noticias\/policia-detiene-a-sandro-castro-en-la-habana-eso-es-pura-pelicula\/","name":"Polic\u00eda detiene a Sandro Castro en La Habana: \u201cEso es pura pel\u00edcula\u201d - Cuballama Noticias","isPartOf":{"@id":"https:\/\/www.cuballama.com\/noticias\/#website"},"primaryImageOfPage":{"@id":"https:\/\/www.cuballama.com\/noticias\/policia-detiene-a-sandro-castro-en-la-habana-eso-es-pura-pelicula\/#primaryimage"},"image":{"@id":"https:\/\/www.cuballama.com\/noticias\/policia-detiene-a-sandro-castro-en-la-habana-eso-es-pura-pelicula\/#primaryimage"},"thumbnailUrl":"https:\/\/cdn1.mediawpaccore.net\/wp-content\/uploads\/2025\/01\/04120619\/472160051_1574572103935101_6162204422528987769_n1.jpg","datePublished":"2025-01-04T17:43:47+00:00","dateModified":"2025-01-04T17:48:43+00:00","description":"El nieto del exgobernante cubano Fidel Castro, Sandro Castro, habr\u00eda sido detenido por un polic\u00eda en La Habana.","breadcrumb":{"@id":"https:\/\/www.cuballama.com\/noticias\/policia-detiene-a-sandro-castro-en-la-habana-eso-es-pura-pelicula\/#breadcrumb"},"inLanguage":"es","potentialAction":[{"@type":"ReadAction","target":["https:\/\/www.cuballama.com\/noticias\/policia-detiene-a-sandro-castro-en-la-habana-eso-es-pura-pelicula\/"]}]},{"@type":"ImageObject","inLanguage":"es","@id":"https:\/\/www.cuballama.com\/noticias\/policia-detiene-a-sandro-castro-en-la-habana-eso-es-pura-pelicula\/#primaryimage","url":"https:\/\/cdn1.mediawpaccore.net\/wp-content\/uploads\/2025\/01\/04120619\/472160051_1574572103935101_6162204422528987769_n1.jpg","contentUrl":"https:\/\/cdn1.mediawpaccore.net\/wp-content\/uploads\/2025\/01\/04120619\/472160051_1574572103935101_6162204422528987769_n1.jpg","width":1200,"height":630,"caption":"Sandro Castro detenido por un polic\u00eda. Foto: Facebook\/CiberCuba."},{"@type":"BreadcrumbList","@id":"https:\/\/www.cuballama.com\/noticias\/policia-detiene-a-sandro-castro-en-la-habana-eso-es-pura-pelicula\/#breadcrumb","itemListElement":[{"@type":"ListItem","position":1,"name":"Home","item":"https:\/\/www.cuballama.com\/noticias\/"},{"@type":"ListItem","position":2,"name":"Polic\u00eda detiene a Sandro Castro en La Habana: \u201cEso es pura pel\u00edcula\u201d"}]},{"@type":"WebSite","@id":"https:\/\/www.cuballama.com\/noticias\/#website","url":"https:\/\/www.cuballama.com\/noticias\/","name":"Cuballama Noticias","description":"Medio digital sobre Cuba y el mundo","publisher":{"@id":"https:\/\/www.cuballama.com\/noticias\/#organization"},"potentialAction":[{"@type":"SearchAction","target":{"@type":"EntryPoint","urlTemplate":"https:\/\/www.cuballama.com\/noticias\/?s={search_term_string}"},"query-input":{"@type":"PropertyValueSpecification","valueRequired":true,"valueName":"search_term_string"}}],"inLanguage":"es"},{"@type":"Organization","@id":"https:\/\/www.cuballama.com\/noticias\/#organization","name":"Cuballama","url":"https:\/\/www.cuballama.com\/noticias\/","logo":{"@type":"ImageObject","inLanguage":"es","@id":"https:\/\/www.cuballama.com\/noticias\/#\/schema\/logo\/image\/","url":"https:\/\/cdn1.mediawpaccore.net\/wp-content\/uploads\/2021\/12\/28171206\/cbll-logo-color-sm.png","contentUrl":"https:\/\/cdn1.mediawpaccore.net\/wp-content\/uploads\/2021\/12\/28171206\/cbll-logo-color-sm.png","width":600,"height":133,"caption":"Cuballama"},"image":{"@id":"https:\/\/www.cuballama.com\/noticias\/#\/schema\/logo\/image\/"},"sameAs":["https:\/\/www.facebook.com\/CubaLlama","https:\/\/x.com\/cuballama","https:\/\/www.instagram.com\/stories\/cuballama_oficial\/","https:\/\/www.youtube.com\/channel\/UCKkFE-d_axENGZcrc4as0IA"]},{"@type":"Person","@id":"https:\/\/www.cuballama.com\/noticias\/#\/schema\/person\/86cd3e3f4974437f031211213bf892d5","name":"Kathy","url":"https:\/\/www.cuballama.com\/noticias\/author\/kathy\/"}]}},"_links":{"self":[{"href":"https:\/\/www.cuballama.com\/noticias\/wp-json\/wp\/v2\/posts\/194520","targetHints":{"allow":["GET"]}}],"collection":[{"href":"https:\/\/www.cuballama.com\/noticias\/wp-json\/wp\/v2\/posts"}],"about":[{"href":"https:\/\/www.cuballama.com\/noticias\/wp-json\/wp\/v2\/types\/post"}],"author":[{"embeddable":true,"href":"https:\/\/www.cuballama.com\/noticias\/wp-json\/wp\/v2\/users\/30"}],"replies":[{"embeddable":true,"href":"https:\/\/www.cuballama.com\/noticias\/wp-json\/wp\/v2\/comments?post=194520"}],"version-history":[{"count":7,"href":"https:\/\/www.cuballama.com\/noticias\/wp-json\/wp\/v2\/posts\/194520\/revisions"}],"predecessor-version":[{"id":194535,"href":"https:\/\/www.cuballama.com\/noticias\/wp-json\/wp\/v2\/posts\/194520\/revisions\/194535"}],"wp:featuredmedia":[{"embeddable":true,"href":"https:\/\/www.cuballama.com\/noticias\/wp-json\/wp\/v2\/media\/194521"}],"wp:attachment":[{"href":"https:\/\/www.cuballama.com\/noticias\/wp-json\/wp\/v2\/media?parent=194520"}],"wp:term":[{"taxonomy":"category","embeddable":true,"href":"https:\/\/www.cuballama.com\/noticias\/wp-json\/wp\/v2\/categories?post=194520"},{"taxonomy":"post_tag","embeddable":true,"href":"https:\/\/www.cuballama.com\/noticias\/wp-json\/wp\/v2\/tags?post=194520"}],"curies":[{"name":"wp","href":"https:\/\/api.w.org\/{rel}","templated":true}]}}