{"id":194473,"date":"2025-01-03T14:12:09","date_gmt":"2025-01-03T19:12:09","guid":{"rendered":"https:\/\/www.cuballama.com\/noticias\/?p=194473"},"modified":"2025-11-09T10:00:44","modified_gmt":"2025-11-09T15:00:44","slug":"evitan-que-cubana-se-suicidara-tras-lanzarse-a-la-linea-del-tren","status":"publish","type":"post","link":"https:\/\/www.cuballama.com\/noticias\/evitan-que-cubana-se-suicidara-tras-lanzarse-a-la-linea-del-tren\/","title":{"rendered":"Evitan que cubana se suicidara tras lanzarse a la l\u00ednea del tren"},"content":{"rendered":"\n<p>Un maquinista cubano pudo evitar que una mujer se quitara la vida en la l\u00ednea del tren de Luyan\u00f3, en el habanero municipio de Diez de Octubre, este viernes 3 de enero.<\/p>\n\n\n\n<p>Seg\u00fan varios reportes en redes sociales, la mujer, que al parecer es joven, se hab\u00eda tirado frente a la l\u00ednea con la intenci\u00f3n de suicidarse, pero afortunadamente el hombre que manejaba el tren pudo detenerlo y logr\u00f3 salvarla.<\/p>\n\n\n\n<p>\u201cEn Cuba nadie tiene ganas de vivir\u201d, resumi\u00f3 el periodista de <em>Univisi\u00f3n 23<\/em>, Mario Vallejo, al pie de un video en el que se ven dos hombres y una mujer intentando que la mujer que atent\u00f3 contra su vida se levante del riel del tren, en el que insist\u00eda en permanecer sentada.<\/p>\n\n\n\n<p>Este intento de suicidio, del que se desconocen hasta el momento otros detalles, despert\u00f3 enseguida el lamento de muchos internautas que entienden que \u201cen Cuba se vive con estr\u00e9s y depresi\u00f3n\u201d, ya que \u201cla miseria y la escasez abunda en los hogares de un cubano de a pie\u201d.<\/p>\n\n\n\n<p>\u201cEl salario mensual de un trabajador no alcanza para alimentar a sus hijos\u2026 Cualquiera se vuelve loco\u201d, dijo la madre cubana Mariannis Dom\u00ednguez.<\/p>\n\n\n\n<iframe loading=\"lazy\" src=\"https:\/\/www.facebook.com\/plugins\/video.php?height=476&#038;href=https%3A%2F%2Fwww.facebook.com%2FMVallej\noTV%2Fvideos%2F928755205612584%2F&#038;show_text=false&#038;width=267&#038;t=0\" width=\"267\" height=\"476\" style=\"border:none;overflow:hidden\" scrolling=\"no\" frameborder=\"0\" allowfullscreen=\"true\" allow=\"autoplay; clipboard-write; encrypted-media; picture-in-picture; web-share\" allowFullScreen=\"true\"><\/iframe>\n\n\n\n<p>Mientras, el usuario Ernesto Manuel Sarduy confirm\u00f3 que es \u201cmuy triste\u201d ver \u201cc\u00f3mo la situaci\u00f3n corroe y lacera la salud mental de nosotros los cubanos\u201d. \u201cDesgraciadamente se vive con demasiado estr\u00e9s y preocupaciones diarias. El costo de la vida, la crisis, la escasez de alimentos y de medicinas, los apagones, la situaci\u00f3n tan compleja de ni\u00f1os y de ancianos en las familias, en fin, todo esto se convierte en el d\u00eda a d\u00eda y muchos, al acumular tantos problemas, la \u00fanica soluci\u00f3n que encuentran es esta\u201d, argument\u00f3.<\/p>\n\n\n\n<p>\u201cPobrecita. No es f\u00e1cil la vida sin dinero y con hambre y miseria. Claro, todo el mundo atormentado por culpa del gobierno\u201d, se\u00f1al\u00f3 otra persona al hacer referencia a c\u00f3mo la profunda crisis econ\u00f3mica que existe en Cuba ha disparado el n\u00famero de suicidios.<\/p>\n\n\n\n<p>En diciembre de 2023 una psic\u00f3loga cubana revel\u00f3 a <em>Diario de Las Am\u00e9ricas<\/em> que en los \u00faltimos cuatro a\u00f1os los suicidios y las conductas suicidas hab\u00edan aumentado un 23% en Diez de Octubre, el municipio m\u00e1s poblado de la capital y el tercero del pa\u00eds detr\u00e1s de los municipios cabeceras de Santiago de Cuba y de Holgu\u00edn.&nbsp;<\/p>\n\n\n\n<iframe loading=\"lazy\" src=\"https:\/\/www.facebook.com\/plugins\/video.php?height=476&#038;href=https%3A%2F%2Fwww.facebook.com%2Fmichaela.bremer.9%2Fvideos%2F519861481097816%2F&#038;show_text=false&#038;width=267&#038;t=0\" width=\"267\" height=\"476\" style=\"border:none;overflow:hidden\" scrolling=\"no\" frameborder=\"0\" allowfullscreen=\"true\" allow=\"autoplay; clipboard-write; encrypted-media; picture-in-picture; web-share\" allowFullScreen=\"true\"><\/iframe>\n\n\n\n<p>Entonces la experta destac\u00f3 que, si bien \u201chace una d\u00e9cada\u201d \u201cla mayor parte de los que se quitaban la vida, o lo intentaban, eran personas de la tercera edad, principalmente hombres que viv\u00edan solos\u201d, se hab\u00eda disparado el suicidio de j\u00f3venes y adolescentes en edades comprendidas entre los 12 y 35 a\u00f1os.<\/p>\n\n\n\n<p>Ese mismo a\u00f1o, ante el aumento de los casos registrados, el ministro de Salud P\u00fablica, Jos\u00e9 \u00c1ngel Portal Miranda, reconoci\u00f3 mediante un informe que las \u201clesiones autoinfligidas intencionalmente\u201d, que es como le llama el oficialismo al suicidio, est\u00e1n entre las primeras diez causas de muerte en la isla.<\/p>\n\n\n\n<p>Hay que tener en cuenta que desde los a\u00f1os 80 Cuba presenta <a href=\"https:\/\/www.cuballama.com\/noticias\/joven-que-cumplia-el-servicio-militar-en-cuba-muere-tras-lanzarse-de-un-omnibus\/?srsltid=AfmBOoqKSQ-YVp3iURj7qvrNC4tErr-uP-42msWllY9VQPX6DR_UkwLj\" target=\"_blank\" rel=\"noreferrer noopener\">uno de los \u00edndices m\u00e1s altos de suicidio en Am\u00e9rica Latina y el Caribe<\/a>.<\/p>\n\n\n\n<p>Seg\u00fan public\u00f3 el Banco Mundial en su actualizaci\u00f3n de 2019, la tasa de mortalidad por esta causa en la isla es de 14,5 por cada 100.000 habitantes (por encima de la media global de 9,49).<\/p>\n\n\n\n<p>Pese a la falta de datos y fuentes fiables, se sabe que, seg\u00fan datos de la Oficina Nacional de Informaci\u00f3n y Estad\u00edsticas, en 2019 se registraron 1.467 muertes por \u201clesiones autoinfligidas intencionalmente\u201d; 1.556 en 2020; y 1.789 en 2021.<\/p>\n\n\n\n<p><\/p>\n","protected":false},"excerpt":{"rendered":"<p>\u201cCualquiera se vuelve loco\u201d, resumi\u00f3 una internauta sobre el intento de suicidio que tuvo lugar en La Habana.<\/p>\n","protected":false},"author":30,"featured_media":194475,"comment_status":"open","ping_status":"closed","sticky":false,"template":"","format":"standard","meta":{"_acf_changed":false,"footnotes":""},"categories":[18,955],"tags":[10867,63,941,10960],"class_list":{"0":"post-194473","1":"post","2":"type-post","3":"status-publish","4":"format-standard","5":"has-post-thumbnail","7":"category-noticias","8":"category-noticias-de-cuba","9":"tag-crisis-en-cuba","10":"tag-cubana","11":"tag-destacado","12":"tag-suicidio-en-cuba"},"acf":[],"yoast_head":"<!-- This site is optimized with the Yoast SEO plugin v27.5 - https:\/\/yoast.com\/product\/yoast-seo-wordpress\/ -->\n<title>Evitan que cubana se suicidara tras lanzarse a la l\u00ednea del tren - Cuballama Noticias<\/title>\n<meta name=\"description\" content=\"Un cubano pudo evitar que una mujer se quitara la vida en el barrio habanero de Luyan\u00f3 este viernes 3 de enero.\" \/>\n<meta name=\"robots\" content=\"index, follow, max-snippet:-1, max-image-preview:large, max-video-preview:-1\" \/>\n<link rel=\"canonical\" href=\"https:\/\/www.cuballama.com\/noticias\/evitan-que-cubana-se-suicidara-tras-lanzarse-a-la-linea-del-tren\/\" \/>\n<meta property=\"og:locale\" content=\"es_ES\" \/>\n<meta property=\"og:type\" content=\"article\" \/>\n<meta property=\"og:title\" content=\"Evitan que cubana se suicidara tras lanzarse a la l\u00ednea del tren - Cuballama Noticias\" \/>\n<meta property=\"og:description\" content=\"Un cubano pudo evitar que una mujer se quitara la vida en el barrio habanero de Luyan\u00f3 este viernes 3 de enero.\" \/>\n<meta property=\"og:url\" content=\"https:\/\/www.cuballama.com\/noticias\/evitan-que-cubana-se-suicidara-tras-lanzarse-a-la-linea-del-tren\/\" \/>\n<meta property=\"og:site_name\" content=\"Cuballama Noticias\" \/>\n<meta property=\"article:publisher\" content=\"https:\/\/www.facebook.com\/CubaLlama\" \/>\n<meta property=\"article:published_time\" content=\"2025-01-03T19:12:09+00:00\" \/>\n<meta property=\"article:modified_time\" content=\"2025-11-09T15:00:44+00:00\" \/>\n<meta property=\"og:image\" content=\"https:\/\/cdn1.mediawpaccore.net\/wp-content\/uploads\/2025\/01\/03133433\/Square-4x41-1.jpg\" \/>\n\t<meta property=\"og:image:width\" content=\"1200\" \/>\n\t<meta property=\"og:image:height\" content=\"630\" \/>\n\t<meta property=\"og:image:type\" content=\"image\/jpeg\" \/>\n<meta name=\"author\" content=\"Kathy\" \/>\n<meta name=\"twitter:card\" content=\"summary_large_image\" \/>\n<meta name=\"twitter:creator\" content=\"@cuballama\" \/>\n<meta name=\"twitter:site\" content=\"@cuballama\" \/>\n<meta name=\"twitter:label1\" content=\"Escrito por\" \/>\n\t<meta name=\"twitter:data1\" content=\"Kathy\" \/>\n\t<meta name=\"twitter:label2\" content=\"Tiempo de lectura\" \/>\n\t<meta name=\"twitter:data2\" content=\"3 minutos\" \/>\n<script type=\"application\/ld+json\" class=\"yoast-schema-graph\">{\"@context\":\"https:\\\/\\\/schema.org\",\"@graph\":[{\"@type\":\"Article\",\"@id\":\"https:\\\/\\\/www.cuballama.com\\\/noticias\\\/evitan-que-cubana-se-suicidara-tras-lanzarse-a-la-linea-del-tren\\\/#article\",\"isPartOf\":{\"@id\":\"https:\\\/\\\/www.cuballama.com\\\/noticias\\\/evitan-que-cubana-se-suicidara-tras-lanzarse-a-la-linea-del-tren\\\/\"},\"author\":{\"name\":\"Kathy\",\"@id\":\"https:\\\/\\\/www.cuballama.com\\\/noticias\\\/#\\\/schema\\\/person\\\/86cd3e3f4974437f031211213bf892d5\"},\"headline\":\"Evitan que cubana se suicidara tras lanzarse a la l\u00ednea del tren\",\"datePublished\":\"2025-01-03T19:12:09+00:00\",\"dateModified\":\"2025-11-09T15:00:44+00:00\",\"mainEntityOfPage\":{\"@id\":\"https:\\\/\\\/www.cuballama.com\\\/noticias\\\/evitan-que-cubana-se-suicidara-tras-lanzarse-a-la-linea-del-tren\\\/\"},\"wordCount\":625,\"commentCount\":0,\"publisher\":{\"@id\":\"https:\\\/\\\/www.cuballama.com\\\/noticias\\\/#organization\"},\"image\":{\"@id\":\"https:\\\/\\\/www.cuballama.com\\\/noticias\\\/evitan-que-cubana-se-suicidara-tras-lanzarse-a-la-linea-del-tren\\\/#primaryimage\"},\"thumbnailUrl\":\"https:\\\/\\\/cdn1.mediawpaccore.net\\\/wp-content\\\/uploads\\\/2025\\\/01\\\/03133433\\\/Square-4x41-1.jpg\",\"keywords\":[\"Crisis en Cuba\",\"cubana\",\"destacado\",\"suicidio en Cuba\"],\"articleSection\":[\"Noticias\",\"Noticias de Cuba\"],\"inLanguage\":\"es\",\"potentialAction\":[{\"@type\":\"CommentAction\",\"name\":\"Comment\",\"target\":[\"https:\\\/\\\/www.cuballama.com\\\/noticias\\\/evitan-que-cubana-se-suicidara-tras-lanzarse-a-la-linea-del-tren\\\/#respond\"]}]},{\"@type\":\"WebPage\",\"@id\":\"https:\\\/\\\/www.cuballama.com\\\/noticias\\\/evitan-que-cubana-se-suicidara-tras-lanzarse-a-la-linea-del-tren\\\/\",\"url\":\"https:\\\/\\\/www.cuballama.com\\\/noticias\\\/evitan-que-cubana-se-suicidara-tras-lanzarse-a-la-linea-del-tren\\\/\",\"name\":\"Evitan que cubana se suicidara tras lanzarse a la l\u00ednea del tren - Cuballama Noticias\",\"isPartOf\":{\"@id\":\"https:\\\/\\\/www.cuballama.com\\\/noticias\\\/#website\"},\"primaryImageOfPage\":{\"@id\":\"https:\\\/\\\/www.cuballama.com\\\/noticias\\\/evitan-que-cubana-se-suicidara-tras-lanzarse-a-la-linea-del-tren\\\/#primaryimage\"},\"image\":{\"@id\":\"https:\\\/\\\/www.cuballama.com\\\/noticias\\\/evitan-que-cubana-se-suicidara-tras-lanzarse-a-la-linea-del-tren\\\/#primaryimage\"},\"thumbnailUrl\":\"https:\\\/\\\/cdn1.mediawpaccore.net\\\/wp-content\\\/uploads\\\/2025\\\/01\\\/03133433\\\/Square-4x41-1.jpg\",\"datePublished\":\"2025-01-03T19:12:09+00:00\",\"dateModified\":\"2025-11-09T15:00:44+00:00\",\"description\":\"Un cubano pudo evitar que una mujer se quitara la vida en el barrio habanero de Luyan\u00f3 este viernes 3 de enero.\",\"breadcrumb\":{\"@id\":\"https:\\\/\\\/www.cuballama.com\\\/noticias\\\/evitan-que-cubana-se-suicidara-tras-lanzarse-a-la-linea-del-tren\\\/#breadcrumb\"},\"inLanguage\":\"es\",\"potentialAction\":[{\"@type\":\"ReadAction\",\"target\":[\"https:\\\/\\\/www.cuballama.com\\\/noticias\\\/evitan-que-cubana-se-suicidara-tras-lanzarse-a-la-linea-del-tren\\\/\"]}]},{\"@type\":\"ImageObject\",\"inLanguage\":\"es\",\"@id\":\"https:\\\/\\\/www.cuballama.com\\\/noticias\\\/evitan-que-cubana-se-suicidara-tras-lanzarse-a-la-linea-del-tren\\\/#primaryimage\",\"url\":\"https:\\\/\\\/cdn1.mediawpaccore.net\\\/wp-content\\\/uploads\\\/2025\\\/01\\\/03133433\\\/Square-4x41-1.jpg\",\"contentUrl\":\"https:\\\/\\\/cdn1.mediawpaccore.net\\\/wp-content\\\/uploads\\\/2025\\\/01\\\/03133433\\\/Square-4x41-1.jpg\",\"width\":1200,\"height\":630,\"caption\":\"Evitan que joven se tirara delante de un tren. Foto: Captura de video\\\/Facebook\\\/Mario Vallejo.\"},{\"@type\":\"BreadcrumbList\",\"@id\":\"https:\\\/\\\/www.cuballama.com\\\/noticias\\\/evitan-que-cubana-se-suicidara-tras-lanzarse-a-la-linea-del-tren\\\/#breadcrumb\",\"itemListElement\":[{\"@type\":\"ListItem\",\"position\":1,\"name\":\"Home\",\"item\":\"https:\\\/\\\/www.cuballama.com\\\/noticias\\\/\"},{\"@type\":\"ListItem\",\"position\":2,\"name\":\"Evitan que cubana se suicidara tras lanzarse a la l\u00ednea del tren\"}]},{\"@type\":\"WebSite\",\"@id\":\"https:\\\/\\\/www.cuballama.com\\\/noticias\\\/#website\",\"url\":\"https:\\\/\\\/www.cuballama.com\\\/noticias\\\/\",\"name\":\"Cuballama Noticias\",\"description\":\"Medio digital sobre Cuba y el mundo\",\"publisher\":{\"@id\":\"https:\\\/\\\/www.cuballama.com\\\/noticias\\\/#organization\"},\"potentialAction\":[{\"@type\":\"SearchAction\",\"target\":{\"@type\":\"EntryPoint\",\"urlTemplate\":\"https:\\\/\\\/www.cuballama.com\\\/noticias\\\/?s={search_term_string}\"},\"query-input\":{\"@type\":\"PropertyValueSpecification\",\"valueRequired\":true,\"valueName\":\"search_term_string\"}}],\"inLanguage\":\"es\"},{\"@type\":\"Organization\",\"@id\":\"https:\\\/\\\/www.cuballama.com\\\/noticias\\\/#organization\",\"name\":\"Cuballama\",\"url\":\"https:\\\/\\\/www.cuballama.com\\\/noticias\\\/\",\"logo\":{\"@type\":\"ImageObject\",\"inLanguage\":\"es\",\"@id\":\"https:\\\/\\\/www.cuballama.com\\\/noticias\\\/#\\\/schema\\\/logo\\\/image\\\/\",\"url\":\"https:\\\/\\\/cdn1.mediawpaccore.net\\\/wp-content\\\/uploads\\\/2021\\\/12\\\/28171206\\\/cbll-logo-color-sm.png\",\"contentUrl\":\"https:\\\/\\\/cdn1.mediawpaccore.net\\\/wp-content\\\/uploads\\\/2021\\\/12\\\/28171206\\\/cbll-logo-color-sm.png\",\"width\":600,\"height\":133,\"caption\":\"Cuballama\"},\"image\":{\"@id\":\"https:\\\/\\\/www.cuballama.com\\\/noticias\\\/#\\\/schema\\\/logo\\\/image\\\/\"},\"sameAs\":[\"https:\\\/\\\/www.facebook.com\\\/CubaLlama\",\"https:\\\/\\\/x.com\\\/cuballama\",\"https:\\\/\\\/www.instagram.com\\\/stories\\\/cuballama_oficial\\\/\",\"https:\\\/\\\/www.youtube.com\\\/channel\\\/UCKkFE-d_axENGZcrc4as0IA\"]},{\"@type\":\"Person\",\"@id\":\"https:\\\/\\\/www.cuballama.com\\\/noticias\\\/#\\\/schema\\\/person\\\/86cd3e3f4974437f031211213bf892d5\",\"name\":\"Kathy\",\"url\":\"https:\\\/\\\/www.cuballama.com\\\/noticias\\\/author\\\/kathy\\\/\"}]}<\/script>\n<!-- \/ Yoast SEO plugin. -->","yoast_head_json":{"title":"Evitan que cubana se suicidara tras lanzarse a la l\u00ednea del tren - Cuballama Noticias","description":"Un cubano pudo evitar que una mujer se quitara la vida en el barrio habanero de Luyan\u00f3 este viernes 3 de enero.","robots":{"index":"index","follow":"follow","max-snippet":"max-snippet:-1","max-image-preview":"max-image-preview:large","max-video-preview":"max-video-preview:-1"},"canonical":"https:\/\/www.cuballama.com\/noticias\/evitan-que-cubana-se-suicidara-tras-lanzarse-a-la-linea-del-tren\/","og_locale":"es_ES","og_type":"article","og_title":"Evitan que cubana se suicidara tras lanzarse a la l\u00ednea del tren - Cuballama Noticias","og_description":"Un cubano pudo evitar que una mujer se quitara la vida en el barrio habanero de Luyan\u00f3 este viernes 3 de enero.","og_url":"https:\/\/www.cuballama.com\/noticias\/evitan-que-cubana-se-suicidara-tras-lanzarse-a-la-linea-del-tren\/","og_site_name":"Cuballama Noticias","article_publisher":"https:\/\/www.facebook.com\/CubaLlama","article_published_time":"2025-01-03T19:12:09+00:00","article_modified_time":"2025-11-09T15:00:44+00:00","og_image":[{"width":1200,"height":630,"url":"https:\/\/cdn1.mediawpaccore.net\/wp-content\/uploads\/2025\/01\/03133433\/Square-4x41-1.jpg","type":"image\/jpeg"}],"author":"Kathy","twitter_card":"summary_large_image","twitter_creator":"@cuballama","twitter_site":"@cuballama","twitter_misc":{"Escrito por":"Kathy","Tiempo de lectura":"3 minutos"},"schema":{"@context":"https:\/\/schema.org","@graph":[{"@type":"Article","@id":"https:\/\/www.cuballama.com\/noticias\/evitan-que-cubana-se-suicidara-tras-lanzarse-a-la-linea-del-tren\/#article","isPartOf":{"@id":"https:\/\/www.cuballama.com\/noticias\/evitan-que-cubana-se-suicidara-tras-lanzarse-a-la-linea-del-tren\/"},"author":{"name":"Kathy","@id":"https:\/\/www.cuballama.com\/noticias\/#\/schema\/person\/86cd3e3f4974437f031211213bf892d5"},"headline":"Evitan que cubana se suicidara tras lanzarse a la l\u00ednea del tren","datePublished":"2025-01-03T19:12:09+00:00","dateModified":"2025-11-09T15:00:44+00:00","mainEntityOfPage":{"@id":"https:\/\/www.cuballama.com\/noticias\/evitan-que-cubana-se-suicidara-tras-lanzarse-a-la-linea-del-tren\/"},"wordCount":625,"commentCount":0,"publisher":{"@id":"https:\/\/www.cuballama.com\/noticias\/#organization"},"image":{"@id":"https:\/\/www.cuballama.com\/noticias\/evitan-que-cubana-se-suicidara-tras-lanzarse-a-la-linea-del-tren\/#primaryimage"},"thumbnailUrl":"https:\/\/cdn1.mediawpaccore.net\/wp-content\/uploads\/2025\/01\/03133433\/Square-4x41-1.jpg","keywords":["Crisis en Cuba","cubana","destacado","suicidio en Cuba"],"articleSection":["Noticias","Noticias de Cuba"],"inLanguage":"es","potentialAction":[{"@type":"CommentAction","name":"Comment","target":["https:\/\/www.cuballama.com\/noticias\/evitan-que-cubana-se-suicidara-tras-lanzarse-a-la-linea-del-tren\/#respond"]}]},{"@type":"WebPage","@id":"https:\/\/www.cuballama.com\/noticias\/evitan-que-cubana-se-suicidara-tras-lanzarse-a-la-linea-del-tren\/","url":"https:\/\/www.cuballama.com\/noticias\/evitan-que-cubana-se-suicidara-tras-lanzarse-a-la-linea-del-tren\/","name":"Evitan que cubana se suicidara tras lanzarse a la l\u00ednea del tren - Cuballama Noticias","isPartOf":{"@id":"https:\/\/www.cuballama.com\/noticias\/#website"},"primaryImageOfPage":{"@id":"https:\/\/www.cuballama.com\/noticias\/evitan-que-cubana-se-suicidara-tras-lanzarse-a-la-linea-del-tren\/#primaryimage"},"image":{"@id":"https:\/\/www.cuballama.com\/noticias\/evitan-que-cubana-se-suicidara-tras-lanzarse-a-la-linea-del-tren\/#primaryimage"},"thumbnailUrl":"https:\/\/cdn1.mediawpaccore.net\/wp-content\/uploads\/2025\/01\/03133433\/Square-4x41-1.jpg","datePublished":"2025-01-03T19:12:09+00:00","dateModified":"2025-11-09T15:00:44+00:00","description":"Un cubano pudo evitar que una mujer se quitara la vida en el barrio habanero de Luyan\u00f3 este viernes 3 de enero.","breadcrumb":{"@id":"https:\/\/www.cuballama.com\/noticias\/evitan-que-cubana-se-suicidara-tras-lanzarse-a-la-linea-del-tren\/#breadcrumb"},"inLanguage":"es","potentialAction":[{"@type":"ReadAction","target":["https:\/\/www.cuballama.com\/noticias\/evitan-que-cubana-se-suicidara-tras-lanzarse-a-la-linea-del-tren\/"]}]},{"@type":"ImageObject","inLanguage":"es","@id":"https:\/\/www.cuballama.com\/noticias\/evitan-que-cubana-se-suicidara-tras-lanzarse-a-la-linea-del-tren\/#primaryimage","url":"https:\/\/cdn1.mediawpaccore.net\/wp-content\/uploads\/2025\/01\/03133433\/Square-4x41-1.jpg","contentUrl":"https:\/\/cdn1.mediawpaccore.net\/wp-content\/uploads\/2025\/01\/03133433\/Square-4x41-1.jpg","width":1200,"height":630,"caption":"Evitan que joven se tirara delante de un tren. Foto: Captura de video\/Facebook\/Mario Vallejo."},{"@type":"BreadcrumbList","@id":"https:\/\/www.cuballama.com\/noticias\/evitan-que-cubana-se-suicidara-tras-lanzarse-a-la-linea-del-tren\/#breadcrumb","itemListElement":[{"@type":"ListItem","position":1,"name":"Home","item":"https:\/\/www.cuballama.com\/noticias\/"},{"@type":"ListItem","position":2,"name":"Evitan que cubana se suicidara tras lanzarse a la l\u00ednea del tren"}]},{"@type":"WebSite","@id":"https:\/\/www.cuballama.com\/noticias\/#website","url":"https:\/\/www.cuballama.com\/noticias\/","name":"Cuballama Noticias","description":"Medio digital sobre Cuba y el mundo","publisher":{"@id":"https:\/\/www.cuballama.com\/noticias\/#organization"},"potentialAction":[{"@type":"SearchAction","target":{"@type":"EntryPoint","urlTemplate":"https:\/\/www.cuballama.com\/noticias\/?s={search_term_string}"},"query-input":{"@type":"PropertyValueSpecification","valueRequired":true,"valueName":"search_term_string"}}],"inLanguage":"es"},{"@type":"Organization","@id":"https:\/\/www.cuballama.com\/noticias\/#organization","name":"Cuballama","url":"https:\/\/www.cuballama.com\/noticias\/","logo":{"@type":"ImageObject","inLanguage":"es","@id":"https:\/\/www.cuballama.com\/noticias\/#\/schema\/logo\/image\/","url":"https:\/\/cdn1.mediawpaccore.net\/wp-content\/uploads\/2021\/12\/28171206\/cbll-logo-color-sm.png","contentUrl":"https:\/\/cdn1.mediawpaccore.net\/wp-content\/uploads\/2021\/12\/28171206\/cbll-logo-color-sm.png","width":600,"height":133,"caption":"Cuballama"},"image":{"@id":"https:\/\/www.cuballama.com\/noticias\/#\/schema\/logo\/image\/"},"sameAs":["https:\/\/www.facebook.com\/CubaLlama","https:\/\/x.com\/cuballama","https:\/\/www.instagram.com\/stories\/cuballama_oficial\/","https:\/\/www.youtube.com\/channel\/UCKkFE-d_axENGZcrc4as0IA"]},{"@type":"Person","@id":"https:\/\/www.cuballama.com\/noticias\/#\/schema\/person\/86cd3e3f4974437f031211213bf892d5","name":"Kathy","url":"https:\/\/www.cuballama.com\/noticias\/author\/kathy\/"}]}},"_links":{"self":[{"href":"https:\/\/www.cuballama.com\/noticias\/wp-json\/wp\/v2\/posts\/194473","targetHints":{"allow":["GET"]}}],"collection":[{"href":"https:\/\/www.cuballama.com\/noticias\/wp-json\/wp\/v2\/posts"}],"about":[{"href":"https:\/\/www.cuballama.com\/noticias\/wp-json\/wp\/v2\/types\/post"}],"author":[{"embeddable":true,"href":"https:\/\/www.cuballama.com\/noticias\/wp-json\/wp\/v2\/users\/30"}],"replies":[{"embeddable":true,"href":"https:\/\/www.cuballama.com\/noticias\/wp-json\/wp\/v2\/comments?post=194473"}],"version-history":[{"count":13,"href":"https:\/\/www.cuballama.com\/noticias\/wp-json\/wp\/v2\/posts\/194473\/revisions"}],"predecessor-version":[{"id":225382,"href":"https:\/\/www.cuballama.com\/noticias\/wp-json\/wp\/v2\/posts\/194473\/revisions\/225382"}],"wp:featuredmedia":[{"embeddable":true,"href":"https:\/\/www.cuballama.com\/noticias\/wp-json\/wp\/v2\/media\/194475"}],"wp:attachment":[{"href":"https:\/\/www.cuballama.com\/noticias\/wp-json\/wp\/v2\/media?parent=194473"}],"wp:term":[{"taxonomy":"category","embeddable":true,"href":"https:\/\/www.cuballama.com\/noticias\/wp-json\/wp\/v2\/categories?post=194473"},{"taxonomy":"post_tag","embeddable":true,"href":"https:\/\/www.cuballama.com\/noticias\/wp-json\/wp\/v2\/tags?post=194473"}],"curies":[{"name":"wp","href":"https:\/\/api.w.org\/{rel}","templated":true}]}}