{"id":194201,"date":"2025-01-01T11:33:09","date_gmt":"2025-01-01T16:33:09","guid":{"rendered":"https:\/\/www.cuballama.com\/noticias\/?p=194201"},"modified":"2025-01-01T11:49:13","modified_gmt":"2025-01-01T16:49:13","slug":"que-dice-la-otra-letra-del-ano-2025-en-cuba-la-de-la-casona","status":"publish","type":"post","link":"https:\/\/www.cuballama.com\/noticias\/que-dice-la-otra-letra-del-ano-2025-en-cuba-la-de-la-casona\/","title":{"rendered":"\u00bfQu\u00e9 dice \u201cla otra\u201d Letra del A\u00f1o 2025 en Cuba, \u201cla de La Casona\u201d?"},"content":{"rendered":"\n<p>Adem\u00e1s de <a href=\"https:\/\/www.cuballama.com\/noticias\/letra-del-ano-2025-dice-que-la-justicia-y-la-fuerza-seran-determinantes\/\" target=\"_blank\" rel=\"noreferrer noopener\">la Letra del A\u00f1o 2025 que emite la Asociaci\u00f3n Cultural Yoruba de Cuba<\/a>, este 1 de enero en La Habana sali\u00f3 a la luz la de la Comisi\u00f3n Organizadora de la Letra del A\u00f1o Miguel Febles Padr\u00f3n, tambi\u00e9n conocida como la de La Casona o la de Diez de Octubre.<\/p>\n\n\n\n<p>Hay que recordar que, debido a la divisi\u00f3n entre ambas casas, desde 2021 en la isla se emiten dos Letras del A\u00f1o, una importante tradici\u00f3n afrocubana cultural y espiritual que marca las predicciones y los consejos de los sacerdotes de la religi\u00f3n yoruba para el nuevo a\u00f1o.<\/p>\n\n\n\n<p>Esta separaci\u00f3n puso fin de una breve etapa de unificaci\u00f3n lograda en 2015, cuando ambas organizaciones acordaron procedimientos comunes para evitar contradicciones. Sin embargo, ahora, con grandes diferencias en sus interpretaciones, cada una presenta su propia gu\u00eda.<\/p>\n\n\n\n<p>Es importante tener en cuenta que muchos religiosos de la isla se rigen por la Letra que saca la Comisi\u00f3n Miguel Febles Padr\u00f3n porque es m\u00e1s independiente de las instituciones oficiales.<\/p>\n\n\n\n<p>Hasta el momento, desde la Comisi\u00f3n, con sede en una casona de la capitalina Calzada de Diez de Octubre, dieron un sencillo \u201cadelanto\u201d, escrito a mano y publicado en el perfil de la organizaci\u00f3n en Facebook, de la Letra de este a\u00f1o, por lo que se espera que un texto m\u00e1s extenso sea publicado posteriormente.<\/p>\n\n\n\n<iframe loading=\"lazy\" src=\"https:\/\/www.facebook.com\/plugins\/post.php?href=https%3A%2F%2Fwww.facebook.com%2Fpermalink.php%3Fstory_fbid%3Dpfbid0WxFokqrZdAn4fviLteGLEAYMGBPHdbHiaD6XrzdZsYonPD5wRdsc66xBdVqGUZADl%26id%3D100082793014893&#038;show_text=true&#038;width=500\" width=\"500\" height=\"497\" style=\"border:none;overflow:hidden\" scrolling=\"no\" frameborder=\"0\" allowfullscreen=\"true\" allow=\"autoplay; clipboard-write; encrypted-media; picture-in-picture; web-share\"><\/iframe>\n\n\n\n<p>LETRA DEL A\u00d1O 2025<\/p>\n\n\n\n<p><strong>SIGNO REGENTE:<\/strong> Odibre<\/p>\n\n\n\n<p><strong>PRIMER TESTIGO:<\/strong> Obesa<\/p>\n\n\n\n<p><strong>SEGUNDO TESTIGO: <\/strong>Baba Eyiobe<\/p>\n\n\n\n<p><strong>ORACI\u00d3N PROF\u00c9TICA:<\/strong> Osorbo Onaburuku alaye entori eggun (P\u00e9rdida o infortunio en el camino debido a los ancestros)<\/p>\n\n\n\n<p><strong>DEIDAD REGENTE:<\/strong> Odua<\/p>\n\n\n\n<p><strong>DEIDAD ACOMPA\u00d1ANTE:<\/strong> Yewa<\/p>\n\n\n\n<p><strong>BANDERA:<\/strong> Blanca y rosada<\/p>\n\n\n\n<p><strong>EBBO:<\/strong> 1 animal de pluma, 7 pr\u00edncipes negros, ola que se identifique con Eggun, 1 j\u00edcara de aguardiente, 1 j\u00edcara de miel y 1 j\u00edcara de vino seco y dem\u00e1s ingredientes.<\/p>\n\n\n\n<p>Seg\u00fan han opinado muchos internautas sobre este avance de un texto esperado cada a\u00f1o por muchos dentro y fuera de la isla, ya que ofrece una gu\u00eda espiritual sobre los desaf\u00edos y las oportunidades que se presentar\u00e1n en los pr\u00f3ximos doce meses, es m\u00e1s cre\u00edble que el revelado por la Asociaci\u00f3n Cultural Yoruba de Cuba, dada la cr\u00edtica situaci\u00f3n que atraviesa la isla.<\/p>\n\n\n\n<p>En la Letra del A\u00f1o 2024 la entidad religiosa independiente alert\u00f3, entre otras cosas, sobre la proliferaci\u00f3n de plagas de roedores e insectos, los homicidios y los atracos e hizo referencia a la mala admistraci\u00f3n de la econom\u00eda.<\/p>\n\n\n\n<p><\/p>\n","protected":false},"excerpt":{"rendered":"<p>Desde 2021 Cuba emite dos Letras del A\u00f1o debido a la divisi\u00f3n entre la Asociaci\u00f3n Cultural Yoruba de Cuba y la Comisi\u00f3n Miguel Febles Padr\u00f3n. <\/p>\n","protected":false},"author":30,"featured_media":194204,"comment_status":"open","ping_status":"closed","sticky":false,"template":"","format":"standard","meta":{"_acf_changed":false,"footnotes":""},"categories":[18,955],"tags":[23203,10867,941,3273,2968],"class_list":{"0":"post-194201","1":"post","2":"type-post","3":"status-publish","4":"format-standard","5":"has-post-thumbnail","7":"category-noticias","8":"category-noticias-de-cuba","9":"tag-23203","10":"tag-crisis-en-cuba","11":"tag-destacado","12":"tag-letra-del-ano","13":"tag-religion-yoruba"},"acf":[],"yoast_head":"<!-- This site is optimized with the Yoast SEO plugin v27.5 - https:\/\/yoast.com\/product\/yoast-seo-wordpress\/ -->\n<title>\u00bfQu\u00e9 dice \u201cla otra\u201d Letra del A\u00f1o 2025 en Cuba, \u201cla de La Casona\u201d? - Cuballama Noticias<\/title>\n<meta name=\"description\" content=\"Este 1 de enero en La Habana se dio a conocer la Letra del A\u00f1o 2025 emitida por la Comisi\u00f3n Miguel Febles Padr\u00f3n.\" \/>\n<meta name=\"robots\" content=\"index, follow, max-snippet:-1, max-image-preview:large, max-video-preview:-1\" \/>\n<link rel=\"canonical\" href=\"https:\/\/www.cuballama.com\/noticias\/que-dice-la-otra-letra-del-ano-2025-en-cuba-la-de-la-casona\/\" \/>\n<meta property=\"og:locale\" content=\"es_ES\" \/>\n<meta property=\"og:type\" content=\"article\" \/>\n<meta property=\"og:title\" content=\"\u00bfQu\u00e9 dice \u201cla otra\u201d Letra del A\u00f1o 2025 en Cuba, \u201cla de La Casona\u201d? - Cuballama Noticias\" \/>\n<meta property=\"og:description\" content=\"Este 1 de enero en La Habana se dio a conocer la Letra del A\u00f1o 2025 emitida por la Comisi\u00f3n Miguel Febles Padr\u00f3n.\" \/>\n<meta property=\"og:url\" content=\"https:\/\/www.cuballama.com\/noticias\/que-dice-la-otra-letra-del-ano-2025-en-cuba-la-de-la-casona\/\" \/>\n<meta property=\"og:site_name\" content=\"Cuballama Noticias\" \/>\n<meta property=\"article:publisher\" content=\"https:\/\/www.facebook.com\/CubaLlama\" \/>\n<meta property=\"article:published_time\" content=\"2025-01-01T16:33:09+00:00\" \/>\n<meta property=\"article:modified_time\" content=\"2025-01-01T16:49:13+00:00\" \/>\n<meta property=\"og:image\" content=\"https:\/\/cdn1.mediawpaccore.net\/wp-content\/uploads\/2025\/01\/01110614\/468053890_580057584556481_8906659256639961352_n1.jpg\" \/>\n\t<meta property=\"og:image:width\" content=\"1200\" \/>\n\t<meta property=\"og:image:height\" content=\"630\" \/>\n\t<meta property=\"og:image:type\" content=\"image\/jpeg\" \/>\n<meta name=\"author\" content=\"Kathy\" \/>\n<meta name=\"twitter:card\" content=\"summary_large_image\" \/>\n<meta name=\"twitter:creator\" content=\"@cuballama\" \/>\n<meta name=\"twitter:site\" content=\"@cuballama\" \/>\n<meta name=\"twitter:label1\" content=\"Escrito por\" \/>\n\t<meta name=\"twitter:data1\" content=\"Kathy\" \/>\n\t<meta name=\"twitter:label2\" content=\"Tiempo de lectura\" \/>\n\t<meta name=\"twitter:data2\" content=\"3 minutos\" \/>\n<script type=\"application\/ld+json\" class=\"yoast-schema-graph\">{\"@context\":\"https:\\\/\\\/schema.org\",\"@graph\":[{\"@type\":\"Article\",\"@id\":\"https:\\\/\\\/www.cuballama.com\\\/noticias\\\/que-dice-la-otra-letra-del-ano-2025-en-cuba-la-de-la-casona\\\/#article\",\"isPartOf\":{\"@id\":\"https:\\\/\\\/www.cuballama.com\\\/noticias\\\/que-dice-la-otra-letra-del-ano-2025-en-cuba-la-de-la-casona\\\/\"},\"author\":{\"name\":\"Kathy\",\"@id\":\"https:\\\/\\\/www.cuballama.com\\\/noticias\\\/#\\\/schema\\\/person\\\/86cd3e3f4974437f031211213bf892d5\"},\"headline\":\"\u00bfQu\u00e9 dice \u201cla otra\u201d Letra del A\u00f1o 2025 en Cuba, \u201cla de La Casona\u201d?\",\"datePublished\":\"2025-01-01T16:33:09+00:00\",\"dateModified\":\"2025-01-01T16:49:13+00:00\",\"mainEntityOfPage\":{\"@id\":\"https:\\\/\\\/www.cuballama.com\\\/noticias\\\/que-dice-la-otra-letra-del-ano-2025-en-cuba-la-de-la-casona\\\/\"},\"wordCount\":445,\"commentCount\":0,\"publisher\":{\"@id\":\"https:\\\/\\\/www.cuballama.com\\\/noticias\\\/#organization\"},\"image\":{\"@id\":\"https:\\\/\\\/www.cuballama.com\\\/noticias\\\/que-dice-la-otra-letra-del-ano-2025-en-cuba-la-de-la-casona\\\/#primaryimage\"},\"thumbnailUrl\":\"https:\\\/\\\/cdn1.mediawpaccore.net\\\/wp-content\\\/uploads\\\/2025\\\/01\\\/01110614\\\/468053890_580057584556481_8906659256639961352_n1.jpg\",\"keywords\":[\"2025\",\"Crisis en Cuba\",\"destacado\",\"Letra del A\u00f1o\",\"religi\u00f3n yoruba\"],\"articleSection\":[\"Noticias\",\"Noticias de Cuba\"],\"inLanguage\":\"es\",\"potentialAction\":[{\"@type\":\"CommentAction\",\"name\":\"Comment\",\"target\":[\"https:\\\/\\\/www.cuballama.com\\\/noticias\\\/que-dice-la-otra-letra-del-ano-2025-en-cuba-la-de-la-casona\\\/#respond\"]}]},{\"@type\":\"WebPage\",\"@id\":\"https:\\\/\\\/www.cuballama.com\\\/noticias\\\/que-dice-la-otra-letra-del-ano-2025-en-cuba-la-de-la-casona\\\/\",\"url\":\"https:\\\/\\\/www.cuballama.com\\\/noticias\\\/que-dice-la-otra-letra-del-ano-2025-en-cuba-la-de-la-casona\\\/\",\"name\":\"\u00bfQu\u00e9 dice \u201cla otra\u201d Letra del A\u00f1o 2025 en Cuba, \u201cla de La Casona\u201d? - Cuballama Noticias\",\"isPartOf\":{\"@id\":\"https:\\\/\\\/www.cuballama.com\\\/noticias\\\/#website\"},\"primaryImageOfPage\":{\"@id\":\"https:\\\/\\\/www.cuballama.com\\\/noticias\\\/que-dice-la-otra-letra-del-ano-2025-en-cuba-la-de-la-casona\\\/#primaryimage\"},\"image\":{\"@id\":\"https:\\\/\\\/www.cuballama.com\\\/noticias\\\/que-dice-la-otra-letra-del-ano-2025-en-cuba-la-de-la-casona\\\/#primaryimage\"},\"thumbnailUrl\":\"https:\\\/\\\/cdn1.mediawpaccore.net\\\/wp-content\\\/uploads\\\/2025\\\/01\\\/01110614\\\/468053890_580057584556481_8906659256639961352_n1.jpg\",\"datePublished\":\"2025-01-01T16:33:09+00:00\",\"dateModified\":\"2025-01-01T16:49:13+00:00\",\"description\":\"Este 1 de enero en La Habana se dio a conocer la Letra del A\u00f1o 2025 emitida por la Comisi\u00f3n Miguel Febles Padr\u00f3n.\",\"breadcrumb\":{\"@id\":\"https:\\\/\\\/www.cuballama.com\\\/noticias\\\/que-dice-la-otra-letra-del-ano-2025-en-cuba-la-de-la-casona\\\/#breadcrumb\"},\"inLanguage\":\"es\",\"potentialAction\":[{\"@type\":\"ReadAction\",\"target\":[\"https:\\\/\\\/www.cuballama.com\\\/noticias\\\/que-dice-la-otra-letra-del-ano-2025-en-cuba-la-de-la-casona\\\/\"]}]},{\"@type\":\"ImageObject\",\"inLanguage\":\"es\",\"@id\":\"https:\\\/\\\/www.cuballama.com\\\/noticias\\\/que-dice-la-otra-letra-del-ano-2025-en-cuba-la-de-la-casona\\\/#primaryimage\",\"url\":\"https:\\\/\\\/cdn1.mediawpaccore.net\\\/wp-content\\\/uploads\\\/2025\\\/01\\\/01110614\\\/468053890_580057584556481_8906659256639961352_n1.jpg\",\"contentUrl\":\"https:\\\/\\\/cdn1.mediawpaccore.net\\\/wp-content\\\/uploads\\\/2025\\\/01\\\/01110614\\\/468053890_580057584556481_8906659256639961352_n1.jpg\",\"width\":1200,\"height\":630,\"caption\":\"Casona de Diez de Octubre. Foto: Facebook\\\/Comisi\u00f3n Organizadora de la Letra de A\u00f1o Miguel Febles Padr\u00f3n.\"},{\"@type\":\"BreadcrumbList\",\"@id\":\"https:\\\/\\\/www.cuballama.com\\\/noticias\\\/que-dice-la-otra-letra-del-ano-2025-en-cuba-la-de-la-casona\\\/#breadcrumb\",\"itemListElement\":[{\"@type\":\"ListItem\",\"position\":1,\"name\":\"Home\",\"item\":\"https:\\\/\\\/www.cuballama.com\\\/noticias\\\/\"},{\"@type\":\"ListItem\",\"position\":2,\"name\":\"\u00bfQu\u00e9 dice \u201cla otra\u201d Letra del A\u00f1o 2025 en Cuba, \u201cla de La Casona\u201d?\"}]},{\"@type\":\"WebSite\",\"@id\":\"https:\\\/\\\/www.cuballama.com\\\/noticias\\\/#website\",\"url\":\"https:\\\/\\\/www.cuballama.com\\\/noticias\\\/\",\"name\":\"Cuballama Noticias\",\"description\":\"Medio digital sobre Cuba y el mundo\",\"publisher\":{\"@id\":\"https:\\\/\\\/www.cuballama.com\\\/noticias\\\/#organization\"},\"potentialAction\":[{\"@type\":\"SearchAction\",\"target\":{\"@type\":\"EntryPoint\",\"urlTemplate\":\"https:\\\/\\\/www.cuballama.com\\\/noticias\\\/?s={search_term_string}\"},\"query-input\":{\"@type\":\"PropertyValueSpecification\",\"valueRequired\":true,\"valueName\":\"search_term_string\"}}],\"inLanguage\":\"es\"},{\"@type\":\"Organization\",\"@id\":\"https:\\\/\\\/www.cuballama.com\\\/noticias\\\/#organization\",\"name\":\"Cuballama\",\"url\":\"https:\\\/\\\/www.cuballama.com\\\/noticias\\\/\",\"logo\":{\"@type\":\"ImageObject\",\"inLanguage\":\"es\",\"@id\":\"https:\\\/\\\/www.cuballama.com\\\/noticias\\\/#\\\/schema\\\/logo\\\/image\\\/\",\"url\":\"https:\\\/\\\/cdn1.mediawpaccore.net\\\/wp-content\\\/uploads\\\/2021\\\/12\\\/28171206\\\/cbll-logo-color-sm.png\",\"contentUrl\":\"https:\\\/\\\/cdn1.mediawpaccore.net\\\/wp-content\\\/uploads\\\/2021\\\/12\\\/28171206\\\/cbll-logo-color-sm.png\",\"width\":600,\"height\":133,\"caption\":\"Cuballama\"},\"image\":{\"@id\":\"https:\\\/\\\/www.cuballama.com\\\/noticias\\\/#\\\/schema\\\/logo\\\/image\\\/\"},\"sameAs\":[\"https:\\\/\\\/www.facebook.com\\\/CubaLlama\",\"https:\\\/\\\/x.com\\\/cuballama\",\"https:\\\/\\\/www.instagram.com\\\/stories\\\/cuballama_oficial\\\/\",\"https:\\\/\\\/www.youtube.com\\\/channel\\\/UCKkFE-d_axENGZcrc4as0IA\"]},{\"@type\":\"Person\",\"@id\":\"https:\\\/\\\/www.cuballama.com\\\/noticias\\\/#\\\/schema\\\/person\\\/86cd3e3f4974437f031211213bf892d5\",\"name\":\"Kathy\",\"url\":\"https:\\\/\\\/www.cuballama.com\\\/noticias\\\/author\\\/kathy\\\/\"}]}<\/script>\n<!-- \/ Yoast SEO plugin. -->","yoast_head_json":{"title":"\u00bfQu\u00e9 dice \u201cla otra\u201d Letra del A\u00f1o 2025 en Cuba, \u201cla de La Casona\u201d? - Cuballama Noticias","description":"Este 1 de enero en La Habana se dio a conocer la Letra del A\u00f1o 2025 emitida por la Comisi\u00f3n Miguel Febles Padr\u00f3n.","robots":{"index":"index","follow":"follow","max-snippet":"max-snippet:-1","max-image-preview":"max-image-preview:large","max-video-preview":"max-video-preview:-1"},"canonical":"https:\/\/www.cuballama.com\/noticias\/que-dice-la-otra-letra-del-ano-2025-en-cuba-la-de-la-casona\/","og_locale":"es_ES","og_type":"article","og_title":"\u00bfQu\u00e9 dice \u201cla otra\u201d Letra del A\u00f1o 2025 en Cuba, \u201cla de La Casona\u201d? - Cuballama Noticias","og_description":"Este 1 de enero en La Habana se dio a conocer la Letra del A\u00f1o 2025 emitida por la Comisi\u00f3n Miguel Febles Padr\u00f3n.","og_url":"https:\/\/www.cuballama.com\/noticias\/que-dice-la-otra-letra-del-ano-2025-en-cuba-la-de-la-casona\/","og_site_name":"Cuballama Noticias","article_publisher":"https:\/\/www.facebook.com\/CubaLlama","article_published_time":"2025-01-01T16:33:09+00:00","article_modified_time":"2025-01-01T16:49:13+00:00","og_image":[{"width":1200,"height":630,"url":"https:\/\/cdn1.mediawpaccore.net\/wp-content\/uploads\/2025\/01\/01110614\/468053890_580057584556481_8906659256639961352_n1.jpg","type":"image\/jpeg"}],"author":"Kathy","twitter_card":"summary_large_image","twitter_creator":"@cuballama","twitter_site":"@cuballama","twitter_misc":{"Escrito por":"Kathy","Tiempo de lectura":"3 minutos"},"schema":{"@context":"https:\/\/schema.org","@graph":[{"@type":"Article","@id":"https:\/\/www.cuballama.com\/noticias\/que-dice-la-otra-letra-del-ano-2025-en-cuba-la-de-la-casona\/#article","isPartOf":{"@id":"https:\/\/www.cuballama.com\/noticias\/que-dice-la-otra-letra-del-ano-2025-en-cuba-la-de-la-casona\/"},"author":{"name":"Kathy","@id":"https:\/\/www.cuballama.com\/noticias\/#\/schema\/person\/86cd3e3f4974437f031211213bf892d5"},"headline":"\u00bfQu\u00e9 dice \u201cla otra\u201d Letra del A\u00f1o 2025 en Cuba, \u201cla de La Casona\u201d?","datePublished":"2025-01-01T16:33:09+00:00","dateModified":"2025-01-01T16:49:13+00:00","mainEntityOfPage":{"@id":"https:\/\/www.cuballama.com\/noticias\/que-dice-la-otra-letra-del-ano-2025-en-cuba-la-de-la-casona\/"},"wordCount":445,"commentCount":0,"publisher":{"@id":"https:\/\/www.cuballama.com\/noticias\/#organization"},"image":{"@id":"https:\/\/www.cuballama.com\/noticias\/que-dice-la-otra-letra-del-ano-2025-en-cuba-la-de-la-casona\/#primaryimage"},"thumbnailUrl":"https:\/\/cdn1.mediawpaccore.net\/wp-content\/uploads\/2025\/01\/01110614\/468053890_580057584556481_8906659256639961352_n1.jpg","keywords":["2025","Crisis en Cuba","destacado","Letra del A\u00f1o","religi\u00f3n yoruba"],"articleSection":["Noticias","Noticias de Cuba"],"inLanguage":"es","potentialAction":[{"@type":"CommentAction","name":"Comment","target":["https:\/\/www.cuballama.com\/noticias\/que-dice-la-otra-letra-del-ano-2025-en-cuba-la-de-la-casona\/#respond"]}]},{"@type":"WebPage","@id":"https:\/\/www.cuballama.com\/noticias\/que-dice-la-otra-letra-del-ano-2025-en-cuba-la-de-la-casona\/","url":"https:\/\/www.cuballama.com\/noticias\/que-dice-la-otra-letra-del-ano-2025-en-cuba-la-de-la-casona\/","name":"\u00bfQu\u00e9 dice \u201cla otra\u201d Letra del A\u00f1o 2025 en Cuba, \u201cla de La Casona\u201d? - Cuballama Noticias","isPartOf":{"@id":"https:\/\/www.cuballama.com\/noticias\/#website"},"primaryImageOfPage":{"@id":"https:\/\/www.cuballama.com\/noticias\/que-dice-la-otra-letra-del-ano-2025-en-cuba-la-de-la-casona\/#primaryimage"},"image":{"@id":"https:\/\/www.cuballama.com\/noticias\/que-dice-la-otra-letra-del-ano-2025-en-cuba-la-de-la-casona\/#primaryimage"},"thumbnailUrl":"https:\/\/cdn1.mediawpaccore.net\/wp-content\/uploads\/2025\/01\/01110614\/468053890_580057584556481_8906659256639961352_n1.jpg","datePublished":"2025-01-01T16:33:09+00:00","dateModified":"2025-01-01T16:49:13+00:00","description":"Este 1 de enero en La Habana se dio a conocer la Letra del A\u00f1o 2025 emitida por la Comisi\u00f3n Miguel Febles Padr\u00f3n.","breadcrumb":{"@id":"https:\/\/www.cuballama.com\/noticias\/que-dice-la-otra-letra-del-ano-2025-en-cuba-la-de-la-casona\/#breadcrumb"},"inLanguage":"es","potentialAction":[{"@type":"ReadAction","target":["https:\/\/www.cuballama.com\/noticias\/que-dice-la-otra-letra-del-ano-2025-en-cuba-la-de-la-casona\/"]}]},{"@type":"ImageObject","inLanguage":"es","@id":"https:\/\/www.cuballama.com\/noticias\/que-dice-la-otra-letra-del-ano-2025-en-cuba-la-de-la-casona\/#primaryimage","url":"https:\/\/cdn1.mediawpaccore.net\/wp-content\/uploads\/2025\/01\/01110614\/468053890_580057584556481_8906659256639961352_n1.jpg","contentUrl":"https:\/\/cdn1.mediawpaccore.net\/wp-content\/uploads\/2025\/01\/01110614\/468053890_580057584556481_8906659256639961352_n1.jpg","width":1200,"height":630,"caption":"Casona de Diez de Octubre. Foto: Facebook\/Comisi\u00f3n Organizadora de la Letra de A\u00f1o Miguel Febles Padr\u00f3n."},{"@type":"BreadcrumbList","@id":"https:\/\/www.cuballama.com\/noticias\/que-dice-la-otra-letra-del-ano-2025-en-cuba-la-de-la-casona\/#breadcrumb","itemListElement":[{"@type":"ListItem","position":1,"name":"Home","item":"https:\/\/www.cuballama.com\/noticias\/"},{"@type":"ListItem","position":2,"name":"\u00bfQu\u00e9 dice \u201cla otra\u201d Letra del A\u00f1o 2025 en Cuba, \u201cla de La Casona\u201d?"}]},{"@type":"WebSite","@id":"https:\/\/www.cuballama.com\/noticias\/#website","url":"https:\/\/www.cuballama.com\/noticias\/","name":"Cuballama Noticias","description":"Medio digital sobre Cuba y el mundo","publisher":{"@id":"https:\/\/www.cuballama.com\/noticias\/#organization"},"potentialAction":[{"@type":"SearchAction","target":{"@type":"EntryPoint","urlTemplate":"https:\/\/www.cuballama.com\/noticias\/?s={search_term_string}"},"query-input":{"@type":"PropertyValueSpecification","valueRequired":true,"valueName":"search_term_string"}}],"inLanguage":"es"},{"@type":"Organization","@id":"https:\/\/www.cuballama.com\/noticias\/#organization","name":"Cuballama","url":"https:\/\/www.cuballama.com\/noticias\/","logo":{"@type":"ImageObject","inLanguage":"es","@id":"https:\/\/www.cuballama.com\/noticias\/#\/schema\/logo\/image\/","url":"https:\/\/cdn1.mediawpaccore.net\/wp-content\/uploads\/2021\/12\/28171206\/cbll-logo-color-sm.png","contentUrl":"https:\/\/cdn1.mediawpaccore.net\/wp-content\/uploads\/2021\/12\/28171206\/cbll-logo-color-sm.png","width":600,"height":133,"caption":"Cuballama"},"image":{"@id":"https:\/\/www.cuballama.com\/noticias\/#\/schema\/logo\/image\/"},"sameAs":["https:\/\/www.facebook.com\/CubaLlama","https:\/\/x.com\/cuballama","https:\/\/www.instagram.com\/stories\/cuballama_oficial\/","https:\/\/www.youtube.com\/channel\/UCKkFE-d_axENGZcrc4as0IA"]},{"@type":"Person","@id":"https:\/\/www.cuballama.com\/noticias\/#\/schema\/person\/86cd3e3f4974437f031211213bf892d5","name":"Kathy","url":"https:\/\/www.cuballama.com\/noticias\/author\/kathy\/"}]}},"_links":{"self":[{"href":"https:\/\/www.cuballama.com\/noticias\/wp-json\/wp\/v2\/posts\/194201","targetHints":{"allow":["GET"]}}],"collection":[{"href":"https:\/\/www.cuballama.com\/noticias\/wp-json\/wp\/v2\/posts"}],"about":[{"href":"https:\/\/www.cuballama.com\/noticias\/wp-json\/wp\/v2\/types\/post"}],"author":[{"embeddable":true,"href":"https:\/\/www.cuballama.com\/noticias\/wp-json\/wp\/v2\/users\/30"}],"replies":[{"embeddable":true,"href":"https:\/\/www.cuballama.com\/noticias\/wp-json\/wp\/v2\/comments?post=194201"}],"version-history":[{"count":12,"href":"https:\/\/www.cuballama.com\/noticias\/wp-json\/wp\/v2\/posts\/194201\/revisions"}],"predecessor-version":[{"id":194219,"href":"https:\/\/www.cuballama.com\/noticias\/wp-json\/wp\/v2\/posts\/194201\/revisions\/194219"}],"wp:featuredmedia":[{"embeddable":true,"href":"https:\/\/www.cuballama.com\/noticias\/wp-json\/wp\/v2\/media\/194204"}],"wp:attachment":[{"href":"https:\/\/www.cuballama.com\/noticias\/wp-json\/wp\/v2\/media?parent=194201"}],"wp:term":[{"taxonomy":"category","embeddable":true,"href":"https:\/\/www.cuballama.com\/noticias\/wp-json\/wp\/v2\/categories?post=194201"},{"taxonomy":"post_tag","embeddable":true,"href":"https:\/\/www.cuballama.com\/noticias\/wp-json\/wp\/v2\/tags?post=194201"}],"curies":[{"name":"wp","href":"https:\/\/api.w.org\/{rel}","templated":true}]}}