{"id":194194,"date":"2025-01-01T07:05:02","date_gmt":"2025-01-01T12:05:02","guid":{"rendered":"https:\/\/www.cuballama.com\/noticias\/?p=194194"},"modified":"2025-01-01T07:05:40","modified_gmt":"2025-01-01T12:05:40","slug":"letra-del-ano-2025-dice-que-la-justicia-y-la-fuerza-seran-determinantes","status":"publish","type":"post","link":"https:\/\/www.cuballama.com\/noticias\/letra-del-ano-2025-dice-que-la-justicia-y-la-fuerza-seran-determinantes\/","title":{"rendered":"Letra del a\u00f1o 2025 dice que \u00bb la justicia y la fuerza ser\u00e1n determinantes\u00bb"},"content":{"rendered":"\n<p>La Asociaci\u00f3n Cultural Yoruba de Cuba dio a conocer La letra del a\u00f1o este 1 de enero de 2025 en la que afirma que la  justicia y la fuerza ser\u00e1n determinantes y alerta sobre enfermedades como tumores malignos y de  transmisi\u00f3n sexual.<\/p>\n\n\n\n<p>Este vaticinio de los sacerdotes de If\u00e1 rige los caminos espirituales de los religiosos cubanos y esgrime orientaciones que deben seguir durante este lapso de tiempo que se avecina<\/p>\n\n\n\n<h2 class=\"wp-block-heading\">LETRA DEL A\u00d1O 2025<\/h2>\n\n\n\n<p><strong>PREDICCIONES DE IF\u00c1 PARA CUBA Y EL MUNDO<\/strong><\/p>\n\n\n\n<p><strong>SIGNO REGENTE<\/strong>: OGUNDA OGBE<\/p>\n\n\n\n<p><strong>PRIMER TESTIGO:<\/strong>&nbsp;BABA IRETE MEY\u00cd<\/p>\n\n\n\n<p><strong>SEGUNDO TESTIGO:<\/strong>&nbsp;OTURA OGBE<\/p>\n\n\n\n<p><strong>ORACI\u00d3N PROF\u00c9TICA:<\/strong><br>IR\u00c9 ARIK\u00da OYALE TESI TIMBALAYE<br>(Una suerte de salud firme y seguro en el plano de la tierra con la bendici\u00f3n y el apoyo de todas las Oshas y Orishas).<\/p>\n\n\n\n<p><strong>ONISHESI:<\/strong>&nbsp;BE KO<\/p>\n\n\n\n<p><strong>DIVINIDAD REGENTE:<\/strong>&nbsp;SHANG\u00d3<\/p>\n\n\n\n<p><strong>ACOMPA\u00d1ANTE:<\/strong>&nbsp;OSHUN<\/p>\n\n\n\n<p><strong>BANDERA:<\/strong>\u00a0Roja con ribete blanco <\/p>\n\n\n\n<p><strong>EBB\u00d3S Ni IF\u00c1:<\/strong><\/p>\n\n\n\n<ul class=\"wp-block-list\">\n<li>Un gallo, dos gallinas amarillas, agua de mar y de r\u00edo, tierra podrida.<\/li>\n\n\n\n<li>Tres flechas, pa\u00f1o amarillo, mu\u00f1eco hembra y macho, trampa.<\/li>\n\n\n\n<li>Un pedacito de oro, mara\u00f1a de hilo, tierra de un hueco, dos cocos, dos velas.<\/li>\n\n\n\n<li>Aguardiente, miel, pescado ahumado, jut\u00eda ahumada y ma\u00edz tostado.<\/li>\n<\/ul>\n\n\n\n<p><strong>EBB\u00d3 DE SANTEROS:<\/strong><\/p>\n\n\n\n<ul class=\"wp-block-list\">\n<li>Un pollo, una trampa, tres flechas, agua de mar y de r\u00edo, un coco.<\/li>\n<\/ul>\n\n\n\n<p><strong>EN ESTE SIGNO NACE:<\/strong><\/p>\n\n\n\n<ul class=\"wp-block-list\">\n<li>La representaci\u00f3n de Olofin en la tierra.<\/li>\n\n\n\n<li>La fosa mortuoria com\u00fan.<\/li>\n\n\n\n<li>La tristeza y la melancol\u00eda.<\/li>\n\n\n\n<li>El vandalismo y la delincuencia.<\/li>\n<\/ul>\n\n\n\n<p><strong>REFRANES DEL SIGNO:<\/strong><\/p>\n\n\n\n<ul class=\"wp-block-list\">\n<li>Un solo hombre con la ayuda de If\u00e1, reta a 30 hombres a combatir y los vence.<\/li>\n\n\n\n<li>Por causa del tarro se abre la sepultura.<\/li>\n\n\n\n<li>Ojo de fuego, adulterio del coraz\u00f3n.<\/li>\n\n\n\n<li>Si el esclavo muere, s\u00f3lo su madre lo llora. Si muere un hombre libre todo el mundo lo comenta, esta es la ley injusta de los hombres.<\/li>\n<\/ul>\n\n\n\n<p><strong>ENFERMEDADES QUE SE PRONOSTICAN:<\/strong><\/p>\n\n\n\n<ul class=\"wp-block-list\">\n<li>Enfermedades cancer\u00edgenas, \u00falceras estomacales y duodenales o de tumores malignos interiores.<\/li>\n\n\n\n<li>Enfermedades por intoxicaci\u00f3n alimentaria y alergias.<\/li>\n\n\n\n<li>Enfermedades ven\u00e9reas de transmisi\u00f3n sexual.<\/li>\n\n\n\n<li>Enfermedades de la garganta.<\/li>\n<\/ul>\n\n\n\n<p><strong>RECOMENDACIONES:<\/strong><\/p>\n\n\n\n<ul class=\"wp-block-list\">\n<li>Se debe tomar medidas por intensificaci\u00f3n de actos delictivos.<\/li>\n\n\n\n<li>Analizar bien las inversiones econ\u00f3micas y sus consecuencias.<\/li>\n\n\n\n<li>Eliminar la conglomeraci\u00f3n de basuras y focos que facilitan la proliferaci\u00f3n de enfermedades epid\u00e9micas.<\/li>\n\n\n\n<li>Cuidar y respetar la integridad matrimonial y familiar.<\/li>\n\n\n\n<li>Prestar m\u00e1s atenci\u00f3n a las adolescentes y j\u00f3venes.<\/li>\n\n\n\n<li>Se debe tener especial cuidado en conversaciones delante de ni\u00f1os.<\/li>\n\n\n\n<li>Reducir el consumo de alcohol y sustancias psicotr\u00f3picas.<\/li>\n\n\n\n<li>En este signo la carne de cerdo es indigesta, resp\u00e9tela.<\/li>\n\n\n\n<li>Se recomienda recibir Odduduwa quienes lo tengan pendiente.<\/li>\n\n\n\n<li>Dar especial atenci\u00f3n a Elegu\u00e1, Osh\u00fan y Olokun.<\/li>\n\n\n\n<li>Se recomienda poner Mariw\u00f3 en la puerta y usar s\u00e1banas blancas.<\/li>\n\n\n\n<li>Se recomienda a las hijas de Osh\u00fan no usar ropa amarilla.<\/li>\n\n\n\n<li>El dinero destinado para ceremonias religiosas no usarlo para otros fines.<\/li>\n\n\n\n<li>Se recomienda a los religiosos baldear la casa con quimbomb\u00f3.<\/li>\n\n\n\n<li>A todos los religiosos mantener y respetar la discreci\u00f3n de nuestros ritos.<\/li>\n\n\n\n<li>Rogar a todos los santos por el entendimiento entre las naciones y la paz mundial.<\/li>\n\n\n\n<li>Seg\u00fan esta profec\u00eda, Orula nos ofrece un bien de salud para hacer frente a todas las dificultades y contratiempos que se puedan presentar.<\/li>\n<\/ul>\n\n\n\n<h2 class=\"wp-block-heading\">Esta profec\u00eda ha sido divulgada en medio de una grave crisis econ\u00f3mica que ha puesto en jaque al pa\u00eds y ha estado marcada por los prolongados apagones, el alto precio de los alimentos y la falta de medicamentos y la represi\u00f3n a las voces disidentes, una realidad que ha impulsado a la migraci\u00f3n a m\u00e1s de un mill\u00f3n de cubanos durante los \u00faltimos a\u00f1os.<\/h2>\n\n\n\n<p><\/p>\n","protected":false},"excerpt":{"rendered":"<p>Esta profec\u00eda ha sido divulgada en medio de una grave crisis econ\u00f3mica que ha puesto en jaque al pa\u00eds y ha estado marcada por los prolongados apagones, el alto precio de los alimentos y la falta de medicamentos<\/p>\n","protected":false},"author":24,"featured_media":147961,"comment_status":"open","ping_status":"closed","sticky":false,"template":"","format":"standard","meta":{"_acf_changed":false,"footnotes":""},"categories":[18,955],"tags":[10867,11,92,3273,11017],"class_list":{"0":"post-194194","1":"post","2":"type-post","3":"status-publish","4":"format-standard","5":"has-post-thumbnail","7":"category-noticias","8":"category-noticias-de-cuba","9":"tag-crisis-en-cuba","10":"tag-cuba","11":"tag-cubanos","12":"tag-letra-del-ano","13":"tag-superdestacado"},"acf":[],"yoast_head":"<!-- This site is optimized with the Yoast SEO plugin v27.5 - https:\/\/yoast.com\/product\/yoast-seo-wordpress\/ -->\n<title>Letra del a\u00f1o 2025 dice que &quot; la justicia y la fuerza ser\u00e1n determinantes&quot; - Cuballama Noticias<\/title>\n<meta name=\"robots\" content=\"index, follow, max-snippet:-1, max-image-preview:large, max-video-preview:-1\" \/>\n<link rel=\"canonical\" href=\"https:\/\/www.cuballama.com\/noticias\/letra-del-ano-2025-dice-que-la-justicia-y-la-fuerza-seran-determinantes\/\" \/>\n<meta property=\"og:locale\" content=\"es_ES\" \/>\n<meta property=\"og:type\" content=\"article\" \/>\n<meta property=\"og:title\" content=\"Letra del a\u00f1o 2025 dice que &quot; la justicia y la fuerza ser\u00e1n determinantes&quot; - Cuballama Noticias\" \/>\n<meta property=\"og:description\" content=\"Esta profec\u00eda ha sido divulgada en medio de una grave crisis econ\u00f3mica que ha puesto en jaque al pa\u00eds y ha estado marcada por los prolongados apagones, el alto precio de los alimentos y la falta de medicamentos\" \/>\n<meta property=\"og:url\" content=\"https:\/\/www.cuballama.com\/noticias\/letra-del-ano-2025-dice-que-la-justicia-y-la-fuerza-seran-determinantes\/\" \/>\n<meta property=\"og:site_name\" content=\"Cuballama Noticias\" \/>\n<meta property=\"article:publisher\" content=\"https:\/\/www.facebook.com\/CubaLlama\" \/>\n<meta property=\"article:published_time\" content=\"2025-01-01T12:05:02+00:00\" \/>\n<meta property=\"article:modified_time\" content=\"2025-01-01T12:05:40+00:00\" \/>\n<meta property=\"og:image\" content=\"https:\/\/cdn1.mediawpaccore.net\/wp-content\/uploads\/2023\/12\/04143645\/Chango.jpg\" \/>\n\t<meta property=\"og:image:width\" content=\"1200\" \/>\n\t<meta property=\"og:image:height\" content=\"630\" \/>\n\t<meta property=\"og:image:type\" content=\"image\/jpeg\" \/>\n<meta name=\"author\" content=\"Manu\" \/>\n<meta name=\"twitter:card\" content=\"summary_large_image\" \/>\n<meta name=\"twitter:creator\" content=\"@cuballama\" \/>\n<meta name=\"twitter:site\" content=\"@cuballama\" \/>\n<meta name=\"twitter:label1\" content=\"Escrito por\" \/>\n\t<meta name=\"twitter:data1\" content=\"Manu\" \/>\n\t<meta name=\"twitter:label2\" content=\"Tiempo de lectura\" \/>\n\t<meta name=\"twitter:data2\" content=\"3 minutos\" \/>\n<script type=\"application\/ld+json\" class=\"yoast-schema-graph\">{\"@context\":\"https:\\\/\\\/schema.org\",\"@graph\":[{\"@type\":\"Article\",\"@id\":\"https:\\\/\\\/www.cuballama.com\\\/noticias\\\/letra-del-ano-2025-dice-que-la-justicia-y-la-fuerza-seran-determinantes\\\/#article\",\"isPartOf\":{\"@id\":\"https:\\\/\\\/www.cuballama.com\\\/noticias\\\/letra-del-ano-2025-dice-que-la-justicia-y-la-fuerza-seran-determinantes\\\/\"},\"author\":{\"name\":\"Manu\",\"@id\":\"https:\\\/\\\/www.cuballama.com\\\/noticias\\\/#\\\/schema\\\/person\\\/5889f7d070564f8386e7944d14d436cd\"},\"headline\":\"Letra del a\u00f1o 2025 dice que \u00bb la justicia y la fuerza ser\u00e1n determinantes\u00bb\",\"datePublished\":\"2025-01-01T12:05:02+00:00\",\"dateModified\":\"2025-01-01T12:05:40+00:00\",\"mainEntityOfPage\":{\"@id\":\"https:\\\/\\\/www.cuballama.com\\\/noticias\\\/letra-del-ano-2025-dice-que-la-justicia-y-la-fuerza-seran-determinantes\\\/\"},\"wordCount\":639,\"commentCount\":1,\"publisher\":{\"@id\":\"https:\\\/\\\/www.cuballama.com\\\/noticias\\\/#organization\"},\"image\":{\"@id\":\"https:\\\/\\\/www.cuballama.com\\\/noticias\\\/letra-del-ano-2025-dice-que-la-justicia-y-la-fuerza-seran-determinantes\\\/#primaryimage\"},\"thumbnailUrl\":\"https:\\\/\\\/cdn1.mediawpaccore.net\\\/wp-content\\\/uploads\\\/2023\\\/12\\\/04143645\\\/Chango.jpg\",\"keywords\":[\"Crisis en Cuba\",\"Cuba\",\"cubanos\",\"Letra del A\u00f1o\",\"superdestacado\"],\"articleSection\":[\"Noticias\",\"Noticias de Cuba\"],\"inLanguage\":\"es\",\"potentialAction\":[{\"@type\":\"CommentAction\",\"name\":\"Comment\",\"target\":[\"https:\\\/\\\/www.cuballama.com\\\/noticias\\\/letra-del-ano-2025-dice-que-la-justicia-y-la-fuerza-seran-determinantes\\\/#respond\"]}]},{\"@type\":\"WebPage\",\"@id\":\"https:\\\/\\\/www.cuballama.com\\\/noticias\\\/letra-del-ano-2025-dice-que-la-justicia-y-la-fuerza-seran-determinantes\\\/\",\"url\":\"https:\\\/\\\/www.cuballama.com\\\/noticias\\\/letra-del-ano-2025-dice-que-la-justicia-y-la-fuerza-seran-determinantes\\\/\",\"name\":\"Letra del a\u00f1o 2025 dice que \\\" la justicia y la fuerza ser\u00e1n determinantes\\\" - Cuballama Noticias\",\"isPartOf\":{\"@id\":\"https:\\\/\\\/www.cuballama.com\\\/noticias\\\/#website\"},\"primaryImageOfPage\":{\"@id\":\"https:\\\/\\\/www.cuballama.com\\\/noticias\\\/letra-del-ano-2025-dice-que-la-justicia-y-la-fuerza-seran-determinantes\\\/#primaryimage\"},\"image\":{\"@id\":\"https:\\\/\\\/www.cuballama.com\\\/noticias\\\/letra-del-ano-2025-dice-que-la-justicia-y-la-fuerza-seran-determinantes\\\/#primaryimage\"},\"thumbnailUrl\":\"https:\\\/\\\/cdn1.mediawpaccore.net\\\/wp-content\\\/uploads\\\/2023\\\/12\\\/04143645\\\/Chango.jpg\",\"datePublished\":\"2025-01-01T12:05:02+00:00\",\"dateModified\":\"2025-01-01T12:05:40+00:00\",\"breadcrumb\":{\"@id\":\"https:\\\/\\\/www.cuballama.com\\\/noticias\\\/letra-del-ano-2025-dice-que-la-justicia-y-la-fuerza-seran-determinantes\\\/#breadcrumb\"},\"inLanguage\":\"es\",\"potentialAction\":[{\"@type\":\"ReadAction\",\"target\":[\"https:\\\/\\\/www.cuballama.com\\\/noticias\\\/letra-del-ano-2025-dice-que-la-justicia-y-la-fuerza-seran-determinantes\\\/\"]}]},{\"@type\":\"ImageObject\",\"inLanguage\":\"es\",\"@id\":\"https:\\\/\\\/www.cuballama.com\\\/noticias\\\/letra-del-ano-2025-dice-que-la-justicia-y-la-fuerza-seran-determinantes\\\/#primaryimage\",\"url\":\"https:\\\/\\\/cdn1.mediawpaccore.net\\\/wp-content\\\/uploads\\\/2023\\\/12\\\/04143645\\\/Chango.jpg\",\"contentUrl\":\"https:\\\/\\\/cdn1.mediawpaccore.net\\\/wp-content\\\/uploads\\\/2023\\\/12\\\/04143645\\\/Chango.jpg\",\"width\":1200,\"height\":630,\"caption\":\"Sede nacional de la Asociaci\u00f3n Cultural Yoruba de Cuba\\\/Representaci\u00f3n de Chang\u00f3. Foto: Facebook\\\/Asociaci\u00f3n Cultural Yoruba de Cuba.\"},{\"@type\":\"BreadcrumbList\",\"@id\":\"https:\\\/\\\/www.cuballama.com\\\/noticias\\\/letra-del-ano-2025-dice-que-la-justicia-y-la-fuerza-seran-determinantes\\\/#breadcrumb\",\"itemListElement\":[{\"@type\":\"ListItem\",\"position\":1,\"name\":\"Home\",\"item\":\"https:\\\/\\\/www.cuballama.com\\\/noticias\\\/\"},{\"@type\":\"ListItem\",\"position\":2,\"name\":\"Letra del a\u00f1o 2025 dice que \u00bb la justicia y la fuerza ser\u00e1n determinantes\u00bb\"}]},{\"@type\":\"WebSite\",\"@id\":\"https:\\\/\\\/www.cuballama.com\\\/noticias\\\/#website\",\"url\":\"https:\\\/\\\/www.cuballama.com\\\/noticias\\\/\",\"name\":\"Cuballama Noticias\",\"description\":\"Medio digital sobre Cuba y el mundo\",\"publisher\":{\"@id\":\"https:\\\/\\\/www.cuballama.com\\\/noticias\\\/#organization\"},\"potentialAction\":[{\"@type\":\"SearchAction\",\"target\":{\"@type\":\"EntryPoint\",\"urlTemplate\":\"https:\\\/\\\/www.cuballama.com\\\/noticias\\\/?s={search_term_string}\"},\"query-input\":{\"@type\":\"PropertyValueSpecification\",\"valueRequired\":true,\"valueName\":\"search_term_string\"}}],\"inLanguage\":\"es\"},{\"@type\":\"Organization\",\"@id\":\"https:\\\/\\\/www.cuballama.com\\\/noticias\\\/#organization\",\"name\":\"Cuballama\",\"url\":\"https:\\\/\\\/www.cuballama.com\\\/noticias\\\/\",\"logo\":{\"@type\":\"ImageObject\",\"inLanguage\":\"es\",\"@id\":\"https:\\\/\\\/www.cuballama.com\\\/noticias\\\/#\\\/schema\\\/logo\\\/image\\\/\",\"url\":\"https:\\\/\\\/cdn1.mediawpaccore.net\\\/wp-content\\\/uploads\\\/2021\\\/12\\\/28171206\\\/cbll-logo-color-sm.png\",\"contentUrl\":\"https:\\\/\\\/cdn1.mediawpaccore.net\\\/wp-content\\\/uploads\\\/2021\\\/12\\\/28171206\\\/cbll-logo-color-sm.png\",\"width\":600,\"height\":133,\"caption\":\"Cuballama\"},\"image\":{\"@id\":\"https:\\\/\\\/www.cuballama.com\\\/noticias\\\/#\\\/schema\\\/logo\\\/image\\\/\"},\"sameAs\":[\"https:\\\/\\\/www.facebook.com\\\/CubaLlama\",\"https:\\\/\\\/x.com\\\/cuballama\",\"https:\\\/\\\/www.instagram.com\\\/stories\\\/cuballama_oficial\\\/\",\"https:\\\/\\\/www.youtube.com\\\/channel\\\/UCKkFE-d_axENGZcrc4as0IA\"]},{\"@type\":\"Person\",\"@id\":\"https:\\\/\\\/www.cuballama.com\\\/noticias\\\/#\\\/schema\\\/person\\\/5889f7d070564f8386e7944d14d436cd\",\"name\":\"Manu\",\"url\":\"https:\\\/\\\/www.cuballama.com\\\/noticias\\\/author\\\/manu\\\/\"}]}<\/script>\n<!-- \/ Yoast SEO plugin. -->","yoast_head_json":{"title":"Letra del a\u00f1o 2025 dice que \" la justicia y la fuerza ser\u00e1n determinantes\" - Cuballama Noticias","robots":{"index":"index","follow":"follow","max-snippet":"max-snippet:-1","max-image-preview":"max-image-preview:large","max-video-preview":"max-video-preview:-1"},"canonical":"https:\/\/www.cuballama.com\/noticias\/letra-del-ano-2025-dice-que-la-justicia-y-la-fuerza-seran-determinantes\/","og_locale":"es_ES","og_type":"article","og_title":"Letra del a\u00f1o 2025 dice que \" la justicia y la fuerza ser\u00e1n determinantes\" - Cuballama Noticias","og_description":"Esta profec\u00eda ha sido divulgada en medio de una grave crisis econ\u00f3mica que ha puesto en jaque al pa\u00eds y ha estado marcada por los prolongados apagones, el alto precio de los alimentos y la falta de medicamentos","og_url":"https:\/\/www.cuballama.com\/noticias\/letra-del-ano-2025-dice-que-la-justicia-y-la-fuerza-seran-determinantes\/","og_site_name":"Cuballama Noticias","article_publisher":"https:\/\/www.facebook.com\/CubaLlama","article_published_time":"2025-01-01T12:05:02+00:00","article_modified_time":"2025-01-01T12:05:40+00:00","og_image":[{"width":1200,"height":630,"url":"https:\/\/cdn1.mediawpaccore.net\/wp-content\/uploads\/2023\/12\/04143645\/Chango.jpg","type":"image\/jpeg"}],"author":"Manu","twitter_card":"summary_large_image","twitter_creator":"@cuballama","twitter_site":"@cuballama","twitter_misc":{"Escrito por":"Manu","Tiempo de lectura":"3 minutos"},"schema":{"@context":"https:\/\/schema.org","@graph":[{"@type":"Article","@id":"https:\/\/www.cuballama.com\/noticias\/letra-del-ano-2025-dice-que-la-justicia-y-la-fuerza-seran-determinantes\/#article","isPartOf":{"@id":"https:\/\/www.cuballama.com\/noticias\/letra-del-ano-2025-dice-que-la-justicia-y-la-fuerza-seran-determinantes\/"},"author":{"name":"Manu","@id":"https:\/\/www.cuballama.com\/noticias\/#\/schema\/person\/5889f7d070564f8386e7944d14d436cd"},"headline":"Letra del a\u00f1o 2025 dice que \u00bb la justicia y la fuerza ser\u00e1n determinantes\u00bb","datePublished":"2025-01-01T12:05:02+00:00","dateModified":"2025-01-01T12:05:40+00:00","mainEntityOfPage":{"@id":"https:\/\/www.cuballama.com\/noticias\/letra-del-ano-2025-dice-que-la-justicia-y-la-fuerza-seran-determinantes\/"},"wordCount":639,"commentCount":1,"publisher":{"@id":"https:\/\/www.cuballama.com\/noticias\/#organization"},"image":{"@id":"https:\/\/www.cuballama.com\/noticias\/letra-del-ano-2025-dice-que-la-justicia-y-la-fuerza-seran-determinantes\/#primaryimage"},"thumbnailUrl":"https:\/\/cdn1.mediawpaccore.net\/wp-content\/uploads\/2023\/12\/04143645\/Chango.jpg","keywords":["Crisis en Cuba","Cuba","cubanos","Letra del A\u00f1o","superdestacado"],"articleSection":["Noticias","Noticias de Cuba"],"inLanguage":"es","potentialAction":[{"@type":"CommentAction","name":"Comment","target":["https:\/\/www.cuballama.com\/noticias\/letra-del-ano-2025-dice-que-la-justicia-y-la-fuerza-seran-determinantes\/#respond"]}]},{"@type":"WebPage","@id":"https:\/\/www.cuballama.com\/noticias\/letra-del-ano-2025-dice-que-la-justicia-y-la-fuerza-seran-determinantes\/","url":"https:\/\/www.cuballama.com\/noticias\/letra-del-ano-2025-dice-que-la-justicia-y-la-fuerza-seran-determinantes\/","name":"Letra del a\u00f1o 2025 dice que \" la justicia y la fuerza ser\u00e1n determinantes\" - Cuballama Noticias","isPartOf":{"@id":"https:\/\/www.cuballama.com\/noticias\/#website"},"primaryImageOfPage":{"@id":"https:\/\/www.cuballama.com\/noticias\/letra-del-ano-2025-dice-que-la-justicia-y-la-fuerza-seran-determinantes\/#primaryimage"},"image":{"@id":"https:\/\/www.cuballama.com\/noticias\/letra-del-ano-2025-dice-que-la-justicia-y-la-fuerza-seran-determinantes\/#primaryimage"},"thumbnailUrl":"https:\/\/cdn1.mediawpaccore.net\/wp-content\/uploads\/2023\/12\/04143645\/Chango.jpg","datePublished":"2025-01-01T12:05:02+00:00","dateModified":"2025-01-01T12:05:40+00:00","breadcrumb":{"@id":"https:\/\/www.cuballama.com\/noticias\/letra-del-ano-2025-dice-que-la-justicia-y-la-fuerza-seran-determinantes\/#breadcrumb"},"inLanguage":"es","potentialAction":[{"@type":"ReadAction","target":["https:\/\/www.cuballama.com\/noticias\/letra-del-ano-2025-dice-que-la-justicia-y-la-fuerza-seran-determinantes\/"]}]},{"@type":"ImageObject","inLanguage":"es","@id":"https:\/\/www.cuballama.com\/noticias\/letra-del-ano-2025-dice-que-la-justicia-y-la-fuerza-seran-determinantes\/#primaryimage","url":"https:\/\/cdn1.mediawpaccore.net\/wp-content\/uploads\/2023\/12\/04143645\/Chango.jpg","contentUrl":"https:\/\/cdn1.mediawpaccore.net\/wp-content\/uploads\/2023\/12\/04143645\/Chango.jpg","width":1200,"height":630,"caption":"Sede nacional de la Asociaci\u00f3n Cultural Yoruba de Cuba\/Representaci\u00f3n de Chang\u00f3. Foto: Facebook\/Asociaci\u00f3n Cultural Yoruba de Cuba."},{"@type":"BreadcrumbList","@id":"https:\/\/www.cuballama.com\/noticias\/letra-del-ano-2025-dice-que-la-justicia-y-la-fuerza-seran-determinantes\/#breadcrumb","itemListElement":[{"@type":"ListItem","position":1,"name":"Home","item":"https:\/\/www.cuballama.com\/noticias\/"},{"@type":"ListItem","position":2,"name":"Letra del a\u00f1o 2025 dice que \u00bb la justicia y la fuerza ser\u00e1n determinantes\u00bb"}]},{"@type":"WebSite","@id":"https:\/\/www.cuballama.com\/noticias\/#website","url":"https:\/\/www.cuballama.com\/noticias\/","name":"Cuballama Noticias","description":"Medio digital sobre Cuba y el mundo","publisher":{"@id":"https:\/\/www.cuballama.com\/noticias\/#organization"},"potentialAction":[{"@type":"SearchAction","target":{"@type":"EntryPoint","urlTemplate":"https:\/\/www.cuballama.com\/noticias\/?s={search_term_string}"},"query-input":{"@type":"PropertyValueSpecification","valueRequired":true,"valueName":"search_term_string"}}],"inLanguage":"es"},{"@type":"Organization","@id":"https:\/\/www.cuballama.com\/noticias\/#organization","name":"Cuballama","url":"https:\/\/www.cuballama.com\/noticias\/","logo":{"@type":"ImageObject","inLanguage":"es","@id":"https:\/\/www.cuballama.com\/noticias\/#\/schema\/logo\/image\/","url":"https:\/\/cdn1.mediawpaccore.net\/wp-content\/uploads\/2021\/12\/28171206\/cbll-logo-color-sm.png","contentUrl":"https:\/\/cdn1.mediawpaccore.net\/wp-content\/uploads\/2021\/12\/28171206\/cbll-logo-color-sm.png","width":600,"height":133,"caption":"Cuballama"},"image":{"@id":"https:\/\/www.cuballama.com\/noticias\/#\/schema\/logo\/image\/"},"sameAs":["https:\/\/www.facebook.com\/CubaLlama","https:\/\/x.com\/cuballama","https:\/\/www.instagram.com\/stories\/cuballama_oficial\/","https:\/\/www.youtube.com\/channel\/UCKkFE-d_axENGZcrc4as0IA"]},{"@type":"Person","@id":"https:\/\/www.cuballama.com\/noticias\/#\/schema\/person\/5889f7d070564f8386e7944d14d436cd","name":"Manu","url":"https:\/\/www.cuballama.com\/noticias\/author\/manu\/"}]}},"_links":{"self":[{"href":"https:\/\/www.cuballama.com\/noticias\/wp-json\/wp\/v2\/posts\/194194","targetHints":{"allow":["GET"]}}],"collection":[{"href":"https:\/\/www.cuballama.com\/noticias\/wp-json\/wp\/v2\/posts"}],"about":[{"href":"https:\/\/www.cuballama.com\/noticias\/wp-json\/wp\/v2\/types\/post"}],"author":[{"embeddable":true,"href":"https:\/\/www.cuballama.com\/noticias\/wp-json\/wp\/v2\/users\/24"}],"replies":[{"embeddable":true,"href":"https:\/\/www.cuballama.com\/noticias\/wp-json\/wp\/v2\/comments?post=194194"}],"version-history":[{"count":3,"href":"https:\/\/www.cuballama.com\/noticias\/wp-json\/wp\/v2\/posts\/194194\/revisions"}],"predecessor-version":[{"id":194200,"href":"https:\/\/www.cuballama.com\/noticias\/wp-json\/wp\/v2\/posts\/194194\/revisions\/194200"}],"wp:featuredmedia":[{"embeddable":true,"href":"https:\/\/www.cuballama.com\/noticias\/wp-json\/wp\/v2\/media\/147961"}],"wp:attachment":[{"href":"https:\/\/www.cuballama.com\/noticias\/wp-json\/wp\/v2\/media?parent=194194"}],"wp:term":[{"taxonomy":"category","embeddable":true,"href":"https:\/\/www.cuballama.com\/noticias\/wp-json\/wp\/v2\/categories?post=194194"},{"taxonomy":"post_tag","embeddable":true,"href":"https:\/\/www.cuballama.com\/noticias\/wp-json\/wp\/v2\/tags?post=194194"}],"curies":[{"name":"wp","href":"https:\/\/api.w.org\/{rel}","templated":true}]}}