{"id":191802,"date":"2024-12-06T13:40:54","date_gmt":"2024-12-06T18:40:54","guid":{"rendered":"https:\/\/www.cuballama.com\/noticias\/?p=191802"},"modified":"2024-12-06T14:57:52","modified_gmt":"2024-12-06T19:57:52","slug":"sandro-castro-agradece-a-la-gente-sencilla-que-fue-a-su-fiesta-de-millonario","status":"publish","type":"post","link":"https:\/\/www.cuballama.com\/noticias\/sandro-castro-agradece-a-la-gente-sencilla-que-fue-a-su-fiesta-de-millonario\/","title":{"rendered":"Sandro Castro agradece a la gente \u201csencilla\u201d que fue a su fiesta de millonario"},"content":{"rendered":"\n<p>La pol\u00e9mica fiesta de cumplea\u00f1os de Sandro Castro, el m\u00e1s medi\u00e1tico de los nietos de Fidel Castro, se llev\u00f3 a cabo en la noche de este jueves en su bar EFE, en El Vedado, La Habana.<\/p>\n\n\n\n<p>Sandro celebr\u00f3 con bombos y platillos el cumple propio de un ni\u00f1o rico, mientras Cuba atraviesa una de las peores crisis econ\u00f3micas de su historia y despu\u00e9s de asegurar que \u00e9l es <a href=\"https:\/\/www.cuballama.com\/noticias\/de-todo-le-dicen-a-nieto-de-fidel-castro-por-llamarse-joven-comun-y-corriente\/\" target=\"_blank\" rel=\"noreferrer noopener\">\u201cun joven revolucionario, com\u00fan y corriente\u201d<\/a>.<\/p>\n\n\n\n<p>En medio de todo tipo de cr\u00edticas y de burlas por restregarle al cubano de a pie el lujo con el que vive un miembro de la \u201cfamilia real\u201d en la isla, el muchacho agradeci\u00f3 adem\u00e1s a la gente \u201clinda\u201d y sencilla\u201d que asisti\u00f3 a su evento.<\/p>\n\n\n\n<figure class=\"wp-block-image size-large is-resized\"><img loading=\"lazy\" decoding=\"async\" width=\"608\" height=\"1024\" src=\"https:\/\/cdn1.mediawpaccore.net\/wp-content\/uploads\/2024\/12\/06132202\/Imagen-de-WhatsApp-2024-12-06-a-las-11.07.13_3729a7af-608x1024.jpg\" alt=\"\" class=\"wp-image-191819\" style=\"width:351px;height:auto\" srcset=\"https:\/\/cdn1.mediawpaccore.net\/wp-content\/uploads\/2024\/12\/06132202\/Imagen-de-WhatsApp-2024-12-06-a-las-11.07.13_3729a7af-608x1024.jpg 608w, https:\/\/cdn1.mediawpaccore.net\/wp-content\/uploads\/2024\/12\/06132202\/Imagen-de-WhatsApp-2024-12-06-a-las-11.07.13_3729a7af-178x300.jpg 178w, https:\/\/cdn1.mediawpaccore.net\/wp-content\/uploads\/2024\/12\/06132202\/Imagen-de-WhatsApp-2024-12-06-a-las-11.07.13_3729a7af-768x1293.jpg 768w, https:\/\/cdn1.mediawpaccore.net\/wp-content\/uploads\/2024\/12\/06132202\/Imagen-de-WhatsApp-2024-12-06-a-las-11.07.13_3729a7af-912x1536.jpg 912w, https:\/\/cdn1.mediawpaccore.net\/wp-content\/uploads\/2024\/12\/06132202\/Imagen-de-WhatsApp-2024-12-06-a-las-11.07.13_3729a7af-150x253.jpg 150w, https:\/\/cdn1.mediawpaccore.net\/wp-content\/uploads\/2024\/12\/06132202\/Imagen-de-WhatsApp-2024-12-06-a-las-11.07.13_3729a7af-300x505.jpg 300w, https:\/\/cdn1.mediawpaccore.net\/wp-content\/uploads\/2024\/12\/06132202\/Imagen-de-WhatsApp-2024-12-06-a-las-11.07.13_3729a7af-696x1172.jpg 696w, https:\/\/cdn1.mediawpaccore.net\/wp-content\/uploads\/2024\/12\/06132202\/Imagen-de-WhatsApp-2024-12-06-a-las-11.07.13_3729a7af.jpg 942w\" sizes=\"auto, (max-width: 608px) 100vw, 608px\" \/><\/figure>\n\n\n\n<p>\u201cGrande mi Cuba\u201d, acot\u00f3 al pie de un breve video que public\u00f3 en sus historias de Instagram y en el que aparece posando a ritmo de conga con la fiesta de fondo.<\/p>\n\n\n\n<p>El homenajeado comparti\u00f3 adem\u00e1s una foto del atuendo que escogi\u00f3 para la ocasi\u00f3n, en la que pidi\u00f3 que los asistentes fueran vestidos de blanco.<\/p>\n\n\n\n<figure class=\"wp-block-video\"><video height=\"672\" style=\"aspect-ratio: 384 \/ 672;\" width=\"384\" controls src=\"https:\/\/cdn1.mediawpaccore.net\/wp-content\/uploads\/2024\/12\/06133729\/Video-de-WhatsApp-2024-12-06-a-las-13.36.41_e5f2ba02.mp4\"><\/video><\/figure>\n\n\n\n<p>Si bien el descendiente de los Castro prometi\u00f3 que su recriminada fiesta ser\u00eda \u201cla m\u00e1s grande en a\u00f1os\u201d, las pocas im\u00e1genes que public\u00f3 del festejo, que estuvo precedido el mi\u00e9rcoles por el tercer apag\u00f3n masivo en Cuba en menos de dos meses, no lo demuestran.<\/p>\n\n\n\n<p>No obstante, su amigo y mano derecha, Carluch\u00edn, cuyo nombre real es Carlos Rogelio Boluf\u00e9, se quej\u00f3 de que los haters \u201clo mezclan todo con pol\u00edtica\u201d y advirti\u00f3 que todo estaba vendido.&nbsp;<\/p>\n\n\n\n<blockquote class=\"twitter-tweet\"><p lang=\"es\" dir=\"ltr\">Mientras <a href=\"https:\/\/twitter.com\/hashtag\/Cuba?src=hash&amp;ref_src=twsrc%5Etfw\">#Cuba<\/a> atraviesa la mayor crisis econ\u00f3mica en d\u00e9cadas, as\u00ed celebr\u00f3 el nieto de Fidel Castro su cumplea\u00f1os en el bar que tiene de su propiedad en La Habana.<br><br>Al mismo tiempo, millones de cubanos se encontraban a oscuras\u2026 no hay verg\u00fcenza.<br> <a href=\"https:\/\/t.co\/5nK1LY6KwW\">pic.twitter.com\/5nK1LY6KwW<\/a><\/p>&mdash; Mag Jorge Castro\ud83c\udde8\ud83c\uddfa (@mjorgec1994) <a href=\"https:\/\/twitter.com\/mjorgec1994\/status\/1865021056123093025?ref_src=twsrc%5Etfw\">December 6, 2024<\/a><\/blockquote> <script async src=\"https:\/\/platform.twitter.com\/widgets.js\" charset=\"utf-8\"><\/script>\n\n\n\n<p>La entrada a la fiesta, prevista para las diez de la noche de este 5 de diciembre, val\u00eda mil pesos cubanos y el consumo m\u00ednimo en mesa era de 15 mil.<\/p>\n\n\n\n<p>Aunque Sandro (y <a href=\"https:\/\/www.cuballama.com\/noticias\/sandro-castro-y-miguel-anido-dos-caras-de-la-misma-moneda\/\" target=\"_blank\" rel=\"noreferrer noopener\">el hijastro del gobernante Miguel D\u00edaz-Canel<\/a>, que se fue a vivir a Europa a toda leche con su novia millonaria) podr\u00eda ser el hombre m\u00e1s detestado del momento en Cuba, un fot\u00f3grafo estadounidense cercano a \u201cla familia\u201d lo llam\u00f3 \u201chombre especial\u201d.<\/p>\n\n\n\n<figure class=\"wp-block-image size-full is-resized\"><img loading=\"lazy\" decoding=\"async\" width=\"435\" height=\"717\" src=\"https:\/\/cdn1.mediawpaccore.net\/wp-content\/uploads\/2024\/12\/06132231\/Captura-de-pantalla_6-12-2024_125332_www.instagram.com_.jpeg\" alt=\"\" class=\"wp-image-191821\" style=\"width:353px;height:auto\" srcset=\"https:\/\/cdn1.mediawpaccore.net\/wp-content\/uploads\/2024\/12\/06132231\/Captura-de-pantalla_6-12-2024_125332_www.instagram.com_.jpeg 435w, https:\/\/cdn1.mediawpaccore.net\/wp-content\/uploads\/2024\/12\/06132231\/Captura-de-pantalla_6-12-2024_125332_www.instagram.com_-182x300.jpeg 182w, https:\/\/cdn1.mediawpaccore.net\/wp-content\/uploads\/2024\/12\/06132231\/Captura-de-pantalla_6-12-2024_125332_www.instagram.com_-150x247.jpeg 150w, https:\/\/cdn1.mediawpaccore.net\/wp-content\/uploads\/2024\/12\/06132231\/Captura-de-pantalla_6-12-2024_125332_www.instagram.com_-300x494.jpeg 300w\" sizes=\"auto, (max-width: 435px) 100vw, 435px\" \/><\/figure>\n\n\n\n<p>\u201cUn ni\u00f1o nacido en una isla en una familia con muchas ramas en su \u00e1rbol geneal\u00f3gico, con ra\u00edces profundas que nunca se perder\u00e1n ni se olvidar\u00e1n. He conocido de cerca la rama de este \u00e1rbol en particular durante muchos a\u00f1os y hoy celebro a un hombre, no por lo que ha hecho trabajando a lo largo de los a\u00f1os y algunos todav\u00eda no lo ven en las calles de La Habana o en otros lugares del extranjero\u201d, dijo el extranjero en un mensaje compartido en las historias de Instagram del bar EFE.<\/p>\n\n\n\n<p>\u201cHoy celebro a mi amigo que me present\u00f3 a su madre y vi el parecido de su sonrisa que conozco desde hace a\u00f1os. Celebro a mi amigo, que le dio trabajo a amigos cercanos, y ahora los veo en Espa\u00f1a, Estados Unidos, M\u00e9xico y Cuba prosperando, porque en alg\u00fan momento de su crecimiento les ofreci\u00f3 la capacidad de crecer como un \u00e1rbol fertilizado con ra\u00edces profundas. Hoy a mi gran amigo, a mi hermano y a mi familia les digo feliz cumplea\u00f1os, sigan creciendo, sigan apreciando a quienes los ayudan a hacer crecer su imperio y, como dice su marca favorita, Just Do It!\u201d, concluy\u00f3 el norteamericano, nombrado Scott Crowe, al hablar del imperio de los Castros y del papel que Sandro en \u00e9l.<\/p>\n","protected":false},"excerpt":{"rendered":"<p>El nieto de Fidel Castro celebr\u00f3 su cumplea\u00f1os por todo lo alto, mientras Cuba atraviesa una de las peores crisis econ\u00f3micas de su historia. <\/p>\n","protected":false},"author":30,"featured_media":191825,"comment_status":"open","ping_status":"closed","sticky":false,"template":"","format":"standard","meta":{"_acf_changed":false,"footnotes":""},"categories":[18,955],"tags":[10867,17324,941,4317,5048,19427,11903],"class_list":{"0":"post-191802","1":"post","2":"type-post","3":"status-publish","4":"format-standard","5":"has-post-thumbnail","7":"category-noticias","8":"category-noticias-de-cuba","9":"tag-crisis-en-cuba","10":"tag-cumpleanos-famosos","11":"tag-destacado","12":"tag-familia-castro","13":"tag-fidel-castro","14":"tag-polemica-en-redes","15":"tag-sandro-castro"},"acf":[],"yoast_head":"<!-- This site is optimized with the Yoast SEO plugin v27.5 - https:\/\/yoast.com\/product\/yoast-seo-wordpress\/ -->\n<title>Sandro Castro agradece a la gente \u201csencilla\u201d que fue a su fiesta de millonario - Cuballama Noticias<\/title>\n<meta name=\"description\" content=\"La pol\u00e9mica fiesta de cumplea\u00f1os de Sandro Castro, nieto de Fidel Castro, se llev\u00f3 a cabo en la noche de este jueves en La Habana.\" \/>\n<meta name=\"robots\" content=\"index, follow, max-snippet:-1, max-image-preview:large, max-video-preview:-1\" \/>\n<link rel=\"canonical\" href=\"https:\/\/www.cuballama.com\/noticias\/sandro-castro-agradece-a-la-gente-sencilla-que-fue-a-su-fiesta-de-millonario\/\" \/>\n<meta property=\"og:locale\" content=\"es_ES\" \/>\n<meta property=\"og:type\" content=\"article\" \/>\n<meta property=\"og:title\" content=\"Sandro Castro agradece a la gente \u201csencilla\u201d que fue a su fiesta de millonario - Cuballama Noticias\" \/>\n<meta property=\"og:description\" content=\"La pol\u00e9mica fiesta de cumplea\u00f1os de Sandro Castro, nieto de Fidel Castro, se llev\u00f3 a cabo en la noche de este jueves en La Habana.\" \/>\n<meta property=\"og:url\" content=\"https:\/\/www.cuballama.com\/noticias\/sandro-castro-agradece-a-la-gente-sencilla-que-fue-a-su-fiesta-de-millonario\/\" \/>\n<meta property=\"og:site_name\" content=\"Cuballama Noticias\" \/>\n<meta property=\"article:publisher\" content=\"https:\/\/www.facebook.com\/CubaLlama\" \/>\n<meta property=\"article:published_time\" content=\"2024-12-06T18:40:54+00:00\" \/>\n<meta property=\"article:modified_time\" content=\"2024-12-06T19:57:52+00:00\" \/>\n<meta property=\"og:image\" content=\"https:\/\/cdn1.mediawpaccore.net\/wp-content\/uploads\/2024\/12\/06132724\/Square-4x43-1-1.jpg\" \/>\n\t<meta property=\"og:image:width\" content=\"1200\" \/>\n\t<meta property=\"og:image:height\" content=\"630\" \/>\n\t<meta property=\"og:image:type\" content=\"image\/jpeg\" \/>\n<meta name=\"author\" content=\"Kathy\" \/>\n<meta name=\"twitter:card\" content=\"summary_large_image\" \/>\n<meta name=\"twitter:creator\" content=\"@cuballama\" \/>\n<meta name=\"twitter:site\" content=\"@cuballama\" \/>\n<meta name=\"twitter:label1\" content=\"Escrito por\" \/>\n\t<meta name=\"twitter:data1\" content=\"Kathy\" \/>\n\t<meta name=\"twitter:label2\" content=\"Tiempo de lectura\" \/>\n\t<meta name=\"twitter:data2\" content=\"4 minutos\" \/>\n<script type=\"application\/ld+json\" class=\"yoast-schema-graph\">{\"@context\":\"https:\\\/\\\/schema.org\",\"@graph\":[{\"@type\":\"Article\",\"@id\":\"https:\\\/\\\/www.cuballama.com\\\/noticias\\\/sandro-castro-agradece-a-la-gente-sencilla-que-fue-a-su-fiesta-de-millonario\\\/#article\",\"isPartOf\":{\"@id\":\"https:\\\/\\\/www.cuballama.com\\\/noticias\\\/sandro-castro-agradece-a-la-gente-sencilla-que-fue-a-su-fiesta-de-millonario\\\/\"},\"author\":{\"name\":\"Kathy\",\"@id\":\"https:\\\/\\\/www.cuballama.com\\\/noticias\\\/#\\\/schema\\\/person\\\/86cd3e3f4974437f031211213bf892d5\"},\"headline\":\"Sandro Castro agradece a la gente \u201csencilla\u201d que fue a su fiesta de millonario\",\"datePublished\":\"2024-12-06T18:40:54+00:00\",\"dateModified\":\"2024-12-06T19:57:52+00:00\",\"mainEntityOfPage\":{\"@id\":\"https:\\\/\\\/www.cuballama.com\\\/noticias\\\/sandro-castro-agradece-a-la-gente-sencilla-que-fue-a-su-fiesta-de-millonario\\\/\"},\"wordCount\":656,\"commentCount\":0,\"publisher\":{\"@id\":\"https:\\\/\\\/www.cuballama.com\\\/noticias\\\/#organization\"},\"image\":{\"@id\":\"https:\\\/\\\/www.cuballama.com\\\/noticias\\\/sandro-castro-agradece-a-la-gente-sencilla-que-fue-a-su-fiesta-de-millonario\\\/#primaryimage\"},\"thumbnailUrl\":\"https:\\\/\\\/cdn1.mediawpaccore.net\\\/wp-content\\\/uploads\\\/2024\\\/12\\\/06132724\\\/Square-4x43-1-1.jpg\",\"keywords\":[\"Crisis en Cuba\",\"cumplea\u00f1os famosos\",\"destacado\",\"Familia Castro\",\"Fidel Castro\",\"pol\u00e9mica en redes\",\"Sandro Castro\"],\"articleSection\":[\"Noticias\",\"Noticias de Cuba\"],\"inLanguage\":\"es\",\"potentialAction\":[{\"@type\":\"CommentAction\",\"name\":\"Comment\",\"target\":[\"https:\\\/\\\/www.cuballama.com\\\/noticias\\\/sandro-castro-agradece-a-la-gente-sencilla-que-fue-a-su-fiesta-de-millonario\\\/#respond\"]}]},{\"@type\":\"WebPage\",\"@id\":\"https:\\\/\\\/www.cuballama.com\\\/noticias\\\/sandro-castro-agradece-a-la-gente-sencilla-que-fue-a-su-fiesta-de-millonario\\\/\",\"url\":\"https:\\\/\\\/www.cuballama.com\\\/noticias\\\/sandro-castro-agradece-a-la-gente-sencilla-que-fue-a-su-fiesta-de-millonario\\\/\",\"name\":\"Sandro Castro agradece a la gente \u201csencilla\u201d que fue a su fiesta de millonario - Cuballama Noticias\",\"isPartOf\":{\"@id\":\"https:\\\/\\\/www.cuballama.com\\\/noticias\\\/#website\"},\"primaryImageOfPage\":{\"@id\":\"https:\\\/\\\/www.cuballama.com\\\/noticias\\\/sandro-castro-agradece-a-la-gente-sencilla-que-fue-a-su-fiesta-de-millonario\\\/#primaryimage\"},\"image\":{\"@id\":\"https:\\\/\\\/www.cuballama.com\\\/noticias\\\/sandro-castro-agradece-a-la-gente-sencilla-que-fue-a-su-fiesta-de-millonario\\\/#primaryimage\"},\"thumbnailUrl\":\"https:\\\/\\\/cdn1.mediawpaccore.net\\\/wp-content\\\/uploads\\\/2024\\\/12\\\/06132724\\\/Square-4x43-1-1.jpg\",\"datePublished\":\"2024-12-06T18:40:54+00:00\",\"dateModified\":\"2024-12-06T19:57:52+00:00\",\"description\":\"La pol\u00e9mica fiesta de cumplea\u00f1os de Sandro Castro, nieto de Fidel Castro, se llev\u00f3 a cabo en la noche de este jueves en La Habana.\",\"breadcrumb\":{\"@id\":\"https:\\\/\\\/www.cuballama.com\\\/noticias\\\/sandro-castro-agradece-a-la-gente-sencilla-que-fue-a-su-fiesta-de-millonario\\\/#breadcrumb\"},\"inLanguage\":\"es\",\"potentialAction\":[{\"@type\":\"ReadAction\",\"target\":[\"https:\\\/\\\/www.cuballama.com\\\/noticias\\\/sandro-castro-agradece-a-la-gente-sencilla-que-fue-a-su-fiesta-de-millonario\\\/\"]}]},{\"@type\":\"ImageObject\",\"inLanguage\":\"es\",\"@id\":\"https:\\\/\\\/www.cuballama.com\\\/noticias\\\/sandro-castro-agradece-a-la-gente-sencilla-que-fue-a-su-fiesta-de-millonario\\\/#primaryimage\",\"url\":\"https:\\\/\\\/cdn1.mediawpaccore.net\\\/wp-content\\\/uploads\\\/2024\\\/12\\\/06132724\\\/Square-4x43-1-1.jpg\",\"contentUrl\":\"https:\\\/\\\/cdn1.mediawpaccore.net\\\/wp-content\\\/uploads\\\/2024\\\/12\\\/06132724\\\/Square-4x43-1-1.jpg\",\"width\":1200,\"height\":630,\"caption\":\"Sandro Castro. Foto: Instagram\\\/Sandro Castro.\"},{\"@type\":\"BreadcrumbList\",\"@id\":\"https:\\\/\\\/www.cuballama.com\\\/noticias\\\/sandro-castro-agradece-a-la-gente-sencilla-que-fue-a-su-fiesta-de-millonario\\\/#breadcrumb\",\"itemListElement\":[{\"@type\":\"ListItem\",\"position\":1,\"name\":\"Home\",\"item\":\"https:\\\/\\\/www.cuballama.com\\\/noticias\\\/\"},{\"@type\":\"ListItem\",\"position\":2,\"name\":\"Sandro Castro agradece a la gente \u201csencilla\u201d que fue a su fiesta de millonario\"}]},{\"@type\":\"WebSite\",\"@id\":\"https:\\\/\\\/www.cuballama.com\\\/noticias\\\/#website\",\"url\":\"https:\\\/\\\/www.cuballama.com\\\/noticias\\\/\",\"name\":\"Cuballama Noticias\",\"description\":\"Medio digital sobre Cuba y el mundo\",\"publisher\":{\"@id\":\"https:\\\/\\\/www.cuballama.com\\\/noticias\\\/#organization\"},\"potentialAction\":[{\"@type\":\"SearchAction\",\"target\":{\"@type\":\"EntryPoint\",\"urlTemplate\":\"https:\\\/\\\/www.cuballama.com\\\/noticias\\\/?s={search_term_string}\"},\"query-input\":{\"@type\":\"PropertyValueSpecification\",\"valueRequired\":true,\"valueName\":\"search_term_string\"}}],\"inLanguage\":\"es\"},{\"@type\":\"Organization\",\"@id\":\"https:\\\/\\\/www.cuballama.com\\\/noticias\\\/#organization\",\"name\":\"Cuballama\",\"url\":\"https:\\\/\\\/www.cuballama.com\\\/noticias\\\/\",\"logo\":{\"@type\":\"ImageObject\",\"inLanguage\":\"es\",\"@id\":\"https:\\\/\\\/www.cuballama.com\\\/noticias\\\/#\\\/schema\\\/logo\\\/image\\\/\",\"url\":\"https:\\\/\\\/cdn1.mediawpaccore.net\\\/wp-content\\\/uploads\\\/2021\\\/12\\\/28171206\\\/cbll-logo-color-sm.png\",\"contentUrl\":\"https:\\\/\\\/cdn1.mediawpaccore.net\\\/wp-content\\\/uploads\\\/2021\\\/12\\\/28171206\\\/cbll-logo-color-sm.png\",\"width\":600,\"height\":133,\"caption\":\"Cuballama\"},\"image\":{\"@id\":\"https:\\\/\\\/www.cuballama.com\\\/noticias\\\/#\\\/schema\\\/logo\\\/image\\\/\"},\"sameAs\":[\"https:\\\/\\\/www.facebook.com\\\/CubaLlama\",\"https:\\\/\\\/x.com\\\/cuballama\",\"https:\\\/\\\/www.instagram.com\\\/stories\\\/cuballama_oficial\\\/\",\"https:\\\/\\\/www.youtube.com\\\/channel\\\/UCKkFE-d_axENGZcrc4as0IA\"]},{\"@type\":\"Person\",\"@id\":\"https:\\\/\\\/www.cuballama.com\\\/noticias\\\/#\\\/schema\\\/person\\\/86cd3e3f4974437f031211213bf892d5\",\"name\":\"Kathy\",\"url\":\"https:\\\/\\\/www.cuballama.com\\\/noticias\\\/author\\\/kathy\\\/\"}]}<\/script>\n<!-- \/ Yoast SEO plugin. -->","yoast_head_json":{"title":"Sandro Castro agradece a la gente \u201csencilla\u201d que fue a su fiesta de millonario - Cuballama Noticias","description":"La pol\u00e9mica fiesta de cumplea\u00f1os de Sandro Castro, nieto de Fidel Castro, se llev\u00f3 a cabo en la noche de este jueves en La Habana.","robots":{"index":"index","follow":"follow","max-snippet":"max-snippet:-1","max-image-preview":"max-image-preview:large","max-video-preview":"max-video-preview:-1"},"canonical":"https:\/\/www.cuballama.com\/noticias\/sandro-castro-agradece-a-la-gente-sencilla-que-fue-a-su-fiesta-de-millonario\/","og_locale":"es_ES","og_type":"article","og_title":"Sandro Castro agradece a la gente \u201csencilla\u201d que fue a su fiesta de millonario - Cuballama Noticias","og_description":"La pol\u00e9mica fiesta de cumplea\u00f1os de Sandro Castro, nieto de Fidel Castro, se llev\u00f3 a cabo en la noche de este jueves en La Habana.","og_url":"https:\/\/www.cuballama.com\/noticias\/sandro-castro-agradece-a-la-gente-sencilla-que-fue-a-su-fiesta-de-millonario\/","og_site_name":"Cuballama Noticias","article_publisher":"https:\/\/www.facebook.com\/CubaLlama","article_published_time":"2024-12-06T18:40:54+00:00","article_modified_time":"2024-12-06T19:57:52+00:00","og_image":[{"width":1200,"height":630,"url":"https:\/\/cdn1.mediawpaccore.net\/wp-content\/uploads\/2024\/12\/06132724\/Square-4x43-1-1.jpg","type":"image\/jpeg"}],"author":"Kathy","twitter_card":"summary_large_image","twitter_creator":"@cuballama","twitter_site":"@cuballama","twitter_misc":{"Escrito por":"Kathy","Tiempo de lectura":"4 minutos"},"schema":{"@context":"https:\/\/schema.org","@graph":[{"@type":"Article","@id":"https:\/\/www.cuballama.com\/noticias\/sandro-castro-agradece-a-la-gente-sencilla-que-fue-a-su-fiesta-de-millonario\/#article","isPartOf":{"@id":"https:\/\/www.cuballama.com\/noticias\/sandro-castro-agradece-a-la-gente-sencilla-que-fue-a-su-fiesta-de-millonario\/"},"author":{"name":"Kathy","@id":"https:\/\/www.cuballama.com\/noticias\/#\/schema\/person\/86cd3e3f4974437f031211213bf892d5"},"headline":"Sandro Castro agradece a la gente \u201csencilla\u201d que fue a su fiesta de millonario","datePublished":"2024-12-06T18:40:54+00:00","dateModified":"2024-12-06T19:57:52+00:00","mainEntityOfPage":{"@id":"https:\/\/www.cuballama.com\/noticias\/sandro-castro-agradece-a-la-gente-sencilla-que-fue-a-su-fiesta-de-millonario\/"},"wordCount":656,"commentCount":0,"publisher":{"@id":"https:\/\/www.cuballama.com\/noticias\/#organization"},"image":{"@id":"https:\/\/www.cuballama.com\/noticias\/sandro-castro-agradece-a-la-gente-sencilla-que-fue-a-su-fiesta-de-millonario\/#primaryimage"},"thumbnailUrl":"https:\/\/cdn1.mediawpaccore.net\/wp-content\/uploads\/2024\/12\/06132724\/Square-4x43-1-1.jpg","keywords":["Crisis en Cuba","cumplea\u00f1os famosos","destacado","Familia Castro","Fidel Castro","pol\u00e9mica en redes","Sandro Castro"],"articleSection":["Noticias","Noticias de Cuba"],"inLanguage":"es","potentialAction":[{"@type":"CommentAction","name":"Comment","target":["https:\/\/www.cuballama.com\/noticias\/sandro-castro-agradece-a-la-gente-sencilla-que-fue-a-su-fiesta-de-millonario\/#respond"]}]},{"@type":"WebPage","@id":"https:\/\/www.cuballama.com\/noticias\/sandro-castro-agradece-a-la-gente-sencilla-que-fue-a-su-fiesta-de-millonario\/","url":"https:\/\/www.cuballama.com\/noticias\/sandro-castro-agradece-a-la-gente-sencilla-que-fue-a-su-fiesta-de-millonario\/","name":"Sandro Castro agradece a la gente \u201csencilla\u201d que fue a su fiesta de millonario - Cuballama Noticias","isPartOf":{"@id":"https:\/\/www.cuballama.com\/noticias\/#website"},"primaryImageOfPage":{"@id":"https:\/\/www.cuballama.com\/noticias\/sandro-castro-agradece-a-la-gente-sencilla-que-fue-a-su-fiesta-de-millonario\/#primaryimage"},"image":{"@id":"https:\/\/www.cuballama.com\/noticias\/sandro-castro-agradece-a-la-gente-sencilla-que-fue-a-su-fiesta-de-millonario\/#primaryimage"},"thumbnailUrl":"https:\/\/cdn1.mediawpaccore.net\/wp-content\/uploads\/2024\/12\/06132724\/Square-4x43-1-1.jpg","datePublished":"2024-12-06T18:40:54+00:00","dateModified":"2024-12-06T19:57:52+00:00","description":"La pol\u00e9mica fiesta de cumplea\u00f1os de Sandro Castro, nieto de Fidel Castro, se llev\u00f3 a cabo en la noche de este jueves en La Habana.","breadcrumb":{"@id":"https:\/\/www.cuballama.com\/noticias\/sandro-castro-agradece-a-la-gente-sencilla-que-fue-a-su-fiesta-de-millonario\/#breadcrumb"},"inLanguage":"es","potentialAction":[{"@type":"ReadAction","target":["https:\/\/www.cuballama.com\/noticias\/sandro-castro-agradece-a-la-gente-sencilla-que-fue-a-su-fiesta-de-millonario\/"]}]},{"@type":"ImageObject","inLanguage":"es","@id":"https:\/\/www.cuballama.com\/noticias\/sandro-castro-agradece-a-la-gente-sencilla-que-fue-a-su-fiesta-de-millonario\/#primaryimage","url":"https:\/\/cdn1.mediawpaccore.net\/wp-content\/uploads\/2024\/12\/06132724\/Square-4x43-1-1.jpg","contentUrl":"https:\/\/cdn1.mediawpaccore.net\/wp-content\/uploads\/2024\/12\/06132724\/Square-4x43-1-1.jpg","width":1200,"height":630,"caption":"Sandro Castro. Foto: Instagram\/Sandro Castro."},{"@type":"BreadcrumbList","@id":"https:\/\/www.cuballama.com\/noticias\/sandro-castro-agradece-a-la-gente-sencilla-que-fue-a-su-fiesta-de-millonario\/#breadcrumb","itemListElement":[{"@type":"ListItem","position":1,"name":"Home","item":"https:\/\/www.cuballama.com\/noticias\/"},{"@type":"ListItem","position":2,"name":"Sandro Castro agradece a la gente \u201csencilla\u201d que fue a su fiesta de millonario"}]},{"@type":"WebSite","@id":"https:\/\/www.cuballama.com\/noticias\/#website","url":"https:\/\/www.cuballama.com\/noticias\/","name":"Cuballama Noticias","description":"Medio digital sobre Cuba y el mundo","publisher":{"@id":"https:\/\/www.cuballama.com\/noticias\/#organization"},"potentialAction":[{"@type":"SearchAction","target":{"@type":"EntryPoint","urlTemplate":"https:\/\/www.cuballama.com\/noticias\/?s={search_term_string}"},"query-input":{"@type":"PropertyValueSpecification","valueRequired":true,"valueName":"search_term_string"}}],"inLanguage":"es"},{"@type":"Organization","@id":"https:\/\/www.cuballama.com\/noticias\/#organization","name":"Cuballama","url":"https:\/\/www.cuballama.com\/noticias\/","logo":{"@type":"ImageObject","inLanguage":"es","@id":"https:\/\/www.cuballama.com\/noticias\/#\/schema\/logo\/image\/","url":"https:\/\/cdn1.mediawpaccore.net\/wp-content\/uploads\/2021\/12\/28171206\/cbll-logo-color-sm.png","contentUrl":"https:\/\/cdn1.mediawpaccore.net\/wp-content\/uploads\/2021\/12\/28171206\/cbll-logo-color-sm.png","width":600,"height":133,"caption":"Cuballama"},"image":{"@id":"https:\/\/www.cuballama.com\/noticias\/#\/schema\/logo\/image\/"},"sameAs":["https:\/\/www.facebook.com\/CubaLlama","https:\/\/x.com\/cuballama","https:\/\/www.instagram.com\/stories\/cuballama_oficial\/","https:\/\/www.youtube.com\/channel\/UCKkFE-d_axENGZcrc4as0IA"]},{"@type":"Person","@id":"https:\/\/www.cuballama.com\/noticias\/#\/schema\/person\/86cd3e3f4974437f031211213bf892d5","name":"Kathy","url":"https:\/\/www.cuballama.com\/noticias\/author\/kathy\/"}]}},"_links":{"self":[{"href":"https:\/\/www.cuballama.com\/noticias\/wp-json\/wp\/v2\/posts\/191802","targetHints":{"allow":["GET"]}}],"collection":[{"href":"https:\/\/www.cuballama.com\/noticias\/wp-json\/wp\/v2\/posts"}],"about":[{"href":"https:\/\/www.cuballama.com\/noticias\/wp-json\/wp\/v2\/types\/post"}],"author":[{"embeddable":true,"href":"https:\/\/www.cuballama.com\/noticias\/wp-json\/wp\/v2\/users\/30"}],"replies":[{"embeddable":true,"href":"https:\/\/www.cuballama.com\/noticias\/wp-json\/wp\/v2\/comments?post=191802"}],"version-history":[{"count":11,"href":"https:\/\/www.cuballama.com\/noticias\/wp-json\/wp\/v2\/posts\/191802\/revisions"}],"predecessor-version":[{"id":191844,"href":"https:\/\/www.cuballama.com\/noticias\/wp-json\/wp\/v2\/posts\/191802\/revisions\/191844"}],"wp:featuredmedia":[{"embeddable":true,"href":"https:\/\/www.cuballama.com\/noticias\/wp-json\/wp\/v2\/media\/191825"}],"wp:attachment":[{"href":"https:\/\/www.cuballama.com\/noticias\/wp-json\/wp\/v2\/media?parent=191802"}],"wp:term":[{"taxonomy":"category","embeddable":true,"href":"https:\/\/www.cuballama.com\/noticias\/wp-json\/wp\/v2\/categories?post=191802"},{"taxonomy":"post_tag","embeddable":true,"href":"https:\/\/www.cuballama.com\/noticias\/wp-json\/wp\/v2\/tags?post=191802"}],"curies":[{"name":"wp","href":"https:\/\/api.w.org\/{rel}","templated":true}]}}