{"id":188335,"date":"2024-11-01T14:57:05","date_gmt":"2024-11-01T18:57:05","guid":{"rendered":"https:\/\/www.cuballama.com\/noticias\/?p=188335"},"modified":"2024-11-01T15:00:51","modified_gmt":"2024-11-01T19:00:51","slug":"adolescente-muere-apunalada-por-su-novio-en-santiago-de-cuba","status":"publish","type":"post","link":"https:\/\/www.cuballama.com\/noticias\/adolescente-muere-apunalada-por-su-novio-en-santiago-de-cuba\/","title":{"rendered":"Adolescente muere apu\u00f1alada por su novio en Santiago de Cuba"},"content":{"rendered":"\n<p>Una adolescente fue apu\u00f1alada mortalmente en la madrugada de este viernes por su pareja en la zona de Hoyo de Chicharrones de la ciudad de Santiago de Cuba.<\/p>\n\n\n\n<p>Seg\u00fan inform\u00f3 el periodista independiente Yosmany Mayeta, la joven, llamada Deyanira e identificada en Facebook como La Negrita&#8217;h Lakers, habr\u00eda sido asesinada por \u00c1lvaro Luis Santos Aguilera, que al parecer tiene 20 a\u00f1os y ya estar\u00eda detenido.&nbsp;<\/p>\n\n\n\n<p>De acuerdo con Mayeta, Deya, como la llamaban sus allegados, tendr\u00eda 16 a\u00f1os de edad, aunque Anyeline \u00c1lvarez, una conocida de la v\u00edctima, precis\u00f3 que ten\u00eda 17.<\/p>\n\n\n\n<p>A tenor con el testimonio que una persona cercana a v\u00edctima le ofreci\u00f3 al tambi\u00e9n activista, todo ocurri\u00f3 por culpa de otra joven, nombrada Chanelis, quien se hac\u00eda pasar por amiga de Deyanira, pero manten\u00eda una relaci\u00f3n con su novio.<\/p>\n\n\n\n<iframe loading=\"lazy\" src=\"https:\/\/www.facebook.com\/plugins\/post.php?href=https%3A%2F%2Fwww.facebook.com%2Fpermalink.php%3Fstory_fbid%3Dpfbid02WfcwrmRW5K1ZY3tUgLUUDWimtRBUaL1sEfpRHpzubZvMaHd28iFRuBUUa5KRjGnwl%26id%3D100008052648546&#038;show_text=true&#038;width=500\" width=\"500\" height=\"250\" style=\"border:none;overflow:hidden\" scrolling=\"no\" frameborder=\"0\" allowfullscreen=\"true\" allow=\"autoplay; clipboard-write; encrypted-media; picture-in-picture; web-share\"><\/iframe>\n\n\n\n<p>\u201cElla al enterarse fue para casa de la muchachita a fajarse. Y \u00c1lvaro le empez\u00f3 a caer a golpes a Deyanira afuera de su casa, y despu\u00e9s le da la pu\u00f1alada\u201d, revel\u00f3.<\/p>\n\n\n\n<p>\u201cDe cariduro que es, la llev\u00f3 para el policl\u00ednico municipal y les dec\u00eda a los m\u00e9dicos que si le pasaba algo iba a matar a uno. Y la doctora Anisia le dijo: \u2018Despu\u00e9s que la mataste\u2019. \u00c9l cogi\u00f3 y se mand\u00f3 a correr\u201d, relat\u00f3.<\/p>\n\n\n\n<p>\u201cNos esforzamos para poderla llevar a tiempo, pero era demasiado tarde ya. No ten\u00eda una amistad con ella, pero verla morir as\u00ed al frente de m\u00ed, a una muchacha llena de vida, me parti\u00f3 el coraz\u00f3n. Que Dios la tenga en un lugar hermoso\u201d, detall\u00f3 la usuaria Morenita Americana.<\/p>\n\n\n\n<p>\u201cDios te tenga en la gloria, mi ni\u00f1a. Tantas cosas por vivir y tantos momentos que se quedar\u00e1n. No te merec\u00edas esto, mi tatica. Vienes conmigo desde la Primaria. Siempre te recordaremos con una sonrisa\u201d, expres\u00f3 en Facebook Rosalinda Ponce Mili\u00e1n, una amiga de la v\u00edctima.&nbsp;<\/p>\n\n\n\n<p>Otros internautas se refirieron al desconsuelo que el padre de la muchacha, Elaides; su madre Mabel y su hermano deben estar atravesando.<\/p>\n\n\n\n<p>\u201c\u00bfD\u00f3nde est\u00e1n las autoridades de este piojoso pa\u00eds? En vez de estar pendientes a estas cosas est\u00e1n pendientes de las que tienen menor importancia. Deyanira, mana, te voy a recordar como una persona alegre y entusiasta. Recuerdo que cuando obtuve mi carrera la primera que me abraz\u00f3 fuiste t\u00fa. Vuela bien alto\u201d, apunt\u00f3 Solanch Delgado Carri\u00f3n.<\/p>\n\n\n\n<p>Con este crimen <a href=\"https:\/\/www.cuballama.com\/noticias\/madre-cubana-es-asesinada-por-su-expareja-en-plena-calle-de-la-habana\/?srsltid=AfmBOooYZGwtr5aEZ2lxHNX5Z0iM5T3NXDMecQZeHdI2TP6VfDIynvTB\" target=\"_blank\" rel=\"noreferrer noopener\">ascender\u00edan a 45 los feminicidios registrados en Cuba en lo que va de a\u00f1o<\/a>, lo que ha avivado el reclamo popular por que se tomen medidas m\u00e1s dr\u00e1sticas contra los culpables.<\/p>\n\n\n\n<p>Uno de estos cr\u00edmenes ocurri\u00f3 la pasada semana tambi\u00e9n en la ciudad de Santiago de Cuba, donde Tamara Carreras Mart\u00ednez, de 57 a\u00f1os, muri\u00f3 tras ser atacada por su pareja en plena v\u00eda p\u00fablica.<\/p>\n\n\n\n<p>Entre 2019 y 2024, el Observatorio de G\u00e9nero de Alas Tensas ha contabilizado al menos 250 feminicidios en la isla.<\/p>\n","protected":false},"excerpt":{"rendered":"<p>La joven no sobrevivi\u00f3 al ataque, pese a que los m\u00e9dicos intentaron auxiliarla.<\/p>\n","protected":false},"author":30,"featured_media":188336,"comment_status":"open","ping_status":"closed","sticky":false,"template":"","format":"standard","meta":{"_acf_changed":false,"footnotes":""},"categories":[18,955],"tags":[3863,10867,22112,941,9701,10276],"class_list":{"0":"post-188335","1":"post","2":"type-post","3":"status-publish","4":"format-standard","5":"has-post-thumbnail","7":"category-noticias","8":"category-noticias-de-cuba","9":"tag-adolescente","10":"tag-crisis-en-cuba","11":"tag-cubana-asesinada","12":"tag-destacado","13":"tag-feminicidio","14":"tag-violencia-en-cuba"},"acf":[],"yoast_head":"<!-- This site is optimized with the Yoast SEO plugin v27.5 - https:\/\/yoast.com\/product\/yoast-seo-wordpress\/ -->\n<title>Adolescente muere apu\u00f1alada por su novio en Santiago de Cuba - Cuballama Noticias<\/title>\n<meta name=\"description\" content=\"Una adolescente fue apu\u00f1alada mortalmente en la madrugada de este viernes por su pareja en Santiago de Cuba.\" \/>\n<meta name=\"robots\" content=\"index, follow, max-snippet:-1, max-image-preview:large, max-video-preview:-1\" \/>\n<link rel=\"canonical\" href=\"https:\/\/www.cuballama.com\/noticias\/adolescente-muere-apunalada-por-su-novio-en-santiago-de-cuba\/\" \/>\n<meta property=\"og:locale\" content=\"es_ES\" \/>\n<meta property=\"og:type\" content=\"article\" \/>\n<meta property=\"og:title\" content=\"Adolescente muere apu\u00f1alada por su novio en Santiago de Cuba - Cuballama Noticias\" \/>\n<meta property=\"og:description\" content=\"Una adolescente fue apu\u00f1alada mortalmente en la madrugada de este viernes por su pareja en Santiago de Cuba.\" \/>\n<meta property=\"og:url\" content=\"https:\/\/www.cuballama.com\/noticias\/adolescente-muere-apunalada-por-su-novio-en-santiago-de-cuba\/\" \/>\n<meta property=\"og:site_name\" content=\"Cuballama Noticias\" \/>\n<meta property=\"article:publisher\" content=\"https:\/\/www.facebook.com\/CubaLlama\" \/>\n<meta property=\"article:published_time\" content=\"2024-11-01T18:57:05+00:00\" \/>\n<meta property=\"article:modified_time\" content=\"2024-11-01T19:00:51+00:00\" \/>\n<meta property=\"og:image\" content=\"https:\/\/cdn1.mediawpaccore.net\/wp-content\/uploads\/2024\/11\/01135319\/465232259_3870618653216518_4637620670784633177_n1.jpg\" \/>\n\t<meta property=\"og:image:width\" content=\"1200\" \/>\n\t<meta property=\"og:image:height\" content=\"630\" \/>\n\t<meta property=\"og:image:type\" content=\"image\/jpeg\" \/>\n<meta name=\"author\" content=\"Kathy\" \/>\n<meta name=\"twitter:card\" content=\"summary_large_image\" \/>\n<meta name=\"twitter:creator\" content=\"@cuballama\" \/>\n<meta name=\"twitter:site\" content=\"@cuballama\" \/>\n<meta name=\"twitter:label1\" content=\"Escrito por\" \/>\n\t<meta name=\"twitter:data1\" content=\"Kathy\" \/>\n\t<meta name=\"twitter:label2\" content=\"Tiempo de lectura\" \/>\n\t<meta name=\"twitter:data2\" content=\"3 minutos\" \/>\n<script type=\"application\/ld+json\" class=\"yoast-schema-graph\">{\"@context\":\"https:\\\/\\\/schema.org\",\"@graph\":[{\"@type\":\"Article\",\"@id\":\"https:\\\/\\\/www.cuballama.com\\\/noticias\\\/adolescente-muere-apunalada-por-su-novio-en-santiago-de-cuba\\\/#article\",\"isPartOf\":{\"@id\":\"https:\\\/\\\/www.cuballama.com\\\/noticias\\\/adolescente-muere-apunalada-por-su-novio-en-santiago-de-cuba\\\/\"},\"author\":{\"name\":\"Kathy\",\"@id\":\"https:\\\/\\\/www.cuballama.com\\\/noticias\\\/#\\\/schema\\\/person\\\/86cd3e3f4974437f031211213bf892d5\"},\"headline\":\"Adolescente muere apu\u00f1alada por su novio en Santiago de Cuba\",\"datePublished\":\"2024-11-01T18:57:05+00:00\",\"dateModified\":\"2024-11-01T19:00:51+00:00\",\"mainEntityOfPage\":{\"@id\":\"https:\\\/\\\/www.cuballama.com\\\/noticias\\\/adolescente-muere-apunalada-por-su-novio-en-santiago-de-cuba\\\/\"},\"wordCount\":517,\"commentCount\":0,\"publisher\":{\"@id\":\"https:\\\/\\\/www.cuballama.com\\\/noticias\\\/#organization\"},\"image\":{\"@id\":\"https:\\\/\\\/www.cuballama.com\\\/noticias\\\/adolescente-muere-apunalada-por-su-novio-en-santiago-de-cuba\\\/#primaryimage\"},\"thumbnailUrl\":\"https:\\\/\\\/cdn1.mediawpaccore.net\\\/wp-content\\\/uploads\\\/2024\\\/11\\\/01135319\\\/465232259_3870618653216518_4637620670784633177_n1.jpg\",\"keywords\":[\"adolescente\",\"Crisis en Cuba\",\"cubana asesinada\",\"destacado\",\"feminicidio\",\"violencia en Cuba\"],\"articleSection\":[\"Noticias\",\"Noticias de Cuba\"],\"inLanguage\":\"es\",\"potentialAction\":[{\"@type\":\"CommentAction\",\"name\":\"Comment\",\"target\":[\"https:\\\/\\\/www.cuballama.com\\\/noticias\\\/adolescente-muere-apunalada-por-su-novio-en-santiago-de-cuba\\\/#respond\"]}]},{\"@type\":\"WebPage\",\"@id\":\"https:\\\/\\\/www.cuballama.com\\\/noticias\\\/adolescente-muere-apunalada-por-su-novio-en-santiago-de-cuba\\\/\",\"url\":\"https:\\\/\\\/www.cuballama.com\\\/noticias\\\/adolescente-muere-apunalada-por-su-novio-en-santiago-de-cuba\\\/\",\"name\":\"Adolescente muere apu\u00f1alada por su novio en Santiago de Cuba - Cuballama Noticias\",\"isPartOf\":{\"@id\":\"https:\\\/\\\/www.cuballama.com\\\/noticias\\\/#website\"},\"primaryImageOfPage\":{\"@id\":\"https:\\\/\\\/www.cuballama.com\\\/noticias\\\/adolescente-muere-apunalada-por-su-novio-en-santiago-de-cuba\\\/#primaryimage\"},\"image\":{\"@id\":\"https:\\\/\\\/www.cuballama.com\\\/noticias\\\/adolescente-muere-apunalada-por-su-novio-en-santiago-de-cuba\\\/#primaryimage\"},\"thumbnailUrl\":\"https:\\\/\\\/cdn1.mediawpaccore.net\\\/wp-content\\\/uploads\\\/2024\\\/11\\\/01135319\\\/465232259_3870618653216518_4637620670784633177_n1.jpg\",\"datePublished\":\"2024-11-01T18:57:05+00:00\",\"dateModified\":\"2024-11-01T19:00:51+00:00\",\"description\":\"Una adolescente fue apu\u00f1alada mortalmente en la madrugada de este viernes por su pareja en Santiago de Cuba.\",\"breadcrumb\":{\"@id\":\"https:\\\/\\\/www.cuballama.com\\\/noticias\\\/adolescente-muere-apunalada-por-su-novio-en-santiago-de-cuba\\\/#breadcrumb\"},\"inLanguage\":\"es\",\"potentialAction\":[{\"@type\":\"ReadAction\",\"target\":[\"https:\\\/\\\/www.cuballama.com\\\/noticias\\\/adolescente-muere-apunalada-por-su-novio-en-santiago-de-cuba\\\/\"]}]},{\"@type\":\"ImageObject\",\"inLanguage\":\"es\",\"@id\":\"https:\\\/\\\/www.cuballama.com\\\/noticias\\\/adolescente-muere-apunalada-por-su-novio-en-santiago-de-cuba\\\/#primaryimage\",\"url\":\"https:\\\/\\\/cdn1.mediawpaccore.net\\\/wp-content\\\/uploads\\\/2024\\\/11\\\/01135319\\\/465232259_3870618653216518_4637620670784633177_n1.jpg\",\"contentUrl\":\"https:\\\/\\\/cdn1.mediawpaccore.net\\\/wp-content\\\/uploads\\\/2024\\\/11\\\/01135319\\\/465232259_3870618653216518_4637620670784633177_n1.jpg\",\"width\":1200,\"height\":630,\"caption\":\"Joven asesinada. Foto: Facebook\\\/La Negrita'h Lakers.\"},{\"@type\":\"BreadcrumbList\",\"@id\":\"https:\\\/\\\/www.cuballama.com\\\/noticias\\\/adolescente-muere-apunalada-por-su-novio-en-santiago-de-cuba\\\/#breadcrumb\",\"itemListElement\":[{\"@type\":\"ListItem\",\"position\":1,\"name\":\"Home\",\"item\":\"https:\\\/\\\/www.cuballama.com\\\/noticias\\\/\"},{\"@type\":\"ListItem\",\"position\":2,\"name\":\"Adolescente muere apu\u00f1alada por su novio en Santiago de Cuba\"}]},{\"@type\":\"WebSite\",\"@id\":\"https:\\\/\\\/www.cuballama.com\\\/noticias\\\/#website\",\"url\":\"https:\\\/\\\/www.cuballama.com\\\/noticias\\\/\",\"name\":\"Cuballama Noticias\",\"description\":\"Medio digital sobre Cuba y el mundo\",\"publisher\":{\"@id\":\"https:\\\/\\\/www.cuballama.com\\\/noticias\\\/#organization\"},\"potentialAction\":[{\"@type\":\"SearchAction\",\"target\":{\"@type\":\"EntryPoint\",\"urlTemplate\":\"https:\\\/\\\/www.cuballama.com\\\/noticias\\\/?s={search_term_string}\"},\"query-input\":{\"@type\":\"PropertyValueSpecification\",\"valueRequired\":true,\"valueName\":\"search_term_string\"}}],\"inLanguage\":\"es\"},{\"@type\":\"Organization\",\"@id\":\"https:\\\/\\\/www.cuballama.com\\\/noticias\\\/#organization\",\"name\":\"Cuballama\",\"url\":\"https:\\\/\\\/www.cuballama.com\\\/noticias\\\/\",\"logo\":{\"@type\":\"ImageObject\",\"inLanguage\":\"es\",\"@id\":\"https:\\\/\\\/www.cuballama.com\\\/noticias\\\/#\\\/schema\\\/logo\\\/image\\\/\",\"url\":\"https:\\\/\\\/cdn1.mediawpaccore.net\\\/wp-content\\\/uploads\\\/2021\\\/12\\\/28171206\\\/cbll-logo-color-sm.png\",\"contentUrl\":\"https:\\\/\\\/cdn1.mediawpaccore.net\\\/wp-content\\\/uploads\\\/2021\\\/12\\\/28171206\\\/cbll-logo-color-sm.png\",\"width\":600,\"height\":133,\"caption\":\"Cuballama\"},\"image\":{\"@id\":\"https:\\\/\\\/www.cuballama.com\\\/noticias\\\/#\\\/schema\\\/logo\\\/image\\\/\"},\"sameAs\":[\"https:\\\/\\\/www.facebook.com\\\/CubaLlama\",\"https:\\\/\\\/x.com\\\/cuballama\",\"https:\\\/\\\/www.instagram.com\\\/stories\\\/cuballama_oficial\\\/\",\"https:\\\/\\\/www.youtube.com\\\/channel\\\/UCKkFE-d_axENGZcrc4as0IA\"]},{\"@type\":\"Person\",\"@id\":\"https:\\\/\\\/www.cuballama.com\\\/noticias\\\/#\\\/schema\\\/person\\\/86cd3e3f4974437f031211213bf892d5\",\"name\":\"Kathy\",\"url\":\"https:\\\/\\\/www.cuballama.com\\\/noticias\\\/author\\\/kathy\\\/\"}]}<\/script>\n<!-- \/ Yoast SEO plugin. -->","yoast_head_json":{"title":"Adolescente muere apu\u00f1alada por su novio en Santiago de Cuba - Cuballama Noticias","description":"Una adolescente fue apu\u00f1alada mortalmente en la madrugada de este viernes por su pareja en Santiago de Cuba.","robots":{"index":"index","follow":"follow","max-snippet":"max-snippet:-1","max-image-preview":"max-image-preview:large","max-video-preview":"max-video-preview:-1"},"canonical":"https:\/\/www.cuballama.com\/noticias\/adolescente-muere-apunalada-por-su-novio-en-santiago-de-cuba\/","og_locale":"es_ES","og_type":"article","og_title":"Adolescente muere apu\u00f1alada por su novio en Santiago de Cuba - Cuballama Noticias","og_description":"Una adolescente fue apu\u00f1alada mortalmente en la madrugada de este viernes por su pareja en Santiago de Cuba.","og_url":"https:\/\/www.cuballama.com\/noticias\/adolescente-muere-apunalada-por-su-novio-en-santiago-de-cuba\/","og_site_name":"Cuballama Noticias","article_publisher":"https:\/\/www.facebook.com\/CubaLlama","article_published_time":"2024-11-01T18:57:05+00:00","article_modified_time":"2024-11-01T19:00:51+00:00","og_image":[{"width":1200,"height":630,"url":"https:\/\/cdn1.mediawpaccore.net\/wp-content\/uploads\/2024\/11\/01135319\/465232259_3870618653216518_4637620670784633177_n1.jpg","type":"image\/jpeg"}],"author":"Kathy","twitter_card":"summary_large_image","twitter_creator":"@cuballama","twitter_site":"@cuballama","twitter_misc":{"Escrito por":"Kathy","Tiempo de lectura":"3 minutos"},"schema":{"@context":"https:\/\/schema.org","@graph":[{"@type":"Article","@id":"https:\/\/www.cuballama.com\/noticias\/adolescente-muere-apunalada-por-su-novio-en-santiago-de-cuba\/#article","isPartOf":{"@id":"https:\/\/www.cuballama.com\/noticias\/adolescente-muere-apunalada-por-su-novio-en-santiago-de-cuba\/"},"author":{"name":"Kathy","@id":"https:\/\/www.cuballama.com\/noticias\/#\/schema\/person\/86cd3e3f4974437f031211213bf892d5"},"headline":"Adolescente muere apu\u00f1alada por su novio en Santiago de Cuba","datePublished":"2024-11-01T18:57:05+00:00","dateModified":"2024-11-01T19:00:51+00:00","mainEntityOfPage":{"@id":"https:\/\/www.cuballama.com\/noticias\/adolescente-muere-apunalada-por-su-novio-en-santiago-de-cuba\/"},"wordCount":517,"commentCount":0,"publisher":{"@id":"https:\/\/www.cuballama.com\/noticias\/#organization"},"image":{"@id":"https:\/\/www.cuballama.com\/noticias\/adolescente-muere-apunalada-por-su-novio-en-santiago-de-cuba\/#primaryimage"},"thumbnailUrl":"https:\/\/cdn1.mediawpaccore.net\/wp-content\/uploads\/2024\/11\/01135319\/465232259_3870618653216518_4637620670784633177_n1.jpg","keywords":["adolescente","Crisis en Cuba","cubana asesinada","destacado","feminicidio","violencia en Cuba"],"articleSection":["Noticias","Noticias de Cuba"],"inLanguage":"es","potentialAction":[{"@type":"CommentAction","name":"Comment","target":["https:\/\/www.cuballama.com\/noticias\/adolescente-muere-apunalada-por-su-novio-en-santiago-de-cuba\/#respond"]}]},{"@type":"WebPage","@id":"https:\/\/www.cuballama.com\/noticias\/adolescente-muere-apunalada-por-su-novio-en-santiago-de-cuba\/","url":"https:\/\/www.cuballama.com\/noticias\/adolescente-muere-apunalada-por-su-novio-en-santiago-de-cuba\/","name":"Adolescente muere apu\u00f1alada por su novio en Santiago de Cuba - Cuballama Noticias","isPartOf":{"@id":"https:\/\/www.cuballama.com\/noticias\/#website"},"primaryImageOfPage":{"@id":"https:\/\/www.cuballama.com\/noticias\/adolescente-muere-apunalada-por-su-novio-en-santiago-de-cuba\/#primaryimage"},"image":{"@id":"https:\/\/www.cuballama.com\/noticias\/adolescente-muere-apunalada-por-su-novio-en-santiago-de-cuba\/#primaryimage"},"thumbnailUrl":"https:\/\/cdn1.mediawpaccore.net\/wp-content\/uploads\/2024\/11\/01135319\/465232259_3870618653216518_4637620670784633177_n1.jpg","datePublished":"2024-11-01T18:57:05+00:00","dateModified":"2024-11-01T19:00:51+00:00","description":"Una adolescente fue apu\u00f1alada mortalmente en la madrugada de este viernes por su pareja en Santiago de Cuba.","breadcrumb":{"@id":"https:\/\/www.cuballama.com\/noticias\/adolescente-muere-apunalada-por-su-novio-en-santiago-de-cuba\/#breadcrumb"},"inLanguage":"es","potentialAction":[{"@type":"ReadAction","target":["https:\/\/www.cuballama.com\/noticias\/adolescente-muere-apunalada-por-su-novio-en-santiago-de-cuba\/"]}]},{"@type":"ImageObject","inLanguage":"es","@id":"https:\/\/www.cuballama.com\/noticias\/adolescente-muere-apunalada-por-su-novio-en-santiago-de-cuba\/#primaryimage","url":"https:\/\/cdn1.mediawpaccore.net\/wp-content\/uploads\/2024\/11\/01135319\/465232259_3870618653216518_4637620670784633177_n1.jpg","contentUrl":"https:\/\/cdn1.mediawpaccore.net\/wp-content\/uploads\/2024\/11\/01135319\/465232259_3870618653216518_4637620670784633177_n1.jpg","width":1200,"height":630,"caption":"Joven asesinada. Foto: Facebook\/La Negrita'h Lakers."},{"@type":"BreadcrumbList","@id":"https:\/\/www.cuballama.com\/noticias\/adolescente-muere-apunalada-por-su-novio-en-santiago-de-cuba\/#breadcrumb","itemListElement":[{"@type":"ListItem","position":1,"name":"Home","item":"https:\/\/www.cuballama.com\/noticias\/"},{"@type":"ListItem","position":2,"name":"Adolescente muere apu\u00f1alada por su novio en Santiago de Cuba"}]},{"@type":"WebSite","@id":"https:\/\/www.cuballama.com\/noticias\/#website","url":"https:\/\/www.cuballama.com\/noticias\/","name":"Cuballama Noticias","description":"Medio digital sobre Cuba y el mundo","publisher":{"@id":"https:\/\/www.cuballama.com\/noticias\/#organization"},"potentialAction":[{"@type":"SearchAction","target":{"@type":"EntryPoint","urlTemplate":"https:\/\/www.cuballama.com\/noticias\/?s={search_term_string}"},"query-input":{"@type":"PropertyValueSpecification","valueRequired":true,"valueName":"search_term_string"}}],"inLanguage":"es"},{"@type":"Organization","@id":"https:\/\/www.cuballama.com\/noticias\/#organization","name":"Cuballama","url":"https:\/\/www.cuballama.com\/noticias\/","logo":{"@type":"ImageObject","inLanguage":"es","@id":"https:\/\/www.cuballama.com\/noticias\/#\/schema\/logo\/image\/","url":"https:\/\/cdn1.mediawpaccore.net\/wp-content\/uploads\/2021\/12\/28171206\/cbll-logo-color-sm.png","contentUrl":"https:\/\/cdn1.mediawpaccore.net\/wp-content\/uploads\/2021\/12\/28171206\/cbll-logo-color-sm.png","width":600,"height":133,"caption":"Cuballama"},"image":{"@id":"https:\/\/www.cuballama.com\/noticias\/#\/schema\/logo\/image\/"},"sameAs":["https:\/\/www.facebook.com\/CubaLlama","https:\/\/x.com\/cuballama","https:\/\/www.instagram.com\/stories\/cuballama_oficial\/","https:\/\/www.youtube.com\/channel\/UCKkFE-d_axENGZcrc4as0IA"]},{"@type":"Person","@id":"https:\/\/www.cuballama.com\/noticias\/#\/schema\/person\/86cd3e3f4974437f031211213bf892d5","name":"Kathy","url":"https:\/\/www.cuballama.com\/noticias\/author\/kathy\/"}]}},"_links":{"self":[{"href":"https:\/\/www.cuballama.com\/noticias\/wp-json\/wp\/v2\/posts\/188335","targetHints":{"allow":["GET"]}}],"collection":[{"href":"https:\/\/www.cuballama.com\/noticias\/wp-json\/wp\/v2\/posts"}],"about":[{"href":"https:\/\/www.cuballama.com\/noticias\/wp-json\/wp\/v2\/types\/post"}],"author":[{"embeddable":true,"href":"https:\/\/www.cuballama.com\/noticias\/wp-json\/wp\/v2\/users\/30"}],"replies":[{"embeddable":true,"href":"https:\/\/www.cuballama.com\/noticias\/wp-json\/wp\/v2\/comments?post=188335"}],"version-history":[{"count":7,"href":"https:\/\/www.cuballama.com\/noticias\/wp-json\/wp\/v2\/posts\/188335\/revisions"}],"predecessor-version":[{"id":188343,"href":"https:\/\/www.cuballama.com\/noticias\/wp-json\/wp\/v2\/posts\/188335\/revisions\/188343"}],"wp:featuredmedia":[{"embeddable":true,"href":"https:\/\/www.cuballama.com\/noticias\/wp-json\/wp\/v2\/media\/188336"}],"wp:attachment":[{"href":"https:\/\/www.cuballama.com\/noticias\/wp-json\/wp\/v2\/media?parent=188335"}],"wp:term":[{"taxonomy":"category","embeddable":true,"href":"https:\/\/www.cuballama.com\/noticias\/wp-json\/wp\/v2\/categories?post=188335"},{"taxonomy":"post_tag","embeddable":true,"href":"https:\/\/www.cuballama.com\/noticias\/wp-json\/wp\/v2\/tags?post=188335"}],"curies":[{"name":"wp","href":"https:\/\/api.w.org\/{rel}","templated":true}]}}