{"id":188093,"date":"2024-10-31T09:30:08","date_gmt":"2024-10-31T13:30:08","guid":{"rendered":"https:\/\/www.cuballama.com\/noticias\/?p=188093"},"modified":"2024-10-31T09:30:10","modified_gmt":"2024-10-31T13:30:10","slug":"resolucion-contra-el-embargo-a-cuba-en-la-onu-le-cuesta-el-puesto-a-canciller-argentina","status":"publish","type":"post","link":"https:\/\/www.cuballama.com\/noticias\/resolucion-contra-el-embargo-a-cuba-en-la-onu-le-cuesta-el-puesto-a-canciller-argentina\/","title":{"rendered":"Resoluci\u00f3n contra el embargo a Cuba en la ONU \u00able cuesta el puesto\u00bb a canciller argentina"},"content":{"rendered":"\n<p>En un movimiento que ha desatado reacciones en el \u00e1mbito pol\u00edtico y diplom\u00e1tico, el presidente argentino Javier Milei destituy\u00f3 a la canciller Diana Mondino el 30 de octubre, tras la votaci\u00f3n de Argentina en la Asamblea General de Naciones Unidas en favor de la resoluci\u00f3n que pide el fin del embargo de Estados Unidos a Cuba.  <\/p>\n\n\n\n<p>La medida, vista como una \u00abpurga\u00bb en las filas diplom\u00e1ticas del gobierno de Milei, representa un cambio dr\u00e1stico en la pol\u00edtica exterior argentina, alineada con los valores de libertad y derechos individuales que el presidente asegura promover. <\/p>\n\n\n\n<p>El nombramiento de Gerardo Werthein, un empresario y exembajador en Estados Unidos, como nuevo canciller, fue una clara se\u00f1al del rumbo que Milei busca en el \u00e1mbito internacional.<\/p>\n\n\n\n<h2 class=\"wp-block-heading\">La votaci\u00f3n en la ONU y su impacto en Argentina<\/h2>\n\n\n\n<p>La Asamblea General de la ONU aprob\u00f3 la resoluci\u00f3n de condena al embargo con 187 votos a favor, dos en contra (Estados Unidos e Israel) y una abstenci\u00f3n (Moldavia). <\/p>\n\n\n\n<blockquote class=\"twitter-tweet\"><p lang=\"es\" dir=\"ltr\">\ud83d\udd34La Asamblea General aprueba una resoluci\u00f3n que pide el fin del embargo de Estados Unidos a <a href=\"https:\/\/twitter.com\/hashtag\/Cuba?src=hash&amp;ref_src=twsrc%5Etfw\">#Cuba<\/a> por 32\u00aa vez<br><br>A favor: 187 <br>En contra: 2 (Estados Unidos, Israel)<br>Abstenciones: 1 <a href=\"https:\/\/t.co\/86VdBe1MkY\">pic.twitter.com\/86VdBe1MkY<\/a><\/p>&mdash; Noticias ONU (@NoticiasONU) <a href=\"https:\/\/twitter.com\/NoticiasONU\/status\/1851665329350472022?ref_src=twsrc%5Etfw\">October 30, 2024<\/a><\/blockquote> <script async src=\"https:\/\/platform.twitter.com\/widgets.js\" charset=\"utf-8\"><\/script>\n\n\n\n<p>Aunque la resoluci\u00f3n no es vinculante, el voto en bloque a favor del levantamiento del embargo se ha mantenido desde 1992, cuando Cuba comenz\u00f3 a presentar este reclamo ante la organizaci\u00f3n. <\/p>\n\n\n\n<p>Sin embargo, con la llegada de Milei al poder, se esperaba que Argentina se alineara con sus aliados en pol\u00edtica internacional \u2014Estados Unidos e Israel\u2014, a diferencia de a\u00f1os anteriores, cuando el pa\u00eds apoy\u00f3 consistentemente la resoluci\u00f3n.<\/p>\n\n\n\n<p>El voto argentino a favor del levantamiento del embargo no fue un cambio en la postura hist\u00f3rica del pa\u00eds, pero sorprendi\u00f3 debido al \u00e9nfasis del nuevo gobierno en condenar los reg\u00edmenes que, seg\u00fan Milei, \u00abperpet\u00faan violaciones a los derechos humanos\u00bb, incluida la dictadura cubana. <\/p>\n\n\n\n<p>Esto motiv\u00f3 su decisi\u00f3n de sustituir a Mondino, quien hab\u00eda estado a cargo de la pol\u00edtica exterior desde el inicio de su administraci\u00f3n en diciembre de 2023. La noticia de su destituci\u00f3n se confirm\u00f3 luego de intensos rumores en la prensa local que especulaban sobre una posible \u00ablimpieza\u00bb en el gabinete de Milei.<\/p>\n\n\n\n<h3 class=\"wp-block-heading\">Las razones detr\u00e1s de la destituci\u00f3n de Mondino<\/h3>\n\n\n\n<p>La salida de Mondino fue anunciada oficialmente a trav\u00e9s de un <strong><a href=\"https:\/\/x.com\/OPRArgentina\/status\/1851741216926310684\" target=\"_blank\" rel=\"noreferrer noopener nofollow\">comunicado<\/a><\/strong> de la Presidencia, en el cual el gobierno argentino enfatiz\u00f3 la importancia de que la pol\u00edtica exterior refleje \u00ablos valores de libertad, soberan\u00eda y derechos individuales que caracterizan a las democracias occidentales\u00bb. <\/p>\n\n\n\n<p>De acuerdo con el comunicado, Argentina \u00abse opone categ\u00f3ricamente a la dictadura cubana\u00bb y se mantendr\u00e1 firme en la defensa de los derechos humanos y las libertades individuales en foros internacionales.<\/p>\n\n\n\n<blockquote class=\"twitter-tweet\"><p lang=\"zxx\" dir=\"ltr\"><a href=\"https:\/\/t.co\/1zvnl66vGg\">pic.twitter.com\/1zvnl66vGg<\/a><\/p>&mdash; Oficina del Presidente (@OPRArgentina) <a href=\"https:\/\/twitter.com\/OPRArgentina\/status\/1851741216926310684?ref_src=twsrc%5Etfw\">October 30, 2024<\/a><\/blockquote> <script async src=\"https:\/\/platform.twitter.com\/widgets.js\" charset=\"utf-8\"><\/script>\n\n\n\n<p>En este contexto, Milei justific\u00f3 la destituci\u00f3n de su canciller argumentando que su gobierno no puede permitir la \u00abcomplicidad\u00bb con reg\u00edmenes dictatoriales. <\/p>\n\n\n\n<p>En su red social, el presidente reposteo un mensaje de la diputada opositora Sabrina Ajmechet, quien expres\u00f3 su \u00aborgullo de un gobierno que no banca ni es c\u00f3mplice de dictadores\u00bb y exclam\u00f3 \u00ab\u00a1Viva Cuba Libre!\u00bb. Estos pronunciamientos dejaron en claro que la posici\u00f3n del gobierno argentino bajo Milei ser\u00e1 implacable contra reg\u00edmenes que considera enemigos de la libertad.<\/p>\n\n\n\n<p><strong>Gerardo Werthein: el nuevo canciller de Milei<\/strong><\/p>\n\n\n\n<p>El nombramiento de Gerardo Werthein como nuevo canciller marca un cambio de estrategia. <\/p>\n\n\n\n<p>Veterinario de formaci\u00f3n y empresario de renombre, Werthein ha tenido una destacada trayectoria en el \u00e1mbito internacional, desempe\u00f1\u00e1ndose como presidente del Comit\u00e9 Ol\u00edmpico Argentino entre 2009 y 2021 y como miembro del Comit\u00e9 Ol\u00edmpico Internacional. <\/p>\n\n\n\n<p>Desde abril pasado, ha servido como embajador en Estados Unidos, forjando v\u00ednculos cercanos con la administraci\u00f3n estadounidense, lo cual lo hace un aliado clave para fortalecer las relaciones bilaterales entre ambos pa\u00edses.<\/p>\n\n\n\n<p>Su designaci\u00f3n al frente de la Canciller\u00eda fue recibida con expectativas de un giro m\u00e1s alineado con las directrices de Milei y con el objetivo de llevar a cabo una auditor\u00eda en el Servicio Exterior argentino. <\/p>\n\n\n\n<p>Seg\u00fan fuentes gubernamentales, la auditor\u00eda buscar\u00e1 identificar a diplom\u00e1ticos que impulsan \u00abagendas enemigas de la libertad\u00bb y podr\u00eda llevar a m\u00e1s remociones en el cuerpo diplom\u00e1tico. Aunque estas medidas han generado malestar entre los diplom\u00e1ticos de carrera, los cercanos al presidente consideran que estas acciones son necesarias para asegurar la lealtad a los principios que defiende el actual gobierno.<\/p>\n\n\n\n<p><strong>Una pol\u00edtica exterior en transformaci\u00f3n<\/strong><\/p>\n\n\n\n<p>El cambio de canciller ocurre en un momento de gran polarizaci\u00f3n en la pol\u00edtica exterior argentina. Milei ha expresado abiertamente su rechazo a los gobiernos de izquierda y, en particular, su aversi\u00f3n hacia Cuba y Venezuela. <\/p>\n\n\n\n<p>En su discurso en la ONU el pasado septiembre, Milei critic\u00f3 que \u00abdictaduras sangrientas\u00bb como las de estos pa\u00edses fueran aceptadas en el Consejo de Derechos Humanos de la ONU, lo cual consider\u00f3 una contradicci\u00f3n a los valores de esa organizaci\u00f3n.<\/p>\n\n\n\n<p>Esta postura, alineada con la ideolog\u00eda de derecha de Milei, ha generado controversia tanto en Argentina como en el extranjero. Algunos sectores acusan al presidente de llevar la pol\u00edtica exterior a un extremo ideol\u00f3gico que puede afectar las relaciones del pa\u00eds con otras naciones latinoamericanas y dificultar la cooperaci\u00f3n en temas econ\u00f3micos y sociales. <\/p>\n\n\n\n<p>Sin embargo, sus partidarios consideran que esta \u00abpurga\u00bb en la Canciller\u00eda es una medida necesaria para proteger la soberan\u00eda argentina y defender una pol\u00edtica exterior coherente con los valores de libertad y democracia.<\/p>\n\n\n\n<h4 class=\"wp-block-heading\">Las reacciones internacionales y la postura de Cuba<\/h4>\n\n\n\n<p>En la misma votaci\u00f3n en la ONU, Miguel D\u00edaz-Canel, presidente de Cuba, celebr\u00f3 el resultado con un mensaje en la red social X, en el que compar\u00f3 a su pa\u00eds con David enfrentando a Goliath y expres\u00f3 su orgullo por la \u00abdignidad\u00bb del pueblo cubano. <\/p>\n\n\n\n<blockquote class=\"twitter-tweet\"><p lang=\"es\" dir=\"ltr\">El peque\u00f1o David volvi\u00f3 a vencer al gigante Goliath. La peque\u00f1a <a href=\"https:\/\/twitter.com\/hashtag\/Cuba?src=hash&amp;ref_src=twsrc%5Etfw\">#Cuba<\/a> ha vuelto a derrotar al imperio vecino que, seguramente, ignorar\u00e1 con prepotencia la demanda mundial, pero la dignidad de este pueblo y la solidaridad universal han vuelto a derrotarlo.<a href=\"https:\/\/twitter.com\/hashtag\/TumbaElBloqueo?src=hash&amp;ref_src=twsrc%5Etfw\">#TumbaElBloqueo<\/a> <a href=\"https:\/\/t.co\/OHCy4L82Gv\">pic.twitter.com\/OHCy4L82Gv<\/a><\/p>&mdash; Miguel D\u00edaz-Canel Berm\u00fadez (@DiazCanelB) <a href=\"https:\/\/twitter.com\/DiazCanelB\/status\/1851667303559057649?ref_src=twsrc%5Etfw\">October 30, 2024<\/a><\/blockquote> <script async src=\"https:\/\/platform.twitter.com\/widgets.js\" charset=\"utf-8\"><\/script>\n\n\n\n<p>La reacci\u00f3n de Cuba y otros pa\u00edses afines fue en\u00e9rgica, se\u00f1alando que el embargo ha causado millonarias p\u00e9rdidas econ\u00f3micas a la isla, solo en 2023 estimadas en m\u00e1s de 5.000 millones de d\u00f3lares.<\/p>\n\n\n\n<p>Estados Unidos, por su parte, reiter\u00f3 su apoyo al pueblo cubano en su \u00abb\u00fasqueda de libertad\u00bb y defendi\u00f3 las sanciones como un esfuerzo por promover la democracia y los derechos humanos en la isla. La postura de Washington, compartida por el gobierno de Milei, se mantuvo firme en que las sanciones contra Cuba no son un castigo, sino una herramienta para condenar la represi\u00f3n y la falta de libertades.<\/p>\n\n\n\n<p>Sin embargo, del mismo modo, la decisi\u00f3n de Milei fue ampliamente respaldada en el exilio cubano.<\/p>\n\n\n\n<p>\u00abAcabo de conversar con el presidente Javier Milei tras la expulsi\u00f3n de la canciller Diana Mondino por votar a favor del r\u00e9gimen cubano en la ONU. A Milei, mi agradecimiento en nombre del exilio y del pueblo cubano por defender los valores de la libertad y la democracia,\u00bb <a href=\"https:\/\/x.com\/MaElviraSalazar\/status\/1851752901309260152\" target=\"_blank\" rel=\"noreferrer noopener\">dijo p\u00f2r su parte en su cuenta de X, la congresista Mar\u00eda Elvira Salazar.<\/a><\/p>\n\n\n\n<blockquote class=\"twitter-tweet\"><p lang=\"es\" dir=\"ltr\">Acabo de conversar con el presidente Javier Milei tras la expulsi\u00f3n de la canciller Diana Mondino por votar a favor del r\u00e9gimen cubano en la ONU.<br><br>A Milei, mi agradecimiento en nombre del exilio y del pueblo cubano por defender los valores de la libertad y la democracia. <a href=\"https:\/\/t.co\/IK9SsihTWP\">pic.twitter.com\/IK9SsihTWP<\/a><\/p>&mdash; Mar\u00eda Elvira Salazar \ud83c\uddfa\ud83c\uddf8 (@MaElviraSalazar) <a href=\"https:\/\/twitter.com\/MaElviraSalazar\/status\/1851752901309260152?ref_src=twsrc%5Etfw\">October 30, 2024<\/a><\/blockquote> <script async src=\"https:\/\/platform.twitter.com\/widgets.js\" charset=\"utf-8\"><\/script>\n\n\n\n<p><strong>te sugerimos leer: <a href=\"https:\/\/www.cuballama.com\/noticias\/descemer-bueno-dice-a-seguidora-en-cuba-que-hay-dos-o-tres-que-lo-quieren-preso\/\">Descemer Bueno dice a seguidora en Cuba que \u00ablo quieren preso por tiempo indefinido\u00bb<\/a><\/strong><\/p>\n","protected":false},"excerpt":{"rendered":"<p>La destituci\u00f3n de Diana Mondino y la designaci\u00f3n de Gerardo Werthein como nuevo canciller de Argentina marca una etapa de cambios profundos en la pol\u00edtica exterior del pa\u00eds. El episodio refleja la determinaci\u00f3n de Milei de promover una pol\u00edtica exterior alineada con sus principios de libertad y democracia, aunque esto signifique un enfrentamiento directo con gobiernos de izquierda en la regi\u00f3n. El desenlace de esta situaci\u00f3n es incierto, pero las acciones de Milei evidencian un cambio significativo en el rol de Argentina en el escenario internacional, mostrando una postura m\u00e1s decidida y radical que busca redefinir los compromisos diplom\u00e1ticos del pa\u00eds.<\/p>\n","protected":false},"author":13,"featured_media":188125,"comment_status":"open","ping_status":"closed","sticky":false,"template":"","format":"standard","meta":{"_acf_changed":false,"footnotes":""},"categories":[18,957],"tags":[305,11,1491,602,1340,6669,2341],"class_list":{"0":"post-188093","1":"post","2":"type-post","3":"status-publish","4":"format-standard","5":"has-post-thumbnail","7":"category-noticias","8":"category-noticias-internacionales","9":"tag-argentina","10":"tag-cuba","11":"tag-embargo","12":"tag-estados-unidos","13":"tag-onu","14":"tag-resoluciones","15":"tag-votos"},"acf":[],"yoast_head":"<!-- This site is optimized with the Yoast SEO plugin v27.4 - https:\/\/yoast.com\/product\/yoast-seo-wordpress\/ -->\n<title>Resoluci\u00f3n contra el embargo a Cuba en la ONU &quot;le cuesta el puesto&quot; a canciller argentina - Cuballama Noticias<\/title>\n<meta name=\"description\" content=\"El voto de Argentina en la ONU, en contra del embargo de los EE.UU. a Cuba, le cost\u00f3 el puesto a su canciller, por decisi\u00f3n de Javier Milei.\" \/>\n<meta name=\"robots\" content=\"index, follow, max-snippet:-1, max-image-preview:large, max-video-preview:-1\" \/>\n<link rel=\"canonical\" href=\"https:\/\/www.cuballama.com\/noticias\/resolucion-contra-el-embargo-a-cuba-en-la-onu-le-cuesta-el-puesto-a-canciller-argentina\/\" \/>\n<meta property=\"og:locale\" content=\"es_ES\" \/>\n<meta property=\"og:type\" content=\"article\" \/>\n<meta property=\"og:title\" content=\"Resoluci\u00f3n contra el embargo a Cuba en la ONU &quot;le cuesta el puesto&quot; a canciller argentina - Cuballama Noticias\" \/>\n<meta property=\"og:description\" content=\"El voto de Argentina en la ONU, en contra del embargo de los EE.UU. a Cuba, le cost\u00f3 el puesto a su canciller, por decisi\u00f3n de Javier Milei.\" \/>\n<meta property=\"og:url\" content=\"https:\/\/www.cuballama.com\/noticias\/resolucion-contra-el-embargo-a-cuba-en-la-onu-le-cuesta-el-puesto-a-canciller-argentina\/\" \/>\n<meta property=\"og:site_name\" content=\"Cuballama Noticias\" \/>\n<meta property=\"article:publisher\" content=\"https:\/\/www.facebook.com\/CubaLlama\" \/>\n<meta property=\"article:published_time\" content=\"2024-10-31T13:30:08+00:00\" \/>\n<meta property=\"article:modified_time\" content=\"2024-10-31T13:30:10+00:00\" \/>\n<meta property=\"og:image\" content=\"https:\/\/cdn1.mediawpaccore.net\/wp-content\/uploads\/2024\/10\/31062043\/image-51.png\" \/>\n\t<meta property=\"og:image:width\" content=\"980\" \/>\n\t<meta property=\"og:image:height\" content=\"542\" \/>\n\t<meta property=\"og:image:type\" content=\"image\/png\" \/>\n<meta name=\"author\" content=\"Roberto A.\" \/>\n<meta name=\"twitter:card\" content=\"summary_large_image\" \/>\n<meta name=\"twitter:creator\" content=\"@cuballama\" \/>\n<meta name=\"twitter:site\" content=\"@cuballama\" \/>\n<meta name=\"twitter:label1\" content=\"Escrito por\" \/>\n\t<meta name=\"twitter:data1\" content=\"Roberto A.\" \/>\n\t<meta name=\"twitter:label2\" content=\"Tiempo de lectura\" \/>\n\t<meta name=\"twitter:data2\" content=\"6 minutos\" \/>\n<script type=\"application\/ld+json\" class=\"yoast-schema-graph\">{\"@context\":\"https:\\\/\\\/schema.org\",\"@graph\":[{\"@type\":\"Article\",\"@id\":\"https:\\\/\\\/www.cuballama.com\\\/noticias\\\/resolucion-contra-el-embargo-a-cuba-en-la-onu-le-cuesta-el-puesto-a-canciller-argentina\\\/#article\",\"isPartOf\":{\"@id\":\"https:\\\/\\\/www.cuballama.com\\\/noticias\\\/resolucion-contra-el-embargo-a-cuba-en-la-onu-le-cuesta-el-puesto-a-canciller-argentina\\\/\"},\"author\":{\"name\":\"Roberto A.\",\"@id\":\"https:\\\/\\\/www.cuballama.com\\\/noticias\\\/#\\\/schema\\\/person\\\/a58502ed4146c8e9f83872e897c76cd2\"},\"headline\":\"Resoluci\u00f3n contra el embargo a Cuba en la ONU \u00able cuesta el puesto\u00bb a canciller argentina\",\"datePublished\":\"2024-10-31T13:30:08+00:00\",\"dateModified\":\"2024-10-31T13:30:10+00:00\",\"mainEntityOfPage\":{\"@id\":\"https:\\\/\\\/www.cuballama.com\\\/noticias\\\/resolucion-contra-el-embargo-a-cuba-en-la-onu-le-cuesta-el-puesto-a-canciller-argentina\\\/\"},\"wordCount\":1358,\"commentCount\":0,\"publisher\":{\"@id\":\"https:\\\/\\\/www.cuballama.com\\\/noticias\\\/#organization\"},\"image\":{\"@id\":\"https:\\\/\\\/www.cuballama.com\\\/noticias\\\/resolucion-contra-el-embargo-a-cuba-en-la-onu-le-cuesta-el-puesto-a-canciller-argentina\\\/#primaryimage\"},\"thumbnailUrl\":\"https:\\\/\\\/cdn1.mediawpaccore.net\\\/wp-content\\\/uploads\\\/2024\\\/10\\\/31062043\\\/image-51.png\",\"keywords\":[\"Argentina\",\"Cuba\",\"Embargo\",\"Estados Unidos\",\"ONU\",\"Resoluciones\",\"Votos\"],\"articleSection\":[\"Noticias\",\"Noticias Internacionales\"],\"inLanguage\":\"es\",\"potentialAction\":[{\"@type\":\"CommentAction\",\"name\":\"Comment\",\"target\":[\"https:\\\/\\\/www.cuballama.com\\\/noticias\\\/resolucion-contra-el-embargo-a-cuba-en-la-onu-le-cuesta-el-puesto-a-canciller-argentina\\\/#respond\"]}]},{\"@type\":\"WebPage\",\"@id\":\"https:\\\/\\\/www.cuballama.com\\\/noticias\\\/resolucion-contra-el-embargo-a-cuba-en-la-onu-le-cuesta-el-puesto-a-canciller-argentina\\\/\",\"url\":\"https:\\\/\\\/www.cuballama.com\\\/noticias\\\/resolucion-contra-el-embargo-a-cuba-en-la-onu-le-cuesta-el-puesto-a-canciller-argentina\\\/\",\"name\":\"Resoluci\u00f3n contra el embargo a Cuba en la ONU \\\"le cuesta el puesto\\\" a canciller argentina - Cuballama Noticias\",\"isPartOf\":{\"@id\":\"https:\\\/\\\/www.cuballama.com\\\/noticias\\\/#website\"},\"primaryImageOfPage\":{\"@id\":\"https:\\\/\\\/www.cuballama.com\\\/noticias\\\/resolucion-contra-el-embargo-a-cuba-en-la-onu-le-cuesta-el-puesto-a-canciller-argentina\\\/#primaryimage\"},\"image\":{\"@id\":\"https:\\\/\\\/www.cuballama.com\\\/noticias\\\/resolucion-contra-el-embargo-a-cuba-en-la-onu-le-cuesta-el-puesto-a-canciller-argentina\\\/#primaryimage\"},\"thumbnailUrl\":\"https:\\\/\\\/cdn1.mediawpaccore.net\\\/wp-content\\\/uploads\\\/2024\\\/10\\\/31062043\\\/image-51.png\",\"datePublished\":\"2024-10-31T13:30:08+00:00\",\"dateModified\":\"2024-10-31T13:30:10+00:00\",\"description\":\"El voto de Argentina en la ONU, en contra del embargo de los EE.UU. a Cuba, le cost\u00f3 el puesto a su canciller, por decisi\u00f3n de Javier Milei.\",\"breadcrumb\":{\"@id\":\"https:\\\/\\\/www.cuballama.com\\\/noticias\\\/resolucion-contra-el-embargo-a-cuba-en-la-onu-le-cuesta-el-puesto-a-canciller-argentina\\\/#breadcrumb\"},\"inLanguage\":\"es\",\"potentialAction\":[{\"@type\":\"ReadAction\",\"target\":[\"https:\\\/\\\/www.cuballama.com\\\/noticias\\\/resolucion-contra-el-embargo-a-cuba-en-la-onu-le-cuesta-el-puesto-a-canciller-argentina\\\/\"]}]},{\"@type\":\"ImageObject\",\"inLanguage\":\"es\",\"@id\":\"https:\\\/\\\/www.cuballama.com\\\/noticias\\\/resolucion-contra-el-embargo-a-cuba-en-la-onu-le-cuesta-el-puesto-a-canciller-argentina\\\/#primaryimage\",\"url\":\"https:\\\/\\\/cdn1.mediawpaccore.net\\\/wp-content\\\/uploads\\\/2024\\\/10\\\/31062043\\\/image-51.png\",\"contentUrl\":\"https:\\\/\\\/cdn1.mediawpaccore.net\\\/wp-content\\\/uploads\\\/2024\\\/10\\\/31062043\\\/image-51.png\",\"width\":980,\"height\":542,\"caption\":\"Argentina vot\u00f3 en contra del embargo a Cuba, y Javier Milei destituy\u00f3 a su canciller. Foto v\u00eda Twitter \\\/ ONU\"},{\"@type\":\"BreadcrumbList\",\"@id\":\"https:\\\/\\\/www.cuballama.com\\\/noticias\\\/resolucion-contra-el-embargo-a-cuba-en-la-onu-le-cuesta-el-puesto-a-canciller-argentina\\\/#breadcrumb\",\"itemListElement\":[{\"@type\":\"ListItem\",\"position\":1,\"name\":\"Home\",\"item\":\"https:\\\/\\\/www.cuballama.com\\\/noticias\\\/\"},{\"@type\":\"ListItem\",\"position\":2,\"name\":\"Resoluci\u00f3n contra el embargo a Cuba en la ONU \u00able cuesta el puesto\u00bb a canciller argentina\"}]},{\"@type\":\"WebSite\",\"@id\":\"https:\\\/\\\/www.cuballama.com\\\/noticias\\\/#website\",\"url\":\"https:\\\/\\\/www.cuballama.com\\\/noticias\\\/\",\"name\":\"Cuballama Noticias\",\"description\":\"Medio digital sobre Cuba y el mundo\",\"publisher\":{\"@id\":\"https:\\\/\\\/www.cuballama.com\\\/noticias\\\/#organization\"},\"potentialAction\":[{\"@type\":\"SearchAction\",\"target\":{\"@type\":\"EntryPoint\",\"urlTemplate\":\"https:\\\/\\\/www.cuballama.com\\\/noticias\\\/?s={search_term_string}\"},\"query-input\":{\"@type\":\"PropertyValueSpecification\",\"valueRequired\":true,\"valueName\":\"search_term_string\"}}],\"inLanguage\":\"es\"},{\"@type\":\"Organization\",\"@id\":\"https:\\\/\\\/www.cuballama.com\\\/noticias\\\/#organization\",\"name\":\"Cuballama\",\"url\":\"https:\\\/\\\/www.cuballama.com\\\/noticias\\\/\",\"logo\":{\"@type\":\"ImageObject\",\"inLanguage\":\"es\",\"@id\":\"https:\\\/\\\/www.cuballama.com\\\/noticias\\\/#\\\/schema\\\/logo\\\/image\\\/\",\"url\":\"https:\\\/\\\/cdn1.mediawpaccore.net\\\/wp-content\\\/uploads\\\/2021\\\/12\\\/28171206\\\/cbll-logo-color-sm.png\",\"contentUrl\":\"https:\\\/\\\/cdn1.mediawpaccore.net\\\/wp-content\\\/uploads\\\/2021\\\/12\\\/28171206\\\/cbll-logo-color-sm.png\",\"width\":600,\"height\":133,\"caption\":\"Cuballama\"},\"image\":{\"@id\":\"https:\\\/\\\/www.cuballama.com\\\/noticias\\\/#\\\/schema\\\/logo\\\/image\\\/\"},\"sameAs\":[\"https:\\\/\\\/www.facebook.com\\\/CubaLlama\",\"https:\\\/\\\/x.com\\\/cuballama\",\"https:\\\/\\\/www.instagram.com\\\/stories\\\/cuballama_oficial\\\/\",\"https:\\\/\\\/www.youtube.com\\\/channel\\\/UCKkFE-d_axENGZcrc4as0IA\"]},{\"@type\":\"Person\",\"@id\":\"https:\\\/\\\/www.cuballama.com\\\/noticias\\\/#\\\/schema\\\/person\\\/a58502ed4146c8e9f83872e897c76cd2\",\"name\":\"Roberto A.\",\"description\":\"Roberto A. Periodista por decisi\u00f3n propia. Interesado en cualquier tema que me apasione y cada vez m\u00e1s comprometido con la verdad y la objetividad period\u00edstica. Graduado en La Habana hace ya muchos a\u00f1os, luego de una accidentada y polvorienta b\u00fasqueda de informaci\u00f3n sobre un tema in\u00e9dito. La Tesis, por cierto, desapareci\u00f3 de la biblioteca y no se conservan copias de la misma.\",\"url\":\"https:\\\/\\\/www.cuballama.com\\\/noticias\\\/author\\\/roberto\\\/\"}]}<\/script>\n<!-- \/ Yoast SEO plugin. -->","yoast_head_json":{"title":"Resoluci\u00f3n contra el embargo a Cuba en la ONU \"le cuesta el puesto\" a canciller argentina - Cuballama Noticias","description":"El voto de Argentina en la ONU, en contra del embargo de los EE.UU. a Cuba, le cost\u00f3 el puesto a su canciller, por decisi\u00f3n de Javier Milei.","robots":{"index":"index","follow":"follow","max-snippet":"max-snippet:-1","max-image-preview":"max-image-preview:large","max-video-preview":"max-video-preview:-1"},"canonical":"https:\/\/www.cuballama.com\/noticias\/resolucion-contra-el-embargo-a-cuba-en-la-onu-le-cuesta-el-puesto-a-canciller-argentina\/","og_locale":"es_ES","og_type":"article","og_title":"Resoluci\u00f3n contra el embargo a Cuba en la ONU \"le cuesta el puesto\" a canciller argentina - Cuballama Noticias","og_description":"El voto de Argentina en la ONU, en contra del embargo de los EE.UU. a Cuba, le cost\u00f3 el puesto a su canciller, por decisi\u00f3n de Javier Milei.","og_url":"https:\/\/www.cuballama.com\/noticias\/resolucion-contra-el-embargo-a-cuba-en-la-onu-le-cuesta-el-puesto-a-canciller-argentina\/","og_site_name":"Cuballama Noticias","article_publisher":"https:\/\/www.facebook.com\/CubaLlama","article_published_time":"2024-10-31T13:30:08+00:00","article_modified_time":"2024-10-31T13:30:10+00:00","og_image":[{"width":980,"height":542,"url":"https:\/\/cdn1.mediawpaccore.net\/wp-content\/uploads\/2024\/10\/31062043\/image-51.png","type":"image\/png"}],"author":"Roberto A.","twitter_card":"summary_large_image","twitter_creator":"@cuballama","twitter_site":"@cuballama","twitter_misc":{"Escrito por":"Roberto A.","Tiempo de lectura":"6 minutos"},"schema":{"@context":"https:\/\/schema.org","@graph":[{"@type":"Article","@id":"https:\/\/www.cuballama.com\/noticias\/resolucion-contra-el-embargo-a-cuba-en-la-onu-le-cuesta-el-puesto-a-canciller-argentina\/#article","isPartOf":{"@id":"https:\/\/www.cuballama.com\/noticias\/resolucion-contra-el-embargo-a-cuba-en-la-onu-le-cuesta-el-puesto-a-canciller-argentina\/"},"author":{"name":"Roberto A.","@id":"https:\/\/www.cuballama.com\/noticias\/#\/schema\/person\/a58502ed4146c8e9f83872e897c76cd2"},"headline":"Resoluci\u00f3n contra el embargo a Cuba en la ONU \u00able cuesta el puesto\u00bb a canciller argentina","datePublished":"2024-10-31T13:30:08+00:00","dateModified":"2024-10-31T13:30:10+00:00","mainEntityOfPage":{"@id":"https:\/\/www.cuballama.com\/noticias\/resolucion-contra-el-embargo-a-cuba-en-la-onu-le-cuesta-el-puesto-a-canciller-argentina\/"},"wordCount":1358,"commentCount":0,"publisher":{"@id":"https:\/\/www.cuballama.com\/noticias\/#organization"},"image":{"@id":"https:\/\/www.cuballama.com\/noticias\/resolucion-contra-el-embargo-a-cuba-en-la-onu-le-cuesta-el-puesto-a-canciller-argentina\/#primaryimage"},"thumbnailUrl":"https:\/\/cdn1.mediawpaccore.net\/wp-content\/uploads\/2024\/10\/31062043\/image-51.png","keywords":["Argentina","Cuba","Embargo","Estados Unidos","ONU","Resoluciones","Votos"],"articleSection":["Noticias","Noticias Internacionales"],"inLanguage":"es","potentialAction":[{"@type":"CommentAction","name":"Comment","target":["https:\/\/www.cuballama.com\/noticias\/resolucion-contra-el-embargo-a-cuba-en-la-onu-le-cuesta-el-puesto-a-canciller-argentina\/#respond"]}]},{"@type":"WebPage","@id":"https:\/\/www.cuballama.com\/noticias\/resolucion-contra-el-embargo-a-cuba-en-la-onu-le-cuesta-el-puesto-a-canciller-argentina\/","url":"https:\/\/www.cuballama.com\/noticias\/resolucion-contra-el-embargo-a-cuba-en-la-onu-le-cuesta-el-puesto-a-canciller-argentina\/","name":"Resoluci\u00f3n contra el embargo a Cuba en la ONU \"le cuesta el puesto\" a canciller argentina - Cuballama Noticias","isPartOf":{"@id":"https:\/\/www.cuballama.com\/noticias\/#website"},"primaryImageOfPage":{"@id":"https:\/\/www.cuballama.com\/noticias\/resolucion-contra-el-embargo-a-cuba-en-la-onu-le-cuesta-el-puesto-a-canciller-argentina\/#primaryimage"},"image":{"@id":"https:\/\/www.cuballama.com\/noticias\/resolucion-contra-el-embargo-a-cuba-en-la-onu-le-cuesta-el-puesto-a-canciller-argentina\/#primaryimage"},"thumbnailUrl":"https:\/\/cdn1.mediawpaccore.net\/wp-content\/uploads\/2024\/10\/31062043\/image-51.png","datePublished":"2024-10-31T13:30:08+00:00","dateModified":"2024-10-31T13:30:10+00:00","description":"El voto de Argentina en la ONU, en contra del embargo de los EE.UU. a Cuba, le cost\u00f3 el puesto a su canciller, por decisi\u00f3n de Javier Milei.","breadcrumb":{"@id":"https:\/\/www.cuballama.com\/noticias\/resolucion-contra-el-embargo-a-cuba-en-la-onu-le-cuesta-el-puesto-a-canciller-argentina\/#breadcrumb"},"inLanguage":"es","potentialAction":[{"@type":"ReadAction","target":["https:\/\/www.cuballama.com\/noticias\/resolucion-contra-el-embargo-a-cuba-en-la-onu-le-cuesta-el-puesto-a-canciller-argentina\/"]}]},{"@type":"ImageObject","inLanguage":"es","@id":"https:\/\/www.cuballama.com\/noticias\/resolucion-contra-el-embargo-a-cuba-en-la-onu-le-cuesta-el-puesto-a-canciller-argentina\/#primaryimage","url":"https:\/\/cdn1.mediawpaccore.net\/wp-content\/uploads\/2024\/10\/31062043\/image-51.png","contentUrl":"https:\/\/cdn1.mediawpaccore.net\/wp-content\/uploads\/2024\/10\/31062043\/image-51.png","width":980,"height":542,"caption":"Argentina vot\u00f3 en contra del embargo a Cuba, y Javier Milei destituy\u00f3 a su canciller. Foto v\u00eda Twitter \/ ONU"},{"@type":"BreadcrumbList","@id":"https:\/\/www.cuballama.com\/noticias\/resolucion-contra-el-embargo-a-cuba-en-la-onu-le-cuesta-el-puesto-a-canciller-argentina\/#breadcrumb","itemListElement":[{"@type":"ListItem","position":1,"name":"Home","item":"https:\/\/www.cuballama.com\/noticias\/"},{"@type":"ListItem","position":2,"name":"Resoluci\u00f3n contra el embargo a Cuba en la ONU \u00able cuesta el puesto\u00bb a canciller argentina"}]},{"@type":"WebSite","@id":"https:\/\/www.cuballama.com\/noticias\/#website","url":"https:\/\/www.cuballama.com\/noticias\/","name":"Cuballama Noticias","description":"Medio digital sobre Cuba y el mundo","publisher":{"@id":"https:\/\/www.cuballama.com\/noticias\/#organization"},"potentialAction":[{"@type":"SearchAction","target":{"@type":"EntryPoint","urlTemplate":"https:\/\/www.cuballama.com\/noticias\/?s={search_term_string}"},"query-input":{"@type":"PropertyValueSpecification","valueRequired":true,"valueName":"search_term_string"}}],"inLanguage":"es"},{"@type":"Organization","@id":"https:\/\/www.cuballama.com\/noticias\/#organization","name":"Cuballama","url":"https:\/\/www.cuballama.com\/noticias\/","logo":{"@type":"ImageObject","inLanguage":"es","@id":"https:\/\/www.cuballama.com\/noticias\/#\/schema\/logo\/image\/","url":"https:\/\/cdn1.mediawpaccore.net\/wp-content\/uploads\/2021\/12\/28171206\/cbll-logo-color-sm.png","contentUrl":"https:\/\/cdn1.mediawpaccore.net\/wp-content\/uploads\/2021\/12\/28171206\/cbll-logo-color-sm.png","width":600,"height":133,"caption":"Cuballama"},"image":{"@id":"https:\/\/www.cuballama.com\/noticias\/#\/schema\/logo\/image\/"},"sameAs":["https:\/\/www.facebook.com\/CubaLlama","https:\/\/x.com\/cuballama","https:\/\/www.instagram.com\/stories\/cuballama_oficial\/","https:\/\/www.youtube.com\/channel\/UCKkFE-d_axENGZcrc4as0IA"]},{"@type":"Person","@id":"https:\/\/www.cuballama.com\/noticias\/#\/schema\/person\/a58502ed4146c8e9f83872e897c76cd2","name":"Roberto A.","description":"Roberto A. Periodista por decisi\u00f3n propia. Interesado en cualquier tema que me apasione y cada vez m\u00e1s comprometido con la verdad y la objetividad period\u00edstica. Graduado en La Habana hace ya muchos a\u00f1os, luego de una accidentada y polvorienta b\u00fasqueda de informaci\u00f3n sobre un tema in\u00e9dito. La Tesis, por cierto, desapareci\u00f3 de la biblioteca y no se conservan copias de la misma.","url":"https:\/\/www.cuballama.com\/noticias\/author\/roberto\/"}]}},"_links":{"self":[{"href":"https:\/\/www.cuballama.com\/noticias\/wp-json\/wp\/v2\/posts\/188093","targetHints":{"allow":["GET"]}}],"collection":[{"href":"https:\/\/www.cuballama.com\/noticias\/wp-json\/wp\/v2\/posts"}],"about":[{"href":"https:\/\/www.cuballama.com\/noticias\/wp-json\/wp\/v2\/types\/post"}],"author":[{"embeddable":true,"href":"https:\/\/www.cuballama.com\/noticias\/wp-json\/wp\/v2\/users\/13"}],"replies":[{"embeddable":true,"href":"https:\/\/www.cuballama.com\/noticias\/wp-json\/wp\/v2\/comments?post=188093"}],"version-history":[{"count":3,"href":"https:\/\/www.cuballama.com\/noticias\/wp-json\/wp\/v2\/posts\/188093\/revisions"}],"predecessor-version":[{"id":188126,"href":"https:\/\/www.cuballama.com\/noticias\/wp-json\/wp\/v2\/posts\/188093\/revisions\/188126"}],"wp:featuredmedia":[{"embeddable":true,"href":"https:\/\/www.cuballama.com\/noticias\/wp-json\/wp\/v2\/media\/188125"}],"wp:attachment":[{"href":"https:\/\/www.cuballama.com\/noticias\/wp-json\/wp\/v2\/media?parent=188093"}],"wp:term":[{"taxonomy":"category","embeddable":true,"href":"https:\/\/www.cuballama.com\/noticias\/wp-json\/wp\/v2\/categories?post=188093"},{"taxonomy":"post_tag","embeddable":true,"href":"https:\/\/www.cuballama.com\/noticias\/wp-json\/wp\/v2\/tags?post=188093"}],"curies":[{"name":"wp","href":"https:\/\/api.w.org\/{rel}","templated":true}]}}