{"id":187673,"date":"2024-10-28T15:12:52","date_gmt":"2024-10-28T19:12:52","guid":{"rendered":"https:\/\/www.cuballama.com\/noticias\/?p=187673"},"modified":"2024-10-28T23:30:28","modified_gmt":"2024-10-29T03:30:28","slug":"asesinan-a-babalawo-en-su-casa-en-la-habana-para-robarle","status":"publish","type":"post","link":"https:\/\/www.cuballama.com\/noticias\/asesinan-a-babalawo-en-su-casa-en-la-habana-para-robarle\/","title":{"rendered":"Asesinan a babalawo en su casa en La Habana para robarle"},"content":{"rendered":"\n<p>El babalawo cubano Jos\u00e9 \u00c1ngel Reg\u00fceiferos Fontanal, fue asesinado en la madrugada de este s\u00e1bado en su propia casa, ubicada cerca de la Esquina de Tejas, en Calzada del Cerro, La Habana.\u00a0<\/p>\n\n\n\n<p>Seg\u00fan confirmaron fuentes cercanas a <em>CubaNet<\/em>, el se\u00f1or, <a href=\"https:\/\/www.cuballama.com\/noticias\/babalawo-muere-tras-incendiarse-otra-motorina-en-la-habana-vieja\/?srsltid=AfmBOop0S-UDo6GRzknlzx8ZDsgSBw7FlUft7OGq0oo0Uc2knanNgFWH\" target=\"_blank\" rel=\"noreferrer noopener\">el sacerdote<\/a> de 59 a\u00f1os, fue ultimado a pu\u00f1aladas por los ladrones que intentaban robar en su vivienda, a los cuales enfrent\u00f3.<\/p>\n\n\n\n<p>\u201cSe metieron en la casa a robarle, \u00e9l vio a los hombres y les vol\u00f3 arriba. En respuesta estas personas le cayeron a pu\u00f1aladas y lo mataron. Luego se llevaron casi todo de la casa y lo dejaron tapado con una s\u00e1bana debajo de la mesa\u201d, relat\u00f3 Ibis Zamora, una allegada de la v\u00edctima.<\/p>\n\n\n\n<p>El cuerpo de Reg\u00fceiferos Fontanal, oriundo de Songo La Maya, en Santiago de Cuba, fue descubierto en la ma\u00f1ana del domingo.<\/p>\n\n\n\n<iframe loading=\"lazy\" src=\"https:\/\/www.facebook.com\/plugins\/post.php?href=https%3A%2F%2Fwww.facebook.com%2FDeuntijeretazo%2Fposts%2Fpfbid0nJicHwK7WPCqcG6rfeyJcTsa59yc5Ui6HhJXBtKsfVFbn2Q1yd9BEq1twN8dT6DDl&#038;show_text=true&#038;width=500\" width=\"500\" height=\"250\" style=\"border:none;overflow:hidden\" scrolling=\"no\" frameborder=\"0\" allowfullscreen=\"true\" allow=\"autoplay; clipboard-write; encrypted-media; picture-in-picture; web-share\"><\/iframe>\n\n\n\n<p>Hasta el momento, no se sabe si los asesinos fueron capturados, pero trascendi\u00f3 que los familias de la v\u00edctima viajaron a la capital para encargarse de su funeral.<\/p>\n\n\n\n<p>Por otro lado, el internauta Cusito Mart\u00ednez se\u00f1al\u00f3 en Facebook que la v\u00edctima \u201cno era babalawo\u201d, sino \u201cun gran espiritista y muy buena persona\u201d. \u201cQue Dios lo tenga en gloria y se haga justicia a su esp\u00edritu. Duro todo lo que se est\u00e1 viviendo en este pa\u00eds y las cosas que todav\u00eda no salen. Vuela alto, hermano de la fe\u201d, destac\u00f3.<\/p>\n\n\n\n<p>Lo cierto es que el panorama en la isla, donde aumentan a diario los reportes de robos y de cr\u00edmenes violentos, es cada vez m\u00e1s aciago.&nbsp;&nbsp;<\/p>\n\n\n\n<p>Hace poco m\u00e1s de dos semanas se supo del asesinato de <a href=\"https:\/\/www.cuballama.com\/noticias\/salen-a-la-luz-nuevos-detalles-sobre-triple-asesinato-en-la-habana\/?srsltid=AfmBOoo0FESVfTH6tclj3_ZTNJRe4JQSejnuBQPWGEvzyWZ7rp9v_0jG\" target=\"_blank\" rel=\"noreferrer noopener\">tres personas que fueron asfixiadas<\/a> en una vivienda de Centro Habana, un hecho que tambi\u00e9n tuvo como m\u00f3vil el robo.<\/p>\n\n\n\n<p>En agosto pasado, igualmente en un presunto intento de robo, fueron asesinados dos menores de edad y dos mujeres en Ceballos,\u00a0 Ciego de \u00c1vila, un crimen que conmocion\u00f3 a la comunidad cubana.<\/p>\n","protected":false},"excerpt":{"rendered":"<p>El crimen ocurri\u00f3 de madrugada cerca de la Calzada del Cerro.<\/p>\n","protected":false},"author":30,"featured_media":187675,"comment_status":"open","ping_status":"closed","sticky":false,"template":"","format":"standard","meta":{"_acf_changed":false,"footnotes":""},"categories":[18,955],"tags":[929,22580,2652,10867,941,3423,682],"class_list":{"0":"post-187673","1":"post","2":"type-post","3":"status-publish","4":"format-standard","5":"has-post-thumbnail","7":"category-noticias","8":"category-noticias-de-cuba","9":"tag-asesinato","10":"tag-babalawo","11":"tag-crimen","12":"tag-crisis-en-cuba","13":"tag-destacado","14":"tag-robo","15":"tag-violencia"},"acf":[],"yoast_head":"<!-- This site is optimized with the Yoast SEO plugin v27.5 - https:\/\/yoast.com\/product\/yoast-seo-wordpress\/ -->\n<title>Asesinan a babalawo en su casa en La Habana para robarle - Cuballama Noticias<\/title>\n<meta name=\"description\" content=\"Un babalawo cubano fue asesinado en la madrugada de este s\u00e1bado por ladrones que intentaban robar en su propia casa.\" \/>\n<meta name=\"robots\" content=\"index, follow, max-snippet:-1, max-image-preview:large, max-video-preview:-1\" \/>\n<link rel=\"canonical\" href=\"https:\/\/www.cuballama.com\/noticias\/asesinan-a-babalawo-en-su-casa-en-la-habana-para-robarle\/\" \/>\n<meta property=\"og:locale\" content=\"es_ES\" \/>\n<meta property=\"og:type\" content=\"article\" \/>\n<meta property=\"og:title\" content=\"Asesinan a babalawo en su casa en La Habana para robarle - Cuballama Noticias\" \/>\n<meta property=\"og:description\" content=\"Un babalawo cubano fue asesinado en la madrugada de este s\u00e1bado por ladrones que intentaban robar en su propia casa.\" \/>\n<meta property=\"og:url\" content=\"https:\/\/www.cuballama.com\/noticias\/asesinan-a-babalawo-en-su-casa-en-la-habana-para-robarle\/\" \/>\n<meta property=\"og:site_name\" content=\"Cuballama Noticias\" \/>\n<meta property=\"article:publisher\" content=\"https:\/\/www.facebook.com\/CubaLlama\" \/>\n<meta property=\"article:published_time\" content=\"2024-10-28T19:12:52+00:00\" \/>\n<meta property=\"article:modified_time\" content=\"2024-10-29T03:30:28+00:00\" \/>\n<meta property=\"og:image\" content=\"https:\/\/cdn1.mediawpaccore.net\/wp-content\/uploads\/2024\/10\/28144131\/464804817_1129550115434340_1719036185871805744_n1.jpg\" \/>\n\t<meta property=\"og:image:width\" content=\"1200\" \/>\n\t<meta property=\"og:image:height\" content=\"630\" \/>\n\t<meta property=\"og:image:type\" content=\"image\/jpeg\" \/>\n<meta name=\"author\" content=\"Kathy\" \/>\n<meta name=\"twitter:card\" content=\"summary_large_image\" \/>\n<meta name=\"twitter:creator\" content=\"@cuballama\" \/>\n<meta name=\"twitter:site\" content=\"@cuballama\" \/>\n<meta name=\"twitter:label1\" content=\"Escrito por\" \/>\n\t<meta name=\"twitter:data1\" content=\"Kathy\" \/>\n\t<meta name=\"twitter:label2\" content=\"Tiempo de lectura\" \/>\n\t<meta name=\"twitter:data2\" content=\"2 minutos\" \/>\n<script type=\"application\/ld+json\" class=\"yoast-schema-graph\">{\"@context\":\"https:\\\/\\\/schema.org\",\"@graph\":[{\"@type\":\"Article\",\"@id\":\"https:\\\/\\\/www.cuballama.com\\\/noticias\\\/asesinan-a-babalawo-en-su-casa-en-la-habana-para-robarle\\\/#article\",\"isPartOf\":{\"@id\":\"https:\\\/\\\/www.cuballama.com\\\/noticias\\\/asesinan-a-babalawo-en-su-casa-en-la-habana-para-robarle\\\/\"},\"author\":{\"name\":\"Kathy\",\"@id\":\"https:\\\/\\\/www.cuballama.com\\\/noticias\\\/#\\\/schema\\\/person\\\/86cd3e3f4974437f031211213bf892d5\"},\"headline\":\"Asesinan a babalawo en su casa en La Habana para robarle\",\"datePublished\":\"2024-10-28T19:12:52+00:00\",\"dateModified\":\"2024-10-29T03:30:28+00:00\",\"mainEntityOfPage\":{\"@id\":\"https:\\\/\\\/www.cuballama.com\\\/noticias\\\/asesinan-a-babalawo-en-su-casa-en-la-habana-para-robarle\\\/\"},\"wordCount\":350,\"commentCount\":0,\"publisher\":{\"@id\":\"https:\\\/\\\/www.cuballama.com\\\/noticias\\\/#organization\"},\"image\":{\"@id\":\"https:\\\/\\\/www.cuballama.com\\\/noticias\\\/asesinan-a-babalawo-en-su-casa-en-la-habana-para-robarle\\\/#primaryimage\"},\"thumbnailUrl\":\"https:\\\/\\\/cdn1.mediawpaccore.net\\\/wp-content\\\/uploads\\\/2024\\\/10\\\/28144131\\\/464804817_1129550115434340_1719036185871805744_n1.jpg\",\"keywords\":[\"Asesinato\",\"babalawo\",\"crimen\",\"Crisis en Cuba\",\"destacado\",\"Robo\",\"Violencia\"],\"articleSection\":[\"Noticias\",\"Noticias de Cuba\"],\"inLanguage\":\"es\",\"potentialAction\":[{\"@type\":\"CommentAction\",\"name\":\"Comment\",\"target\":[\"https:\\\/\\\/www.cuballama.com\\\/noticias\\\/asesinan-a-babalawo-en-su-casa-en-la-habana-para-robarle\\\/#respond\"]}]},{\"@type\":\"WebPage\",\"@id\":\"https:\\\/\\\/www.cuballama.com\\\/noticias\\\/asesinan-a-babalawo-en-su-casa-en-la-habana-para-robarle\\\/\",\"url\":\"https:\\\/\\\/www.cuballama.com\\\/noticias\\\/asesinan-a-babalawo-en-su-casa-en-la-habana-para-robarle\\\/\",\"name\":\"Asesinan a babalawo en su casa en La Habana para robarle - Cuballama Noticias\",\"isPartOf\":{\"@id\":\"https:\\\/\\\/www.cuballama.com\\\/noticias\\\/#website\"},\"primaryImageOfPage\":{\"@id\":\"https:\\\/\\\/www.cuballama.com\\\/noticias\\\/asesinan-a-babalawo-en-su-casa-en-la-habana-para-robarle\\\/#primaryimage\"},\"image\":{\"@id\":\"https:\\\/\\\/www.cuballama.com\\\/noticias\\\/asesinan-a-babalawo-en-su-casa-en-la-habana-para-robarle\\\/#primaryimage\"},\"thumbnailUrl\":\"https:\\\/\\\/cdn1.mediawpaccore.net\\\/wp-content\\\/uploads\\\/2024\\\/10\\\/28144131\\\/464804817_1129550115434340_1719036185871805744_n1.jpg\",\"datePublished\":\"2024-10-28T19:12:52+00:00\",\"dateModified\":\"2024-10-29T03:30:28+00:00\",\"description\":\"Un babalawo cubano fue asesinado en la madrugada de este s\u00e1bado por ladrones que intentaban robar en su propia casa.\",\"breadcrumb\":{\"@id\":\"https:\\\/\\\/www.cuballama.com\\\/noticias\\\/asesinan-a-babalawo-en-su-casa-en-la-habana-para-robarle\\\/#breadcrumb\"},\"inLanguage\":\"es\",\"potentialAction\":[{\"@type\":\"ReadAction\",\"target\":[\"https:\\\/\\\/www.cuballama.com\\\/noticias\\\/asesinan-a-babalawo-en-su-casa-en-la-habana-para-robarle\\\/\"]}]},{\"@type\":\"ImageObject\",\"inLanguage\":\"es\",\"@id\":\"https:\\\/\\\/www.cuballama.com\\\/noticias\\\/asesinan-a-babalawo-en-su-casa-en-la-habana-para-robarle\\\/#primaryimage\",\"url\":\"https:\\\/\\\/cdn1.mediawpaccore.net\\\/wp-content\\\/uploads\\\/2024\\\/10\\\/28144131\\\/464804817_1129550115434340_1719036185871805744_n1.jpg\",\"contentUrl\":\"https:\\\/\\\/cdn1.mediawpaccore.net\\\/wp-content\\\/uploads\\\/2024\\\/10\\\/28144131\\\/464804817_1129550115434340_1719036185871805744_n1.jpg\",\"width\":1200,\"height\":630,\"caption\":\"Jos\u00e9 \u00c1ngel Reg\u00fceiferos Fontanal. Foto: Facebook\\\/La Tijera.\"},{\"@type\":\"BreadcrumbList\",\"@id\":\"https:\\\/\\\/www.cuballama.com\\\/noticias\\\/asesinan-a-babalawo-en-su-casa-en-la-habana-para-robarle\\\/#breadcrumb\",\"itemListElement\":[{\"@type\":\"ListItem\",\"position\":1,\"name\":\"Home\",\"item\":\"https:\\\/\\\/www.cuballama.com\\\/noticias\\\/\"},{\"@type\":\"ListItem\",\"position\":2,\"name\":\"Asesinan a babalawo en su casa en La Habana para robarle\"}]},{\"@type\":\"WebSite\",\"@id\":\"https:\\\/\\\/www.cuballama.com\\\/noticias\\\/#website\",\"url\":\"https:\\\/\\\/www.cuballama.com\\\/noticias\\\/\",\"name\":\"Cuballama Noticias\",\"description\":\"Medio digital sobre Cuba y el mundo\",\"publisher\":{\"@id\":\"https:\\\/\\\/www.cuballama.com\\\/noticias\\\/#organization\"},\"potentialAction\":[{\"@type\":\"SearchAction\",\"target\":{\"@type\":\"EntryPoint\",\"urlTemplate\":\"https:\\\/\\\/www.cuballama.com\\\/noticias\\\/?s={search_term_string}\"},\"query-input\":{\"@type\":\"PropertyValueSpecification\",\"valueRequired\":true,\"valueName\":\"search_term_string\"}}],\"inLanguage\":\"es\"},{\"@type\":\"Organization\",\"@id\":\"https:\\\/\\\/www.cuballama.com\\\/noticias\\\/#organization\",\"name\":\"Cuballama\",\"url\":\"https:\\\/\\\/www.cuballama.com\\\/noticias\\\/\",\"logo\":{\"@type\":\"ImageObject\",\"inLanguage\":\"es\",\"@id\":\"https:\\\/\\\/www.cuballama.com\\\/noticias\\\/#\\\/schema\\\/logo\\\/image\\\/\",\"url\":\"https:\\\/\\\/cdn1.mediawpaccore.net\\\/wp-content\\\/uploads\\\/2021\\\/12\\\/28171206\\\/cbll-logo-color-sm.png\",\"contentUrl\":\"https:\\\/\\\/cdn1.mediawpaccore.net\\\/wp-content\\\/uploads\\\/2021\\\/12\\\/28171206\\\/cbll-logo-color-sm.png\",\"width\":600,\"height\":133,\"caption\":\"Cuballama\"},\"image\":{\"@id\":\"https:\\\/\\\/www.cuballama.com\\\/noticias\\\/#\\\/schema\\\/logo\\\/image\\\/\"},\"sameAs\":[\"https:\\\/\\\/www.facebook.com\\\/CubaLlama\",\"https:\\\/\\\/x.com\\\/cuballama\",\"https:\\\/\\\/www.instagram.com\\\/stories\\\/cuballama_oficial\\\/\",\"https:\\\/\\\/www.youtube.com\\\/channel\\\/UCKkFE-d_axENGZcrc4as0IA\"]},{\"@type\":\"Person\",\"@id\":\"https:\\\/\\\/www.cuballama.com\\\/noticias\\\/#\\\/schema\\\/person\\\/86cd3e3f4974437f031211213bf892d5\",\"name\":\"Kathy\",\"url\":\"https:\\\/\\\/www.cuballama.com\\\/noticias\\\/author\\\/kathy\\\/\"}]}<\/script>\n<!-- \/ Yoast SEO plugin. -->","yoast_head_json":{"title":"Asesinan a babalawo en su casa en La Habana para robarle - Cuballama Noticias","description":"Un babalawo cubano fue asesinado en la madrugada de este s\u00e1bado por ladrones que intentaban robar en su propia casa.","robots":{"index":"index","follow":"follow","max-snippet":"max-snippet:-1","max-image-preview":"max-image-preview:large","max-video-preview":"max-video-preview:-1"},"canonical":"https:\/\/www.cuballama.com\/noticias\/asesinan-a-babalawo-en-su-casa-en-la-habana-para-robarle\/","og_locale":"es_ES","og_type":"article","og_title":"Asesinan a babalawo en su casa en La Habana para robarle - Cuballama Noticias","og_description":"Un babalawo cubano fue asesinado en la madrugada de este s\u00e1bado por ladrones que intentaban robar en su propia casa.","og_url":"https:\/\/www.cuballama.com\/noticias\/asesinan-a-babalawo-en-su-casa-en-la-habana-para-robarle\/","og_site_name":"Cuballama Noticias","article_publisher":"https:\/\/www.facebook.com\/CubaLlama","article_published_time":"2024-10-28T19:12:52+00:00","article_modified_time":"2024-10-29T03:30:28+00:00","og_image":[{"width":1200,"height":630,"url":"https:\/\/cdn1.mediawpaccore.net\/wp-content\/uploads\/2024\/10\/28144131\/464804817_1129550115434340_1719036185871805744_n1.jpg","type":"image\/jpeg"}],"author":"Kathy","twitter_card":"summary_large_image","twitter_creator":"@cuballama","twitter_site":"@cuballama","twitter_misc":{"Escrito por":"Kathy","Tiempo de lectura":"2 minutos"},"schema":{"@context":"https:\/\/schema.org","@graph":[{"@type":"Article","@id":"https:\/\/www.cuballama.com\/noticias\/asesinan-a-babalawo-en-su-casa-en-la-habana-para-robarle\/#article","isPartOf":{"@id":"https:\/\/www.cuballama.com\/noticias\/asesinan-a-babalawo-en-su-casa-en-la-habana-para-robarle\/"},"author":{"name":"Kathy","@id":"https:\/\/www.cuballama.com\/noticias\/#\/schema\/person\/86cd3e3f4974437f031211213bf892d5"},"headline":"Asesinan a babalawo en su casa en La Habana para robarle","datePublished":"2024-10-28T19:12:52+00:00","dateModified":"2024-10-29T03:30:28+00:00","mainEntityOfPage":{"@id":"https:\/\/www.cuballama.com\/noticias\/asesinan-a-babalawo-en-su-casa-en-la-habana-para-robarle\/"},"wordCount":350,"commentCount":0,"publisher":{"@id":"https:\/\/www.cuballama.com\/noticias\/#organization"},"image":{"@id":"https:\/\/www.cuballama.com\/noticias\/asesinan-a-babalawo-en-su-casa-en-la-habana-para-robarle\/#primaryimage"},"thumbnailUrl":"https:\/\/cdn1.mediawpaccore.net\/wp-content\/uploads\/2024\/10\/28144131\/464804817_1129550115434340_1719036185871805744_n1.jpg","keywords":["Asesinato","babalawo","crimen","Crisis en Cuba","destacado","Robo","Violencia"],"articleSection":["Noticias","Noticias de Cuba"],"inLanguage":"es","potentialAction":[{"@type":"CommentAction","name":"Comment","target":["https:\/\/www.cuballama.com\/noticias\/asesinan-a-babalawo-en-su-casa-en-la-habana-para-robarle\/#respond"]}]},{"@type":"WebPage","@id":"https:\/\/www.cuballama.com\/noticias\/asesinan-a-babalawo-en-su-casa-en-la-habana-para-robarle\/","url":"https:\/\/www.cuballama.com\/noticias\/asesinan-a-babalawo-en-su-casa-en-la-habana-para-robarle\/","name":"Asesinan a babalawo en su casa en La Habana para robarle - Cuballama Noticias","isPartOf":{"@id":"https:\/\/www.cuballama.com\/noticias\/#website"},"primaryImageOfPage":{"@id":"https:\/\/www.cuballama.com\/noticias\/asesinan-a-babalawo-en-su-casa-en-la-habana-para-robarle\/#primaryimage"},"image":{"@id":"https:\/\/www.cuballama.com\/noticias\/asesinan-a-babalawo-en-su-casa-en-la-habana-para-robarle\/#primaryimage"},"thumbnailUrl":"https:\/\/cdn1.mediawpaccore.net\/wp-content\/uploads\/2024\/10\/28144131\/464804817_1129550115434340_1719036185871805744_n1.jpg","datePublished":"2024-10-28T19:12:52+00:00","dateModified":"2024-10-29T03:30:28+00:00","description":"Un babalawo cubano fue asesinado en la madrugada de este s\u00e1bado por ladrones que intentaban robar en su propia casa.","breadcrumb":{"@id":"https:\/\/www.cuballama.com\/noticias\/asesinan-a-babalawo-en-su-casa-en-la-habana-para-robarle\/#breadcrumb"},"inLanguage":"es","potentialAction":[{"@type":"ReadAction","target":["https:\/\/www.cuballama.com\/noticias\/asesinan-a-babalawo-en-su-casa-en-la-habana-para-robarle\/"]}]},{"@type":"ImageObject","inLanguage":"es","@id":"https:\/\/www.cuballama.com\/noticias\/asesinan-a-babalawo-en-su-casa-en-la-habana-para-robarle\/#primaryimage","url":"https:\/\/cdn1.mediawpaccore.net\/wp-content\/uploads\/2024\/10\/28144131\/464804817_1129550115434340_1719036185871805744_n1.jpg","contentUrl":"https:\/\/cdn1.mediawpaccore.net\/wp-content\/uploads\/2024\/10\/28144131\/464804817_1129550115434340_1719036185871805744_n1.jpg","width":1200,"height":630,"caption":"Jos\u00e9 \u00c1ngel Reg\u00fceiferos Fontanal. Foto: Facebook\/La Tijera."},{"@type":"BreadcrumbList","@id":"https:\/\/www.cuballama.com\/noticias\/asesinan-a-babalawo-en-su-casa-en-la-habana-para-robarle\/#breadcrumb","itemListElement":[{"@type":"ListItem","position":1,"name":"Home","item":"https:\/\/www.cuballama.com\/noticias\/"},{"@type":"ListItem","position":2,"name":"Asesinan a babalawo en su casa en La Habana para robarle"}]},{"@type":"WebSite","@id":"https:\/\/www.cuballama.com\/noticias\/#website","url":"https:\/\/www.cuballama.com\/noticias\/","name":"Cuballama Noticias","description":"Medio digital sobre Cuba y el mundo","publisher":{"@id":"https:\/\/www.cuballama.com\/noticias\/#organization"},"potentialAction":[{"@type":"SearchAction","target":{"@type":"EntryPoint","urlTemplate":"https:\/\/www.cuballama.com\/noticias\/?s={search_term_string}"},"query-input":{"@type":"PropertyValueSpecification","valueRequired":true,"valueName":"search_term_string"}}],"inLanguage":"es"},{"@type":"Organization","@id":"https:\/\/www.cuballama.com\/noticias\/#organization","name":"Cuballama","url":"https:\/\/www.cuballama.com\/noticias\/","logo":{"@type":"ImageObject","inLanguage":"es","@id":"https:\/\/www.cuballama.com\/noticias\/#\/schema\/logo\/image\/","url":"https:\/\/cdn1.mediawpaccore.net\/wp-content\/uploads\/2021\/12\/28171206\/cbll-logo-color-sm.png","contentUrl":"https:\/\/cdn1.mediawpaccore.net\/wp-content\/uploads\/2021\/12\/28171206\/cbll-logo-color-sm.png","width":600,"height":133,"caption":"Cuballama"},"image":{"@id":"https:\/\/www.cuballama.com\/noticias\/#\/schema\/logo\/image\/"},"sameAs":["https:\/\/www.facebook.com\/CubaLlama","https:\/\/x.com\/cuballama","https:\/\/www.instagram.com\/stories\/cuballama_oficial\/","https:\/\/www.youtube.com\/channel\/UCKkFE-d_axENGZcrc4as0IA"]},{"@type":"Person","@id":"https:\/\/www.cuballama.com\/noticias\/#\/schema\/person\/86cd3e3f4974437f031211213bf892d5","name":"Kathy","url":"https:\/\/www.cuballama.com\/noticias\/author\/kathy\/"}]}},"_links":{"self":[{"href":"https:\/\/www.cuballama.com\/noticias\/wp-json\/wp\/v2\/posts\/187673","targetHints":{"allow":["GET"]}}],"collection":[{"href":"https:\/\/www.cuballama.com\/noticias\/wp-json\/wp\/v2\/posts"}],"about":[{"href":"https:\/\/www.cuballama.com\/noticias\/wp-json\/wp\/v2\/types\/post"}],"author":[{"embeddable":true,"href":"https:\/\/www.cuballama.com\/noticias\/wp-json\/wp\/v2\/users\/30"}],"replies":[{"embeddable":true,"href":"https:\/\/www.cuballama.com\/noticias\/wp-json\/wp\/v2\/comments?post=187673"}],"version-history":[{"count":4,"href":"https:\/\/www.cuballama.com\/noticias\/wp-json\/wp\/v2\/posts\/187673\/revisions"}],"predecessor-version":[{"id":187681,"href":"https:\/\/www.cuballama.com\/noticias\/wp-json\/wp\/v2\/posts\/187673\/revisions\/187681"}],"wp:featuredmedia":[{"embeddable":true,"href":"https:\/\/www.cuballama.com\/noticias\/wp-json\/wp\/v2\/media\/187675"}],"wp:attachment":[{"href":"https:\/\/www.cuballama.com\/noticias\/wp-json\/wp\/v2\/media?parent=187673"}],"wp:term":[{"taxonomy":"category","embeddable":true,"href":"https:\/\/www.cuballama.com\/noticias\/wp-json\/wp\/v2\/categories?post=187673"},{"taxonomy":"post_tag","embeddable":true,"href":"https:\/\/www.cuballama.com\/noticias\/wp-json\/wp\/v2\/tags?post=187673"}],"curies":[{"name":"wp","href":"https:\/\/api.w.org\/{rel}","templated":true}]}}