{"id":186442,"date":"2024-10-16T14:49:33","date_gmt":"2024-10-16T18:49:33","guid":{"rendered":"https:\/\/www.cuballama.com\/noticias\/?p=186442"},"modified":"2024-10-16T14:53:27","modified_gmt":"2024-10-16T18:53:27","slug":"cubana-denuncia-brutalidad-policial-contra-su-hijo-adolescente-le-partieron-el-brazo","status":"publish","type":"post","link":"https:\/\/www.cuballama.com\/noticias\/cubana-denuncia-brutalidad-policial-contra-su-hijo-adolescente-le-partieron-el-brazo\/","title":{"rendered":"Cubana denuncia brutalidad policial contra su hijo adolescente: \u201cLe partieron el brazo\u201d"},"content":{"rendered":"\n<p>Una madre cubana denunci\u00f3 este mi\u00e9rcoles la brutalidad policial de la que habr\u00eda sido v\u00edctima su hijo adolescente en la ciudad de Holgu\u00edn.<\/p>\n\n\n\n<p>Seg\u00fan relat\u00f3 Dayanis Ram\u00edrez en Facebook, su hijo, de 16 a\u00f1os, termin\u00f3 con un brazo roto despu\u00e9s de que en la tarde de este martes agentes de la Polic\u00eda lo detuvieran a \u00e9l y otros ni\u00f1os por estar \u201cjugando en el Deportivo de la Universidad de Ciencias M\u00e9dicas de Holgu\u00edn\u201d, donde \u201clos muchachos del barrio\u201d acostumbran a practicar futbol y basquetbol.<\/p>\n\n\n\n<p>\u201cLlegaron unos polic\u00edas a sacarlos del lugar porque no deb\u00edan estar all\u00ed\u201d y \u201clos ten\u00edan detenidos como si fuesen delincuentes\u201d, \u201csolo por estar jugando en un lugar donde por generaciones desde antes que mi hijo nacieran todos los j\u00f3venes se re\u00fanen para hacer deporte\u201d.<\/p>\n\n\n\n<iframe loading=\"lazy\" src=\"https:\/\/www.facebook.com\/plugins\/post.php?href=https%3A%2F%2Fwww.facebook.com%2Fdayanis.ramirez.73550%2Fposts%2Fpfbid0Swp7LLtnaQpaNnpaF5A6oXPpR9v2ebEoe6U4ya16TKMPEHhbRPH9kENuv9Qkyokkl&#038;show_text=true&#038;width=500\" width=\"500\" height=\"250\" style=\"border:none;overflow:hidden\" scrolling=\"no\" frameborder=\"0\" allowfullscreen=\"true\" allow=\"autoplay; clipboard-write; encrypted-media; picture-in-picture; web-share\"><\/iframe>\n\n\n\n<p>\u201cCuando mi hijo les dijo que se quer\u00eda ir, comenzaron a ofenderlo y \u00e9l les respondi\u00f3 que no ten\u00edan por qu\u00e9 faltarle el respeto\u201d, continu\u00f3 Ram\u00edrez antes de agregar que \u201clo agarraron entre dos, porque son tan cobardes que necesitan dos para sujetar un ni\u00f1o\u201d.<\/p>\n\n\n\n<p>\u201c\u00c9l les pidi\u00f3 que lo soltaran, que \u00e9l iba caminando adonde tuviese que ir, que le iban a partir el brazo y eso fue lo que pas\u00f3\u201d, revel\u00f3 la madre que, aun no sabe los nombres de los agresores, ya que \u201cla Polic\u00eda no quiere darlos\u201d, pero \u201cpronto los sabr\u00e9, partida de abusadores\u201d.<\/p>\n\n\n\n<p>Adem\u00e1s, Ram\u00edrez, que al parecer vive en Estados Unidos, detall\u00f3 que a su hijo \u201cno solo le partieron el brazo\u201d, \u201csi no que tambi\u00e9n lo golpearon\u201d. \u201cEl jefe de la 3ra unidad de Holgu\u00edn, un Mayor de ojos claros, fue quien le parti\u00f3 el brazo\u201d, precis\u00f3.<\/p>\n\n\n\n<iframe loading=\"lazy\" src=\"https:\/\/www.facebook.com\/plugins\/post.php?href=https%3A%2F%2Fwww.facebook.com%2Fdayanis.ramirez.73550%2Fposts%2Fpfbid02ePbFzAuucfMVNZhthAck8FVZJ8sHKCJGr2FCs9LQTkAa5J3UmDJsCQgpecU71Qvwl&#038;show_text=true&#038;width=500\" width=\"500\" height=\"799\" style=\"border:none;overflow:hidden\" scrolling=\"no\" frameborder=\"0\" allowfullscreen=\"true\" allow=\"autoplay; clipboard-write; encrypted-media; picture-in-picture; web-share\"><\/iframe>\n\n\n\n<p>\u201cDe m\u00e1s est\u00e1 decir que no vamos a descansar hasta que paguen. Ya est\u00e1n hechas las acusaciones pertinentes y espero que la justicia de mi pa\u00eds cumpla su parte. Vamos a ir adonde tengamos que ir\u201d, adelant\u00f3 la cubana, que exige justicia por un acto del que se han hecho eco destacados periodistas como Mario Pent\u00f3n.<\/p>\n\n\n\n<p>\u201cEspero que los hijos de puta que le hicieron esto a mi hijo den la cara. Mayor jefe de la 3ra unidad de Holgu\u00edn, da la cara cobarde. Te escondes detr\u00e1s de un uniforme. En vez de cuidar a los j\u00f3venes, los golpean\u201d, dijo.<\/p>\n\n\n\n<p>\u201cEspero que si tienes familia pase lo mismo y m\u00e1s. Por eso ya nadie tiene respeto por la Polic\u00eda\u201d, agreg\u00f3 al increpar al oficial al que considera el responsable directo de lo ocurrido.&nbsp;<\/p>\n\n\n\n<p>Por otro lado, Ram\u00edrez inform\u00f3 que \u201clo m\u00e1s seguro es que mi hijo deba ser operado para que su brazo pueda soldar bien y para colmo no hay nada en los hospitales\u201d.<\/p>\n\n\n\n<p>La madre lament\u00f3 adem\u00e1s que, en medio del aumento de la actividad delictiva del pa\u00eds, la Polic\u00eda se centre en este tipo de cosas en vez de \u201cdetener a los que fuman marihuana en las esquinas o a los que asaltan en la calle\u201d.<\/p>\n\n\n\n<p>A finales de septiembre <a href=\"https:\/\/www.cuballama.com\/noticias\/madre-cubana-denuncia-que-profesor-de-su-hijo-lo-golpeo-impunemente\/\">otra madre cubana denunci\u00f3<\/a> el abuso que habr\u00eda cometido uno de los profesores de Secundaria B\u00e1sica de su hijo, de 14 a\u00f1os, en La Habana.<\/p>\n","protected":false},"excerpt":{"rendered":"<p>La madre asegur\u00f3 que fue un Mayor de la Polic\u00eda de Holgu\u00edn quien la fractur\u00f3 el brazo a su hijo.<\/p>\n","protected":false},"author":30,"featured_media":186443,"comment_status":"open","ping_status":"closed","sticky":false,"template":"","format":"standard","meta":{"_acf_changed":false,"footnotes":""},"categories":[18,955],"tags":[10610,19636,9970,941,13144,4850],"class_list":{"0":"post-186442","1":"post","2":"type-post","3":"status-publish","4":"format-standard","5":"has-post-thumbnail","7":"category-noticias","8":"category-noticias-de-cuba","9":"tag-abuso-policial-en-cuba","10":"tag-adolescente-cubano","11":"tag-brutalidad-policial","12":"tag-destacado","13":"tag-holguin-2","14":"tag-madre-cubana"},"acf":[],"yoast_head":"<!-- This site is optimized with the Yoast SEO plugin v27.5 - https:\/\/yoast.com\/product\/yoast-seo-wordpress\/ -->\n<title>Cubana denuncia brutalidad policial contra su hijo adolescente: \u201cLe partieron el brazo\u201d - Cuballama Noticias<\/title>\n<meta name=\"description\" content=\"Una madre cubana denunci\u00f3 la brutalidad policial de la que habr\u00eda sido v\u00edctima su hijo adolescente en Holgu\u00edn.\" \/>\n<meta name=\"robots\" content=\"index, follow, max-snippet:-1, max-image-preview:large, max-video-preview:-1\" \/>\n<link rel=\"canonical\" href=\"https:\/\/www.cuballama.com\/noticias\/cubana-denuncia-brutalidad-policial-contra-su-hijo-adolescente-le-partieron-el-brazo\/\" \/>\n<meta property=\"og:locale\" content=\"es_ES\" \/>\n<meta property=\"og:type\" content=\"article\" \/>\n<meta property=\"og:title\" content=\"Cubana denuncia brutalidad policial contra su hijo adolescente: \u201cLe partieron el brazo\u201d - Cuballama Noticias\" \/>\n<meta property=\"og:description\" content=\"Una madre cubana denunci\u00f3 la brutalidad policial de la que habr\u00eda sido v\u00edctima su hijo adolescente en Holgu\u00edn.\" \/>\n<meta property=\"og:url\" content=\"https:\/\/www.cuballama.com\/noticias\/cubana-denuncia-brutalidad-policial-contra-su-hijo-adolescente-le-partieron-el-brazo\/\" \/>\n<meta property=\"og:site_name\" content=\"Cuballama Noticias\" \/>\n<meta property=\"article:publisher\" content=\"https:\/\/www.facebook.com\/CubaLlama\" \/>\n<meta property=\"article:published_time\" content=\"2024-10-16T18:49:33+00:00\" \/>\n<meta property=\"article:modified_time\" content=\"2024-10-16T18:53:27+00:00\" \/>\n<meta property=\"og:image\" content=\"https:\/\/cdn1.mediawpaccore.net\/wp-content\/uploads\/2024\/10\/16134153\/Square-4x44-1.jpg\" \/>\n\t<meta property=\"og:image:width\" content=\"1200\" \/>\n\t<meta property=\"og:image:height\" content=\"630\" \/>\n\t<meta property=\"og:image:type\" content=\"image\/jpeg\" \/>\n<meta name=\"author\" content=\"Kathy\" \/>\n<meta name=\"twitter:card\" content=\"summary_large_image\" \/>\n<meta name=\"twitter:creator\" content=\"@cuballama\" \/>\n<meta name=\"twitter:site\" content=\"@cuballama\" \/>\n<meta name=\"twitter:label1\" content=\"Escrito por\" \/>\n\t<meta name=\"twitter:data1\" content=\"Kathy\" \/>\n\t<meta name=\"twitter:label2\" content=\"Tiempo de lectura\" \/>\n\t<meta name=\"twitter:data2\" content=\"3 minutos\" \/>\n<script type=\"application\/ld+json\" class=\"yoast-schema-graph\">{\"@context\":\"https:\\\/\\\/schema.org\",\"@graph\":[{\"@type\":\"Article\",\"@id\":\"https:\\\/\\\/www.cuballama.com\\\/noticias\\\/cubana-denuncia-brutalidad-policial-contra-su-hijo-adolescente-le-partieron-el-brazo\\\/#article\",\"isPartOf\":{\"@id\":\"https:\\\/\\\/www.cuballama.com\\\/noticias\\\/cubana-denuncia-brutalidad-policial-contra-su-hijo-adolescente-le-partieron-el-brazo\\\/\"},\"author\":{\"name\":\"Kathy\",\"@id\":\"https:\\\/\\\/www.cuballama.com\\\/noticias\\\/#\\\/schema\\\/person\\\/86cd3e3f4974437f031211213bf892d5\"},\"headline\":\"Cubana denuncia brutalidad policial contra su hijo adolescente: \u201cLe partieron el brazo\u201d\",\"datePublished\":\"2024-10-16T18:49:33+00:00\",\"dateModified\":\"2024-10-16T18:53:27+00:00\",\"mainEntityOfPage\":{\"@id\":\"https:\\\/\\\/www.cuballama.com\\\/noticias\\\/cubana-denuncia-brutalidad-policial-contra-su-hijo-adolescente-le-partieron-el-brazo\\\/\"},\"wordCount\":564,\"commentCount\":0,\"publisher\":{\"@id\":\"https:\\\/\\\/www.cuballama.com\\\/noticias\\\/#organization\"},\"image\":{\"@id\":\"https:\\\/\\\/www.cuballama.com\\\/noticias\\\/cubana-denuncia-brutalidad-policial-contra-su-hijo-adolescente-le-partieron-el-brazo\\\/#primaryimage\"},\"thumbnailUrl\":\"https:\\\/\\\/cdn1.mediawpaccore.net\\\/wp-content\\\/uploads\\\/2024\\\/10\\\/16134153\\\/Square-4x44-1.jpg\",\"keywords\":[\"Abuso policial en Cuba\",\"adolescente cubano\",\"Brutalidad policial\",\"destacado\",\"Holgu\u00edn\",\"madre cubana\"],\"articleSection\":[\"Noticias\",\"Noticias de Cuba\"],\"inLanguage\":\"es\",\"potentialAction\":[{\"@type\":\"CommentAction\",\"name\":\"Comment\",\"target\":[\"https:\\\/\\\/www.cuballama.com\\\/noticias\\\/cubana-denuncia-brutalidad-policial-contra-su-hijo-adolescente-le-partieron-el-brazo\\\/#respond\"]}]},{\"@type\":\"WebPage\",\"@id\":\"https:\\\/\\\/www.cuballama.com\\\/noticias\\\/cubana-denuncia-brutalidad-policial-contra-su-hijo-adolescente-le-partieron-el-brazo\\\/\",\"url\":\"https:\\\/\\\/www.cuballama.com\\\/noticias\\\/cubana-denuncia-brutalidad-policial-contra-su-hijo-adolescente-le-partieron-el-brazo\\\/\",\"name\":\"Cubana denuncia brutalidad policial contra su hijo adolescente: \u201cLe partieron el brazo\u201d - Cuballama Noticias\",\"isPartOf\":{\"@id\":\"https:\\\/\\\/www.cuballama.com\\\/noticias\\\/#website\"},\"primaryImageOfPage\":{\"@id\":\"https:\\\/\\\/www.cuballama.com\\\/noticias\\\/cubana-denuncia-brutalidad-policial-contra-su-hijo-adolescente-le-partieron-el-brazo\\\/#primaryimage\"},\"image\":{\"@id\":\"https:\\\/\\\/www.cuballama.com\\\/noticias\\\/cubana-denuncia-brutalidad-policial-contra-su-hijo-adolescente-le-partieron-el-brazo\\\/#primaryimage\"},\"thumbnailUrl\":\"https:\\\/\\\/cdn1.mediawpaccore.net\\\/wp-content\\\/uploads\\\/2024\\\/10\\\/16134153\\\/Square-4x44-1.jpg\",\"datePublished\":\"2024-10-16T18:49:33+00:00\",\"dateModified\":\"2024-10-16T18:53:27+00:00\",\"description\":\"Una madre cubana denunci\u00f3 la brutalidad policial de la que habr\u00eda sido v\u00edctima su hijo adolescente en Holgu\u00edn.\",\"breadcrumb\":{\"@id\":\"https:\\\/\\\/www.cuballama.com\\\/noticias\\\/cubana-denuncia-brutalidad-policial-contra-su-hijo-adolescente-le-partieron-el-brazo\\\/#breadcrumb\"},\"inLanguage\":\"es\",\"potentialAction\":[{\"@type\":\"ReadAction\",\"target\":[\"https:\\\/\\\/www.cuballama.com\\\/noticias\\\/cubana-denuncia-brutalidad-policial-contra-su-hijo-adolescente-le-partieron-el-brazo\\\/\"]}]},{\"@type\":\"ImageObject\",\"inLanguage\":\"es\",\"@id\":\"https:\\\/\\\/www.cuballama.com\\\/noticias\\\/cubana-denuncia-brutalidad-policial-contra-su-hijo-adolescente-le-partieron-el-brazo\\\/#primaryimage\",\"url\":\"https:\\\/\\\/cdn1.mediawpaccore.net\\\/wp-content\\\/uploads\\\/2024\\\/10\\\/16134153\\\/Square-4x44-1.jpg\",\"contentUrl\":\"https:\\\/\\\/cdn1.mediawpaccore.net\\\/wp-content\\\/uploads\\\/2024\\\/10\\\/16134153\\\/Square-4x44-1.jpg\",\"width\":1200,\"height\":630,\"caption\":\"Adolescente cubano que habr\u00eda sido golpeado por la Polic\u00eda. Foto: Facebook\\\/Dayanis Ram\u00edrez.\"},{\"@type\":\"BreadcrumbList\",\"@id\":\"https:\\\/\\\/www.cuballama.com\\\/noticias\\\/cubana-denuncia-brutalidad-policial-contra-su-hijo-adolescente-le-partieron-el-brazo\\\/#breadcrumb\",\"itemListElement\":[{\"@type\":\"ListItem\",\"position\":1,\"name\":\"Home\",\"item\":\"https:\\\/\\\/www.cuballama.com\\\/noticias\\\/\"},{\"@type\":\"ListItem\",\"position\":2,\"name\":\"Cubana denuncia brutalidad policial contra su hijo adolescente: \u201cLe partieron el brazo\u201d\"}]},{\"@type\":\"WebSite\",\"@id\":\"https:\\\/\\\/www.cuballama.com\\\/noticias\\\/#website\",\"url\":\"https:\\\/\\\/www.cuballama.com\\\/noticias\\\/\",\"name\":\"Cuballama Noticias\",\"description\":\"Medio digital sobre Cuba y el mundo\",\"publisher\":{\"@id\":\"https:\\\/\\\/www.cuballama.com\\\/noticias\\\/#organization\"},\"potentialAction\":[{\"@type\":\"SearchAction\",\"target\":{\"@type\":\"EntryPoint\",\"urlTemplate\":\"https:\\\/\\\/www.cuballama.com\\\/noticias\\\/?s={search_term_string}\"},\"query-input\":{\"@type\":\"PropertyValueSpecification\",\"valueRequired\":true,\"valueName\":\"search_term_string\"}}],\"inLanguage\":\"es\"},{\"@type\":\"Organization\",\"@id\":\"https:\\\/\\\/www.cuballama.com\\\/noticias\\\/#organization\",\"name\":\"Cuballama\",\"url\":\"https:\\\/\\\/www.cuballama.com\\\/noticias\\\/\",\"logo\":{\"@type\":\"ImageObject\",\"inLanguage\":\"es\",\"@id\":\"https:\\\/\\\/www.cuballama.com\\\/noticias\\\/#\\\/schema\\\/logo\\\/image\\\/\",\"url\":\"https:\\\/\\\/cdn1.mediawpaccore.net\\\/wp-content\\\/uploads\\\/2021\\\/12\\\/28171206\\\/cbll-logo-color-sm.png\",\"contentUrl\":\"https:\\\/\\\/cdn1.mediawpaccore.net\\\/wp-content\\\/uploads\\\/2021\\\/12\\\/28171206\\\/cbll-logo-color-sm.png\",\"width\":600,\"height\":133,\"caption\":\"Cuballama\"},\"image\":{\"@id\":\"https:\\\/\\\/www.cuballama.com\\\/noticias\\\/#\\\/schema\\\/logo\\\/image\\\/\"},\"sameAs\":[\"https:\\\/\\\/www.facebook.com\\\/CubaLlama\",\"https:\\\/\\\/x.com\\\/cuballama\",\"https:\\\/\\\/www.instagram.com\\\/stories\\\/cuballama_oficial\\\/\",\"https:\\\/\\\/www.youtube.com\\\/channel\\\/UCKkFE-d_axENGZcrc4as0IA\"]},{\"@type\":\"Person\",\"@id\":\"https:\\\/\\\/www.cuballama.com\\\/noticias\\\/#\\\/schema\\\/person\\\/86cd3e3f4974437f031211213bf892d5\",\"name\":\"Kathy\",\"url\":\"https:\\\/\\\/www.cuballama.com\\\/noticias\\\/author\\\/kathy\\\/\"}]}<\/script>\n<!-- \/ Yoast SEO plugin. -->","yoast_head_json":{"title":"Cubana denuncia brutalidad policial contra su hijo adolescente: \u201cLe partieron el brazo\u201d - Cuballama Noticias","description":"Una madre cubana denunci\u00f3 la brutalidad policial de la que habr\u00eda sido v\u00edctima su hijo adolescente en Holgu\u00edn.","robots":{"index":"index","follow":"follow","max-snippet":"max-snippet:-1","max-image-preview":"max-image-preview:large","max-video-preview":"max-video-preview:-1"},"canonical":"https:\/\/www.cuballama.com\/noticias\/cubana-denuncia-brutalidad-policial-contra-su-hijo-adolescente-le-partieron-el-brazo\/","og_locale":"es_ES","og_type":"article","og_title":"Cubana denuncia brutalidad policial contra su hijo adolescente: \u201cLe partieron el brazo\u201d - Cuballama Noticias","og_description":"Una madre cubana denunci\u00f3 la brutalidad policial de la que habr\u00eda sido v\u00edctima su hijo adolescente en Holgu\u00edn.","og_url":"https:\/\/www.cuballama.com\/noticias\/cubana-denuncia-brutalidad-policial-contra-su-hijo-adolescente-le-partieron-el-brazo\/","og_site_name":"Cuballama Noticias","article_publisher":"https:\/\/www.facebook.com\/CubaLlama","article_published_time":"2024-10-16T18:49:33+00:00","article_modified_time":"2024-10-16T18:53:27+00:00","og_image":[{"width":1200,"height":630,"url":"https:\/\/cdn1.mediawpaccore.net\/wp-content\/uploads\/2024\/10\/16134153\/Square-4x44-1.jpg","type":"image\/jpeg"}],"author":"Kathy","twitter_card":"summary_large_image","twitter_creator":"@cuballama","twitter_site":"@cuballama","twitter_misc":{"Escrito por":"Kathy","Tiempo de lectura":"3 minutos"},"schema":{"@context":"https:\/\/schema.org","@graph":[{"@type":"Article","@id":"https:\/\/www.cuballama.com\/noticias\/cubana-denuncia-brutalidad-policial-contra-su-hijo-adolescente-le-partieron-el-brazo\/#article","isPartOf":{"@id":"https:\/\/www.cuballama.com\/noticias\/cubana-denuncia-brutalidad-policial-contra-su-hijo-adolescente-le-partieron-el-brazo\/"},"author":{"name":"Kathy","@id":"https:\/\/www.cuballama.com\/noticias\/#\/schema\/person\/86cd3e3f4974437f031211213bf892d5"},"headline":"Cubana denuncia brutalidad policial contra su hijo adolescente: \u201cLe partieron el brazo\u201d","datePublished":"2024-10-16T18:49:33+00:00","dateModified":"2024-10-16T18:53:27+00:00","mainEntityOfPage":{"@id":"https:\/\/www.cuballama.com\/noticias\/cubana-denuncia-brutalidad-policial-contra-su-hijo-adolescente-le-partieron-el-brazo\/"},"wordCount":564,"commentCount":0,"publisher":{"@id":"https:\/\/www.cuballama.com\/noticias\/#organization"},"image":{"@id":"https:\/\/www.cuballama.com\/noticias\/cubana-denuncia-brutalidad-policial-contra-su-hijo-adolescente-le-partieron-el-brazo\/#primaryimage"},"thumbnailUrl":"https:\/\/cdn1.mediawpaccore.net\/wp-content\/uploads\/2024\/10\/16134153\/Square-4x44-1.jpg","keywords":["Abuso policial en Cuba","adolescente cubano","Brutalidad policial","destacado","Holgu\u00edn","madre cubana"],"articleSection":["Noticias","Noticias de Cuba"],"inLanguage":"es","potentialAction":[{"@type":"CommentAction","name":"Comment","target":["https:\/\/www.cuballama.com\/noticias\/cubana-denuncia-brutalidad-policial-contra-su-hijo-adolescente-le-partieron-el-brazo\/#respond"]}]},{"@type":"WebPage","@id":"https:\/\/www.cuballama.com\/noticias\/cubana-denuncia-brutalidad-policial-contra-su-hijo-adolescente-le-partieron-el-brazo\/","url":"https:\/\/www.cuballama.com\/noticias\/cubana-denuncia-brutalidad-policial-contra-su-hijo-adolescente-le-partieron-el-brazo\/","name":"Cubana denuncia brutalidad policial contra su hijo adolescente: \u201cLe partieron el brazo\u201d - Cuballama Noticias","isPartOf":{"@id":"https:\/\/www.cuballama.com\/noticias\/#website"},"primaryImageOfPage":{"@id":"https:\/\/www.cuballama.com\/noticias\/cubana-denuncia-brutalidad-policial-contra-su-hijo-adolescente-le-partieron-el-brazo\/#primaryimage"},"image":{"@id":"https:\/\/www.cuballama.com\/noticias\/cubana-denuncia-brutalidad-policial-contra-su-hijo-adolescente-le-partieron-el-brazo\/#primaryimage"},"thumbnailUrl":"https:\/\/cdn1.mediawpaccore.net\/wp-content\/uploads\/2024\/10\/16134153\/Square-4x44-1.jpg","datePublished":"2024-10-16T18:49:33+00:00","dateModified":"2024-10-16T18:53:27+00:00","description":"Una madre cubana denunci\u00f3 la brutalidad policial de la que habr\u00eda sido v\u00edctima su hijo adolescente en Holgu\u00edn.","breadcrumb":{"@id":"https:\/\/www.cuballama.com\/noticias\/cubana-denuncia-brutalidad-policial-contra-su-hijo-adolescente-le-partieron-el-brazo\/#breadcrumb"},"inLanguage":"es","potentialAction":[{"@type":"ReadAction","target":["https:\/\/www.cuballama.com\/noticias\/cubana-denuncia-brutalidad-policial-contra-su-hijo-adolescente-le-partieron-el-brazo\/"]}]},{"@type":"ImageObject","inLanguage":"es","@id":"https:\/\/www.cuballama.com\/noticias\/cubana-denuncia-brutalidad-policial-contra-su-hijo-adolescente-le-partieron-el-brazo\/#primaryimage","url":"https:\/\/cdn1.mediawpaccore.net\/wp-content\/uploads\/2024\/10\/16134153\/Square-4x44-1.jpg","contentUrl":"https:\/\/cdn1.mediawpaccore.net\/wp-content\/uploads\/2024\/10\/16134153\/Square-4x44-1.jpg","width":1200,"height":630,"caption":"Adolescente cubano que habr\u00eda sido golpeado por la Polic\u00eda. Foto: Facebook\/Dayanis Ram\u00edrez."},{"@type":"BreadcrumbList","@id":"https:\/\/www.cuballama.com\/noticias\/cubana-denuncia-brutalidad-policial-contra-su-hijo-adolescente-le-partieron-el-brazo\/#breadcrumb","itemListElement":[{"@type":"ListItem","position":1,"name":"Home","item":"https:\/\/www.cuballama.com\/noticias\/"},{"@type":"ListItem","position":2,"name":"Cubana denuncia brutalidad policial contra su hijo adolescente: \u201cLe partieron el brazo\u201d"}]},{"@type":"WebSite","@id":"https:\/\/www.cuballama.com\/noticias\/#website","url":"https:\/\/www.cuballama.com\/noticias\/","name":"Cuballama Noticias","description":"Medio digital sobre Cuba y el mundo","publisher":{"@id":"https:\/\/www.cuballama.com\/noticias\/#organization"},"potentialAction":[{"@type":"SearchAction","target":{"@type":"EntryPoint","urlTemplate":"https:\/\/www.cuballama.com\/noticias\/?s={search_term_string}"},"query-input":{"@type":"PropertyValueSpecification","valueRequired":true,"valueName":"search_term_string"}}],"inLanguage":"es"},{"@type":"Organization","@id":"https:\/\/www.cuballama.com\/noticias\/#organization","name":"Cuballama","url":"https:\/\/www.cuballama.com\/noticias\/","logo":{"@type":"ImageObject","inLanguage":"es","@id":"https:\/\/www.cuballama.com\/noticias\/#\/schema\/logo\/image\/","url":"https:\/\/cdn1.mediawpaccore.net\/wp-content\/uploads\/2021\/12\/28171206\/cbll-logo-color-sm.png","contentUrl":"https:\/\/cdn1.mediawpaccore.net\/wp-content\/uploads\/2021\/12\/28171206\/cbll-logo-color-sm.png","width":600,"height":133,"caption":"Cuballama"},"image":{"@id":"https:\/\/www.cuballama.com\/noticias\/#\/schema\/logo\/image\/"},"sameAs":["https:\/\/www.facebook.com\/CubaLlama","https:\/\/x.com\/cuballama","https:\/\/www.instagram.com\/stories\/cuballama_oficial\/","https:\/\/www.youtube.com\/channel\/UCKkFE-d_axENGZcrc4as0IA"]},{"@type":"Person","@id":"https:\/\/www.cuballama.com\/noticias\/#\/schema\/person\/86cd3e3f4974437f031211213bf892d5","name":"Kathy","url":"https:\/\/www.cuballama.com\/noticias\/author\/kathy\/"}]}},"_links":{"self":[{"href":"https:\/\/www.cuballama.com\/noticias\/wp-json\/wp\/v2\/posts\/186442","targetHints":{"allow":["GET"]}}],"collection":[{"href":"https:\/\/www.cuballama.com\/noticias\/wp-json\/wp\/v2\/posts"}],"about":[{"href":"https:\/\/www.cuballama.com\/noticias\/wp-json\/wp\/v2\/types\/post"}],"author":[{"embeddable":true,"href":"https:\/\/www.cuballama.com\/noticias\/wp-json\/wp\/v2\/users\/30"}],"replies":[{"embeddable":true,"href":"https:\/\/www.cuballama.com\/noticias\/wp-json\/wp\/v2\/comments?post=186442"}],"version-history":[{"count":5,"href":"https:\/\/www.cuballama.com\/noticias\/wp-json\/wp\/v2\/posts\/186442\/revisions"}],"predecessor-version":[{"id":186449,"href":"https:\/\/www.cuballama.com\/noticias\/wp-json\/wp\/v2\/posts\/186442\/revisions\/186449"}],"wp:featuredmedia":[{"embeddable":true,"href":"https:\/\/www.cuballama.com\/noticias\/wp-json\/wp\/v2\/media\/186443"}],"wp:attachment":[{"href":"https:\/\/www.cuballama.com\/noticias\/wp-json\/wp\/v2\/media?parent=186442"}],"wp:term":[{"taxonomy":"category","embeddable":true,"href":"https:\/\/www.cuballama.com\/noticias\/wp-json\/wp\/v2\/categories?post=186442"},{"taxonomy":"post_tag","embeddable":true,"href":"https:\/\/www.cuballama.com\/noticias\/wp-json\/wp\/v2\/tags?post=186442"}],"curies":[{"name":"wp","href":"https:\/\/api.w.org\/{rel}","templated":true}]}}