{"id":185710,"date":"2024-10-10T12:59:20","date_gmt":"2024-10-10T16:59:20","guid":{"rendered":"https:\/\/www.cuballama.com\/noticias\/?p=185710"},"modified":"2024-10-11T06:45:29","modified_gmt":"2024-10-11T10:45:29","slug":"fallece-el-taiger-a-los-37-anos-tras-una-semana-en-terapia-intensiva","status":"publish","type":"post","link":"https:\/\/www.cuballama.com\/noticias\/fallece-el-taiger-a-los-37-anos-tras-una-semana-en-terapia-intensiva\/","title":{"rendered":"Fallece El Taiger a los 37 a\u00f1os tras una semana en terapia intensiva"},"content":{"rendered":"\n<p>Jorge Hern\u00e1ndez Carbajal, director de la agrupaci\u00f3n Los 4, confirm\u00f3 cerca de la una de la tarde de este jueves 10 de octubre la muerte de su primo, Jos\u00e9 Manuel Carbajal Zald\u00edvar, m\u00e1s conocido como El Taiger, a los 37 a\u00f1os de edad, justo <a href=\"https:\/\/www.cuballama.com\/noticias\/el-taiger-estaria-en-terapia-intensiva-tras-disparo-en-la-cabeza\/\" target=\"_blank\" rel=\"noreferrer noopener\">una semana despu\u00e9s de recibir un disparo en la cabeza<\/a>.<\/p>\n\n\n\n<p>\u201cHoy 10\/10 a las 12:40 pm los m\u00e9dicos acaban de dar por fallecido a El Taiger\u201d, dijo visiblemente afectado el m\u00fasico mejor conocido como Jorge Junior, uno de los familiares directos del cantante, a partir de la informaci\u00f3n del Hospital Jackson Memorial de Miami.<\/p>\n\n\n\n<p>\u201cEspero que todos lo recordemos como fue y que lo respetemos en su ausencia\u201d, a\u00f1adi\u00f3 a trav\u00e9s de una directa en Instagram, en la que adem\u00e1s agradeci\u00f3 a las miles de persona que le han dado mucho aliento y fuerza a su familia y han orado por la recuperaci\u00f3n de El Taiger en los \u00faltimos d\u00edas.<\/p>\n\n\n\n<blockquote class=\"instagram-media\" data-instgrm-captioned data-instgrm-permalink=\"https:\/\/www.instagram.com\/reel\/DA82WdwSOYs\/?utm_source=ig_embed&amp;utm_campaign=loading\" data-instgrm-version=\"14\" style=\" background:#FFF; border:0; border-radius:3px; box-shadow:0 0 1px 0 rgba(0,0,0,0.5),0 1px 10px 0 rgba(0,0,0,0.15); margin: 1px; max-width:540px; min-width:326px; padding:0; width:99.375%; width:-webkit-calc(100% - 2px); width:calc(100% - 2px);\"><div style=\"padding:16px;\"> <a href=\"https:\/\/www.instagram.com\/reel\/DA82WdwSOYs\/?utm_source=ig_embed&amp;utm_campaign=loading\" style=\" background:#FFFFFF; line-height:0; padding:0 0; text-align:center; text-decoration:none; width:100%;\" target=\"_blank\" rel=\"noopener\"> <div style=\" display: flex; flex-direction: row; align-items: center;\"> <div style=\"background-color: #F4F4F4; border-radius: 50%; flex-grow: 0; height: 40px; margin-right: 14px; width: 40px;\"><\/div> <div style=\"display: flex; flex-direction: column; flex-grow: 1; justify-content: center;\"> <div style=\" background-color: #F4F4F4; border-radius: 4px; flex-grow: 0; height: 14px; margin-bottom: 6px; width: 100px;\"><\/div> <div style=\" background-color: #F4F4F4; border-radius: 4px; flex-grow: 0; height: 14px; width: 60px;\"><\/div><\/div><\/div><div style=\"padding: 19% 0;\"><\/div> <div style=\"display:block; height:50px; margin:0 auto 12px; width:50px;\"><svg width=\"50px\" height=\"50px\" viewBox=\"0 0 60 60\" version=\"1.1\" xmlns=\"https:\/\/www.w3.org\/2000\/svg\" xmlns:xlink=\"https:\/\/www.w3.org\/1999\/xlink\"><g stroke=\"none\" stroke-width=\"1\" fill=\"none\" fill-rule=\"evenodd\"><g transform=\"translate(-511.000000, -20.000000)\" fill=\"#000000\"><g><path d=\"M556.869,30.41 C554.814,30.41 553.148,32.076 553.148,34.131 C553.148,36.186 554.814,37.852 556.869,37.852 C558.924,37.852 560.59,36.186 560.59,34.131 C560.59,32.076 558.924,30.41 556.869,30.41 M541,60.657 C535.114,60.657 530.342,55.887 530.342,50 C530.342,44.114 535.114,39.342 541,39.342 C546.887,39.342 551.658,44.114 551.658,50 C551.658,55.887 546.887,60.657 541,60.657 M541,33.886 C532.1,33.886 524.886,41.1 524.886,50 C524.886,58.899 532.1,66.113 541,66.113 C549.9,66.113 557.115,58.899 557.115,50 C557.115,41.1 549.9,33.886 541,33.886 M565.378,62.101 C565.244,65.022 564.756,66.606 564.346,67.663 C563.803,69.06 563.154,70.057 562.106,71.106 C561.058,72.155 560.06,72.803 558.662,73.347 C557.607,73.757 556.021,74.244 553.102,74.378 C549.944,74.521 548.997,74.552 541,74.552 C533.003,74.552 532.056,74.521 528.898,74.378 C525.979,74.244 524.393,73.757 523.338,73.347 C521.94,72.803 520.942,72.155 519.894,71.106 C518.846,70.057 518.197,69.06 517.654,67.663 C517.244,66.606 516.755,65.022 516.623,62.101 C516.479,58.943 516.448,57.996 516.448,50 C516.448,42.003 516.479,41.056 516.623,37.899 C516.755,34.978 517.244,33.391 517.654,32.338 C518.197,30.938 518.846,29.942 519.894,28.894 C520.942,27.846 521.94,27.196 523.338,26.654 C524.393,26.244 525.979,25.756 528.898,25.623 C532.057,25.479 533.004,25.448 541,25.448 C548.997,25.448 549.943,25.479 553.102,25.623 C556.021,25.756 557.607,26.244 558.662,26.654 C560.06,27.196 561.058,27.846 562.106,28.894 C563.154,29.942 563.803,30.938 564.346,32.338 C564.756,33.391 565.244,34.978 565.378,37.899 C565.522,41.056 565.552,42.003 565.552,50 C565.552,57.996 565.522,58.943 565.378,62.101 M570.82,37.631 C570.674,34.438 570.167,32.258 569.425,30.349 C568.659,28.377 567.633,26.702 565.965,25.035 C564.297,23.368 562.623,22.342 560.652,21.575 C558.743,20.834 556.562,20.326 553.369,20.18 C550.169,20.033 549.148,20 541,20 C532.853,20 531.831,20.033 528.631,20.18 C525.438,20.326 523.257,20.834 521.349,21.575 C519.376,22.342 517.703,23.368 516.035,25.035 C514.368,26.702 513.342,28.377 512.574,30.349 C511.834,32.258 511.326,34.438 511.181,37.631 C511.035,40.831 511,41.851 511,50 C511,58.147 511.035,59.17 511.181,62.369 C511.326,65.562 511.834,67.743 512.574,69.651 C513.342,71.625 514.368,73.296 516.035,74.965 C517.703,76.634 519.376,77.658 521.349,78.425 C523.257,79.167 525.438,79.673 528.631,79.82 C531.831,79.965 532.853,80.001 541,80.001 C549.148,80.001 550.169,79.965 553.369,79.82 C556.562,79.673 558.743,79.167 560.652,78.425 C562.623,77.658 564.297,76.634 565.965,74.965 C567.633,73.296 568.659,71.625 569.425,69.651 C570.167,67.743 570.674,65.562 570.82,62.369 C570.966,59.17 571,58.147 571,50 C571,41.851 570.966,40.831 570.82,37.631\"><\/path><\/g><\/g><\/g><\/svg><\/div><div style=\"padding-top: 8px;\"> <div style=\" color:#3897f0; font-family:Arial,sans-serif; font-size:14px; font-style:normal; font-weight:550; line-height:18px;\">Ver esta publicaci\u00f3n en Instagram<\/div><\/div><div style=\"padding: 12.5% 0;\"><\/div> <div style=\"display: flex; flex-direction: row; margin-bottom: 14px; align-items: center;\"><div> <div style=\"background-color: #F4F4F4; border-radius: 50%; height: 12.5px; width: 12.5px; transform: translateX(0px) translateY(7px);\"><\/div> <div style=\"background-color: #F4F4F4; height: 12.5px; transform: rotate(-45deg) translateX(3px) translateY(1px); width: 12.5px; flex-grow: 0; margin-right: 14px; margin-left: 2px;\"><\/div> <div style=\"background-color: #F4F4F4; border-radius: 50%; height: 12.5px; width: 12.5px; transform: translateX(9px) translateY(-18px);\"><\/div><\/div><div style=\"margin-left: 8px;\"> <div style=\" background-color: #F4F4F4; border-radius: 50%; flex-grow: 0; height: 20px; width: 20px;\"><\/div> <div style=\" width: 0; height: 0; border-top: 2px solid transparent; border-left: 6px solid #f4f4f4; border-bottom: 2px solid transparent; transform: translateX(16px) translateY(-4px) rotate(30deg)\"><\/div><\/div><div style=\"margin-left: auto;\"> <div style=\" width: 0px; border-top: 8px solid #F4F4F4; border-right: 8px solid transparent; transform: translateY(16px);\"><\/div> <div style=\" background-color: #F4F4F4; flex-grow: 0; height: 12px; width: 16px; transform: translateY(-4px);\"><\/div> <div style=\" width: 0; height: 0; border-top: 8px solid #F4F4F4; border-left: 8px solid transparent; transform: translateY(-4px) translateX(8px);\"><\/div><\/div><\/div> <div style=\"display: flex; flex-direction: column; flex-grow: 1; justify-content: center; margin-bottom: 24px;\"> <div style=\" background-color: #F4F4F4; border-radius: 4px; flex-grow: 0; height: 14px; margin-bottom: 6px; width: 224px;\"><\/div> <div style=\" background-color: #F4F4F4; border-radius: 4px; flex-grow: 0; height: 14px; width: 144px;\"><\/div><\/div><\/a><p style=\" color:#c9c8cd; font-family:Arial,sans-serif; font-size:14px; line-height:17px; margin-bottom:0; margin-top:8px; overflow:hidden; padding:8px 0 7px; text-align:center; text-overflow:ellipsis; white-space:nowrap;\"><a href=\"https:\/\/www.instagram.com\/reel\/DA82WdwSOYs\/?utm_source=ig_embed&amp;utm_campaign=loading\" style=\" color:#c9c8cd; font-family:Arial,sans-serif; font-size:14px; font-style:normal; font-weight:normal; line-height:17px; text-decoration:none;\" target=\"_blank\" rel=\"noopener\">Una publicaci\u00f3n compartida por Maylin Legan\u0303oa (@mleganoat51)<\/a><\/p><\/div><\/blockquote>\n<script async src=\"\/\/www.instagram.com\/embed.js\"><\/script\n\n\n\n<p>\u201cYa a partir de hoy no hay otra noticia que no sea esta. No quiero que salga otra paginita ni otra persona a decir lo que no es. Estoy diciendo las cosas como son, ya directamente del hospital\u201d, pidi\u00f3 al referirse a todas las especulaciones que ha habido en redes desde que su primo ingres\u00f3 grave al hospital.<\/p>\n\n\n\n<blockquote class=\"instagram-media\" data-instgrm-captioned data-instgrm-permalink=\"https:\/\/www.instagram.com\/reel\/DA82ZzpJahX\/?utm_source=ig_embed&amp;utm_campaign=loading\" data-instgrm-version=\"14\" style=\" background:#FFF; border:0; border-radius:3px; box-shadow:0 0 1px 0 rgba(0,0,0,0.5),0 1px 10px 0 rgba(0,0,0,0.15); margin: 1px; max-width:540px; min-width:326px; padding:0; width:99.375%; width:-webkit-calc(100% - 2px); width:calc(100% - 2px);\"><div style=\"padding:16px;\"> <a href=\"https:\/\/www.instagram.com\/reel\/DA82ZzpJahX\/?utm_source=ig_embed&amp;utm_campaign=loading\" style=\" background:#FFFFFF; line-height:0; padding:0 0; text-align:center; text-decoration:none; width:100%;\" target=\"_blank\"> <div style=\" display: flex; flex-direction: row; align-items: center;\"> <div style=\"background-color: #F4F4F4; border-radius: 50%; flex-grow: 0; height: 40px; margin-right: 14px; width: 40px;\"><\/div> <div style=\"display: flex; flex-direction: column; flex-grow: 1; justify-content: center;\"> <div style=\" background-color: #F4F4F4; border-radius: 4px; flex-grow: 0; height: 14px; margin-bottom: 6px; width: 100px;\"><\/div> <div style=\" background-color: #F4F4F4; border-radius: 4px; flex-grow: 0; height: 14px; width: 60px;\"><\/div><\/div><\/div><div style=\"padding: 19% 0;\"><\/div> <div style=\"display:block; height:50px; margin:0 auto 12px; width:50px;\"><svg width=\"50px\" height=\"50px\" viewBox=\"0 0 60 60\" version=\"1.1\" xmlns=\"https:\/\/www.w3.org\/2000\/svg\" xmlns:xlink=\"https:\/\/www.w3.org\/1999\/xlink\"><g stroke=\"none\" stroke-width=\"1\" fill=\"none\" fill-rule=\"evenodd\"><g transform=\"translate(-511.000000, -20.000000)\" fill=\"#000000\"><g><path d=\"M556.869,30.41 C554.814,30.41 553.148,32.076 553.148,34.131 C553.148,36.186 554.814,37.852 556.869,37.852 C558.924,37.852 560.59,36.186 560.59,34.131 C560.59,32.076 558.924,30.41 556.869,30.41 M541,60.657 C535.114,60.657 530.342,55.887 530.342,50 C530.342,44.114 535.114,39.342 541,39.342 C546.887,39.342 551.658,44.114 551.658,50 C551.658,55.887 546.887,60.657 541,60.657 M541,33.886 C532.1,33.886 524.886,41.1 524.886,50 C524.886,58.899 532.1,66.113 541,66.113 C549.9,66.113 557.115,58.899 557.115,50 C557.115,41.1 549.9,33.886 541,33.886 M565.378,62.101 C565.244,65.022 564.756,66.606 564.346,67.663 C563.803,69.06 563.154,70.057 562.106,71.106 C561.058,72.155 560.06,72.803 558.662,73.347 C557.607,73.757 556.021,74.244 553.102,74.378 C549.944,74.521 548.997,74.552 541,74.552 C533.003,74.552 532.056,74.521 528.898,74.378 C525.979,74.244 524.393,73.757 523.338,73.347 C521.94,72.803 520.942,72.155 519.894,71.106 C518.846,70.057 518.197,69.06 517.654,67.663 C517.244,66.606 516.755,65.022 516.623,62.101 C516.479,58.943 516.448,57.996 516.448,50 C516.448,42.003 516.479,41.056 516.623,37.899 C516.755,34.978 517.244,33.391 517.654,32.338 C518.197,30.938 518.846,29.942 519.894,28.894 C520.942,27.846 521.94,27.196 523.338,26.654 C524.393,26.244 525.979,25.756 528.898,25.623 C532.057,25.479 533.004,25.448 541,25.448 C548.997,25.448 549.943,25.479 553.102,25.623 C556.021,25.756 557.607,26.244 558.662,26.654 C560.06,27.196 561.058,27.846 562.106,28.894 C563.154,29.942 563.803,30.938 564.346,32.338 C564.756,33.391 565.244,34.978 565.378,37.899 C565.522,41.056 565.552,42.003 565.552,50 C565.552,57.996 565.522,58.943 565.378,62.101 M570.82,37.631 C570.674,34.438 570.167,32.258 569.425,30.349 C568.659,28.377 567.633,26.702 565.965,25.035 C564.297,23.368 562.623,22.342 560.652,21.575 C558.743,20.834 556.562,20.326 553.369,20.18 C550.169,20.033 549.148,20 541,20 C532.853,20 531.831,20.033 528.631,20.18 C525.438,20.326 523.257,20.834 521.349,21.575 C519.376,22.342 517.703,23.368 516.035,25.035 C514.368,26.702 513.342,28.377 512.574,30.349 C511.834,32.258 511.326,34.438 511.181,37.631 C511.035,40.831 511,41.851 511,50 C511,58.147 511.035,59.17 511.181,62.369 C511.326,65.562 511.834,67.743 512.574,69.651 C513.342,71.625 514.368,73.296 516.035,74.965 C517.703,76.634 519.376,77.658 521.349,78.425 C523.257,79.167 525.438,79.673 528.631,79.82 C531.831,79.965 532.853,80.001 541,80.001 C549.148,80.001 550.169,79.965 553.369,79.82 C556.562,79.673 558.743,79.167 560.652,78.425 C562.623,77.658 564.297,76.634 565.965,74.965 C567.633,73.296 568.659,71.625 569.425,69.651 C570.167,67.743 570.674,65.562 570.82,62.369 C570.966,59.17 571,58.147 571,50 C571,41.851 570.966,40.831 570.82,37.631\"><\/path><\/g><\/g><\/g><\/svg><\/div><div style=\"padding-top: 8px;\"> <div style=\" color:#3897f0; font-family:Arial,sans-serif; font-size:14px; font-style:normal; font-weight:550; line-height:18px;\">Ver esta publicaci\u00f3n en Instagram<\/div><\/div><div style=\"padding: 12.5% 0;\"><\/div> <div style=\"display: flex; flex-direction: row; margin-bottom: 14px; align-items: center;\"><div> <div style=\"background-color: #F4F4F4; border-radius: 50%; height: 12.5px; width: 12.5px; transform: translateX(0px) translateY(7px);\"><\/div> <div style=\"background-color: #F4F4F4; height: 12.5px; transform: rotate(-45deg) translateX(3px) translateY(1px); width: 12.5px; flex-grow: 0; margin-right: 14px; margin-left: 2px;\"><\/div> <div style=\"background-color: #F4F4F4; border-radius: 50%; height: 12.5px; width: 12.5px; transform: translateX(9px) translateY(-18px);\"><\/div><\/div><div style=\"margin-left: 8px;\"> <div style=\" background-color: #F4F4F4; border-radius: 50%; flex-grow: 0; height: 20px; width: 20px;\"><\/div> <div style=\" width: 0; height: 0; border-top: 2px solid transparent; border-left: 6px solid #f4f4f4; border-bottom: 2px solid transparent; transform: translateX(16px) translateY(-4px) rotate(30deg)\"><\/div><\/div><div style=\"margin-left: auto;\"> <div style=\" width: 0px; border-top: 8px solid #F4F4F4; border-right: 8px solid transparent; transform: translateY(16px);\"><\/div> <div style=\" background-color: #F4F4F4; flex-grow: 0; height: 12px; width: 16px; transform: translateY(-4px);\"><\/div> <div style=\" width: 0; height: 0; border-top: 8px solid #F4F4F4; border-left: 8px solid transparent; transform: translateY(-4px) translateX(8px);\"><\/div><\/div><\/div> <div style=\"display: flex; flex-direction: column; flex-grow: 1; justify-content: center; margin-bottom: 24px;\"> <div style=\" background-color: #F4F4F4; border-radius: 4px; flex-grow: 0; height: 14px; margin-bottom: 6px; width: 224px;\"><\/div> <div style=\" background-color: #F4F4F4; border-radius: 4px; flex-grow: 0; height: 14px; width: 144px;\"><\/div><\/div><\/a><p style=\" color:#c9c8cd; font-family:Arial,sans-serif; font-size:14px; line-height:17px; margin-bottom:0; margin-top:8px; overflow:hidden; padding:8px 0 7px; text-align:center; text-overflow:ellipsis; white-space:nowrap;\"><a href=\"https:\/\/www.instagram.com\/reel\/DA82ZzpJahX\/?utm_source=ig_embed&amp;utm_campaign=loading\" style=\" color:#c9c8cd; font-family:Arial,sans-serif; font-size:14px; font-style:normal; font-weight:normal; line-height:17px; text-decoration:none;\" target=\"_blank\">Una publicaci\u00f3n compartida por Los 4 OFICIAL (@los4.oficial)<\/a><\/p><\/div><\/blockquote>\n<script async src=\"\/\/www.instagram.com\/embed.js\"><\/script>\n\n\n\n<p>\u201cLo que nos queda es recordar su m\u00fasica y todas las travesuras que hizo\u201d, expres\u00f3 entre l\u00e1grimas desde Cuba, desde donde dijo que espera que todo el p\u00fablico de El Taiger lo acompa\u00f1e en su fineral para darle un \u00faltimo adi\u00f3s.<\/p>\n\n\n\n<p>\u201cHasta aqu\u00ed llegamos\u201d, concluy\u00f3 Jorge Junior.<\/p>\n\n\n\n<p>\u201cEsta noticia no se supera, negro. T\u00fa eres un orgullo. Aguantaste como un campe\u00f3n. Demostraste que eres La Tranca de nuestro pa\u00eds de verdad. Descansa en paz. F\u00edsicamente no est\u00e1s, pero siempre vas a estar en nuestros corazones\u201d, escribi\u00f3 la amiga cercana de El Taiger, Sachy S\u00e1nchez, tras hacerse oficial la triste noticia.<\/p>\n\n\n\n<figure class=\"wp-block-image size-large is-resized\"><img loading=\"lazy\" decoding=\"async\" width=\"605\" height=\"1024\" src=\"https:\/\/cdn1.mediawpaccore.net\/wp-content\/uploads\/2024\/10\/10132344\/Imagen-de-WhatsApp-2024-10-10-a-las-13.23.16_4379f375-605x1024.jpg\" alt=\"\" class=\"wp-image-185725\" style=\"width:441px;height:auto\" srcset=\"https:\/\/cdn1.mediawpaccore.net\/wp-content\/uploads\/2024\/10\/10132344\/Imagen-de-WhatsApp-2024-10-10-a-las-13.23.16_4379f375-605x1024.jpg 605w, https:\/\/cdn1.mediawpaccore.net\/wp-content\/uploads\/2024\/10\/10132344\/Imagen-de-WhatsApp-2024-10-10-a-las-13.23.16_4379f375-177x300.jpg 177w, https:\/\/cdn1.mediawpaccore.net\/wp-content\/uploads\/2024\/10\/10132344\/Imagen-de-WhatsApp-2024-10-10-a-las-13.23.16_4379f375-768x1300.jpg 768w, https:\/\/cdn1.mediawpaccore.net\/wp-content\/uploads\/2024\/10\/10132344\/Imagen-de-WhatsApp-2024-10-10-a-las-13.23.16_4379f375-907x1536.jpg 907w, https:\/\/cdn1.mediawpaccore.net\/wp-content\/uploads\/2024\/10\/10132344\/Imagen-de-WhatsApp-2024-10-10-a-las-13.23.16_4379f375-150x254.jpg 150w, https:\/\/cdn1.mediawpaccore.net\/wp-content\/uploads\/2024\/10\/10132344\/Imagen-de-WhatsApp-2024-10-10-a-las-13.23.16_4379f375-300x508.jpg 300w, https:\/\/cdn1.mediawpaccore.net\/wp-content\/uploads\/2024\/10\/10132344\/Imagen-de-WhatsApp-2024-10-10-a-las-13.23.16_4379f375-696x1178.jpg 696w, https:\/\/cdn1.mediawpaccore.net\/wp-content\/uploads\/2024\/10\/10132344\/Imagen-de-WhatsApp-2024-10-10-a-las-13.23.16_4379f375.jpg 945w\" sizes=\"auto, (max-width: 605px) 100vw, 605px\" \/><\/figure>\n\n\n\n<p>Lamentablemente, despu\u00e9s de que se anunciara <a href=\"https:\/\/www.cuballama.com\/noticias\/cambio-en-estado-de-el-taiger-mantiene-vivas-las-esperanzas\/\" target=\"_blank\" rel=\"noreferrer noopener\">cierta mejor\u00eda en los par\u00e1metros vitales<\/a> de quien se autobautiz\u00f3 como La Tranka de Cuba a principios de esta semana, las \u00faltimas informaciones sobre su estado de salud no hab\u00edan sido nada alentadoras.<\/p>\n\n\n\n<p>En la tarde del mi\u00e9rcoles el equipo legal de El Taiger hab\u00eda hecho <a href=\"https:\/\/www.cuballama.com\/noticias\/desmienten-muerte-de-el-taiger-pero-su-vida-pende-de-un-hilo\/\" target=\"_blank\" rel=\"noreferrer noopener\">una declaraci\u00f3n ante la prensa<\/a> para afirmar que estaba \u201cm\u00e9dicamente vivo\u201d y que, pese a que permanec\u00eda muy grave, \u201clegalmente\u201d no hab\u00eda fallecido.<\/p>\n\n\n\n<p>El Taiger, que con su m\u00fasica marc\u00f3 a miles de cubanos en la \u00faltima d\u00e9cada y media, permanec\u00eda en estado cr\u00edtico desde el jueves anterior, cuando fue sometido a una cirug\u00eda que sobrevivi\u00f3 \u201cde milagro\u201d tras recibir una bala que entr\u00f3 por la frente y sali\u00f3 por la parte derecha de su cerebro.<\/p>\n\n\n\n<p>En la ma\u00f1ana del 3 de octubre los agentes de la polic\u00eda de Miami lo encontraron en la parte trasera de un Mercedes-Benz negro, repleto de sangre y junto a dos galones de gasolina.<\/p>\n\n\n\n<p>Esta tragedia ha generado mucha angustia en miles de seguidores de uno de los m\u00e1s grandes exponentes del g\u00e9nero urbano cubano que, desde todas partes de la isla y del mundo, le han mostrado su respaldo y su admiraci\u00f3n incondicional.<\/p>\n\n\n\n<p>En tanto, las autoridades <a href=\"https:\/\/www.cuballama.com\/noticias\/un-tiro-en-la-frente-y-una-persona-investigada-la-policia-sobre-el-caso-de-el-taiger\/\" target=\"_blank\" rel=\"noreferrer noopener\">investigan este crimen<\/a> y ofrecen 5.000 d\u00f3lares de recompensa por la captura de una persona de inter\u00e9s en el caso, quien <a href=\"https:\/\/www.cuballama.com\/noticias\/buscan-a-cubano-que-tendria-que-ver-con-caso-de-el-taiger\/\" target=\"_blank\" rel=\"noreferrer noopener\">era bastante cercano al artista<\/a>.<\/p>\n","protected":false},"excerpt":{"rendered":"<p>Jorge Hern\u00e1ndez Carbajal, director de la agrupaci\u00f3n Los 4, confirm\u00f3 cerca de la una de la tarde de este jueves 10 de octubre la muerte de su primo, Jos\u00e9 Manuel Carbajal Zald\u00edvar, m\u00e1s conocido como El Taiger, a los 37 a\u00f1os de edad, justo una semana despu\u00e9s de recibir un disparo en la cabeza. \u201cHoy [&hellip;]<\/p>\n","protected":false},"author":30,"featured_media":185713,"comment_status":"open","ping_status":"closed","sticky":false,"template":"","format":"standard","meta":{"_acf_changed":false,"footnotes":""},"categories":[18,955],"tags":[11050,11365,14945,15235,11017],"class_list":{"0":"post-185710","1":"post","2":"type-post","3":"status-publish","4":"format-standard","5":"has-post-thumbnail","7":"category-noticias","8":"category-noticias-de-cuba","9":"tag-cubanos-en-miami","10":"tag-el-taiger","11":"tag-jorge-junior","12":"tag-reguetonero-cubano","13":"tag-superdestacado"},"acf":[],"yoast_head":"<!-- This site is optimized with the Yoast SEO plugin v27.4 - https:\/\/yoast.com\/product\/yoast-seo-wordpress\/ -->\n<title>Fallece El Taiger a los 37 a\u00f1os tras una semana en terapia intensiva - Cuballama Noticias<\/title>\n<meta name=\"description\" content=\"El m\u00fasico Jorge Junior acaba de confirmar la muerte de su primo, el cantante Jos\u00e9 Manuel Carbajal Zald\u00edvar, m\u00e1s conocido como El Taiger.\" \/>\n<meta name=\"robots\" content=\"index, follow, max-snippet:-1, max-image-preview:large, max-video-preview:-1\" \/>\n<link rel=\"canonical\" href=\"https:\/\/www.cuballama.com\/noticias\/fallece-el-taiger-a-los-37-anos-tras-una-semana-en-terapia-intensiva\/\" \/>\n<meta property=\"og:locale\" content=\"es_ES\" \/>\n<meta property=\"og:type\" content=\"article\" \/>\n<meta property=\"og:title\" content=\"Fallece El Taiger a los 37 a\u00f1os tras una semana en terapia intensiva - Cuballama Noticias\" \/>\n<meta property=\"og:description\" content=\"El m\u00fasico Jorge Junior acaba de confirmar la muerte de su primo, el cantante Jos\u00e9 Manuel Carbajal Zald\u00edvar, m\u00e1s conocido como El Taiger.\" \/>\n<meta property=\"og:url\" content=\"https:\/\/www.cuballama.com\/noticias\/fallece-el-taiger-a-los-37-anos-tras-una-semana-en-terapia-intensiva\/\" \/>\n<meta property=\"og:site_name\" content=\"Cuballama Noticias\" \/>\n<meta property=\"article:publisher\" content=\"https:\/\/www.facebook.com\/CubaLlama\" \/>\n<meta property=\"article:published_time\" content=\"2024-10-10T16:59:20+00:00\" \/>\n<meta property=\"article:modified_time\" content=\"2024-10-11T10:45:29+00:00\" \/>\n<meta property=\"og:image\" content=\"https:\/\/cdn1.mediawpaccore.net\/wp-content\/uploads\/2024\/10\/10125625\/Captura-de-pantalla_10-10-2024_125528_www.instagram.com_.jpg\" \/>\n\t<meta property=\"og:image:width\" content=\"1200\" \/>\n\t<meta property=\"og:image:height\" content=\"630\" \/>\n\t<meta property=\"og:image:type\" content=\"image\/jpeg\" \/>\n<meta name=\"author\" content=\"Kathy\" \/>\n<meta name=\"twitter:card\" content=\"summary_large_image\" \/>\n<meta name=\"twitter:creator\" content=\"@cuballama\" \/>\n<meta name=\"twitter:site\" content=\"@cuballama\" \/>\n<meta name=\"twitter:label1\" content=\"Escrito por\" \/>\n\t<meta name=\"twitter:data1\" content=\"Kathy\" \/>\n\t<meta name=\"twitter:label2\" content=\"Tiempo de lectura\" \/>\n\t<meta name=\"twitter:data2\" content=\"3 minutos\" \/>\n<script type=\"application\/ld+json\" class=\"yoast-schema-graph\">{\"@context\":\"https:\\\/\\\/schema.org\",\"@graph\":[{\"@type\":\"Article\",\"@id\":\"https:\\\/\\\/www.cuballama.com\\\/noticias\\\/fallece-el-taiger-a-los-37-anos-tras-una-semana-en-terapia-intensiva\\\/#article\",\"isPartOf\":{\"@id\":\"https:\\\/\\\/www.cuballama.com\\\/noticias\\\/fallece-el-taiger-a-los-37-anos-tras-una-semana-en-terapia-intensiva\\\/\"},\"author\":{\"name\":\"Kathy\",\"@id\":\"https:\\\/\\\/www.cuballama.com\\\/noticias\\\/#\\\/schema\\\/person\\\/86cd3e3f4974437f031211213bf892d5\"},\"headline\":\"Fallece El Taiger a los 37 a\u00f1os tras una semana en terapia intensiva\",\"datePublished\":\"2024-10-10T16:59:20+00:00\",\"dateModified\":\"2024-10-11T10:45:29+00:00\",\"mainEntityOfPage\":{\"@id\":\"https:\\\/\\\/www.cuballama.com\\\/noticias\\\/fallece-el-taiger-a-los-37-anos-tras-una-semana-en-terapia-intensiva\\\/\"},\"wordCount\":553,\"commentCount\":0,\"publisher\":{\"@id\":\"https:\\\/\\\/www.cuballama.com\\\/noticias\\\/#organization\"},\"image\":{\"@id\":\"https:\\\/\\\/www.cuballama.com\\\/noticias\\\/fallece-el-taiger-a-los-37-anos-tras-una-semana-en-terapia-intensiva\\\/#primaryimage\"},\"thumbnailUrl\":\"https:\\\/\\\/cdn1.mediawpaccore.net\\\/wp-content\\\/uploads\\\/2024\\\/10\\\/10125625\\\/Captura-de-pantalla_10-10-2024_125528_www.instagram.com_.jpg\",\"keywords\":[\"cubanos en Miami\",\"El Taiger\",\"Jorge Junior\",\"reguetonero cubano\",\"superdestacado\"],\"articleSection\":[\"Noticias\",\"Noticias de Cuba\"],\"inLanguage\":\"es\",\"potentialAction\":[{\"@type\":\"CommentAction\",\"name\":\"Comment\",\"target\":[\"https:\\\/\\\/www.cuballama.com\\\/noticias\\\/fallece-el-taiger-a-los-37-anos-tras-una-semana-en-terapia-intensiva\\\/#respond\"]}]},{\"@type\":\"WebPage\",\"@id\":\"https:\\\/\\\/www.cuballama.com\\\/noticias\\\/fallece-el-taiger-a-los-37-anos-tras-una-semana-en-terapia-intensiva\\\/\",\"url\":\"https:\\\/\\\/www.cuballama.com\\\/noticias\\\/fallece-el-taiger-a-los-37-anos-tras-una-semana-en-terapia-intensiva\\\/\",\"name\":\"Fallece El Taiger a los 37 a\u00f1os tras una semana en terapia intensiva - Cuballama Noticias\",\"isPartOf\":{\"@id\":\"https:\\\/\\\/www.cuballama.com\\\/noticias\\\/#website\"},\"primaryImageOfPage\":{\"@id\":\"https:\\\/\\\/www.cuballama.com\\\/noticias\\\/fallece-el-taiger-a-los-37-anos-tras-una-semana-en-terapia-intensiva\\\/#primaryimage\"},\"image\":{\"@id\":\"https:\\\/\\\/www.cuballama.com\\\/noticias\\\/fallece-el-taiger-a-los-37-anos-tras-una-semana-en-terapia-intensiva\\\/#primaryimage\"},\"thumbnailUrl\":\"https:\\\/\\\/cdn1.mediawpaccore.net\\\/wp-content\\\/uploads\\\/2024\\\/10\\\/10125625\\\/Captura-de-pantalla_10-10-2024_125528_www.instagram.com_.jpg\",\"datePublished\":\"2024-10-10T16:59:20+00:00\",\"dateModified\":\"2024-10-11T10:45:29+00:00\",\"description\":\"El m\u00fasico Jorge Junior acaba de confirmar la muerte de su primo, el cantante Jos\u00e9 Manuel Carbajal Zald\u00edvar, m\u00e1s conocido como El Taiger.\",\"breadcrumb\":{\"@id\":\"https:\\\/\\\/www.cuballama.com\\\/noticias\\\/fallece-el-taiger-a-los-37-anos-tras-una-semana-en-terapia-intensiva\\\/#breadcrumb\"},\"inLanguage\":\"es\",\"potentialAction\":[{\"@type\":\"ReadAction\",\"target\":[\"https:\\\/\\\/www.cuballama.com\\\/noticias\\\/fallece-el-taiger-a-los-37-anos-tras-una-semana-en-terapia-intensiva\\\/\"]}]},{\"@type\":\"ImageObject\",\"inLanguage\":\"es\",\"@id\":\"https:\\\/\\\/www.cuballama.com\\\/noticias\\\/fallece-el-taiger-a-los-37-anos-tras-una-semana-en-terapia-intensiva\\\/#primaryimage\",\"url\":\"https:\\\/\\\/cdn1.mediawpaccore.net\\\/wp-content\\\/uploads\\\/2024\\\/10\\\/10125625\\\/Captura-de-pantalla_10-10-2024_125528_www.instagram.com_.jpg\",\"contentUrl\":\"https:\\\/\\\/cdn1.mediawpaccore.net\\\/wp-content\\\/uploads\\\/2024\\\/10\\\/10125625\\\/Captura-de-pantalla_10-10-2024_125528_www.instagram.com_.jpg\",\"width\":1200,\"height\":630,\"caption\":\"Jorge Junior junto a El Taiger. Foto: Instagram\\\/Los 4.\"},{\"@type\":\"BreadcrumbList\",\"@id\":\"https:\\\/\\\/www.cuballama.com\\\/noticias\\\/fallece-el-taiger-a-los-37-anos-tras-una-semana-en-terapia-intensiva\\\/#breadcrumb\",\"itemListElement\":[{\"@type\":\"ListItem\",\"position\":1,\"name\":\"Home\",\"item\":\"https:\\\/\\\/www.cuballama.com\\\/noticias\\\/\"},{\"@type\":\"ListItem\",\"position\":2,\"name\":\"Fallece El Taiger a los 37 a\u00f1os tras una semana en terapia intensiva\"}]},{\"@type\":\"WebSite\",\"@id\":\"https:\\\/\\\/www.cuballama.com\\\/noticias\\\/#website\",\"url\":\"https:\\\/\\\/www.cuballama.com\\\/noticias\\\/\",\"name\":\"Cuballama Noticias\",\"description\":\"Medio digital sobre Cuba y el mundo\",\"publisher\":{\"@id\":\"https:\\\/\\\/www.cuballama.com\\\/noticias\\\/#organization\"},\"potentialAction\":[{\"@type\":\"SearchAction\",\"target\":{\"@type\":\"EntryPoint\",\"urlTemplate\":\"https:\\\/\\\/www.cuballama.com\\\/noticias\\\/?s={search_term_string}\"},\"query-input\":{\"@type\":\"PropertyValueSpecification\",\"valueRequired\":true,\"valueName\":\"search_term_string\"}}],\"inLanguage\":\"es\"},{\"@type\":\"Organization\",\"@id\":\"https:\\\/\\\/www.cuballama.com\\\/noticias\\\/#organization\",\"name\":\"Cuballama\",\"url\":\"https:\\\/\\\/www.cuballama.com\\\/noticias\\\/\",\"logo\":{\"@type\":\"ImageObject\",\"inLanguage\":\"es\",\"@id\":\"https:\\\/\\\/www.cuballama.com\\\/noticias\\\/#\\\/schema\\\/logo\\\/image\\\/\",\"url\":\"https:\\\/\\\/cdn1.mediawpaccore.net\\\/wp-content\\\/uploads\\\/2021\\\/12\\\/28171206\\\/cbll-logo-color-sm.png\",\"contentUrl\":\"https:\\\/\\\/cdn1.mediawpaccore.net\\\/wp-content\\\/uploads\\\/2021\\\/12\\\/28171206\\\/cbll-logo-color-sm.png\",\"width\":600,\"height\":133,\"caption\":\"Cuballama\"},\"image\":{\"@id\":\"https:\\\/\\\/www.cuballama.com\\\/noticias\\\/#\\\/schema\\\/logo\\\/image\\\/\"},\"sameAs\":[\"https:\\\/\\\/www.facebook.com\\\/CubaLlama\",\"https:\\\/\\\/x.com\\\/cuballama\",\"https:\\\/\\\/www.instagram.com\\\/stories\\\/cuballama_oficial\\\/\",\"https:\\\/\\\/www.youtube.com\\\/channel\\\/UCKkFE-d_axENGZcrc4as0IA\"]},{\"@type\":\"Person\",\"@id\":\"https:\\\/\\\/www.cuballama.com\\\/noticias\\\/#\\\/schema\\\/person\\\/86cd3e3f4974437f031211213bf892d5\",\"name\":\"Kathy\",\"url\":\"https:\\\/\\\/www.cuballama.com\\\/noticias\\\/author\\\/kathy\\\/\"}]}<\/script>\n<!-- \/ Yoast SEO plugin. -->","yoast_head_json":{"title":"Fallece El Taiger a los 37 a\u00f1os tras una semana en terapia intensiva - Cuballama Noticias","description":"El m\u00fasico Jorge Junior acaba de confirmar la muerte de su primo, el cantante Jos\u00e9 Manuel Carbajal Zald\u00edvar, m\u00e1s conocido como El Taiger.","robots":{"index":"index","follow":"follow","max-snippet":"max-snippet:-1","max-image-preview":"max-image-preview:large","max-video-preview":"max-video-preview:-1"},"canonical":"https:\/\/www.cuballama.com\/noticias\/fallece-el-taiger-a-los-37-anos-tras-una-semana-en-terapia-intensiva\/","og_locale":"es_ES","og_type":"article","og_title":"Fallece El Taiger a los 37 a\u00f1os tras una semana en terapia intensiva - Cuballama Noticias","og_description":"El m\u00fasico Jorge Junior acaba de confirmar la muerte de su primo, el cantante Jos\u00e9 Manuel Carbajal Zald\u00edvar, m\u00e1s conocido como El Taiger.","og_url":"https:\/\/www.cuballama.com\/noticias\/fallece-el-taiger-a-los-37-anos-tras-una-semana-en-terapia-intensiva\/","og_site_name":"Cuballama Noticias","article_publisher":"https:\/\/www.facebook.com\/CubaLlama","article_published_time":"2024-10-10T16:59:20+00:00","article_modified_time":"2024-10-11T10:45:29+00:00","og_image":[{"width":1200,"height":630,"url":"https:\/\/cdn1.mediawpaccore.net\/wp-content\/uploads\/2024\/10\/10125625\/Captura-de-pantalla_10-10-2024_125528_www.instagram.com_.jpg","type":"image\/jpeg"}],"author":"Kathy","twitter_card":"summary_large_image","twitter_creator":"@cuballama","twitter_site":"@cuballama","twitter_misc":{"Escrito por":"Kathy","Tiempo de lectura":"3 minutos"},"schema":{"@context":"https:\/\/schema.org","@graph":[{"@type":"Article","@id":"https:\/\/www.cuballama.com\/noticias\/fallece-el-taiger-a-los-37-anos-tras-una-semana-en-terapia-intensiva\/#article","isPartOf":{"@id":"https:\/\/www.cuballama.com\/noticias\/fallece-el-taiger-a-los-37-anos-tras-una-semana-en-terapia-intensiva\/"},"author":{"name":"Kathy","@id":"https:\/\/www.cuballama.com\/noticias\/#\/schema\/person\/86cd3e3f4974437f031211213bf892d5"},"headline":"Fallece El Taiger a los 37 a\u00f1os tras una semana en terapia intensiva","datePublished":"2024-10-10T16:59:20+00:00","dateModified":"2024-10-11T10:45:29+00:00","mainEntityOfPage":{"@id":"https:\/\/www.cuballama.com\/noticias\/fallece-el-taiger-a-los-37-anos-tras-una-semana-en-terapia-intensiva\/"},"wordCount":553,"commentCount":0,"publisher":{"@id":"https:\/\/www.cuballama.com\/noticias\/#organization"},"image":{"@id":"https:\/\/www.cuballama.com\/noticias\/fallece-el-taiger-a-los-37-anos-tras-una-semana-en-terapia-intensiva\/#primaryimage"},"thumbnailUrl":"https:\/\/cdn1.mediawpaccore.net\/wp-content\/uploads\/2024\/10\/10125625\/Captura-de-pantalla_10-10-2024_125528_www.instagram.com_.jpg","keywords":["cubanos en Miami","El Taiger","Jorge Junior","reguetonero cubano","superdestacado"],"articleSection":["Noticias","Noticias de Cuba"],"inLanguage":"es","potentialAction":[{"@type":"CommentAction","name":"Comment","target":["https:\/\/www.cuballama.com\/noticias\/fallece-el-taiger-a-los-37-anos-tras-una-semana-en-terapia-intensiva\/#respond"]}]},{"@type":"WebPage","@id":"https:\/\/www.cuballama.com\/noticias\/fallece-el-taiger-a-los-37-anos-tras-una-semana-en-terapia-intensiva\/","url":"https:\/\/www.cuballama.com\/noticias\/fallece-el-taiger-a-los-37-anos-tras-una-semana-en-terapia-intensiva\/","name":"Fallece El Taiger a los 37 a\u00f1os tras una semana en terapia intensiva - Cuballama Noticias","isPartOf":{"@id":"https:\/\/www.cuballama.com\/noticias\/#website"},"primaryImageOfPage":{"@id":"https:\/\/www.cuballama.com\/noticias\/fallece-el-taiger-a-los-37-anos-tras-una-semana-en-terapia-intensiva\/#primaryimage"},"image":{"@id":"https:\/\/www.cuballama.com\/noticias\/fallece-el-taiger-a-los-37-anos-tras-una-semana-en-terapia-intensiva\/#primaryimage"},"thumbnailUrl":"https:\/\/cdn1.mediawpaccore.net\/wp-content\/uploads\/2024\/10\/10125625\/Captura-de-pantalla_10-10-2024_125528_www.instagram.com_.jpg","datePublished":"2024-10-10T16:59:20+00:00","dateModified":"2024-10-11T10:45:29+00:00","description":"El m\u00fasico Jorge Junior acaba de confirmar la muerte de su primo, el cantante Jos\u00e9 Manuel Carbajal Zald\u00edvar, m\u00e1s conocido como El Taiger.","breadcrumb":{"@id":"https:\/\/www.cuballama.com\/noticias\/fallece-el-taiger-a-los-37-anos-tras-una-semana-en-terapia-intensiva\/#breadcrumb"},"inLanguage":"es","potentialAction":[{"@type":"ReadAction","target":["https:\/\/www.cuballama.com\/noticias\/fallece-el-taiger-a-los-37-anos-tras-una-semana-en-terapia-intensiva\/"]}]},{"@type":"ImageObject","inLanguage":"es","@id":"https:\/\/www.cuballama.com\/noticias\/fallece-el-taiger-a-los-37-anos-tras-una-semana-en-terapia-intensiva\/#primaryimage","url":"https:\/\/cdn1.mediawpaccore.net\/wp-content\/uploads\/2024\/10\/10125625\/Captura-de-pantalla_10-10-2024_125528_www.instagram.com_.jpg","contentUrl":"https:\/\/cdn1.mediawpaccore.net\/wp-content\/uploads\/2024\/10\/10125625\/Captura-de-pantalla_10-10-2024_125528_www.instagram.com_.jpg","width":1200,"height":630,"caption":"Jorge Junior junto a El Taiger. Foto: Instagram\/Los 4."},{"@type":"BreadcrumbList","@id":"https:\/\/www.cuballama.com\/noticias\/fallece-el-taiger-a-los-37-anos-tras-una-semana-en-terapia-intensiva\/#breadcrumb","itemListElement":[{"@type":"ListItem","position":1,"name":"Home","item":"https:\/\/www.cuballama.com\/noticias\/"},{"@type":"ListItem","position":2,"name":"Fallece El Taiger a los 37 a\u00f1os tras una semana en terapia intensiva"}]},{"@type":"WebSite","@id":"https:\/\/www.cuballama.com\/noticias\/#website","url":"https:\/\/www.cuballama.com\/noticias\/","name":"Cuballama Noticias","description":"Medio digital sobre Cuba y el mundo","publisher":{"@id":"https:\/\/www.cuballama.com\/noticias\/#organization"},"potentialAction":[{"@type":"SearchAction","target":{"@type":"EntryPoint","urlTemplate":"https:\/\/www.cuballama.com\/noticias\/?s={search_term_string}"},"query-input":{"@type":"PropertyValueSpecification","valueRequired":true,"valueName":"search_term_string"}}],"inLanguage":"es"},{"@type":"Organization","@id":"https:\/\/www.cuballama.com\/noticias\/#organization","name":"Cuballama","url":"https:\/\/www.cuballama.com\/noticias\/","logo":{"@type":"ImageObject","inLanguage":"es","@id":"https:\/\/www.cuballama.com\/noticias\/#\/schema\/logo\/image\/","url":"https:\/\/cdn1.mediawpaccore.net\/wp-content\/uploads\/2021\/12\/28171206\/cbll-logo-color-sm.png","contentUrl":"https:\/\/cdn1.mediawpaccore.net\/wp-content\/uploads\/2021\/12\/28171206\/cbll-logo-color-sm.png","width":600,"height":133,"caption":"Cuballama"},"image":{"@id":"https:\/\/www.cuballama.com\/noticias\/#\/schema\/logo\/image\/"},"sameAs":["https:\/\/www.facebook.com\/CubaLlama","https:\/\/x.com\/cuballama","https:\/\/www.instagram.com\/stories\/cuballama_oficial\/","https:\/\/www.youtube.com\/channel\/UCKkFE-d_axENGZcrc4as0IA"]},{"@type":"Person","@id":"https:\/\/www.cuballama.com\/noticias\/#\/schema\/person\/86cd3e3f4974437f031211213bf892d5","name":"Kathy","url":"https:\/\/www.cuballama.com\/noticias\/author\/kathy\/"}]}},"_links":{"self":[{"href":"https:\/\/www.cuballama.com\/noticias\/wp-json\/wp\/v2\/posts\/185710","targetHints":{"allow":["GET"]}}],"collection":[{"href":"https:\/\/www.cuballama.com\/noticias\/wp-json\/wp\/v2\/posts"}],"about":[{"href":"https:\/\/www.cuballama.com\/noticias\/wp-json\/wp\/v2\/types\/post"}],"author":[{"embeddable":true,"href":"https:\/\/www.cuballama.com\/noticias\/wp-json\/wp\/v2\/users\/30"}],"replies":[{"embeddable":true,"href":"https:\/\/www.cuballama.com\/noticias\/wp-json\/wp\/v2\/comments?post=185710"}],"version-history":[{"count":26,"href":"https:\/\/www.cuballama.com\/noticias\/wp-json\/wp\/v2\/posts\/185710\/revisions"}],"predecessor-version":[{"id":185852,"href":"https:\/\/www.cuballama.com\/noticias\/wp-json\/wp\/v2\/posts\/185710\/revisions\/185852"}],"wp:featuredmedia":[{"embeddable":true,"href":"https:\/\/www.cuballama.com\/noticias\/wp-json\/wp\/v2\/media\/185713"}],"wp:attachment":[{"href":"https:\/\/www.cuballama.com\/noticias\/wp-json\/wp\/v2\/media?parent=185710"}],"wp:term":[{"taxonomy":"category","embeddable":true,"href":"https:\/\/www.cuballama.com\/noticias\/wp-json\/wp\/v2\/categories?post=185710"},{"taxonomy":"post_tag","embeddable":true,"href":"https:\/\/www.cuballama.com\/noticias\/wp-json\/wp\/v2\/tags?post=185710"}],"curies":[{"name":"wp","href":"https:\/\/api.w.org\/{rel}","templated":true}]}}