{"id":183976,"date":"2024-09-25T11:21:54","date_gmt":"2024-09-25T15:21:54","guid":{"rendered":"https:\/\/www.cuballama.com\/noticias\/?p=183976"},"modified":"2024-09-25T12:01:33","modified_gmt":"2024-09-25T16:01:33","slug":"madre-cubana-denuncia-que-profesor-de-su-hijo-lo-golpeo-impunemente","status":"publish","type":"post","link":"https:\/\/www.cuballama.com\/noticias\/madre-cubana-denuncia-que-profesor-de-su-hijo-lo-golpeo-impunemente\/","title":{"rendered":"Madre cubana denuncia que profesor de su hijo lo golpe\u00f3 impunemente"},"content":{"rendered":"\n<p>Una <a href=\"https:\/\/www.cuballama.com\/noticias\/el-desgarrador-mensaje-de-una-madre-en-cuba-la-tierra-del-abandono-y-el-fracaso\/\" target=\"_blank\" rel=\"noreferrer noopener\">madre cubana<\/a> denunci\u00f3 este martes el abuso que habr\u00eda cometido uno de los profesores de su hijo, Osmayki Luis Jerez, de 14 a\u00f1os, en una escuela de La Habana.&nbsp;<\/p>\n\n\n\n<p>Seg\u00fan expuso Katysleydys Isquierdo, un profesor de Educaci\u00f3n Laboral de la Secundaria B\u00e1sica \u201cJulio Antonio Mella\u201d, de Regla, golpe\u00f3 impunemente a su hijo, lo que confirmaron varios compa\u00f1eros de clase del menor.<\/p>\n\n\n\n<p>La madre explic\u00f3 alterada en una directa de Facebook que fue a la estaci\u00f3n municipal de la Polic\u00eda, sita en la calle Mart\u00ed, pero le dijeron que su denuncia \u201cno proced\u00eda\u201d porque no hab\u00eda lesiones visibles en el cuerpo de su hijo.<\/p>\n\n\n\n<iframe loading=\"lazy\" src=\"https:\/\/www.facebook.com\/plugins\/post.php?href=https%3A%2F%2Fwww.facebook.com%2FDeuntijeretazo%2Fposts%2Fpfbid0LyH4wbzQzK9kDtPL8zFpy3k9ZMZguEBGntdh4ou689X5GkYCdUJaF2MhwhMTE6WNl&#038;show_text=true&#038;width=500\" width=\"500\" height=\"250\" style=\"border:none;overflow:hidden\" scrolling=\"no\" frameborder=\"0\" allowfullscreen=\"true\" allow=\"autoplay; clipboard-write; encrypted-media; picture-in-picture; web-share\"><\/iframe>\n\n\n\n<p>\u201cYo no puedo entender que a un menor de edad de 14 a\u00f1os un profesor, un hombre de estatura grande, le d\u00e9 unos trompones\u201d, a\u00f1adi\u00f3 mientras se\u00f1alaba la zona del hombro en la que el maestro habr\u00eda golpeado al adolescente.<\/p>\n\n\n\n<p>De acuerdo con el testimonio de la madre, al ir a la escuela, mandada a llamar por otra maestra, supo de la presunta agresi\u00f3n del profesor que, en palabras de Isquierdo, \u201cen varias ocasiones le ha metido\u201d a su hijo.&nbsp;<\/p>\n\n\n\n<iframe loading=\"lazy\" src=\"https:\/\/www.facebook.com\/plugins\/post.php?href=https%3A%2F%2Fwww.facebook.com%2Fkatysleydys.isquierdo%2Fposts%2Fpfbid037rdKLLpiC22Yxijq7gDzoypt9FN9v91PcfpLf88N7xupxQLqYZGLhHyiiDUmWD2cl&#038;show_text=true&#038;width=500\" width=\"500\" height=\"250\" style=\"border:none;overflow:hidden\" scrolling=\"no\" frameborder=\"0\" allowfullscreen=\"true\" allow=\"autoplay; clipboard-write; encrypted-media; picture-in-picture; web-share\"><\/iframe>\n\n\n\n<p>Isquierdo precis\u00f3 que adem\u00e1s se dirigi\u00f3 a la direcci\u00f3n municipal de Educaci\u00f3n buscando respuestas y que all\u00ed le aseguraron que iban a analizar lo sucedido.<\/p>\n\n\n\n<p>\u201cEs algo por lo que en este pa\u00eds no pasa nada. \u00bfQu\u00e9 tengo que hacer? \u00bfVolver a ir ma\u00f1ana a la escuela y ver si el maestro sigue ah\u00ed para darle con un bate, que haya lesiones y entonces el caso de mi hijo proceda?\u201d, se cuestion\u00f3.\u00a0<\/p>\n\n\n\n<iframe loading=\"lazy\" src=\"https:\/\/www.facebook.com\/plugins\/post.php?href=https%3A%2F%2Fwww.facebook.com%2Fkatysleydys.isquierdo%2Fposts%2Fpfbid02yAJ4yf6apYwkyHGU6aobcgjcYhBorp9yb1weKBxa2bn7C29K1P243oVd858B93nBl&#038;show_text=true&#038;width=500\" width=\"500\" height=\"226\" style=\"border:none;overflow:hidden\" scrolling=\"no\" frameborder=\"0\" allowfullscreen=\"true\" allow=\"autoplay; clipboard-write; encrypted-media; picture-in-picture; web-share\"><\/iframe>\n\n\n\n<p>\u201cEstamos acabando. Ese profesor no sabe ni con la leche, ni con la comida, ni con los zapatos que yo tengo que mandar a mi hijo a la escuela\u201d, subray\u00f3 la madre, luego de detallar que el pap\u00e1 del ni\u00f1o no vive en Cuba.\u00a0<\/p>\n\n\n\n<p>Por \u00faltimo, Isquierdo aclar\u00f3 desesperada que esperar\u00e1 como m\u00e1ximo cinco d\u00edas para que al profesor \u201clo hayan sacado de la escuela\u201d.<\/p>\n","protected":false},"excerpt":{"rendered":"<p>La agresi\u00f3n habr\u00eda sido confirmada por varios compa\u00f1eros de clase del menor.<\/p>\n","protected":false},"author":30,"featured_media":183978,"comment_status":"open","ping_status":"closed","sticky":false,"template":"","format":"standard","meta":{"_acf_changed":false,"footnotes":""},"categories":[18,955],"tags":[491,2958,941,7127,4850,3507],"class_list":{"0":"post-183976","1":"post","2":"type-post","3":"status-publish","4":"format-standard","5":"has-post-thumbnail","7":"category-noticias","8":"category-noticias-de-cuba","9":"tag-abuso-a-menores","10":"tag-denuncia","11":"tag-destacado","12":"tag-estudiantes-de-secundaria","13":"tag-madre-cubana","14":"tag-regla"},"acf":[],"yoast_head":"<!-- This site is optimized with the Yoast SEO plugin v27.5 - https:\/\/yoast.com\/product\/yoast-seo-wordpress\/ -->\n<title>Madre cubana denuncia que profesor de su hijo lo golpe\u00f3 impunemente - Cuballama Noticias<\/title>\n<meta name=\"description\" content=\"Una madre cubana denunci\u00f3 que un profesor de su hijo, de 14 a\u00f1os, lo golpe\u00f3 impunemente en una escuela de La Habana.\u00a0\" \/>\n<meta name=\"robots\" content=\"index, follow, max-snippet:-1, max-image-preview:large, max-video-preview:-1\" \/>\n<link rel=\"canonical\" href=\"https:\/\/www.cuballama.com\/noticias\/madre-cubana-denuncia-que-profesor-de-su-hijo-lo-golpeo-impunemente\/\" \/>\n<meta property=\"og:locale\" content=\"es_ES\" \/>\n<meta property=\"og:type\" content=\"article\" \/>\n<meta property=\"og:title\" content=\"Madre cubana denuncia que profesor de su hijo lo golpe\u00f3 impunemente - Cuballama Noticias\" \/>\n<meta property=\"og:description\" content=\"Una madre cubana denunci\u00f3 que un profesor de su hijo, de 14 a\u00f1os, lo golpe\u00f3 impunemente en una escuela de La Habana.\u00a0\" \/>\n<meta property=\"og:url\" content=\"https:\/\/www.cuballama.com\/noticias\/madre-cubana-denuncia-que-profesor-de-su-hijo-lo-golpeo-impunemente\/\" \/>\n<meta property=\"og:site_name\" content=\"Cuballama Noticias\" \/>\n<meta property=\"article:publisher\" content=\"https:\/\/www.facebook.com\/CubaLlama\" \/>\n<meta property=\"article:published_time\" content=\"2024-09-25T15:21:54+00:00\" \/>\n<meta property=\"article:modified_time\" content=\"2024-09-25T16:01:33+00:00\" \/>\n<meta property=\"og:image\" content=\"https:\/\/cdn1.mediawpaccore.net\/wp-content\/uploads\/2024\/09\/25103140\/Square-4x41-1-3.jpg\" \/>\n\t<meta property=\"og:image:width\" content=\"1200\" \/>\n\t<meta property=\"og:image:height\" content=\"630\" \/>\n\t<meta property=\"og:image:type\" content=\"image\/jpeg\" \/>\n<meta name=\"author\" content=\"Kathy\" \/>\n<meta name=\"twitter:card\" content=\"summary_large_image\" \/>\n<meta name=\"twitter:creator\" content=\"@cuballama\" \/>\n<meta name=\"twitter:site\" content=\"@cuballama\" \/>\n<meta name=\"twitter:label1\" content=\"Escrito por\" \/>\n\t<meta name=\"twitter:data1\" content=\"Kathy\" \/>\n\t<meta name=\"twitter:label2\" content=\"Tiempo de lectura\" \/>\n\t<meta name=\"twitter:data2\" content=\"2 minutos\" \/>\n<script type=\"application\/ld+json\" class=\"yoast-schema-graph\">{\"@context\":\"https:\\\/\\\/schema.org\",\"@graph\":[{\"@type\":\"Article\",\"@id\":\"https:\\\/\\\/www.cuballama.com\\\/noticias\\\/madre-cubana-denuncia-que-profesor-de-su-hijo-lo-golpeo-impunemente\\\/#article\",\"isPartOf\":{\"@id\":\"https:\\\/\\\/www.cuballama.com\\\/noticias\\\/madre-cubana-denuncia-que-profesor-de-su-hijo-lo-golpeo-impunemente\\\/\"},\"author\":{\"name\":\"Kathy\",\"@id\":\"https:\\\/\\\/www.cuballama.com\\\/noticias\\\/#\\\/schema\\\/person\\\/86cd3e3f4974437f031211213bf892d5\"},\"headline\":\"Madre cubana denuncia que profesor de su hijo lo golpe\u00f3 impunemente\",\"datePublished\":\"2024-09-25T15:21:54+00:00\",\"dateModified\":\"2024-09-25T16:01:33+00:00\",\"mainEntityOfPage\":{\"@id\":\"https:\\\/\\\/www.cuballama.com\\\/noticias\\\/madre-cubana-denuncia-que-profesor-de-su-hijo-lo-golpeo-impunemente\\\/\"},\"wordCount\":355,\"commentCount\":0,\"publisher\":{\"@id\":\"https:\\\/\\\/www.cuballama.com\\\/noticias\\\/#organization\"},\"image\":{\"@id\":\"https:\\\/\\\/www.cuballama.com\\\/noticias\\\/madre-cubana-denuncia-que-profesor-de-su-hijo-lo-golpeo-impunemente\\\/#primaryimage\"},\"thumbnailUrl\":\"https:\\\/\\\/cdn1.mediawpaccore.net\\\/wp-content\\\/uploads\\\/2024\\\/09\\\/25103140\\\/Square-4x41-1-3.jpg\",\"keywords\":[\"Abuso a Menores\",\"denuncia\",\"destacado\",\"estudiantes de secundaria\",\"madre cubana\",\"Regla\"],\"articleSection\":[\"Noticias\",\"Noticias de Cuba\"],\"inLanguage\":\"es\",\"potentialAction\":[{\"@type\":\"CommentAction\",\"name\":\"Comment\",\"target\":[\"https:\\\/\\\/www.cuballama.com\\\/noticias\\\/madre-cubana-denuncia-que-profesor-de-su-hijo-lo-golpeo-impunemente\\\/#respond\"]}]},{\"@type\":\"WebPage\",\"@id\":\"https:\\\/\\\/www.cuballama.com\\\/noticias\\\/madre-cubana-denuncia-que-profesor-de-su-hijo-lo-golpeo-impunemente\\\/\",\"url\":\"https:\\\/\\\/www.cuballama.com\\\/noticias\\\/madre-cubana-denuncia-que-profesor-de-su-hijo-lo-golpeo-impunemente\\\/\",\"name\":\"Madre cubana denuncia que profesor de su hijo lo golpe\u00f3 impunemente - Cuballama Noticias\",\"isPartOf\":{\"@id\":\"https:\\\/\\\/www.cuballama.com\\\/noticias\\\/#website\"},\"primaryImageOfPage\":{\"@id\":\"https:\\\/\\\/www.cuballama.com\\\/noticias\\\/madre-cubana-denuncia-que-profesor-de-su-hijo-lo-golpeo-impunemente\\\/#primaryimage\"},\"image\":{\"@id\":\"https:\\\/\\\/www.cuballama.com\\\/noticias\\\/madre-cubana-denuncia-que-profesor-de-su-hijo-lo-golpeo-impunemente\\\/#primaryimage\"},\"thumbnailUrl\":\"https:\\\/\\\/cdn1.mediawpaccore.net\\\/wp-content\\\/uploads\\\/2024\\\/09\\\/25103140\\\/Square-4x41-1-3.jpg\",\"datePublished\":\"2024-09-25T15:21:54+00:00\",\"dateModified\":\"2024-09-25T16:01:33+00:00\",\"description\":\"Una madre cubana denunci\u00f3 que un profesor de su hijo, de 14 a\u00f1os, lo golpe\u00f3 impunemente en una escuela de La Habana.\u00a0\",\"breadcrumb\":{\"@id\":\"https:\\\/\\\/www.cuballama.com\\\/noticias\\\/madre-cubana-denuncia-que-profesor-de-su-hijo-lo-golpeo-impunemente\\\/#breadcrumb\"},\"inLanguage\":\"es\",\"potentialAction\":[{\"@type\":\"ReadAction\",\"target\":[\"https:\\\/\\\/www.cuballama.com\\\/noticias\\\/madre-cubana-denuncia-que-profesor-de-su-hijo-lo-golpeo-impunemente\\\/\"]}]},{\"@type\":\"ImageObject\",\"inLanguage\":\"es\",\"@id\":\"https:\\\/\\\/www.cuballama.com\\\/noticias\\\/madre-cubana-denuncia-que-profesor-de-su-hijo-lo-golpeo-impunemente\\\/#primaryimage\",\"url\":\"https:\\\/\\\/cdn1.mediawpaccore.net\\\/wp-content\\\/uploads\\\/2024\\\/09\\\/25103140\\\/Square-4x41-1-3.jpg\",\"contentUrl\":\"https:\\\/\\\/cdn1.mediawpaccore.net\\\/wp-content\\\/uploads\\\/2024\\\/09\\\/25103140\\\/Square-4x41-1-3.jpg\",\"width\":1200,\"height\":630,\"caption\":\"Katysleydys Isquierdo junto a su hijo y la escuela en la que estudia el menor. Foto: Facebook\\\/La Tijera.\"},{\"@type\":\"BreadcrumbList\",\"@id\":\"https:\\\/\\\/www.cuballama.com\\\/noticias\\\/madre-cubana-denuncia-que-profesor-de-su-hijo-lo-golpeo-impunemente\\\/#breadcrumb\",\"itemListElement\":[{\"@type\":\"ListItem\",\"position\":1,\"name\":\"Home\",\"item\":\"https:\\\/\\\/www.cuballama.com\\\/noticias\\\/\"},{\"@type\":\"ListItem\",\"position\":2,\"name\":\"Madre cubana denuncia que profesor de su hijo lo golpe\u00f3 impunemente\"}]},{\"@type\":\"WebSite\",\"@id\":\"https:\\\/\\\/www.cuballama.com\\\/noticias\\\/#website\",\"url\":\"https:\\\/\\\/www.cuballama.com\\\/noticias\\\/\",\"name\":\"Cuballama Noticias\",\"description\":\"Medio digital sobre Cuba y el mundo\",\"publisher\":{\"@id\":\"https:\\\/\\\/www.cuballama.com\\\/noticias\\\/#organization\"},\"potentialAction\":[{\"@type\":\"SearchAction\",\"target\":{\"@type\":\"EntryPoint\",\"urlTemplate\":\"https:\\\/\\\/www.cuballama.com\\\/noticias\\\/?s={search_term_string}\"},\"query-input\":{\"@type\":\"PropertyValueSpecification\",\"valueRequired\":true,\"valueName\":\"search_term_string\"}}],\"inLanguage\":\"es\"},{\"@type\":\"Organization\",\"@id\":\"https:\\\/\\\/www.cuballama.com\\\/noticias\\\/#organization\",\"name\":\"Cuballama\",\"url\":\"https:\\\/\\\/www.cuballama.com\\\/noticias\\\/\",\"logo\":{\"@type\":\"ImageObject\",\"inLanguage\":\"es\",\"@id\":\"https:\\\/\\\/www.cuballama.com\\\/noticias\\\/#\\\/schema\\\/logo\\\/image\\\/\",\"url\":\"https:\\\/\\\/cdn1.mediawpaccore.net\\\/wp-content\\\/uploads\\\/2021\\\/12\\\/28171206\\\/cbll-logo-color-sm.png\",\"contentUrl\":\"https:\\\/\\\/cdn1.mediawpaccore.net\\\/wp-content\\\/uploads\\\/2021\\\/12\\\/28171206\\\/cbll-logo-color-sm.png\",\"width\":600,\"height\":133,\"caption\":\"Cuballama\"},\"image\":{\"@id\":\"https:\\\/\\\/www.cuballama.com\\\/noticias\\\/#\\\/schema\\\/logo\\\/image\\\/\"},\"sameAs\":[\"https:\\\/\\\/www.facebook.com\\\/CubaLlama\",\"https:\\\/\\\/x.com\\\/cuballama\",\"https:\\\/\\\/www.instagram.com\\\/stories\\\/cuballama_oficial\\\/\",\"https:\\\/\\\/www.youtube.com\\\/channel\\\/UCKkFE-d_axENGZcrc4as0IA\"]},{\"@type\":\"Person\",\"@id\":\"https:\\\/\\\/www.cuballama.com\\\/noticias\\\/#\\\/schema\\\/person\\\/86cd3e3f4974437f031211213bf892d5\",\"name\":\"Kathy\",\"url\":\"https:\\\/\\\/www.cuballama.com\\\/noticias\\\/author\\\/kathy\\\/\"}]}<\/script>\n<!-- \/ Yoast SEO plugin. -->","yoast_head_json":{"title":"Madre cubana denuncia que profesor de su hijo lo golpe\u00f3 impunemente - Cuballama Noticias","description":"Una madre cubana denunci\u00f3 que un profesor de su hijo, de 14 a\u00f1os, lo golpe\u00f3 impunemente en una escuela de La Habana.\u00a0","robots":{"index":"index","follow":"follow","max-snippet":"max-snippet:-1","max-image-preview":"max-image-preview:large","max-video-preview":"max-video-preview:-1"},"canonical":"https:\/\/www.cuballama.com\/noticias\/madre-cubana-denuncia-que-profesor-de-su-hijo-lo-golpeo-impunemente\/","og_locale":"es_ES","og_type":"article","og_title":"Madre cubana denuncia que profesor de su hijo lo golpe\u00f3 impunemente - Cuballama Noticias","og_description":"Una madre cubana denunci\u00f3 que un profesor de su hijo, de 14 a\u00f1os, lo golpe\u00f3 impunemente en una escuela de La Habana.\u00a0","og_url":"https:\/\/www.cuballama.com\/noticias\/madre-cubana-denuncia-que-profesor-de-su-hijo-lo-golpeo-impunemente\/","og_site_name":"Cuballama Noticias","article_publisher":"https:\/\/www.facebook.com\/CubaLlama","article_published_time":"2024-09-25T15:21:54+00:00","article_modified_time":"2024-09-25T16:01:33+00:00","og_image":[{"width":1200,"height":630,"url":"https:\/\/cdn1.mediawpaccore.net\/wp-content\/uploads\/2024\/09\/25103140\/Square-4x41-1-3.jpg","type":"image\/jpeg"}],"author":"Kathy","twitter_card":"summary_large_image","twitter_creator":"@cuballama","twitter_site":"@cuballama","twitter_misc":{"Escrito por":"Kathy","Tiempo de lectura":"2 minutos"},"schema":{"@context":"https:\/\/schema.org","@graph":[{"@type":"Article","@id":"https:\/\/www.cuballama.com\/noticias\/madre-cubana-denuncia-que-profesor-de-su-hijo-lo-golpeo-impunemente\/#article","isPartOf":{"@id":"https:\/\/www.cuballama.com\/noticias\/madre-cubana-denuncia-que-profesor-de-su-hijo-lo-golpeo-impunemente\/"},"author":{"name":"Kathy","@id":"https:\/\/www.cuballama.com\/noticias\/#\/schema\/person\/86cd3e3f4974437f031211213bf892d5"},"headline":"Madre cubana denuncia que profesor de su hijo lo golpe\u00f3 impunemente","datePublished":"2024-09-25T15:21:54+00:00","dateModified":"2024-09-25T16:01:33+00:00","mainEntityOfPage":{"@id":"https:\/\/www.cuballama.com\/noticias\/madre-cubana-denuncia-que-profesor-de-su-hijo-lo-golpeo-impunemente\/"},"wordCount":355,"commentCount":0,"publisher":{"@id":"https:\/\/www.cuballama.com\/noticias\/#organization"},"image":{"@id":"https:\/\/www.cuballama.com\/noticias\/madre-cubana-denuncia-que-profesor-de-su-hijo-lo-golpeo-impunemente\/#primaryimage"},"thumbnailUrl":"https:\/\/cdn1.mediawpaccore.net\/wp-content\/uploads\/2024\/09\/25103140\/Square-4x41-1-3.jpg","keywords":["Abuso a Menores","denuncia","destacado","estudiantes de secundaria","madre cubana","Regla"],"articleSection":["Noticias","Noticias de Cuba"],"inLanguage":"es","potentialAction":[{"@type":"CommentAction","name":"Comment","target":["https:\/\/www.cuballama.com\/noticias\/madre-cubana-denuncia-que-profesor-de-su-hijo-lo-golpeo-impunemente\/#respond"]}]},{"@type":"WebPage","@id":"https:\/\/www.cuballama.com\/noticias\/madre-cubana-denuncia-que-profesor-de-su-hijo-lo-golpeo-impunemente\/","url":"https:\/\/www.cuballama.com\/noticias\/madre-cubana-denuncia-que-profesor-de-su-hijo-lo-golpeo-impunemente\/","name":"Madre cubana denuncia que profesor de su hijo lo golpe\u00f3 impunemente - Cuballama Noticias","isPartOf":{"@id":"https:\/\/www.cuballama.com\/noticias\/#website"},"primaryImageOfPage":{"@id":"https:\/\/www.cuballama.com\/noticias\/madre-cubana-denuncia-que-profesor-de-su-hijo-lo-golpeo-impunemente\/#primaryimage"},"image":{"@id":"https:\/\/www.cuballama.com\/noticias\/madre-cubana-denuncia-que-profesor-de-su-hijo-lo-golpeo-impunemente\/#primaryimage"},"thumbnailUrl":"https:\/\/cdn1.mediawpaccore.net\/wp-content\/uploads\/2024\/09\/25103140\/Square-4x41-1-3.jpg","datePublished":"2024-09-25T15:21:54+00:00","dateModified":"2024-09-25T16:01:33+00:00","description":"Una madre cubana denunci\u00f3 que un profesor de su hijo, de 14 a\u00f1os, lo golpe\u00f3 impunemente en una escuela de La Habana.\u00a0","breadcrumb":{"@id":"https:\/\/www.cuballama.com\/noticias\/madre-cubana-denuncia-que-profesor-de-su-hijo-lo-golpeo-impunemente\/#breadcrumb"},"inLanguage":"es","potentialAction":[{"@type":"ReadAction","target":["https:\/\/www.cuballama.com\/noticias\/madre-cubana-denuncia-que-profesor-de-su-hijo-lo-golpeo-impunemente\/"]}]},{"@type":"ImageObject","inLanguage":"es","@id":"https:\/\/www.cuballama.com\/noticias\/madre-cubana-denuncia-que-profesor-de-su-hijo-lo-golpeo-impunemente\/#primaryimage","url":"https:\/\/cdn1.mediawpaccore.net\/wp-content\/uploads\/2024\/09\/25103140\/Square-4x41-1-3.jpg","contentUrl":"https:\/\/cdn1.mediawpaccore.net\/wp-content\/uploads\/2024\/09\/25103140\/Square-4x41-1-3.jpg","width":1200,"height":630,"caption":"Katysleydys Isquierdo junto a su hijo y la escuela en la que estudia el menor. Foto: Facebook\/La Tijera."},{"@type":"BreadcrumbList","@id":"https:\/\/www.cuballama.com\/noticias\/madre-cubana-denuncia-que-profesor-de-su-hijo-lo-golpeo-impunemente\/#breadcrumb","itemListElement":[{"@type":"ListItem","position":1,"name":"Home","item":"https:\/\/www.cuballama.com\/noticias\/"},{"@type":"ListItem","position":2,"name":"Madre cubana denuncia que profesor de su hijo lo golpe\u00f3 impunemente"}]},{"@type":"WebSite","@id":"https:\/\/www.cuballama.com\/noticias\/#website","url":"https:\/\/www.cuballama.com\/noticias\/","name":"Cuballama Noticias","description":"Medio digital sobre Cuba y el mundo","publisher":{"@id":"https:\/\/www.cuballama.com\/noticias\/#organization"},"potentialAction":[{"@type":"SearchAction","target":{"@type":"EntryPoint","urlTemplate":"https:\/\/www.cuballama.com\/noticias\/?s={search_term_string}"},"query-input":{"@type":"PropertyValueSpecification","valueRequired":true,"valueName":"search_term_string"}}],"inLanguage":"es"},{"@type":"Organization","@id":"https:\/\/www.cuballama.com\/noticias\/#organization","name":"Cuballama","url":"https:\/\/www.cuballama.com\/noticias\/","logo":{"@type":"ImageObject","inLanguage":"es","@id":"https:\/\/www.cuballama.com\/noticias\/#\/schema\/logo\/image\/","url":"https:\/\/cdn1.mediawpaccore.net\/wp-content\/uploads\/2021\/12\/28171206\/cbll-logo-color-sm.png","contentUrl":"https:\/\/cdn1.mediawpaccore.net\/wp-content\/uploads\/2021\/12\/28171206\/cbll-logo-color-sm.png","width":600,"height":133,"caption":"Cuballama"},"image":{"@id":"https:\/\/www.cuballama.com\/noticias\/#\/schema\/logo\/image\/"},"sameAs":["https:\/\/www.facebook.com\/CubaLlama","https:\/\/x.com\/cuballama","https:\/\/www.instagram.com\/stories\/cuballama_oficial\/","https:\/\/www.youtube.com\/channel\/UCKkFE-d_axENGZcrc4as0IA"]},{"@type":"Person","@id":"https:\/\/www.cuballama.com\/noticias\/#\/schema\/person\/86cd3e3f4974437f031211213bf892d5","name":"Kathy","url":"https:\/\/www.cuballama.com\/noticias\/author\/kathy\/"}]}},"_links":{"self":[{"href":"https:\/\/www.cuballama.com\/noticias\/wp-json\/wp\/v2\/posts\/183976","targetHints":{"allow":["GET"]}}],"collection":[{"href":"https:\/\/www.cuballama.com\/noticias\/wp-json\/wp\/v2\/posts"}],"about":[{"href":"https:\/\/www.cuballama.com\/noticias\/wp-json\/wp\/v2\/types\/post"}],"author":[{"embeddable":true,"href":"https:\/\/www.cuballama.com\/noticias\/wp-json\/wp\/v2\/users\/30"}],"replies":[{"embeddable":true,"href":"https:\/\/www.cuballama.com\/noticias\/wp-json\/wp\/v2\/comments?post=183976"}],"version-history":[{"count":14,"href":"https:\/\/www.cuballama.com\/noticias\/wp-json\/wp\/v2\/posts\/183976\/revisions"}],"predecessor-version":[{"id":183996,"href":"https:\/\/www.cuballama.com\/noticias\/wp-json\/wp\/v2\/posts\/183976\/revisions\/183996"}],"wp:featuredmedia":[{"embeddable":true,"href":"https:\/\/www.cuballama.com\/noticias\/wp-json\/wp\/v2\/media\/183978"}],"wp:attachment":[{"href":"https:\/\/www.cuballama.com\/noticias\/wp-json\/wp\/v2\/media?parent=183976"}],"wp:term":[{"taxonomy":"category","embeddable":true,"href":"https:\/\/www.cuballama.com\/noticias\/wp-json\/wp\/v2\/categories?post=183976"},{"taxonomy":"post_tag","embeddable":true,"href":"https:\/\/www.cuballama.com\/noticias\/wp-json\/wp\/v2\/tags?post=183976"}],"curies":[{"name":"wp","href":"https:\/\/api.w.org\/{rel}","templated":true}]}}