{"id":178344,"date":"2024-08-01T17:11:34","date_gmt":"2024-08-01T21:11:34","guid":{"rendered":"https:\/\/www.cuballama.com\/noticias\/?p=178344"},"modified":"2024-08-01T17:11:36","modified_gmt":"2024-08-01T21:11:36","slug":"calle-en-miami-beach-llevara-el-nombre-de-gloria-stefan","status":"publish","type":"post","link":"https:\/\/www.cuballama.com\/noticias\/calle-en-miami-beach-llevara-el-nombre-de-gloria-stefan\/","title":{"rendered":"Calle en Miami Beach llevar\u00e1 el nombre de Gloria Stefan"},"content":{"rendered":"\n<h2 class=\"wp-block-heading\"><strong>Miami Beach honrar\u00e1 en vida a la cantante cubanoamericana Gloria Estefan con su propia calle<\/strong><\/h2>\n\n\n\n<p>En un reciente movimiento por parte de la comisi\u00f3n de Miami Beach, se decidi\u00f3 renombrar la Calle 13 en honor a la renombrada cantante Gloria Estefan, y la Calle 12 en honor a Naomi Wilzig, conocida coleccionista de arte. Este cambio surge tras la aprobaci\u00f3n un\u00e1nime de la Comisi\u00f3n de Seguridad P\u00fablica y Calidad de Vida del Vecindario.<\/p>\n\n\n\n<p>La Calle 13, situada entre Ocean Drive y Meridian Avenue, ser\u00e1 conocida como Gloria Estefan Way, mientras que la Calle 12, entre Ocean Drive y Washington Avenue, llevar\u00e1 el nombre de Naomi Wilzig Way. <\/p>\n\n\n\n<p>La decisi\u00f3n fue inspirada por una recomendaci\u00f3n de la Comisi\u00f3n para Mujeres de Miami Beach en septiembre de 2023, la cual busca honrar a mujeres influyentes en la cultura e historia de la ciudad, revel\u00f3 el medio <em><a href=\"https:\/\/www.miamitodaynews.com\/2024\/07\/30\/beach-streets-to-be-named-for-jimmy-buffett-gloria-estefan\/\" target=\"_blank\" rel=\"noreferrer noopener nofollow\">Miami Today News.<\/a><\/em><\/p>\n\n\n\n<p>Gloria Estefan, c\u00e9lebre por su impacto en la m\u00fasica con \u00e9xitos como \u201cConga\u201d y \u201cAnything for You\u201d durante su tiempo con Miami Sound Machine en los a\u00f1os 80, es una figura emblem\u00e1tica tanto en Miami Beach como a nivel internacional. Por otro lado, Naomi Wilzig es reconocida por su contribuci\u00f3n cultural como fundadora y directora del Museo de Arte Er\u00f3tico Mundial en Miami Beach, adem\u00e1s de ser una activista destacada en la comunidad de sobrevivientes del Holocausto.<\/p>\n\n\n\n<p>Kristen Rosen Gonzalez, comisionada de la ciudad, resalt\u00f3 la importancia de reconocer tanto a figuras ampliamente conocidas como Estefan como a aquellas menos conocidas pero igualmente significativas como Wilzig. Expres\u00f3 la necesidad de equilibrar la representaci\u00f3n en los nombres de las calles de la ciudad, mencionando que anteriormente solo una calle estaba dedicada a una mujer, lo cual considera insuficiente dado que las mujeres constituyen el 50% de la poblaci\u00f3n.<\/p>\n\n\n\n<p>La implementaci\u00f3n final de estos cambios en el nombre de las calles depender\u00e1 de la aprobaci\u00f3n de una resoluci\u00f3n por parte de la comisi\u00f3n del condado, la cual ser\u00e1 propuesta por un comisionado del condado.<\/p>\n\n\n\n<p>En Miami, varias calles han sido nombradas en honor a cubanoamericanos destacados, reflejando la profunda influencia de la comunidad cubana en la ciudad.<\/p>\n\n\n\n<p>Adem\u00e1s de <strong>Gloria Estefan<\/strong> y <strong>Celia Cruz<\/strong>, mujeres, otras figuras notables tambi\u00e9n han sido honradas. Tal es el caso de <strong>Jorge Mas Canosa<\/strong>, activista y l\u00edder influyente en la comunidad cubanoamericana, reconocido por su papel en el establecimiento de la Fundaci\u00f3n Nacional Cubano Americana y quien tiene una calle que lleva su nombre.<\/p>\n\n\n\n<p>Tambi\u00e9n, de manera relativamente reciente, <strong>Oswaldo Pay\u00e1<\/strong>, activista por la democracia, fue homenajeado con una calle en su nombre en el aniversario de su asesinato, mostrando el impacto de su labor en la lucha por la libertad y los derechos humanos en Cuba\u200b.,<\/p>\n\n\n\n<p>Gloria Stefan hasta el momento no ha hecho ninguna declaraci\u00f3n en sus redes sociales sobre tan importante homenaje, que en vida se le har\u00e1. La cantante recientemente fue homenajeada en la gala de los Billboard, como reconocimiento a las mujeres latinas en la m\u00fasica.<\/p>\n\n\n\n<p>En ese momento se\u00f1al\u00f3:<\/p>\n\n\n\n<p><em>\u00abEs un honor para m\u00ed recibir el premio de leyenda ma\u00f1ana por la noche en el programa @billboard Latin Women in Music Award. \u00a1Es un privilegio y una responsabilidad que tengo cerca de mi coraz\u00f3n no solo celebrar mi cultura sino tambi\u00e9n elevar a las mujeres! \u00a1Felicitaciones a todas las mujeres homenajeadas! <\/em><\/p>\n\n\n\n<iframe loading=\"lazy\" src=\"https:\/\/www.facebook.com\/plugins\/video.php?height=314&#038;href=https%3A%2F%2Fwww.facebook.com%2Fgloriaestefan%2Fvideos%2F3790377954621494%2F&#038;show_text=true&#038;width=560&#038;t=0\" width=\"560\" height=\"429\" style=\"border:none;overflow:hidden\" scrolling=\"no\" frameborder=\"0\" allowfullscreen=\"true\" allow=\"autoplay; clipboard-write; encrypted-media; picture-in-picture; web-share\" allowFullScreen=\"true\"><\/iframe>\n\n\n\n<p><strong>tal vez quieras leer: <a href=\"https:\/\/www.cuballama.com\/noticias\/gloria-stefan-es-homenajeada-durante-la-gala-de-billboard-mujeres-latinas-en-la-musica-2024\/\">Gloria Stefan es homenajeada durante la gala de Billboard Mujeres Latinas en la M\u00fasica 2024<\/a><\/strong><\/p>\n\n\n\n<ol class=\"wp-block-list\">\n<li><\/li>\n<\/ol>\n","protected":false},"excerpt":{"rendered":"<p>. Este acto de co-nombramiento no solo enriquece la historia local, sino que tambi\u00e9n ofrece un reconocimiento merecido a mujeres que han moldeado el car\u00e1cter cultural y social de Miami Beach.<\/p>\n","protected":false},"author":13,"featured_media":136136,"comment_status":"open","ping_status":"closed","sticky":false,"template":"","format":"standard","meta":{"_acf_changed":false,"footnotes":""},"categories":[443,18,11024],"tags":[7028,534,522,17439,671,11309],"class_list":{"0":"post-178344","1":"post","2":"type-post","3":"status-publish","4":"format-standard","5":"has-post-thumbnail","7":"category-farandula","8":"category-noticias","9":"category-noticias-de-miami","10":"tag-calles","11":"tag-celia-cruz","12":"tag-gloria-stefan","13":"tag-jorge-mas-canosa","14":"tag-miami-beach","15":"tag-oswaldo-paya"},"acf":[],"yoast_head":"<!-- This site is optimized with the Yoast SEO plugin v27.5 - https:\/\/yoast.com\/product\/yoast-seo-wordpress\/ -->\n<title>Calle en Miami Beach llevar\u00e1 el nombre de Gloria Stefan - Cuballama Noticias<\/title>\n<meta name=\"description\" content=\"La Calle 13, en Miami Beach, una calle situada entre Ocean Drive y Meridian Avenue, ser\u00e1 conocida como Gloria Estefan Way\" \/>\n<meta name=\"robots\" content=\"index, follow, max-snippet:-1, max-image-preview:large, max-video-preview:-1\" \/>\n<link rel=\"canonical\" href=\"https:\/\/www.cuballama.com\/noticias\/calle-en-miami-beach-llevara-el-nombre-de-gloria-stefan\/\" \/>\n<meta property=\"og:locale\" content=\"es_ES\" \/>\n<meta property=\"og:type\" content=\"article\" \/>\n<meta property=\"og:title\" content=\"Calle en Miami Beach llevar\u00e1 el nombre de Gloria Stefan - Cuballama Noticias\" \/>\n<meta property=\"og:description\" content=\"La Calle 13, en Miami Beach, una calle situada entre Ocean Drive y Meridian Avenue, ser\u00e1 conocida como Gloria Estefan Way\" \/>\n<meta property=\"og:url\" content=\"https:\/\/www.cuballama.com\/noticias\/calle-en-miami-beach-llevara-el-nombre-de-gloria-stefan\/\" \/>\n<meta property=\"og:site_name\" content=\"Cuballama Noticias\" \/>\n<meta property=\"article:publisher\" content=\"https:\/\/www.facebook.com\/CubaLlama\" \/>\n<meta property=\"article:published_time\" content=\"2024-08-01T21:11:34+00:00\" \/>\n<meta property=\"article:modified_time\" content=\"2024-08-01T21:11:36+00:00\" \/>\n<meta property=\"og:image\" content=\"https:\/\/cdn1.mediawpaccore.net\/wp-content\/uploads\/2023\/09\/01150949\/shutterstock_6310114-1.jpg\" \/>\n\t<meta property=\"og:image:width\" content=\"1000\" \/>\n\t<meta property=\"og:image:height\" content=\"656\" \/>\n\t<meta property=\"og:image:type\" content=\"image\/jpeg\" \/>\n<meta name=\"author\" content=\"Roberto A.\" \/>\n<meta name=\"twitter:card\" content=\"summary_large_image\" \/>\n<meta name=\"twitter:creator\" content=\"@cuballama\" \/>\n<meta name=\"twitter:site\" content=\"@cuballama\" \/>\n<meta name=\"twitter:label1\" content=\"Escrito por\" \/>\n\t<meta name=\"twitter:data1\" content=\"Roberto A.\" \/>\n<script type=\"application\/ld+json\" class=\"yoast-schema-graph\">{\"@context\":\"https:\\\/\\\/schema.org\",\"@graph\":[{\"@type\":\"Article\",\"@id\":\"https:\\\/\\\/www.cuballama.com\\\/noticias\\\/calle-en-miami-beach-llevara-el-nombre-de-gloria-stefan\\\/#article\",\"isPartOf\":{\"@id\":\"https:\\\/\\\/www.cuballama.com\\\/noticias\\\/calle-en-miami-beach-llevara-el-nombre-de-gloria-stefan\\\/\"},\"author\":{\"name\":\"Roberto A.\",\"@id\":\"https:\\\/\\\/www.cuballama.com\\\/noticias\\\/#\\\/schema\\\/person\\\/a58502ed4146c8e9f83872e897c76cd2\"},\"headline\":\"Calle en Miami Beach llevar\u00e1 el nombre de Gloria Stefan\",\"datePublished\":\"2024-08-01T21:11:34+00:00\",\"dateModified\":\"2024-08-01T21:11:36+00:00\",\"mainEntityOfPage\":{\"@id\":\"https:\\\/\\\/www.cuballama.com\\\/noticias\\\/calle-en-miami-beach-llevara-el-nombre-de-gloria-stefan\\\/\"},\"wordCount\":602,\"commentCount\":0,\"publisher\":{\"@id\":\"https:\\\/\\\/www.cuballama.com\\\/noticias\\\/#organization\"},\"image\":{\"@id\":\"https:\\\/\\\/www.cuballama.com\\\/noticias\\\/calle-en-miami-beach-llevara-el-nombre-de-gloria-stefan\\\/#primaryimage\"},\"thumbnailUrl\":\"https:\\\/\\\/cdn1.mediawpaccore.net\\\/wp-content\\\/uploads\\\/2023\\\/09\\\/01150949\\\/shutterstock_6310114-1.jpg\",\"keywords\":[\"calles\",\"Celia Cruz\",\"Gloria Stefan\",\"Jorge M\u00e1s Canosa\",\"Miami Beach\",\"Oswaldo Pay\u00e1\"],\"articleSection\":[\"Far\u00e1ndula\",\"Noticias\",\"Noticias de Miami\"],\"inLanguage\":\"es\",\"potentialAction\":[{\"@type\":\"CommentAction\",\"name\":\"Comment\",\"target\":[\"https:\\\/\\\/www.cuballama.com\\\/noticias\\\/calle-en-miami-beach-llevara-el-nombre-de-gloria-stefan\\\/#respond\"]}]},{\"@type\":\"WebPage\",\"@id\":\"https:\\\/\\\/www.cuballama.com\\\/noticias\\\/calle-en-miami-beach-llevara-el-nombre-de-gloria-stefan\\\/\",\"url\":\"https:\\\/\\\/www.cuballama.com\\\/noticias\\\/calle-en-miami-beach-llevara-el-nombre-de-gloria-stefan\\\/\",\"name\":\"Calle en Miami Beach llevar\u00e1 el nombre de Gloria Stefan - Cuballama Noticias\",\"isPartOf\":{\"@id\":\"https:\\\/\\\/www.cuballama.com\\\/noticias\\\/#website\"},\"primaryImageOfPage\":{\"@id\":\"https:\\\/\\\/www.cuballama.com\\\/noticias\\\/calle-en-miami-beach-llevara-el-nombre-de-gloria-stefan\\\/#primaryimage\"},\"image\":{\"@id\":\"https:\\\/\\\/www.cuballama.com\\\/noticias\\\/calle-en-miami-beach-llevara-el-nombre-de-gloria-stefan\\\/#primaryimage\"},\"thumbnailUrl\":\"https:\\\/\\\/cdn1.mediawpaccore.net\\\/wp-content\\\/uploads\\\/2023\\\/09\\\/01150949\\\/shutterstock_6310114-1.jpg\",\"datePublished\":\"2024-08-01T21:11:34+00:00\",\"dateModified\":\"2024-08-01T21:11:36+00:00\",\"description\":\"La Calle 13, en Miami Beach, una calle situada entre Ocean Drive y Meridian Avenue, ser\u00e1 conocida como Gloria Estefan Way\",\"breadcrumb\":{\"@id\":\"https:\\\/\\\/www.cuballama.com\\\/noticias\\\/calle-en-miami-beach-llevara-el-nombre-de-gloria-stefan\\\/#breadcrumb\"},\"inLanguage\":\"es\",\"potentialAction\":[{\"@type\":\"ReadAction\",\"target\":[\"https:\\\/\\\/www.cuballama.com\\\/noticias\\\/calle-en-miami-beach-llevara-el-nombre-de-gloria-stefan\\\/\"]}]},{\"@type\":\"ImageObject\",\"inLanguage\":\"es\",\"@id\":\"https:\\\/\\\/www.cuballama.com\\\/noticias\\\/calle-en-miami-beach-llevara-el-nombre-de-gloria-stefan\\\/#primaryimage\",\"url\":\"https:\\\/\\\/cdn1.mediawpaccore.net\\\/wp-content\\\/uploads\\\/2023\\\/09\\\/01150949\\\/shutterstock_6310114-1.jpg\",\"contentUrl\":\"https:\\\/\\\/cdn1.mediawpaccore.net\\\/wp-content\\\/uploads\\\/2023\\\/09\\\/01150949\\\/shutterstock_6310114-1.jpg\",\"width\":1000,\"height\":656,\"caption\":\"Foto: Stocklight | Shutterstock\"},{\"@type\":\"BreadcrumbList\",\"@id\":\"https:\\\/\\\/www.cuballama.com\\\/noticias\\\/calle-en-miami-beach-llevara-el-nombre-de-gloria-stefan\\\/#breadcrumb\",\"itemListElement\":[{\"@type\":\"ListItem\",\"position\":1,\"name\":\"Home\",\"item\":\"https:\\\/\\\/www.cuballama.com\\\/noticias\\\/\"},{\"@type\":\"ListItem\",\"position\":2,\"name\":\"Calle en Miami Beach llevar\u00e1 el nombre de Gloria Stefan\"}]},{\"@type\":\"WebSite\",\"@id\":\"https:\\\/\\\/www.cuballama.com\\\/noticias\\\/#website\",\"url\":\"https:\\\/\\\/www.cuballama.com\\\/noticias\\\/\",\"name\":\"Cuballama Noticias\",\"description\":\"Medio digital sobre Cuba y el mundo\",\"publisher\":{\"@id\":\"https:\\\/\\\/www.cuballama.com\\\/noticias\\\/#organization\"},\"potentialAction\":[{\"@type\":\"SearchAction\",\"target\":{\"@type\":\"EntryPoint\",\"urlTemplate\":\"https:\\\/\\\/www.cuballama.com\\\/noticias\\\/?s={search_term_string}\"},\"query-input\":{\"@type\":\"PropertyValueSpecification\",\"valueRequired\":true,\"valueName\":\"search_term_string\"}}],\"inLanguage\":\"es\"},{\"@type\":\"Organization\",\"@id\":\"https:\\\/\\\/www.cuballama.com\\\/noticias\\\/#organization\",\"name\":\"Cuballama\",\"url\":\"https:\\\/\\\/www.cuballama.com\\\/noticias\\\/\",\"logo\":{\"@type\":\"ImageObject\",\"inLanguage\":\"es\",\"@id\":\"https:\\\/\\\/www.cuballama.com\\\/noticias\\\/#\\\/schema\\\/logo\\\/image\\\/\",\"url\":\"https:\\\/\\\/cdn1.mediawpaccore.net\\\/wp-content\\\/uploads\\\/2021\\\/12\\\/28171206\\\/cbll-logo-color-sm.png\",\"contentUrl\":\"https:\\\/\\\/cdn1.mediawpaccore.net\\\/wp-content\\\/uploads\\\/2021\\\/12\\\/28171206\\\/cbll-logo-color-sm.png\",\"width\":600,\"height\":133,\"caption\":\"Cuballama\"},\"image\":{\"@id\":\"https:\\\/\\\/www.cuballama.com\\\/noticias\\\/#\\\/schema\\\/logo\\\/image\\\/\"},\"sameAs\":[\"https:\\\/\\\/www.facebook.com\\\/CubaLlama\",\"https:\\\/\\\/x.com\\\/cuballama\",\"https:\\\/\\\/www.instagram.com\\\/stories\\\/cuballama_oficial\\\/\",\"https:\\\/\\\/www.youtube.com\\\/channel\\\/UCKkFE-d_axENGZcrc4as0IA\"]},{\"@type\":\"Person\",\"@id\":\"https:\\\/\\\/www.cuballama.com\\\/noticias\\\/#\\\/schema\\\/person\\\/a58502ed4146c8e9f83872e897c76cd2\",\"name\":\"Roberto A.\",\"description\":\"Roberto A. Periodista por decisi\u00f3n propia. Interesado en cualquier tema que me apasione y cada vez m\u00e1s comprometido con la verdad y la objetividad period\u00edstica. Graduado en La Habana hace ya muchos a\u00f1os, luego de una accidentada y polvorienta b\u00fasqueda de informaci\u00f3n sobre un tema in\u00e9dito. La Tesis, por cierto, desapareci\u00f3 de la biblioteca y no se conservan copias de la misma.\",\"url\":\"https:\\\/\\\/www.cuballama.com\\\/noticias\\\/author\\\/roberto\\\/\"}]}<\/script>\n<!-- \/ Yoast SEO plugin. -->","yoast_head_json":{"title":"Calle en Miami Beach llevar\u00e1 el nombre de Gloria Stefan - Cuballama Noticias","description":"La Calle 13, en Miami Beach, una calle situada entre Ocean Drive y Meridian Avenue, ser\u00e1 conocida como Gloria Estefan Way","robots":{"index":"index","follow":"follow","max-snippet":"max-snippet:-1","max-image-preview":"max-image-preview:large","max-video-preview":"max-video-preview:-1"},"canonical":"https:\/\/www.cuballama.com\/noticias\/calle-en-miami-beach-llevara-el-nombre-de-gloria-stefan\/","og_locale":"es_ES","og_type":"article","og_title":"Calle en Miami Beach llevar\u00e1 el nombre de Gloria Stefan - Cuballama Noticias","og_description":"La Calle 13, en Miami Beach, una calle situada entre Ocean Drive y Meridian Avenue, ser\u00e1 conocida como Gloria Estefan Way","og_url":"https:\/\/www.cuballama.com\/noticias\/calle-en-miami-beach-llevara-el-nombre-de-gloria-stefan\/","og_site_name":"Cuballama Noticias","article_publisher":"https:\/\/www.facebook.com\/CubaLlama","article_published_time":"2024-08-01T21:11:34+00:00","article_modified_time":"2024-08-01T21:11:36+00:00","og_image":[{"width":1000,"height":656,"url":"https:\/\/cdn1.mediawpaccore.net\/wp-content\/uploads\/2023\/09\/01150949\/shutterstock_6310114-1.jpg","type":"image\/jpeg"}],"author":"Roberto A.","twitter_card":"summary_large_image","twitter_creator":"@cuballama","twitter_site":"@cuballama","twitter_misc":{"Escrito por":"Roberto A."},"schema":{"@context":"https:\/\/schema.org","@graph":[{"@type":"Article","@id":"https:\/\/www.cuballama.com\/noticias\/calle-en-miami-beach-llevara-el-nombre-de-gloria-stefan\/#article","isPartOf":{"@id":"https:\/\/www.cuballama.com\/noticias\/calle-en-miami-beach-llevara-el-nombre-de-gloria-stefan\/"},"author":{"name":"Roberto A.","@id":"https:\/\/www.cuballama.com\/noticias\/#\/schema\/person\/a58502ed4146c8e9f83872e897c76cd2"},"headline":"Calle en Miami Beach llevar\u00e1 el nombre de Gloria Stefan","datePublished":"2024-08-01T21:11:34+00:00","dateModified":"2024-08-01T21:11:36+00:00","mainEntityOfPage":{"@id":"https:\/\/www.cuballama.com\/noticias\/calle-en-miami-beach-llevara-el-nombre-de-gloria-stefan\/"},"wordCount":602,"commentCount":0,"publisher":{"@id":"https:\/\/www.cuballama.com\/noticias\/#organization"},"image":{"@id":"https:\/\/www.cuballama.com\/noticias\/calle-en-miami-beach-llevara-el-nombre-de-gloria-stefan\/#primaryimage"},"thumbnailUrl":"https:\/\/cdn1.mediawpaccore.net\/wp-content\/uploads\/2023\/09\/01150949\/shutterstock_6310114-1.jpg","keywords":["calles","Celia Cruz","Gloria Stefan","Jorge M\u00e1s Canosa","Miami Beach","Oswaldo Pay\u00e1"],"articleSection":["Far\u00e1ndula","Noticias","Noticias de Miami"],"inLanguage":"es","potentialAction":[{"@type":"CommentAction","name":"Comment","target":["https:\/\/www.cuballama.com\/noticias\/calle-en-miami-beach-llevara-el-nombre-de-gloria-stefan\/#respond"]}]},{"@type":"WebPage","@id":"https:\/\/www.cuballama.com\/noticias\/calle-en-miami-beach-llevara-el-nombre-de-gloria-stefan\/","url":"https:\/\/www.cuballama.com\/noticias\/calle-en-miami-beach-llevara-el-nombre-de-gloria-stefan\/","name":"Calle en Miami Beach llevar\u00e1 el nombre de Gloria Stefan - Cuballama Noticias","isPartOf":{"@id":"https:\/\/www.cuballama.com\/noticias\/#website"},"primaryImageOfPage":{"@id":"https:\/\/www.cuballama.com\/noticias\/calle-en-miami-beach-llevara-el-nombre-de-gloria-stefan\/#primaryimage"},"image":{"@id":"https:\/\/www.cuballama.com\/noticias\/calle-en-miami-beach-llevara-el-nombre-de-gloria-stefan\/#primaryimage"},"thumbnailUrl":"https:\/\/cdn1.mediawpaccore.net\/wp-content\/uploads\/2023\/09\/01150949\/shutterstock_6310114-1.jpg","datePublished":"2024-08-01T21:11:34+00:00","dateModified":"2024-08-01T21:11:36+00:00","description":"La Calle 13, en Miami Beach, una calle situada entre Ocean Drive y Meridian Avenue, ser\u00e1 conocida como Gloria Estefan Way","breadcrumb":{"@id":"https:\/\/www.cuballama.com\/noticias\/calle-en-miami-beach-llevara-el-nombre-de-gloria-stefan\/#breadcrumb"},"inLanguage":"es","potentialAction":[{"@type":"ReadAction","target":["https:\/\/www.cuballama.com\/noticias\/calle-en-miami-beach-llevara-el-nombre-de-gloria-stefan\/"]}]},{"@type":"ImageObject","inLanguage":"es","@id":"https:\/\/www.cuballama.com\/noticias\/calle-en-miami-beach-llevara-el-nombre-de-gloria-stefan\/#primaryimage","url":"https:\/\/cdn1.mediawpaccore.net\/wp-content\/uploads\/2023\/09\/01150949\/shutterstock_6310114-1.jpg","contentUrl":"https:\/\/cdn1.mediawpaccore.net\/wp-content\/uploads\/2023\/09\/01150949\/shutterstock_6310114-1.jpg","width":1000,"height":656,"caption":"Foto: Stocklight | Shutterstock"},{"@type":"BreadcrumbList","@id":"https:\/\/www.cuballama.com\/noticias\/calle-en-miami-beach-llevara-el-nombre-de-gloria-stefan\/#breadcrumb","itemListElement":[{"@type":"ListItem","position":1,"name":"Home","item":"https:\/\/www.cuballama.com\/noticias\/"},{"@type":"ListItem","position":2,"name":"Calle en Miami Beach llevar\u00e1 el nombre de Gloria Stefan"}]},{"@type":"WebSite","@id":"https:\/\/www.cuballama.com\/noticias\/#website","url":"https:\/\/www.cuballama.com\/noticias\/","name":"Cuballama Noticias","description":"Medio digital sobre Cuba y el mundo","publisher":{"@id":"https:\/\/www.cuballama.com\/noticias\/#organization"},"potentialAction":[{"@type":"SearchAction","target":{"@type":"EntryPoint","urlTemplate":"https:\/\/www.cuballama.com\/noticias\/?s={search_term_string}"},"query-input":{"@type":"PropertyValueSpecification","valueRequired":true,"valueName":"search_term_string"}}],"inLanguage":"es"},{"@type":"Organization","@id":"https:\/\/www.cuballama.com\/noticias\/#organization","name":"Cuballama","url":"https:\/\/www.cuballama.com\/noticias\/","logo":{"@type":"ImageObject","inLanguage":"es","@id":"https:\/\/www.cuballama.com\/noticias\/#\/schema\/logo\/image\/","url":"https:\/\/cdn1.mediawpaccore.net\/wp-content\/uploads\/2021\/12\/28171206\/cbll-logo-color-sm.png","contentUrl":"https:\/\/cdn1.mediawpaccore.net\/wp-content\/uploads\/2021\/12\/28171206\/cbll-logo-color-sm.png","width":600,"height":133,"caption":"Cuballama"},"image":{"@id":"https:\/\/www.cuballama.com\/noticias\/#\/schema\/logo\/image\/"},"sameAs":["https:\/\/www.facebook.com\/CubaLlama","https:\/\/x.com\/cuballama","https:\/\/www.instagram.com\/stories\/cuballama_oficial\/","https:\/\/www.youtube.com\/channel\/UCKkFE-d_axENGZcrc4as0IA"]},{"@type":"Person","@id":"https:\/\/www.cuballama.com\/noticias\/#\/schema\/person\/a58502ed4146c8e9f83872e897c76cd2","name":"Roberto A.","description":"Roberto A. Periodista por decisi\u00f3n propia. Interesado en cualquier tema que me apasione y cada vez m\u00e1s comprometido con la verdad y la objetividad period\u00edstica. Graduado en La Habana hace ya muchos a\u00f1os, luego de una accidentada y polvorienta b\u00fasqueda de informaci\u00f3n sobre un tema in\u00e9dito. La Tesis, por cierto, desapareci\u00f3 de la biblioteca y no se conservan copias de la misma.","url":"https:\/\/www.cuballama.com\/noticias\/author\/roberto\/"}]}},"_links":{"self":[{"href":"https:\/\/www.cuballama.com\/noticias\/wp-json\/wp\/v2\/posts\/178344","targetHints":{"allow":["GET"]}}],"collection":[{"href":"https:\/\/www.cuballama.com\/noticias\/wp-json\/wp\/v2\/posts"}],"about":[{"href":"https:\/\/www.cuballama.com\/noticias\/wp-json\/wp\/v2\/types\/post"}],"author":[{"embeddable":true,"href":"https:\/\/www.cuballama.com\/noticias\/wp-json\/wp\/v2\/users\/13"}],"replies":[{"embeddable":true,"href":"https:\/\/www.cuballama.com\/noticias\/wp-json\/wp\/v2\/comments?post=178344"}],"version-history":[{"count":4,"href":"https:\/\/www.cuballama.com\/noticias\/wp-json\/wp\/v2\/posts\/178344\/revisions"}],"predecessor-version":[{"id":178404,"href":"https:\/\/www.cuballama.com\/noticias\/wp-json\/wp\/v2\/posts\/178344\/revisions\/178404"}],"wp:featuredmedia":[{"embeddable":true,"href":"https:\/\/www.cuballama.com\/noticias\/wp-json\/wp\/v2\/media\/136136"}],"wp:attachment":[{"href":"https:\/\/www.cuballama.com\/noticias\/wp-json\/wp\/v2\/media?parent=178344"}],"wp:term":[{"taxonomy":"category","embeddable":true,"href":"https:\/\/www.cuballama.com\/noticias\/wp-json\/wp\/v2\/categories?post=178344"},{"taxonomy":"post_tag","embeddable":true,"href":"https:\/\/www.cuballama.com\/noticias\/wp-json\/wp\/v2\/tags?post=178344"}],"curies":[{"name":"wp","href":"https:\/\/api.w.org\/{rel}","templated":true}]}}