{"id":177801,"date":"2024-07-29T22:21:58","date_gmt":"2024-07-30T02:21:58","guid":{"rendered":"https:\/\/www.cuballama.com\/noticias\/?p=177801"},"modified":"2024-07-29T22:21:58","modified_gmt":"2024-07-30T02:21:58","slug":"ulises-toirac-arremete-contra-facebook-que-discrimina-su-reconocimiento-facial","status":"publish","type":"post","link":"https:\/\/www.cuballama.com\/noticias\/ulises-toirac-arremete-contra-facebook-que-discrimina-su-reconocimiento-facial\/","title":{"rendered":"Ulises Toirac arremete contra Facebook que discrimina su \u00abreconocimiento facial\u00bb"},"content":{"rendered":"\n<p>Ulises Toirac, un prominente actor y humorista cubano, al que NADIE le puede arrebatar la gloria de burlarse \u00e9l mismo de todo, e incluso de su fealdad f\u00edsica aparente, recientemente <a href=\"https:\/\/www.facebook.com\/ulisestoiraccuba\/posts\/pfbid0U5WiXZrswULsHcjQfWfee7W2nWfXYP4EbbLZrkmuQf82J5H68rnkGF8zDiRrEbMtl\" target=\"_blank\" rel=\"noreferrer noopener nofollow\">ha lanzado una cr\u00edtica feroz contra Facebook <\/a>y su uso de tecnolog\u00edas de reconocimiento facial, que seg\u00fan \u00e9l, discrimina en contra de ciertos usuarios. A trav\u00e9s de una publicaci\u00f3n en su perfil personal, Toirac comparti\u00f3 su experiencia frustrante con la plataforma, que temporalmente le deneg\u00f3 el acceso a su cuenta por un supuesto mal uso.<\/p>\n\n\n\n<p>La controversia comenz\u00f3 cuando, durante el proceso para recuperar su cuenta, Facebook solicit\u00f3 a Toirac una fotograf\u00eda de identificaci\u00f3n.<\/p>\n\n\n\n<p>Sin embargo, tras proporcionar la imagen requerida, la respuesta de la plataforma fue que no hab\u00eda un \u00abrostro reconocible\u00bb, neg\u00e1ndole la verificaci\u00f3n necesaria para el acceso. <\/p>\n\n\n\n<p>Esta no es la primera vez que Toirac enfrenta problemas con el reconocimiento facial, seg\u00fan expresara \u00e9l en su post. En sus palabras, describi\u00f3 c\u00f3mo, incluso en fotograf\u00edas grupales, la tecnolog\u00eda suele reconocer todos los rostros excepto el suyo, lo que \u00e9l ilustr\u00f3 humor\u00edsticamente como si fuera \u00abun trofeo deportivo con dos asas\u00bb. Lo de las dos asas es por sus prominentes orejas, de las cuales hasta \u00e9l mismo se burla.<\/p>\n\n\n\n<p>Toirac utiliz\u00f3 su plataforma para expresar su descontento y preocupaci\u00f3n por lo que considera una forma de discriminaci\u00f3n tecnol\u00f3gica. <\/p>\n\n\n\n<iframe loading=\"lazy\" src=\"https:\/\/www.facebook.com\/plugins\/post.php?href=https%3A%2F%2Fwww.facebook.com%2Fulisestoiraccuba%2Fposts%2Fpfbid02XvxRiEnhnk5bLTLSsj5EKu6rSucGeL9RfbMebdd2aGG7YmhSdYFAX7kHiLo58zpCl&#038;show_text=true&#038;width=500\" width=\"500\" height=\"718\" style=\"border:none;overflow:hidden\" scrolling=\"no\" frameborder=\"0\" allowfullscreen=\"true\" allow=\"autoplay; clipboard-write; encrypted-media; picture-in-picture; web-share\"><\/iframe>\n\n\n\n<p>Esta discriminaci\u00f3n, seg\u00fan \u00e9l, es comparativamente da\u00f1ina como la discriminaci\u00f3n por sexo, raza o caracter\u00edsticas f\u00edsicas. Su relato pone de manifiesto un problema m\u00e1s amplio: la manera en que las tecnolog\u00edas de reconocimiento facial pueden perpetuar desigualdades existentes o introducir nuevas formas de exclusi\u00f3n.<\/p>\n\n\n\n<p>M\u00e1s all\u00e1 de la cr\u00edtica, Toirac tambi\u00e9n encontr\u00f3 un lado positivo en su situaci\u00f3n: la dificultad para ser identificado y rastreado por sistemas de vigilancia omnipresentes, refiri\u00e9ndose a ellos como el \u00abGran Hermano\u00bb. Aunque lo expres\u00f3 con un tono sarc\u00e1stico, el comentario destaca una realidad preocupante sobre la privacidad y el anonimato en la era digital.<\/p>\n\n\n\n<p>La experiencia de Toirac resalta una faceta cr\u00edtica del debate sobre la \u00e9tica en la inteligencia artificial y la tecnolog\u00eda. La implementaci\u00f3n de herramientas tecnol\u00f3gicas que afectan la vida diaria de las personas debe realizarse con una consideraci\u00f3n cuidadosa de las consecuencias \u00e9ticas, especialmente en t\u00e9rminos de equidad y justicia. <\/p>\n\n\n\n<p>La tecnolog\u00eda aun est\u00e1 a pruebas y no es eficaz cien por ciento, aun y cuando ya se utiliza en numerosos aeropuertos del mundo. <\/p>\n\n\n\n<p>Hace cuesti\u00f3n de dos a\u00f1os, un hombre en Georgia fue detenido injustamente ya que la tecnolog\u00eda de reconocimiento facial lo identific\u00f3 err\u00f3neamente como un criminal.<\/p>\n\n\n\n<p><strong>tal vez quieras leer: <a href=\"https:\/\/www.cuballama.com\/noticias\/estados-unidos-fallo-en-reconocimiento-facial-envia-a-un-joven-a-la-carcel\/\">Estados Unidos: Fallo en reconocimiento facial env\u00eda a un joven a la c\u00e1rcel<\/a><\/strong><\/p>\n\n\n\n<p>Recientemente se hizo saber que, cerca de 7 mil personas que entraron a la final de la Copa Am\u00e9rica de F\u00fatbol de manera ilegal, han sido reconocidos gracias al reconocimiento facial que ellos \u00abaportan voluntariamente\u00bb a la hora de solicitar su entrada a los EE.UU. Los reconocidos, aseguran, ser\u00e1n llevados ante la justicia y se les prohibir\u00e1 la entrada al pa\u00eds en una pr\u00f3xima ocasi\u00f3n.<\/p>\n","protected":false},"excerpt":{"rendered":"<p>Con su habitual mezcla de humor y cr\u00edtica, Toirac no solo ha destacado una falla irritante en la tecnolog\u00eda moderna, sino que tambi\u00e9n ha incitado a una reflexi\u00f3n m\u00e1s profunda sobre c\u00f3mo las plataformas y las tecnolog\u00edas dise\u00f1an sus algoritmos y a qui\u00e9nes podr\u00edan estar dejando fuera en el proceso<\/p>\n","protected":false},"author":13,"featured_media":91177,"comment_status":"open","ping_status":"closed","sticky":false,"template":"","format":"standard","meta":{"_acf_changed":false,"footnotes":""},"categories":[443],"tags":[253,22056,7603,3522],"class_list":{"0":"post-177801","1":"post","2":"type-post","3":"status-publish","4":"format-standard","5":"has-post-thumbnail","7":"category-farandula","8":"tag-facebook","9":"tag-reconocimiento-faclal","10":"tag-teconologia","11":"tag-ulises-toirac"},"acf":[],"yoast_head":"<!-- This site is optimized with the Yoast SEO plugin v27.5 - https:\/\/yoast.com\/product\/yoast-seo-wordpress\/ -->\n<title>Ulises Toirac arremete contra Facebook que discrimina su &quot;reconocimiento facial&quot; - Cuballama Noticias<\/title>\n<meta name=\"description\" content=\"La experiencia de Toirac resalta una faceta cr\u00edtica del debate sobre la \u00e9tica en la inteligencia artificial y la tecnolog\u00eda.\" \/>\n<meta name=\"robots\" content=\"index, follow, max-snippet:-1, max-image-preview:large, max-video-preview:-1\" \/>\n<link rel=\"canonical\" href=\"https:\/\/www.cuballama.com\/noticias\/ulises-toirac-arremete-contra-facebook-que-discrimina-su-reconocimiento-facial\/\" \/>\n<meta property=\"og:locale\" content=\"es_ES\" \/>\n<meta property=\"og:type\" content=\"article\" \/>\n<meta property=\"og:title\" content=\"Ulises Toirac arremete contra Facebook que discrimina su &quot;reconocimiento facial&quot; - Cuballama Noticias\" \/>\n<meta property=\"og:description\" content=\"La experiencia de Toirac resalta una faceta cr\u00edtica del debate sobre la \u00e9tica en la inteligencia artificial y la tecnolog\u00eda.\" \/>\n<meta property=\"og:url\" content=\"https:\/\/www.cuballama.com\/noticias\/ulises-toirac-arremete-contra-facebook-que-discrimina-su-reconocimiento-facial\/\" \/>\n<meta property=\"og:site_name\" content=\"Cuballama Noticias\" \/>\n<meta property=\"article:publisher\" content=\"https:\/\/www.facebook.com\/CubaLlama\" \/>\n<meta property=\"article:published_time\" content=\"2024-07-30T02:21:58+00:00\" \/>\n<meta property=\"og:image\" content=\"https:\/\/cdn1.mediawpaccore.net\/wp-content\/uploads\/2022\/04\/08103246\/Toirac-macartismo-Cuba.jpg\" \/>\n\t<meta property=\"og:image:width\" content=\"1385\" \/>\n\t<meta property=\"og:image:height\" content=\"780\" \/>\n\t<meta property=\"og:image:type\" content=\"image\/jpeg\" \/>\n<meta name=\"author\" content=\"Roberto A.\" \/>\n<meta name=\"twitter:card\" content=\"summary_large_image\" \/>\n<meta name=\"twitter:creator\" content=\"@cuballama\" \/>\n<meta name=\"twitter:site\" content=\"@cuballama\" \/>\n<meta name=\"twitter:label1\" content=\"Escrito por\" \/>\n\t<meta name=\"twitter:data1\" content=\"Roberto A.\" \/>\n\t<meta name=\"twitter:label2\" content=\"Tiempo de lectura\" \/>\n\t<meta name=\"twitter:data2\" content=\"3 minutos\" \/>\n<script type=\"application\/ld+json\" class=\"yoast-schema-graph\">{\"@context\":\"https:\\\/\\\/schema.org\",\"@graph\":[{\"@type\":\"Article\",\"@id\":\"https:\\\/\\\/www.cuballama.com\\\/noticias\\\/ulises-toirac-arremete-contra-facebook-que-discrimina-su-reconocimiento-facial\\\/#article\",\"isPartOf\":{\"@id\":\"https:\\\/\\\/www.cuballama.com\\\/noticias\\\/ulises-toirac-arremete-contra-facebook-que-discrimina-su-reconocimiento-facial\\\/\"},\"author\":{\"name\":\"Roberto A.\",\"@id\":\"https:\\\/\\\/www.cuballama.com\\\/noticias\\\/#\\\/schema\\\/person\\\/a58502ed4146c8e9f83872e897c76cd2\"},\"headline\":\"Ulises Toirac arremete contra Facebook que discrimina su \u00abreconocimiento facial\u00bb\",\"datePublished\":\"2024-07-30T02:21:58+00:00\",\"mainEntityOfPage\":{\"@id\":\"https:\\\/\\\/www.cuballama.com\\\/noticias\\\/ulises-toirac-arremete-contra-facebook-que-discrimina-su-reconocimiento-facial\\\/\"},\"wordCount\":564,\"commentCount\":0,\"publisher\":{\"@id\":\"https:\\\/\\\/www.cuballama.com\\\/noticias\\\/#organization\"},\"image\":{\"@id\":\"https:\\\/\\\/www.cuballama.com\\\/noticias\\\/ulises-toirac-arremete-contra-facebook-que-discrimina-su-reconocimiento-facial\\\/#primaryimage\"},\"thumbnailUrl\":\"https:\\\/\\\/cdn1.mediawpaccore.net\\\/wp-content\\\/uploads\\\/2022\\\/04\\\/08103246\\\/Toirac-macartismo-Cuba.jpg\",\"keywords\":[\"Facebook\",\"reconocimiento faclal\",\"Teconolog\u00eda\",\"Ulises Toirac\"],\"articleSection\":[\"Far\u00e1ndula\"],\"inLanguage\":\"es\",\"potentialAction\":[{\"@type\":\"CommentAction\",\"name\":\"Comment\",\"target\":[\"https:\\\/\\\/www.cuballama.com\\\/noticias\\\/ulises-toirac-arremete-contra-facebook-que-discrimina-su-reconocimiento-facial\\\/#respond\"]}]},{\"@type\":\"WebPage\",\"@id\":\"https:\\\/\\\/www.cuballama.com\\\/noticias\\\/ulises-toirac-arremete-contra-facebook-que-discrimina-su-reconocimiento-facial\\\/\",\"url\":\"https:\\\/\\\/www.cuballama.com\\\/noticias\\\/ulises-toirac-arremete-contra-facebook-que-discrimina-su-reconocimiento-facial\\\/\",\"name\":\"Ulises Toirac arremete contra Facebook que discrimina su \\\"reconocimiento facial\\\" - Cuballama Noticias\",\"isPartOf\":{\"@id\":\"https:\\\/\\\/www.cuballama.com\\\/noticias\\\/#website\"},\"primaryImageOfPage\":{\"@id\":\"https:\\\/\\\/www.cuballama.com\\\/noticias\\\/ulises-toirac-arremete-contra-facebook-que-discrimina-su-reconocimiento-facial\\\/#primaryimage\"},\"image\":{\"@id\":\"https:\\\/\\\/www.cuballama.com\\\/noticias\\\/ulises-toirac-arremete-contra-facebook-que-discrimina-su-reconocimiento-facial\\\/#primaryimage\"},\"thumbnailUrl\":\"https:\\\/\\\/cdn1.mediawpaccore.net\\\/wp-content\\\/uploads\\\/2022\\\/04\\\/08103246\\\/Toirac-macartismo-Cuba.jpg\",\"datePublished\":\"2024-07-30T02:21:58+00:00\",\"description\":\"La experiencia de Toirac resalta una faceta cr\u00edtica del debate sobre la \u00e9tica en la inteligencia artificial y la tecnolog\u00eda.\",\"breadcrumb\":{\"@id\":\"https:\\\/\\\/www.cuballama.com\\\/noticias\\\/ulises-toirac-arremete-contra-facebook-que-discrimina-su-reconocimiento-facial\\\/#breadcrumb\"},\"inLanguage\":\"es\",\"potentialAction\":[{\"@type\":\"ReadAction\",\"target\":[\"https:\\\/\\\/www.cuballama.com\\\/noticias\\\/ulises-toirac-arremete-contra-facebook-que-discrimina-su-reconocimiento-facial\\\/\"]}]},{\"@type\":\"ImageObject\",\"inLanguage\":\"es\",\"@id\":\"https:\\\/\\\/www.cuballama.com\\\/noticias\\\/ulises-toirac-arremete-contra-facebook-que-discrimina-su-reconocimiento-facial\\\/#primaryimage\",\"url\":\"https:\\\/\\\/cdn1.mediawpaccore.net\\\/wp-content\\\/uploads\\\/2022\\\/04\\\/08103246\\\/Toirac-macartismo-Cuba.jpg\",\"contentUrl\":\"https:\\\/\\\/cdn1.mediawpaccore.net\\\/wp-content\\\/uploads\\\/2022\\\/04\\\/08103246\\\/Toirac-macartismo-Cuba.jpg\",\"width\":1385,\"height\":780,\"caption\":\"Ulises Toirac sigue en Cuba,.\"},{\"@type\":\"BreadcrumbList\",\"@id\":\"https:\\\/\\\/www.cuballama.com\\\/noticias\\\/ulises-toirac-arremete-contra-facebook-que-discrimina-su-reconocimiento-facial\\\/#breadcrumb\",\"itemListElement\":[{\"@type\":\"ListItem\",\"position\":1,\"name\":\"Home\",\"item\":\"https:\\\/\\\/www.cuballama.com\\\/noticias\\\/\"},{\"@type\":\"ListItem\",\"position\":2,\"name\":\"Ulises Toirac arremete contra Facebook que discrimina su \u00abreconocimiento facial\u00bb\"}]},{\"@type\":\"WebSite\",\"@id\":\"https:\\\/\\\/www.cuballama.com\\\/noticias\\\/#website\",\"url\":\"https:\\\/\\\/www.cuballama.com\\\/noticias\\\/\",\"name\":\"Cuballama Noticias\",\"description\":\"Medio digital sobre Cuba y el mundo\",\"publisher\":{\"@id\":\"https:\\\/\\\/www.cuballama.com\\\/noticias\\\/#organization\"},\"potentialAction\":[{\"@type\":\"SearchAction\",\"target\":{\"@type\":\"EntryPoint\",\"urlTemplate\":\"https:\\\/\\\/www.cuballama.com\\\/noticias\\\/?s={search_term_string}\"},\"query-input\":{\"@type\":\"PropertyValueSpecification\",\"valueRequired\":true,\"valueName\":\"search_term_string\"}}],\"inLanguage\":\"es\"},{\"@type\":\"Organization\",\"@id\":\"https:\\\/\\\/www.cuballama.com\\\/noticias\\\/#organization\",\"name\":\"Cuballama\",\"url\":\"https:\\\/\\\/www.cuballama.com\\\/noticias\\\/\",\"logo\":{\"@type\":\"ImageObject\",\"inLanguage\":\"es\",\"@id\":\"https:\\\/\\\/www.cuballama.com\\\/noticias\\\/#\\\/schema\\\/logo\\\/image\\\/\",\"url\":\"https:\\\/\\\/cdn1.mediawpaccore.net\\\/wp-content\\\/uploads\\\/2021\\\/12\\\/28171206\\\/cbll-logo-color-sm.png\",\"contentUrl\":\"https:\\\/\\\/cdn1.mediawpaccore.net\\\/wp-content\\\/uploads\\\/2021\\\/12\\\/28171206\\\/cbll-logo-color-sm.png\",\"width\":600,\"height\":133,\"caption\":\"Cuballama\"},\"image\":{\"@id\":\"https:\\\/\\\/www.cuballama.com\\\/noticias\\\/#\\\/schema\\\/logo\\\/image\\\/\"},\"sameAs\":[\"https:\\\/\\\/www.facebook.com\\\/CubaLlama\",\"https:\\\/\\\/x.com\\\/cuballama\",\"https:\\\/\\\/www.instagram.com\\\/stories\\\/cuballama_oficial\\\/\",\"https:\\\/\\\/www.youtube.com\\\/channel\\\/UCKkFE-d_axENGZcrc4as0IA\"]},{\"@type\":\"Person\",\"@id\":\"https:\\\/\\\/www.cuballama.com\\\/noticias\\\/#\\\/schema\\\/person\\\/a58502ed4146c8e9f83872e897c76cd2\",\"name\":\"Roberto A.\",\"description\":\"Roberto A. Periodista por decisi\u00f3n propia. Interesado en cualquier tema que me apasione y cada vez m\u00e1s comprometido con la verdad y la objetividad period\u00edstica. Graduado en La Habana hace ya muchos a\u00f1os, luego de una accidentada y polvorienta b\u00fasqueda de informaci\u00f3n sobre un tema in\u00e9dito. La Tesis, por cierto, desapareci\u00f3 de la biblioteca y no se conservan copias de la misma.\",\"url\":\"https:\\\/\\\/www.cuballama.com\\\/noticias\\\/author\\\/roberto\\\/\"}]}<\/script>\n<!-- \/ Yoast SEO plugin. -->","yoast_head_json":{"title":"Ulises Toirac arremete contra Facebook que discrimina su \"reconocimiento facial\" - Cuballama Noticias","description":"La experiencia de Toirac resalta una faceta cr\u00edtica del debate sobre la \u00e9tica en la inteligencia artificial y la tecnolog\u00eda.","robots":{"index":"index","follow":"follow","max-snippet":"max-snippet:-1","max-image-preview":"max-image-preview:large","max-video-preview":"max-video-preview:-1"},"canonical":"https:\/\/www.cuballama.com\/noticias\/ulises-toirac-arremete-contra-facebook-que-discrimina-su-reconocimiento-facial\/","og_locale":"es_ES","og_type":"article","og_title":"Ulises Toirac arremete contra Facebook que discrimina su \"reconocimiento facial\" - Cuballama Noticias","og_description":"La experiencia de Toirac resalta una faceta cr\u00edtica del debate sobre la \u00e9tica en la inteligencia artificial y la tecnolog\u00eda.","og_url":"https:\/\/www.cuballama.com\/noticias\/ulises-toirac-arremete-contra-facebook-que-discrimina-su-reconocimiento-facial\/","og_site_name":"Cuballama Noticias","article_publisher":"https:\/\/www.facebook.com\/CubaLlama","article_published_time":"2024-07-30T02:21:58+00:00","og_image":[{"width":1385,"height":780,"url":"https:\/\/cdn1.mediawpaccore.net\/wp-content\/uploads\/2022\/04\/08103246\/Toirac-macartismo-Cuba.jpg","type":"image\/jpeg"}],"author":"Roberto A.","twitter_card":"summary_large_image","twitter_creator":"@cuballama","twitter_site":"@cuballama","twitter_misc":{"Escrito por":"Roberto A.","Tiempo de lectura":"3 minutos"},"schema":{"@context":"https:\/\/schema.org","@graph":[{"@type":"Article","@id":"https:\/\/www.cuballama.com\/noticias\/ulises-toirac-arremete-contra-facebook-que-discrimina-su-reconocimiento-facial\/#article","isPartOf":{"@id":"https:\/\/www.cuballama.com\/noticias\/ulises-toirac-arremete-contra-facebook-que-discrimina-su-reconocimiento-facial\/"},"author":{"name":"Roberto A.","@id":"https:\/\/www.cuballama.com\/noticias\/#\/schema\/person\/a58502ed4146c8e9f83872e897c76cd2"},"headline":"Ulises Toirac arremete contra Facebook que discrimina su \u00abreconocimiento facial\u00bb","datePublished":"2024-07-30T02:21:58+00:00","mainEntityOfPage":{"@id":"https:\/\/www.cuballama.com\/noticias\/ulises-toirac-arremete-contra-facebook-que-discrimina-su-reconocimiento-facial\/"},"wordCount":564,"commentCount":0,"publisher":{"@id":"https:\/\/www.cuballama.com\/noticias\/#organization"},"image":{"@id":"https:\/\/www.cuballama.com\/noticias\/ulises-toirac-arremete-contra-facebook-que-discrimina-su-reconocimiento-facial\/#primaryimage"},"thumbnailUrl":"https:\/\/cdn1.mediawpaccore.net\/wp-content\/uploads\/2022\/04\/08103246\/Toirac-macartismo-Cuba.jpg","keywords":["Facebook","reconocimiento faclal","Teconolog\u00eda","Ulises Toirac"],"articleSection":["Far\u00e1ndula"],"inLanguage":"es","potentialAction":[{"@type":"CommentAction","name":"Comment","target":["https:\/\/www.cuballama.com\/noticias\/ulises-toirac-arremete-contra-facebook-que-discrimina-su-reconocimiento-facial\/#respond"]}]},{"@type":"WebPage","@id":"https:\/\/www.cuballama.com\/noticias\/ulises-toirac-arremete-contra-facebook-que-discrimina-su-reconocimiento-facial\/","url":"https:\/\/www.cuballama.com\/noticias\/ulises-toirac-arremete-contra-facebook-que-discrimina-su-reconocimiento-facial\/","name":"Ulises Toirac arremete contra Facebook que discrimina su \"reconocimiento facial\" - Cuballama Noticias","isPartOf":{"@id":"https:\/\/www.cuballama.com\/noticias\/#website"},"primaryImageOfPage":{"@id":"https:\/\/www.cuballama.com\/noticias\/ulises-toirac-arremete-contra-facebook-que-discrimina-su-reconocimiento-facial\/#primaryimage"},"image":{"@id":"https:\/\/www.cuballama.com\/noticias\/ulises-toirac-arremete-contra-facebook-que-discrimina-su-reconocimiento-facial\/#primaryimage"},"thumbnailUrl":"https:\/\/cdn1.mediawpaccore.net\/wp-content\/uploads\/2022\/04\/08103246\/Toirac-macartismo-Cuba.jpg","datePublished":"2024-07-30T02:21:58+00:00","description":"La experiencia de Toirac resalta una faceta cr\u00edtica del debate sobre la \u00e9tica en la inteligencia artificial y la tecnolog\u00eda.","breadcrumb":{"@id":"https:\/\/www.cuballama.com\/noticias\/ulises-toirac-arremete-contra-facebook-que-discrimina-su-reconocimiento-facial\/#breadcrumb"},"inLanguage":"es","potentialAction":[{"@type":"ReadAction","target":["https:\/\/www.cuballama.com\/noticias\/ulises-toirac-arremete-contra-facebook-que-discrimina-su-reconocimiento-facial\/"]}]},{"@type":"ImageObject","inLanguage":"es","@id":"https:\/\/www.cuballama.com\/noticias\/ulises-toirac-arremete-contra-facebook-que-discrimina-su-reconocimiento-facial\/#primaryimage","url":"https:\/\/cdn1.mediawpaccore.net\/wp-content\/uploads\/2022\/04\/08103246\/Toirac-macartismo-Cuba.jpg","contentUrl":"https:\/\/cdn1.mediawpaccore.net\/wp-content\/uploads\/2022\/04\/08103246\/Toirac-macartismo-Cuba.jpg","width":1385,"height":780,"caption":"Ulises Toirac sigue en Cuba,."},{"@type":"BreadcrumbList","@id":"https:\/\/www.cuballama.com\/noticias\/ulises-toirac-arremete-contra-facebook-que-discrimina-su-reconocimiento-facial\/#breadcrumb","itemListElement":[{"@type":"ListItem","position":1,"name":"Home","item":"https:\/\/www.cuballama.com\/noticias\/"},{"@type":"ListItem","position":2,"name":"Ulises Toirac arremete contra Facebook que discrimina su \u00abreconocimiento facial\u00bb"}]},{"@type":"WebSite","@id":"https:\/\/www.cuballama.com\/noticias\/#website","url":"https:\/\/www.cuballama.com\/noticias\/","name":"Cuballama Noticias","description":"Medio digital sobre Cuba y el mundo","publisher":{"@id":"https:\/\/www.cuballama.com\/noticias\/#organization"},"potentialAction":[{"@type":"SearchAction","target":{"@type":"EntryPoint","urlTemplate":"https:\/\/www.cuballama.com\/noticias\/?s={search_term_string}"},"query-input":{"@type":"PropertyValueSpecification","valueRequired":true,"valueName":"search_term_string"}}],"inLanguage":"es"},{"@type":"Organization","@id":"https:\/\/www.cuballama.com\/noticias\/#organization","name":"Cuballama","url":"https:\/\/www.cuballama.com\/noticias\/","logo":{"@type":"ImageObject","inLanguage":"es","@id":"https:\/\/www.cuballama.com\/noticias\/#\/schema\/logo\/image\/","url":"https:\/\/cdn1.mediawpaccore.net\/wp-content\/uploads\/2021\/12\/28171206\/cbll-logo-color-sm.png","contentUrl":"https:\/\/cdn1.mediawpaccore.net\/wp-content\/uploads\/2021\/12\/28171206\/cbll-logo-color-sm.png","width":600,"height":133,"caption":"Cuballama"},"image":{"@id":"https:\/\/www.cuballama.com\/noticias\/#\/schema\/logo\/image\/"},"sameAs":["https:\/\/www.facebook.com\/CubaLlama","https:\/\/x.com\/cuballama","https:\/\/www.instagram.com\/stories\/cuballama_oficial\/","https:\/\/www.youtube.com\/channel\/UCKkFE-d_axENGZcrc4as0IA"]},{"@type":"Person","@id":"https:\/\/www.cuballama.com\/noticias\/#\/schema\/person\/a58502ed4146c8e9f83872e897c76cd2","name":"Roberto A.","description":"Roberto A. Periodista por decisi\u00f3n propia. Interesado en cualquier tema que me apasione y cada vez m\u00e1s comprometido con la verdad y la objetividad period\u00edstica. Graduado en La Habana hace ya muchos a\u00f1os, luego de una accidentada y polvorienta b\u00fasqueda de informaci\u00f3n sobre un tema in\u00e9dito. La Tesis, por cierto, desapareci\u00f3 de la biblioteca y no se conservan copias de la misma.","url":"https:\/\/www.cuballama.com\/noticias\/author\/roberto\/"}]}},"_links":{"self":[{"href":"https:\/\/www.cuballama.com\/noticias\/wp-json\/wp\/v2\/posts\/177801","targetHints":{"allow":["GET"]}}],"collection":[{"href":"https:\/\/www.cuballama.com\/noticias\/wp-json\/wp\/v2\/posts"}],"about":[{"href":"https:\/\/www.cuballama.com\/noticias\/wp-json\/wp\/v2\/types\/post"}],"author":[{"embeddable":true,"href":"https:\/\/www.cuballama.com\/noticias\/wp-json\/wp\/v2\/users\/13"}],"replies":[{"embeddable":true,"href":"https:\/\/www.cuballama.com\/noticias\/wp-json\/wp\/v2\/comments?post=177801"}],"version-history":[{"count":2,"href":"https:\/\/www.cuballama.com\/noticias\/wp-json\/wp\/v2\/posts\/177801\/revisions"}],"predecessor-version":[{"id":177812,"href":"https:\/\/www.cuballama.com\/noticias\/wp-json\/wp\/v2\/posts\/177801\/revisions\/177812"}],"wp:featuredmedia":[{"embeddable":true,"href":"https:\/\/www.cuballama.com\/noticias\/wp-json\/wp\/v2\/media\/91177"}],"wp:attachment":[{"href":"https:\/\/www.cuballama.com\/noticias\/wp-json\/wp\/v2\/media?parent=177801"}],"wp:term":[{"taxonomy":"category","embeddable":true,"href":"https:\/\/www.cuballama.com\/noticias\/wp-json\/wp\/v2\/categories?post=177801"},{"taxonomy":"post_tag","embeddable":true,"href":"https:\/\/www.cuballama.com\/noticias\/wp-json\/wp\/v2\/tags?post=177801"}],"curies":[{"name":"wp","href":"https:\/\/api.w.org\/{rel}","templated":true}]}}