{"id":177551,"date":"2024-07-25T11:05:07","date_gmt":"2024-07-25T15:05:07","guid":{"rendered":"https:\/\/www.cuballama.com\/noticias\/?p=177551"},"modified":"2024-07-25T11:35:50","modified_gmt":"2024-07-25T15:35:50","slug":"muere-joven-cubano-que-sufrio-disparo-de-un-policia-en-la-cabeza","status":"publish","type":"post","link":"https:\/\/www.cuballama.com\/noticias\/muere-joven-cubano-que-sufrio-disparo-de-un-policia-en-la-cabeza\/","title":{"rendered":"Muere joven cubano que sufri\u00f3 disparo de un polic\u00eda en la cabeza"},"content":{"rendered":"\n<p>El joven Ernesto Figueredo Alarc\u00f3n falleci\u00f3 este jueves a causa de un disparo en la cabeza propinado por un polic\u00eda tras permanecer varios d\u00edas en terapia intensiva en el Hospital General Docente Provincial Carlos Manuel de C\u00e9spedes, donde hab\u00eda sido diagnosticado de muerte encef\u00e1lica.<\/p>\n\n\n\n<p>Figueredo, de 22 a\u00f1os,  fue v\u00edctima del disparo por un agente con quien manten\u00eda una relaci\u00f3n de amistad. Ambos se encontraban conversando en un cuarto en casa del joven donde recibi\u00f3 el disparo. Hasta ahora se desconocen las causas del hecho aunque todo apunta a un accidente seg\u00fan fuentes cercanas a la v\u00edctima. Los hechos ocurrieron en el reparto Rosa La Bayamesa, en Bayamo.<\/p>\n\n\n\n<p>Los familiares del joven se\u00f1alaron a Cubanet que el polic\u00eda permanece detenido aunque no han obtenido declaraciones de las autoridades sobre la investigaci\u00f3n. <\/p>\n\n\n\n<p>Un amigo cercano de la v\u00edctima H\u00e9ctor Osorio divulg\u00f3 un emotivo mensaje en sus redes sociales para darle el \u00faltimo adi\u00f3s. <\/p>\n\n\n\n<p> \u201cTu luz brillar\u00e1 por siempre en nuestros corazones. Gracias por haber sido un amigo incre\u00edble. Honramos tu vida celebrando los recuerdos que compartimos. Tu partida nos entristece, pero tu legado perdurar\u00e1 a trav\u00e9s de nuestros recuerdos y amor eterno. EPD mi amigo\u00bb.<\/p>\n\n\n\n<p>La familia del joven declar\u00f3 a Cubanet que \u00abno exist\u00eda ning\u00fan problema o discusi\u00f3n entre ellos en ese momento, por lo que desconocen qu\u00e9 pudo haber provocado el fat\u00eddico suceso\u00bb.<\/p>\n\n\n\n<p>Delia Ram\u00edrez, amiga de Figueredo Alarc\u00f3n, se\u00f1al\u00f3 en sus redes sociales  que el polic\u00eda, a quien conoc\u00edan como \u201cChucho, El tirado\u201d, padec\u00eda problemas mentales por lo que no pod\u00eda portar un arma ni pertenecer a los cuerpos de la polic\u00eda.<\/p>\n\n\n\n<p>\u201cChucho antes era trabajador de la campa\u00f1a antivectorial y luego pas\u00f3 un curso, se hizo polic\u00eda y le dieron un arma, a una persona que no est\u00e1 en los cinco sentidos. M\u00e1s anormal es el que lo hizo. Ellos se llevaban bien y aun as\u00ed le desgraci\u00f3 la vida a Ernesto\u201d, dijo Ram\u00edrez. <\/p>\n\n\n\n<p>Sin embargo la familia de joven niega que el agente tuviera alg\u00fan tipo de discapacidad mental. <\/p>\n","protected":false},"excerpt":{"rendered":"<p>El joven Ernesto Figueredo Alarc\u00f3n falleci\u00f3 este jueves a causa de un disparo en la cabeza propinado por un polic\u00eda tras permanecer varios d\u00edas en terapia intensiva.<\/p>\n","protected":false},"author":24,"featured_media":177554,"comment_status":"open","ping_status":"closed","sticky":false,"template":"","format":"standard","meta":{"_acf_changed":false,"footnotes":""},"categories":[18,955],"tags":[10610,10867,92,941],"class_list":{"0":"post-177551","1":"post","2":"type-post","3":"status-publish","4":"format-standard","5":"has-post-thumbnail","7":"category-noticias","8":"category-noticias-de-cuba","9":"tag-abuso-policial-en-cuba","10":"tag-crisis-en-cuba","11":"tag-cubanos","12":"tag-destacado"},"acf":[],"yoast_head":"<!-- This site is optimized with the Yoast SEO plugin v27.5 - https:\/\/yoast.com\/product\/yoast-seo-wordpress\/ -->\n<title>Muere joven cubano que sufri\u00f3 disparo de un polic\u00eda en la cabeza - Cuballama Noticias<\/title>\n<meta name=\"description\" content=\"El joven cubano Ernesto Figueredo Alarc\u00f3n falleci\u00f3 este jueves a causa de un disparo en la cabeza propinado por un polic\u00eda.\" \/>\n<meta name=\"robots\" content=\"index, follow, max-snippet:-1, max-image-preview:large, max-video-preview:-1\" \/>\n<link rel=\"canonical\" href=\"https:\/\/www.cuballama.com\/noticias\/muere-joven-cubano-que-sufrio-disparo-de-un-policia-en-la-cabeza\/\" \/>\n<meta property=\"og:locale\" content=\"es_ES\" \/>\n<meta property=\"og:type\" content=\"article\" \/>\n<meta property=\"og:title\" content=\"Muere joven cubano que sufri\u00f3 disparo de un polic\u00eda en la cabeza - Cuballama Noticias\" \/>\n<meta property=\"og:description\" content=\"El joven cubano Ernesto Figueredo Alarc\u00f3n falleci\u00f3 este jueves a causa de un disparo en la cabeza propinado por un polic\u00eda.\" \/>\n<meta property=\"og:url\" content=\"https:\/\/www.cuballama.com\/noticias\/muere-joven-cubano-que-sufrio-disparo-de-un-policia-en-la-cabeza\/\" \/>\n<meta property=\"og:site_name\" content=\"Cuballama Noticias\" \/>\n<meta property=\"article:publisher\" content=\"https:\/\/www.facebook.com\/CubaLlama\" \/>\n<meta property=\"article:published_time\" content=\"2024-07-25T15:05:07+00:00\" \/>\n<meta property=\"article:modified_time\" content=\"2024-07-25T15:35:50+00:00\" \/>\n<meta property=\"og:image\" content=\"https:\/\/cdn1.mediawpaccore.net\/wp-content\/uploads\/2024\/07\/25110007\/joven-cuba-cubanet-e1721904191363.jpg\" \/>\n\t<meta property=\"og:image:width\" content=\"750\" \/>\n\t<meta property=\"og:image:height\" content=\"393\" \/>\n\t<meta property=\"og:image:type\" content=\"image\/jpeg\" \/>\n<meta name=\"author\" content=\"Manu\" \/>\n<meta name=\"twitter:card\" content=\"summary_large_image\" \/>\n<meta name=\"twitter:creator\" content=\"@cuballama\" \/>\n<meta name=\"twitter:site\" content=\"@cuballama\" \/>\n<meta name=\"twitter:label1\" content=\"Escrito por\" \/>\n\t<meta name=\"twitter:data1\" content=\"Manu\" \/>\n\t<meta name=\"twitter:label2\" content=\"Tiempo de lectura\" \/>\n\t<meta name=\"twitter:data2\" content=\"2 minutos\" \/>\n<script type=\"application\/ld+json\" class=\"yoast-schema-graph\">{\"@context\":\"https:\\\/\\\/schema.org\",\"@graph\":[{\"@type\":\"Article\",\"@id\":\"https:\\\/\\\/www.cuballama.com\\\/noticias\\\/muere-joven-cubano-que-sufrio-disparo-de-un-policia-en-la-cabeza\\\/#article\",\"isPartOf\":{\"@id\":\"https:\\\/\\\/www.cuballama.com\\\/noticias\\\/muere-joven-cubano-que-sufrio-disparo-de-un-policia-en-la-cabeza\\\/\"},\"author\":{\"name\":\"Manu\",\"@id\":\"https:\\\/\\\/www.cuballama.com\\\/noticias\\\/#\\\/schema\\\/person\\\/5889f7d070564f8386e7944d14d436cd\"},\"headline\":\"Muere joven cubano que sufri\u00f3 disparo de un polic\u00eda en la cabeza\",\"datePublished\":\"2024-07-25T15:05:07+00:00\",\"dateModified\":\"2024-07-25T15:35:50+00:00\",\"mainEntityOfPage\":{\"@id\":\"https:\\\/\\\/www.cuballama.com\\\/noticias\\\/muere-joven-cubano-que-sufrio-disparo-de-un-policia-en-la-cabeza\\\/\"},\"wordCount\":382,\"commentCount\":0,\"publisher\":{\"@id\":\"https:\\\/\\\/www.cuballama.com\\\/noticias\\\/#organization\"},\"image\":{\"@id\":\"https:\\\/\\\/www.cuballama.com\\\/noticias\\\/muere-joven-cubano-que-sufrio-disparo-de-un-policia-en-la-cabeza\\\/#primaryimage\"},\"thumbnailUrl\":\"https:\\\/\\\/cdn1.mediawpaccore.net\\\/wp-content\\\/uploads\\\/2024\\\/07\\\/25110007\\\/joven-cuba-cubanet-e1721904191363.jpg\",\"keywords\":[\"Abuso policial en Cuba\",\"Crisis en Cuba\",\"cubanos\",\"destacado\"],\"articleSection\":[\"Noticias\",\"Noticias de Cuba\"],\"inLanguage\":\"es\",\"potentialAction\":[{\"@type\":\"CommentAction\",\"name\":\"Comment\",\"target\":[\"https:\\\/\\\/www.cuballama.com\\\/noticias\\\/muere-joven-cubano-que-sufrio-disparo-de-un-policia-en-la-cabeza\\\/#respond\"]}]},{\"@type\":\"WebPage\",\"@id\":\"https:\\\/\\\/www.cuballama.com\\\/noticias\\\/muere-joven-cubano-que-sufrio-disparo-de-un-policia-en-la-cabeza\\\/\",\"url\":\"https:\\\/\\\/www.cuballama.com\\\/noticias\\\/muere-joven-cubano-que-sufrio-disparo-de-un-policia-en-la-cabeza\\\/\",\"name\":\"Muere joven cubano que sufri\u00f3 disparo de un polic\u00eda en la cabeza - Cuballama Noticias\",\"isPartOf\":{\"@id\":\"https:\\\/\\\/www.cuballama.com\\\/noticias\\\/#website\"},\"primaryImageOfPage\":{\"@id\":\"https:\\\/\\\/www.cuballama.com\\\/noticias\\\/muere-joven-cubano-que-sufrio-disparo-de-un-policia-en-la-cabeza\\\/#primaryimage\"},\"image\":{\"@id\":\"https:\\\/\\\/www.cuballama.com\\\/noticias\\\/muere-joven-cubano-que-sufrio-disparo-de-un-policia-en-la-cabeza\\\/#primaryimage\"},\"thumbnailUrl\":\"https:\\\/\\\/cdn1.mediawpaccore.net\\\/wp-content\\\/uploads\\\/2024\\\/07\\\/25110007\\\/joven-cuba-cubanet-e1721904191363.jpg\",\"datePublished\":\"2024-07-25T15:05:07+00:00\",\"dateModified\":\"2024-07-25T15:35:50+00:00\",\"description\":\"El joven cubano Ernesto Figueredo Alarc\u00f3n falleci\u00f3 este jueves a causa de un disparo en la cabeza propinado por un polic\u00eda.\",\"breadcrumb\":{\"@id\":\"https:\\\/\\\/www.cuballama.com\\\/noticias\\\/muere-joven-cubano-que-sufrio-disparo-de-un-policia-en-la-cabeza\\\/#breadcrumb\"},\"inLanguage\":\"es\",\"potentialAction\":[{\"@type\":\"ReadAction\",\"target\":[\"https:\\\/\\\/www.cuballama.com\\\/noticias\\\/muere-joven-cubano-que-sufrio-disparo-de-un-policia-en-la-cabeza\\\/\"]}]},{\"@type\":\"ImageObject\",\"inLanguage\":\"es\",\"@id\":\"https:\\\/\\\/www.cuballama.com\\\/noticias\\\/muere-joven-cubano-que-sufrio-disparo-de-un-policia-en-la-cabeza\\\/#primaryimage\",\"url\":\"https:\\\/\\\/cdn1.mediawpaccore.net\\\/wp-content\\\/uploads\\\/2024\\\/07\\\/25110007\\\/joven-cuba-cubanet-e1721904191363.jpg\",\"contentUrl\":\"https:\\\/\\\/cdn1.mediawpaccore.net\\\/wp-content\\\/uploads\\\/2024\\\/07\\\/25110007\\\/joven-cuba-cubanet-e1721904191363.jpg\",\"width\":750,\"height\":393,\"caption\":\"Foto: Facebook Ernesto Figueredo\"},{\"@type\":\"BreadcrumbList\",\"@id\":\"https:\\\/\\\/www.cuballama.com\\\/noticias\\\/muere-joven-cubano-que-sufrio-disparo-de-un-policia-en-la-cabeza\\\/#breadcrumb\",\"itemListElement\":[{\"@type\":\"ListItem\",\"position\":1,\"name\":\"Home\",\"item\":\"https:\\\/\\\/www.cuballama.com\\\/noticias\\\/\"},{\"@type\":\"ListItem\",\"position\":2,\"name\":\"Muere joven cubano que sufri\u00f3 disparo de un polic\u00eda en la cabeza\"}]},{\"@type\":\"WebSite\",\"@id\":\"https:\\\/\\\/www.cuballama.com\\\/noticias\\\/#website\",\"url\":\"https:\\\/\\\/www.cuballama.com\\\/noticias\\\/\",\"name\":\"Cuballama Noticias\",\"description\":\"Medio digital sobre Cuba y el mundo\",\"publisher\":{\"@id\":\"https:\\\/\\\/www.cuballama.com\\\/noticias\\\/#organization\"},\"potentialAction\":[{\"@type\":\"SearchAction\",\"target\":{\"@type\":\"EntryPoint\",\"urlTemplate\":\"https:\\\/\\\/www.cuballama.com\\\/noticias\\\/?s={search_term_string}\"},\"query-input\":{\"@type\":\"PropertyValueSpecification\",\"valueRequired\":true,\"valueName\":\"search_term_string\"}}],\"inLanguage\":\"es\"},{\"@type\":\"Organization\",\"@id\":\"https:\\\/\\\/www.cuballama.com\\\/noticias\\\/#organization\",\"name\":\"Cuballama\",\"url\":\"https:\\\/\\\/www.cuballama.com\\\/noticias\\\/\",\"logo\":{\"@type\":\"ImageObject\",\"inLanguage\":\"es\",\"@id\":\"https:\\\/\\\/www.cuballama.com\\\/noticias\\\/#\\\/schema\\\/logo\\\/image\\\/\",\"url\":\"https:\\\/\\\/cdn1.mediawpaccore.net\\\/wp-content\\\/uploads\\\/2021\\\/12\\\/28171206\\\/cbll-logo-color-sm.png\",\"contentUrl\":\"https:\\\/\\\/cdn1.mediawpaccore.net\\\/wp-content\\\/uploads\\\/2021\\\/12\\\/28171206\\\/cbll-logo-color-sm.png\",\"width\":600,\"height\":133,\"caption\":\"Cuballama\"},\"image\":{\"@id\":\"https:\\\/\\\/www.cuballama.com\\\/noticias\\\/#\\\/schema\\\/logo\\\/image\\\/\"},\"sameAs\":[\"https:\\\/\\\/www.facebook.com\\\/CubaLlama\",\"https:\\\/\\\/x.com\\\/cuballama\",\"https:\\\/\\\/www.instagram.com\\\/stories\\\/cuballama_oficial\\\/\",\"https:\\\/\\\/www.youtube.com\\\/channel\\\/UCKkFE-d_axENGZcrc4as0IA\"]},{\"@type\":\"Person\",\"@id\":\"https:\\\/\\\/www.cuballama.com\\\/noticias\\\/#\\\/schema\\\/person\\\/5889f7d070564f8386e7944d14d436cd\",\"name\":\"Manu\",\"url\":\"https:\\\/\\\/www.cuballama.com\\\/noticias\\\/author\\\/manu\\\/\"}]}<\/script>\n<!-- \/ Yoast SEO plugin. -->","yoast_head_json":{"title":"Muere joven cubano que sufri\u00f3 disparo de un polic\u00eda en la cabeza - Cuballama Noticias","description":"El joven cubano Ernesto Figueredo Alarc\u00f3n falleci\u00f3 este jueves a causa de un disparo en la cabeza propinado por un polic\u00eda.","robots":{"index":"index","follow":"follow","max-snippet":"max-snippet:-1","max-image-preview":"max-image-preview:large","max-video-preview":"max-video-preview:-1"},"canonical":"https:\/\/www.cuballama.com\/noticias\/muere-joven-cubano-que-sufrio-disparo-de-un-policia-en-la-cabeza\/","og_locale":"es_ES","og_type":"article","og_title":"Muere joven cubano que sufri\u00f3 disparo de un polic\u00eda en la cabeza - Cuballama Noticias","og_description":"El joven cubano Ernesto Figueredo Alarc\u00f3n falleci\u00f3 este jueves a causa de un disparo en la cabeza propinado por un polic\u00eda.","og_url":"https:\/\/www.cuballama.com\/noticias\/muere-joven-cubano-que-sufrio-disparo-de-un-policia-en-la-cabeza\/","og_site_name":"Cuballama Noticias","article_publisher":"https:\/\/www.facebook.com\/CubaLlama","article_published_time":"2024-07-25T15:05:07+00:00","article_modified_time":"2024-07-25T15:35:50+00:00","og_image":[{"width":750,"height":393,"url":"https:\/\/cdn1.mediawpaccore.net\/wp-content\/uploads\/2024\/07\/25110007\/joven-cuba-cubanet-e1721904191363.jpg","type":"image\/jpeg"}],"author":"Manu","twitter_card":"summary_large_image","twitter_creator":"@cuballama","twitter_site":"@cuballama","twitter_misc":{"Escrito por":"Manu","Tiempo de lectura":"2 minutos"},"schema":{"@context":"https:\/\/schema.org","@graph":[{"@type":"Article","@id":"https:\/\/www.cuballama.com\/noticias\/muere-joven-cubano-que-sufrio-disparo-de-un-policia-en-la-cabeza\/#article","isPartOf":{"@id":"https:\/\/www.cuballama.com\/noticias\/muere-joven-cubano-que-sufrio-disparo-de-un-policia-en-la-cabeza\/"},"author":{"name":"Manu","@id":"https:\/\/www.cuballama.com\/noticias\/#\/schema\/person\/5889f7d070564f8386e7944d14d436cd"},"headline":"Muere joven cubano que sufri\u00f3 disparo de un polic\u00eda en la cabeza","datePublished":"2024-07-25T15:05:07+00:00","dateModified":"2024-07-25T15:35:50+00:00","mainEntityOfPage":{"@id":"https:\/\/www.cuballama.com\/noticias\/muere-joven-cubano-que-sufrio-disparo-de-un-policia-en-la-cabeza\/"},"wordCount":382,"commentCount":0,"publisher":{"@id":"https:\/\/www.cuballama.com\/noticias\/#organization"},"image":{"@id":"https:\/\/www.cuballama.com\/noticias\/muere-joven-cubano-que-sufrio-disparo-de-un-policia-en-la-cabeza\/#primaryimage"},"thumbnailUrl":"https:\/\/cdn1.mediawpaccore.net\/wp-content\/uploads\/2024\/07\/25110007\/joven-cuba-cubanet-e1721904191363.jpg","keywords":["Abuso policial en Cuba","Crisis en Cuba","cubanos","destacado"],"articleSection":["Noticias","Noticias de Cuba"],"inLanguage":"es","potentialAction":[{"@type":"CommentAction","name":"Comment","target":["https:\/\/www.cuballama.com\/noticias\/muere-joven-cubano-que-sufrio-disparo-de-un-policia-en-la-cabeza\/#respond"]}]},{"@type":"WebPage","@id":"https:\/\/www.cuballama.com\/noticias\/muere-joven-cubano-que-sufrio-disparo-de-un-policia-en-la-cabeza\/","url":"https:\/\/www.cuballama.com\/noticias\/muere-joven-cubano-que-sufrio-disparo-de-un-policia-en-la-cabeza\/","name":"Muere joven cubano que sufri\u00f3 disparo de un polic\u00eda en la cabeza - Cuballama Noticias","isPartOf":{"@id":"https:\/\/www.cuballama.com\/noticias\/#website"},"primaryImageOfPage":{"@id":"https:\/\/www.cuballama.com\/noticias\/muere-joven-cubano-que-sufrio-disparo-de-un-policia-en-la-cabeza\/#primaryimage"},"image":{"@id":"https:\/\/www.cuballama.com\/noticias\/muere-joven-cubano-que-sufrio-disparo-de-un-policia-en-la-cabeza\/#primaryimage"},"thumbnailUrl":"https:\/\/cdn1.mediawpaccore.net\/wp-content\/uploads\/2024\/07\/25110007\/joven-cuba-cubanet-e1721904191363.jpg","datePublished":"2024-07-25T15:05:07+00:00","dateModified":"2024-07-25T15:35:50+00:00","description":"El joven cubano Ernesto Figueredo Alarc\u00f3n falleci\u00f3 este jueves a causa de un disparo en la cabeza propinado por un polic\u00eda.","breadcrumb":{"@id":"https:\/\/www.cuballama.com\/noticias\/muere-joven-cubano-que-sufrio-disparo-de-un-policia-en-la-cabeza\/#breadcrumb"},"inLanguage":"es","potentialAction":[{"@type":"ReadAction","target":["https:\/\/www.cuballama.com\/noticias\/muere-joven-cubano-que-sufrio-disparo-de-un-policia-en-la-cabeza\/"]}]},{"@type":"ImageObject","inLanguage":"es","@id":"https:\/\/www.cuballama.com\/noticias\/muere-joven-cubano-que-sufrio-disparo-de-un-policia-en-la-cabeza\/#primaryimage","url":"https:\/\/cdn1.mediawpaccore.net\/wp-content\/uploads\/2024\/07\/25110007\/joven-cuba-cubanet-e1721904191363.jpg","contentUrl":"https:\/\/cdn1.mediawpaccore.net\/wp-content\/uploads\/2024\/07\/25110007\/joven-cuba-cubanet-e1721904191363.jpg","width":750,"height":393,"caption":"Foto: Facebook Ernesto Figueredo"},{"@type":"BreadcrumbList","@id":"https:\/\/www.cuballama.com\/noticias\/muere-joven-cubano-que-sufrio-disparo-de-un-policia-en-la-cabeza\/#breadcrumb","itemListElement":[{"@type":"ListItem","position":1,"name":"Home","item":"https:\/\/www.cuballama.com\/noticias\/"},{"@type":"ListItem","position":2,"name":"Muere joven cubano que sufri\u00f3 disparo de un polic\u00eda en la cabeza"}]},{"@type":"WebSite","@id":"https:\/\/www.cuballama.com\/noticias\/#website","url":"https:\/\/www.cuballama.com\/noticias\/","name":"Cuballama Noticias","description":"Medio digital sobre Cuba y el mundo","publisher":{"@id":"https:\/\/www.cuballama.com\/noticias\/#organization"},"potentialAction":[{"@type":"SearchAction","target":{"@type":"EntryPoint","urlTemplate":"https:\/\/www.cuballama.com\/noticias\/?s={search_term_string}"},"query-input":{"@type":"PropertyValueSpecification","valueRequired":true,"valueName":"search_term_string"}}],"inLanguage":"es"},{"@type":"Organization","@id":"https:\/\/www.cuballama.com\/noticias\/#organization","name":"Cuballama","url":"https:\/\/www.cuballama.com\/noticias\/","logo":{"@type":"ImageObject","inLanguage":"es","@id":"https:\/\/www.cuballama.com\/noticias\/#\/schema\/logo\/image\/","url":"https:\/\/cdn1.mediawpaccore.net\/wp-content\/uploads\/2021\/12\/28171206\/cbll-logo-color-sm.png","contentUrl":"https:\/\/cdn1.mediawpaccore.net\/wp-content\/uploads\/2021\/12\/28171206\/cbll-logo-color-sm.png","width":600,"height":133,"caption":"Cuballama"},"image":{"@id":"https:\/\/www.cuballama.com\/noticias\/#\/schema\/logo\/image\/"},"sameAs":["https:\/\/www.facebook.com\/CubaLlama","https:\/\/x.com\/cuballama","https:\/\/www.instagram.com\/stories\/cuballama_oficial\/","https:\/\/www.youtube.com\/channel\/UCKkFE-d_axENGZcrc4as0IA"]},{"@type":"Person","@id":"https:\/\/www.cuballama.com\/noticias\/#\/schema\/person\/5889f7d070564f8386e7944d14d436cd","name":"Manu","url":"https:\/\/www.cuballama.com\/noticias\/author\/manu\/"}]}},"_links":{"self":[{"href":"https:\/\/www.cuballama.com\/noticias\/wp-json\/wp\/v2\/posts\/177551","targetHints":{"allow":["GET"]}}],"collection":[{"href":"https:\/\/www.cuballama.com\/noticias\/wp-json\/wp\/v2\/posts"}],"about":[{"href":"https:\/\/www.cuballama.com\/noticias\/wp-json\/wp\/v2\/types\/post"}],"author":[{"embeddable":true,"href":"https:\/\/www.cuballama.com\/noticias\/wp-json\/wp\/v2\/users\/24"}],"replies":[{"embeddable":true,"href":"https:\/\/www.cuballama.com\/noticias\/wp-json\/wp\/v2\/comments?post=177551"}],"version-history":[{"count":1,"href":"https:\/\/www.cuballama.com\/noticias\/wp-json\/wp\/v2\/posts\/177551\/revisions"}],"predecessor-version":[{"id":177555,"href":"https:\/\/www.cuballama.com\/noticias\/wp-json\/wp\/v2\/posts\/177551\/revisions\/177555"}],"wp:featuredmedia":[{"embeddable":true,"href":"https:\/\/www.cuballama.com\/noticias\/wp-json\/wp\/v2\/media\/177554"}],"wp:attachment":[{"href":"https:\/\/www.cuballama.com\/noticias\/wp-json\/wp\/v2\/media?parent=177551"}],"wp:term":[{"taxonomy":"category","embeddable":true,"href":"https:\/\/www.cuballama.com\/noticias\/wp-json\/wp\/v2\/categories?post=177551"},{"taxonomy":"post_tag","embeddable":true,"href":"https:\/\/www.cuballama.com\/noticias\/wp-json\/wp\/v2\/tags?post=177551"}],"curies":[{"name":"wp","href":"https:\/\/api.w.org\/{rel}","templated":true}]}}