{"id":176825,"date":"2024-07-21T11:05:45","date_gmt":"2024-07-21T15:05:45","guid":{"rendered":"https:\/\/www.cuballama.com\/noticias\/?p=176825"},"modified":"2024-07-21T11:05:47","modified_gmt":"2024-07-21T15:05:47","slug":"regimen-cubano-ajusta-politicas-economicas-frente-a-crisis-continua","status":"publish","type":"post","link":"https:\/\/www.cuballama.com\/noticias\/regimen-cubano-ajusta-politicas-economicas-frente-a-crisis-continua\/","title":{"rendered":"R\u00e9gimen cubano \u00abajusta\u00bb pol\u00edticas econ\u00f3micas frente a crisis continua"},"content":{"rendered":"\n<h2 class=\"wp-block-heading\">Nada de lo que improvisaron hasta ahora funcion\u00f3. Si Ud. le pregunta al pueblo, que al final es quien m\u00e1s ha sufrido, de qu\u00e9 han servido estos cuatro a\u00f1os de \u00abajustes econ\u00f3micos\u00bb, le dir\u00e1n que de nada. <\/h2>\n\n\n\n<h3 class=\"wp-block-heading\">Ahora se viene otro \u00abreajuste\u00bb que implica, por ejemplo, volver a recoger d\u00f3lares. <\/h3>\n\n\n\n<p>En un esfuerzo por controlar la inflaci\u00f3n y regular el crecimiento del sector privado, el Gobierno de Cuba ha anunciado una serie de medidas restrictivas que impactan directamente en las operaciones de las micro, peque\u00f1as y medianas empresas (mipymes), se\u00f1ala la agencia <em><a href=\"https:\/\/www.reuters.com\/world\/americas\/cuba-ratchets-up-pressure-private-business-economic-crisis-deepens-2024-07-11\/\" target=\"_blank\" rel=\"noreferrer noopener nofollow\">Reuters<\/a><\/em>. Estas acciones se suman a la reanudaci\u00f3n de la aceptaci\u00f3n de divisas en efectivo para ciertos sectores, como una estrategia para mitigar las p\u00e9rdidas econ\u00f3micas significativas que enfrenta el pa\u00eds.<\/p>\n\n\n\n<h4 class=\"wp-block-heading\">Aumento de la Regulaci\u00f3n sobre el Sector Privado<\/h4>\n\n\n\n<p>Desde la legalizaci\u00f3n de las empresas privadas hace dos a\u00f1os, Cuba ha visto un florecimiento en este sector, que ahora incluye m\u00e1s de 11,000 negocios. Estas empresas se han convertido en un soporte crucial para muchos cubanos, ofreciendo alimentos y servicios esenciales ante la escasez de productos subsidiados por el gobierno. Sin embargo, esta expansi\u00f3n ha venido con un costo: un aumento en la inflaci\u00f3n y una crisis econ\u00f3mica que se profundiza.<\/p>\n\n\n\n<p>Para abordar estos problemas, el Consejo de Ministros de Cuba realiz\u00f3 una sesi\u00f3n \u00abextraordinaria\u00bb donde se propusieron seis decretos dise\u00f1ados para \u00abordenar\u00bb el sector privado. Estas propuestas incluyen la creaci\u00f3n de un nuevo \u00abinstituto nacional\u00bb que supervisar\u00e1 las empresas no estatales. Adem\u00e1s, se han implementado controles m\u00e1s estrictos en los precios de productos b\u00e1sicos como el pollo y el aceite vegetal, y se han limitado los beneficios sobre estos bienes al 30%, una medida que ha generado descontento entre los empresarios.<\/p>\n\n\n\n<h5 class=\"wp-block-heading\">Impacto de las Nuevas Regulaciones Fiscales y Monetarias<\/h5>\n\n\n\n<p>En un movimiento sorpresivo, el Primer Ministro Manuel Marrero anunci\u00f3 la reintroducci\u00f3n de la aceptaci\u00f3n de pagos en divisas en efectivo dentro del sector turismo y en tiendas seleccionadas. Esta medida revierte una prohibici\u00f3n impuesta en 2021 y busca atraer m\u00e1s ingresos en divisas. A la par, el gobierno ha implementado el cobro de aranceles en d\u00f3lares a las importaciones del sector privado y establecido nuevos requisitos para las operaciones de comercio exterior, lo cual ha a\u00f1adido una capa adicional de dificultad para las mipymes.<\/p>\n\n\n\n<figure class=\"wp-block-gallery has-nested-images columns-default is-cropped wp-block-gallery-1 is-layout-flex wp-block-gallery-is-layout-flex\">\n<figure class=\"wp-block-image size-large\"><img loading=\"lazy\" decoding=\"async\" width=\"1024\" height=\"589\" data-id=\"176828\" src=\"https:\/\/cdn1.mediawpaccore.net\/wp-content\/uploads\/2024\/07\/18083321\/aranceles177-1024x589.webp\" alt=\"\" class=\"wp-image-176828\" srcset=\"https:\/\/cdn1.mediawpaccore.net\/wp-content\/uploads\/2024\/07\/18083321\/aranceles177-1024x589.webp 1024w, https:\/\/cdn1.mediawpaccore.net\/wp-content\/uploads\/2024\/07\/18083321\/aranceles177-300x173.webp 300w, https:\/\/cdn1.mediawpaccore.net\/wp-content\/uploads\/2024\/07\/18083321\/aranceles177-768x442.webp 768w, https:\/\/cdn1.mediawpaccore.net\/wp-content\/uploads\/2024\/07\/18083321\/aranceles177-150x86.webp 150w, https:\/\/cdn1.mediawpaccore.net\/wp-content\/uploads\/2024\/07\/18083321\/aranceles177-696x400.webp 696w, https:\/\/cdn1.mediawpaccore.net\/wp-content\/uploads\/2024\/07\/18083321\/aranceles177-1068x614.webp 1068w, https:\/\/cdn1.mediawpaccore.net\/wp-content\/uploads\/2024\/07\/18083321\/aranceles177.webp 1200w\" sizes=\"auto, (max-width: 1024px) 100vw, 1024px\" \/><\/figure>\n\n\n\n<figure class=\"wp-block-image size-large\"><img loading=\"lazy\" decoding=\"async\" width=\"1024\" height=\"664\" data-id=\"176829\" src=\"https:\/\/cdn1.mediawpaccore.net\/wp-content\/uploads\/2024\/07\/18083322\/divisas171-1024x664.webp\" alt=\"\" class=\"wp-image-176829\" srcset=\"https:\/\/cdn1.mediawpaccore.net\/wp-content\/uploads\/2024\/07\/18083322\/divisas171-1024x664.webp 1024w, https:\/\/cdn1.mediawpaccore.net\/wp-content\/uploads\/2024\/07\/18083322\/divisas171-300x195.webp 300w, https:\/\/cdn1.mediawpaccore.net\/wp-content\/uploads\/2024\/07\/18083322\/divisas171-768x498.webp 768w, https:\/\/cdn1.mediawpaccore.net\/wp-content\/uploads\/2024\/07\/18083322\/divisas171-150x97.webp 150w, https:\/\/cdn1.mediawpaccore.net\/wp-content\/uploads\/2024\/07\/18083322\/divisas171-696x451.webp 696w, https:\/\/cdn1.mediawpaccore.net\/wp-content\/uploads\/2024\/07\/18083322\/divisas171-1068x692.webp 1068w, https:\/\/cdn1.mediawpaccore.net\/wp-content\/uploads\/2024\/07\/18083322\/divisas171.webp 1200w\" sizes=\"auto, (max-width: 1024px) 100vw, 1024px\" \/><\/figure>\n<\/figure>\n\n\n\n<h5 class=\"wp-block-heading\">Estas pol\u00edticas tambi\u00e9n se extienden a la gesti\u00f3n de divisas, con un nuevo esquema que permite al gobierno administrar mejor las cuentas en divisas de las entidades estatales y asegurar que todos los pagos de importaci\u00f3n se realicen dentro del sistema bancario cubano. Esto se espera que frene la salida de capital y fortalezca las finanzas estatales, aunque tambi\u00e9n podr\u00eda resultar en una mayor escasez de productos b\u00e1sicos.<\/h5>\n\n\n\n<h6 class=\"wp-block-heading\">Reacciones y Consecuencias Econ\u00f3micas<\/h6>\n\n\n\n<p>La reacci\u00f3n ante estas medidas ha sido mixta. Algunos ven estas regulaciones como necesarias para estabilizar la econom\u00eda, mientras que otros las critican por estrangular la iniciativa privada y aumentar la burocracia. Adem\u00e1s, la implementaci\u00f3n de estas pol\u00edticas ha resultado en un n\u00famero significativo de multas y cierres de negocios por incumplimientos regulativos.<\/p>\n\n\n\n<p>A pesar de las intenciones del gobierno de estabilizar la econom\u00eda, las nuevas medidas han generado incertidumbre entre los empresarios y la poblaci\u00f3n en general. <\/p>\n\n\n\n<p>La econom\u00eda cubana sigue siendo golpeada por la pandemia, sanciones de EE.UU., y un modelo estatal ineficiente marcado por la burocracia y la corrupci\u00f3n. El futuro econ\u00f3mico de Cuba parece depender en gran medida de c\u00f3mo estas nuevas pol\u00edticas ser\u00e1n implementadas y si podr\u00e1n efectivamente equilibrar la necesidad de control estatal con el dinamismo del sector privado.<\/p>\n\n\n\n<p><strong>tal vez quieras leer: <a href=\"https:\/\/www.cuballama.com\/noticias\/actriz-alina-robert-triunfa-en-el-segundo-casting-presencial-de-miss-universo-cuba-mi-cara-lo-dice-todo\/\">Actriz Alina Robert triunfa en el segundo casting presencial de Miss Universo Cuba: \u201c\u00a1Mi cara lo dice todo!\u201d<\/a><\/strong><\/p>\n","protected":false},"excerpt":{"rendered":"<p>El futuro econ\u00f3mico de Cuba parece depender en gran medida de c\u00f3mo estas nuevas pol\u00edticas ser\u00e1n implementadas y si podr\u00e1n efectivamente equilibrar la necesidad de control estatal con el dinamismo del sector privado.<\/p>\n","protected":false},"author":13,"featured_media":139361,"comment_status":"open","ping_status":"closed","sticky":false,"template":"","format":"standard","meta":{"_acf_changed":false,"footnotes":""},"categories":[18,955],"tags":[],"class_list":{"0":"post-176825","1":"post","2":"type-post","3":"status-publish","4":"format-standard","5":"has-post-thumbnail","7":"category-noticias","8":"category-noticias-de-cuba"},"acf":[],"yoast_head":"<!-- This site is optimized with the Yoast SEO plugin v27.5 - https:\/\/yoast.com\/product\/yoast-seo-wordpress\/ -->\n<title>R\u00e9gimen cubano &quot;ajusta&quot; pol\u00edticas econ\u00f3micas frente a crisis continua - Cuballama Noticias<\/title>\n<meta name=\"description\" content=\"La crisis en la econom\u00eda cubana sigue siendo golpeada por un modelo estatal ineficiente marcado por la burocracia y la corrupci\u00f3n.\" \/>\n<meta name=\"robots\" content=\"index, follow, max-snippet:-1, max-image-preview:large, max-video-preview:-1\" \/>\n<link rel=\"canonical\" href=\"https:\/\/www.cuballama.com\/noticias\/regimen-cubano-ajusta-politicas-economicas-frente-a-crisis-continua\/\" \/>\n<meta property=\"og:locale\" content=\"es_ES\" \/>\n<meta property=\"og:type\" content=\"article\" \/>\n<meta property=\"og:title\" content=\"R\u00e9gimen cubano &quot;ajusta&quot; pol\u00edticas econ\u00f3micas frente a crisis continua - Cuballama Noticias\" \/>\n<meta property=\"og:description\" content=\"La crisis en la econom\u00eda cubana sigue siendo golpeada por un modelo estatal ineficiente marcado por la burocracia y la corrupci\u00f3n.\" \/>\n<meta property=\"og:url\" content=\"https:\/\/www.cuballama.com\/noticias\/regimen-cubano-ajusta-politicas-economicas-frente-a-crisis-continua\/\" \/>\n<meta property=\"og:site_name\" content=\"Cuballama Noticias\" \/>\n<meta property=\"article:publisher\" content=\"https:\/\/www.facebook.com\/CubaLlama\" \/>\n<meta property=\"article:published_time\" content=\"2024-07-21T15:05:45+00:00\" \/>\n<meta property=\"article:modified_time\" content=\"2024-07-21T15:05:47+00:00\" \/>\n<meta property=\"og:image\" content=\"https:\/\/cdn1.mediawpaccore.net\/wp-content\/uploads\/2023\/09\/27095658\/20230923_120542-scaled.jpg\" \/>\n\t<meta property=\"og:image:width\" content=\"2560\" \/>\n\t<meta property=\"og:image:height\" content=\"1152\" \/>\n\t<meta property=\"og:image:type\" content=\"image\/jpeg\" \/>\n<meta name=\"author\" content=\"Roberto A.\" \/>\n<meta name=\"twitter:card\" content=\"summary_large_image\" \/>\n<meta name=\"twitter:creator\" content=\"@cuballama\" \/>\n<meta name=\"twitter:site\" content=\"@cuballama\" \/>\n<meta name=\"twitter:label1\" content=\"Escrito por\" \/>\n\t<meta name=\"twitter:data1\" content=\"Roberto A.\" \/>\n\t<meta name=\"twitter:label2\" content=\"Tiempo de lectura\" \/>\n\t<meta name=\"twitter:data2\" content=\"4 minutos\" \/>\n<script type=\"application\/ld+json\" class=\"yoast-schema-graph\">{\"@context\":\"https:\\\/\\\/schema.org\",\"@graph\":[{\"@type\":\"Article\",\"@id\":\"https:\\\/\\\/www.cuballama.com\\\/noticias\\\/regimen-cubano-ajusta-politicas-economicas-frente-a-crisis-continua\\\/#article\",\"isPartOf\":{\"@id\":\"https:\\\/\\\/www.cuballama.com\\\/noticias\\\/regimen-cubano-ajusta-politicas-economicas-frente-a-crisis-continua\\\/\"},\"author\":{\"name\":\"Roberto A.\",\"@id\":\"https:\\\/\\\/www.cuballama.com\\\/noticias\\\/#\\\/schema\\\/person\\\/a58502ed4146c8e9f83872e897c76cd2\"},\"headline\":\"R\u00e9gimen cubano \u00abajusta\u00bb pol\u00edticas econ\u00f3micas frente a crisis continua\",\"datePublished\":\"2024-07-21T15:05:45+00:00\",\"dateModified\":\"2024-07-21T15:05:47+00:00\",\"mainEntityOfPage\":{\"@id\":\"https:\\\/\\\/www.cuballama.com\\\/noticias\\\/regimen-cubano-ajusta-politicas-economicas-frente-a-crisis-continua\\\/\"},\"wordCount\":671,\"commentCount\":0,\"publisher\":{\"@id\":\"https:\\\/\\\/www.cuballama.com\\\/noticias\\\/#organization\"},\"image\":{\"@id\":\"https:\\\/\\\/www.cuballama.com\\\/noticias\\\/regimen-cubano-ajusta-politicas-economicas-frente-a-crisis-continua\\\/#primaryimage\"},\"thumbnailUrl\":\"https:\\\/\\\/cdn1.mediawpaccore.net\\\/wp-content\\\/uploads\\\/2023\\\/09\\\/27095658\\\/20230923_120542-scaled.jpg\",\"articleSection\":[\"Noticias\",\"Noticias de Cuba\"],\"inLanguage\":\"es\",\"potentialAction\":[{\"@type\":\"CommentAction\",\"name\":\"Comment\",\"target\":[\"https:\\\/\\\/www.cuballama.com\\\/noticias\\\/regimen-cubano-ajusta-politicas-economicas-frente-a-crisis-continua\\\/#respond\"]}]},{\"@type\":\"WebPage\",\"@id\":\"https:\\\/\\\/www.cuballama.com\\\/noticias\\\/regimen-cubano-ajusta-politicas-economicas-frente-a-crisis-continua\\\/\",\"url\":\"https:\\\/\\\/www.cuballama.com\\\/noticias\\\/regimen-cubano-ajusta-politicas-economicas-frente-a-crisis-continua\\\/\",\"name\":\"R\u00e9gimen cubano \\\"ajusta\\\" pol\u00edticas econ\u00f3micas frente a crisis continua - Cuballama Noticias\",\"isPartOf\":{\"@id\":\"https:\\\/\\\/www.cuballama.com\\\/noticias\\\/#website\"},\"primaryImageOfPage\":{\"@id\":\"https:\\\/\\\/www.cuballama.com\\\/noticias\\\/regimen-cubano-ajusta-politicas-economicas-frente-a-crisis-continua\\\/#primaryimage\"},\"image\":{\"@id\":\"https:\\\/\\\/www.cuballama.com\\\/noticias\\\/regimen-cubano-ajusta-politicas-economicas-frente-a-crisis-continua\\\/#primaryimage\"},\"thumbnailUrl\":\"https:\\\/\\\/cdn1.mediawpaccore.net\\\/wp-content\\\/uploads\\\/2023\\\/09\\\/27095658\\\/20230923_120542-scaled.jpg\",\"datePublished\":\"2024-07-21T15:05:45+00:00\",\"dateModified\":\"2024-07-21T15:05:47+00:00\",\"description\":\"La crisis en la econom\u00eda cubana sigue siendo golpeada por un modelo estatal ineficiente marcado por la burocracia y la corrupci\u00f3n.\",\"breadcrumb\":{\"@id\":\"https:\\\/\\\/www.cuballama.com\\\/noticias\\\/regimen-cubano-ajusta-politicas-economicas-frente-a-crisis-continua\\\/#breadcrumb\"},\"inLanguage\":\"es\",\"potentialAction\":[{\"@type\":\"ReadAction\",\"target\":[\"https:\\\/\\\/www.cuballama.com\\\/noticias\\\/regimen-cubano-ajusta-politicas-economicas-frente-a-crisis-continua\\\/\"]}]},{\"@type\":\"ImageObject\",\"inLanguage\":\"es\",\"@id\":\"https:\\\/\\\/www.cuballama.com\\\/noticias\\\/regimen-cubano-ajusta-politicas-economicas-frente-a-crisis-continua\\\/#primaryimage\",\"url\":\"https:\\\/\\\/cdn1.mediawpaccore.net\\\/wp-content\\\/uploads\\\/2023\\\/09\\\/27095658\\\/20230923_120542-scaled.jpg\",\"contentUrl\":\"https:\\\/\\\/cdn1.mediawpaccore.net\\\/wp-content\\\/uploads\\\/2023\\\/09\\\/27095658\\\/20230923_120542-scaled.jpg\",\"width\":2560,\"height\":1152,\"caption\":\"Foto: Cuballama\"},{\"@type\":\"BreadcrumbList\",\"@id\":\"https:\\\/\\\/www.cuballama.com\\\/noticias\\\/regimen-cubano-ajusta-politicas-economicas-frente-a-crisis-continua\\\/#breadcrumb\",\"itemListElement\":[{\"@type\":\"ListItem\",\"position\":1,\"name\":\"Home\",\"item\":\"https:\\\/\\\/www.cuballama.com\\\/noticias\\\/\"},{\"@type\":\"ListItem\",\"position\":2,\"name\":\"R\u00e9gimen cubano \u00abajusta\u00bb pol\u00edticas econ\u00f3micas frente a crisis continua\"}]},{\"@type\":\"WebSite\",\"@id\":\"https:\\\/\\\/www.cuballama.com\\\/noticias\\\/#website\",\"url\":\"https:\\\/\\\/www.cuballama.com\\\/noticias\\\/\",\"name\":\"Cuballama Noticias\",\"description\":\"Medio digital sobre Cuba y el mundo\",\"publisher\":{\"@id\":\"https:\\\/\\\/www.cuballama.com\\\/noticias\\\/#organization\"},\"potentialAction\":[{\"@type\":\"SearchAction\",\"target\":{\"@type\":\"EntryPoint\",\"urlTemplate\":\"https:\\\/\\\/www.cuballama.com\\\/noticias\\\/?s={search_term_string}\"},\"query-input\":{\"@type\":\"PropertyValueSpecification\",\"valueRequired\":true,\"valueName\":\"search_term_string\"}}],\"inLanguage\":\"es\"},{\"@type\":\"Organization\",\"@id\":\"https:\\\/\\\/www.cuballama.com\\\/noticias\\\/#organization\",\"name\":\"Cuballama\",\"url\":\"https:\\\/\\\/www.cuballama.com\\\/noticias\\\/\",\"logo\":{\"@type\":\"ImageObject\",\"inLanguage\":\"es\",\"@id\":\"https:\\\/\\\/www.cuballama.com\\\/noticias\\\/#\\\/schema\\\/logo\\\/image\\\/\",\"url\":\"https:\\\/\\\/cdn1.mediawpaccore.net\\\/wp-content\\\/uploads\\\/2021\\\/12\\\/28171206\\\/cbll-logo-color-sm.png\",\"contentUrl\":\"https:\\\/\\\/cdn1.mediawpaccore.net\\\/wp-content\\\/uploads\\\/2021\\\/12\\\/28171206\\\/cbll-logo-color-sm.png\",\"width\":600,\"height\":133,\"caption\":\"Cuballama\"},\"image\":{\"@id\":\"https:\\\/\\\/www.cuballama.com\\\/noticias\\\/#\\\/schema\\\/logo\\\/image\\\/\"},\"sameAs\":[\"https:\\\/\\\/www.facebook.com\\\/CubaLlama\",\"https:\\\/\\\/x.com\\\/cuballama\",\"https:\\\/\\\/www.instagram.com\\\/stories\\\/cuballama_oficial\\\/\",\"https:\\\/\\\/www.youtube.com\\\/channel\\\/UCKkFE-d_axENGZcrc4as0IA\"]},{\"@type\":\"Person\",\"@id\":\"https:\\\/\\\/www.cuballama.com\\\/noticias\\\/#\\\/schema\\\/person\\\/a58502ed4146c8e9f83872e897c76cd2\",\"name\":\"Roberto A.\",\"description\":\"Roberto A. Periodista por decisi\u00f3n propia. Interesado en cualquier tema que me apasione y cada vez m\u00e1s comprometido con la verdad y la objetividad period\u00edstica. Graduado en La Habana hace ya muchos a\u00f1os, luego de una accidentada y polvorienta b\u00fasqueda de informaci\u00f3n sobre un tema in\u00e9dito. La Tesis, por cierto, desapareci\u00f3 de la biblioteca y no se conservan copias de la misma.\",\"url\":\"https:\\\/\\\/www.cuballama.com\\\/noticias\\\/author\\\/roberto\\\/\"}]}<\/script>\n<!-- \/ Yoast SEO plugin. -->","yoast_head_json":{"title":"R\u00e9gimen cubano \"ajusta\" pol\u00edticas econ\u00f3micas frente a crisis continua - Cuballama Noticias","description":"La crisis en la econom\u00eda cubana sigue siendo golpeada por un modelo estatal ineficiente marcado por la burocracia y la corrupci\u00f3n.","robots":{"index":"index","follow":"follow","max-snippet":"max-snippet:-1","max-image-preview":"max-image-preview:large","max-video-preview":"max-video-preview:-1"},"canonical":"https:\/\/www.cuballama.com\/noticias\/regimen-cubano-ajusta-politicas-economicas-frente-a-crisis-continua\/","og_locale":"es_ES","og_type":"article","og_title":"R\u00e9gimen cubano \"ajusta\" pol\u00edticas econ\u00f3micas frente a crisis continua - Cuballama Noticias","og_description":"La crisis en la econom\u00eda cubana sigue siendo golpeada por un modelo estatal ineficiente marcado por la burocracia y la corrupci\u00f3n.","og_url":"https:\/\/www.cuballama.com\/noticias\/regimen-cubano-ajusta-politicas-economicas-frente-a-crisis-continua\/","og_site_name":"Cuballama Noticias","article_publisher":"https:\/\/www.facebook.com\/CubaLlama","article_published_time":"2024-07-21T15:05:45+00:00","article_modified_time":"2024-07-21T15:05:47+00:00","og_image":[{"width":2560,"height":1152,"url":"https:\/\/cdn1.mediawpaccore.net\/wp-content\/uploads\/2023\/09\/27095658\/20230923_120542-scaled.jpg","type":"image\/jpeg"}],"author":"Roberto A.","twitter_card":"summary_large_image","twitter_creator":"@cuballama","twitter_site":"@cuballama","twitter_misc":{"Escrito por":"Roberto A.","Tiempo de lectura":"4 minutos"},"schema":{"@context":"https:\/\/schema.org","@graph":[{"@type":"Article","@id":"https:\/\/www.cuballama.com\/noticias\/regimen-cubano-ajusta-politicas-economicas-frente-a-crisis-continua\/#article","isPartOf":{"@id":"https:\/\/www.cuballama.com\/noticias\/regimen-cubano-ajusta-politicas-economicas-frente-a-crisis-continua\/"},"author":{"name":"Roberto A.","@id":"https:\/\/www.cuballama.com\/noticias\/#\/schema\/person\/a58502ed4146c8e9f83872e897c76cd2"},"headline":"R\u00e9gimen cubano \u00abajusta\u00bb pol\u00edticas econ\u00f3micas frente a crisis continua","datePublished":"2024-07-21T15:05:45+00:00","dateModified":"2024-07-21T15:05:47+00:00","mainEntityOfPage":{"@id":"https:\/\/www.cuballama.com\/noticias\/regimen-cubano-ajusta-politicas-economicas-frente-a-crisis-continua\/"},"wordCount":671,"commentCount":0,"publisher":{"@id":"https:\/\/www.cuballama.com\/noticias\/#organization"},"image":{"@id":"https:\/\/www.cuballama.com\/noticias\/regimen-cubano-ajusta-politicas-economicas-frente-a-crisis-continua\/#primaryimage"},"thumbnailUrl":"https:\/\/cdn1.mediawpaccore.net\/wp-content\/uploads\/2023\/09\/27095658\/20230923_120542-scaled.jpg","articleSection":["Noticias","Noticias de Cuba"],"inLanguage":"es","potentialAction":[{"@type":"CommentAction","name":"Comment","target":["https:\/\/www.cuballama.com\/noticias\/regimen-cubano-ajusta-politicas-economicas-frente-a-crisis-continua\/#respond"]}]},{"@type":"WebPage","@id":"https:\/\/www.cuballama.com\/noticias\/regimen-cubano-ajusta-politicas-economicas-frente-a-crisis-continua\/","url":"https:\/\/www.cuballama.com\/noticias\/regimen-cubano-ajusta-politicas-economicas-frente-a-crisis-continua\/","name":"R\u00e9gimen cubano \"ajusta\" pol\u00edticas econ\u00f3micas frente a crisis continua - Cuballama Noticias","isPartOf":{"@id":"https:\/\/www.cuballama.com\/noticias\/#website"},"primaryImageOfPage":{"@id":"https:\/\/www.cuballama.com\/noticias\/regimen-cubano-ajusta-politicas-economicas-frente-a-crisis-continua\/#primaryimage"},"image":{"@id":"https:\/\/www.cuballama.com\/noticias\/regimen-cubano-ajusta-politicas-economicas-frente-a-crisis-continua\/#primaryimage"},"thumbnailUrl":"https:\/\/cdn1.mediawpaccore.net\/wp-content\/uploads\/2023\/09\/27095658\/20230923_120542-scaled.jpg","datePublished":"2024-07-21T15:05:45+00:00","dateModified":"2024-07-21T15:05:47+00:00","description":"La crisis en la econom\u00eda cubana sigue siendo golpeada por un modelo estatal ineficiente marcado por la burocracia y la corrupci\u00f3n.","breadcrumb":{"@id":"https:\/\/www.cuballama.com\/noticias\/regimen-cubano-ajusta-politicas-economicas-frente-a-crisis-continua\/#breadcrumb"},"inLanguage":"es","potentialAction":[{"@type":"ReadAction","target":["https:\/\/www.cuballama.com\/noticias\/regimen-cubano-ajusta-politicas-economicas-frente-a-crisis-continua\/"]}]},{"@type":"ImageObject","inLanguage":"es","@id":"https:\/\/www.cuballama.com\/noticias\/regimen-cubano-ajusta-politicas-economicas-frente-a-crisis-continua\/#primaryimage","url":"https:\/\/cdn1.mediawpaccore.net\/wp-content\/uploads\/2023\/09\/27095658\/20230923_120542-scaled.jpg","contentUrl":"https:\/\/cdn1.mediawpaccore.net\/wp-content\/uploads\/2023\/09\/27095658\/20230923_120542-scaled.jpg","width":2560,"height":1152,"caption":"Foto: Cuballama"},{"@type":"BreadcrumbList","@id":"https:\/\/www.cuballama.com\/noticias\/regimen-cubano-ajusta-politicas-economicas-frente-a-crisis-continua\/#breadcrumb","itemListElement":[{"@type":"ListItem","position":1,"name":"Home","item":"https:\/\/www.cuballama.com\/noticias\/"},{"@type":"ListItem","position":2,"name":"R\u00e9gimen cubano \u00abajusta\u00bb pol\u00edticas econ\u00f3micas frente a crisis continua"}]},{"@type":"WebSite","@id":"https:\/\/www.cuballama.com\/noticias\/#website","url":"https:\/\/www.cuballama.com\/noticias\/","name":"Cuballama Noticias","description":"Medio digital sobre Cuba y el mundo","publisher":{"@id":"https:\/\/www.cuballama.com\/noticias\/#organization"},"potentialAction":[{"@type":"SearchAction","target":{"@type":"EntryPoint","urlTemplate":"https:\/\/www.cuballama.com\/noticias\/?s={search_term_string}"},"query-input":{"@type":"PropertyValueSpecification","valueRequired":true,"valueName":"search_term_string"}}],"inLanguage":"es"},{"@type":"Organization","@id":"https:\/\/www.cuballama.com\/noticias\/#organization","name":"Cuballama","url":"https:\/\/www.cuballama.com\/noticias\/","logo":{"@type":"ImageObject","inLanguage":"es","@id":"https:\/\/www.cuballama.com\/noticias\/#\/schema\/logo\/image\/","url":"https:\/\/cdn1.mediawpaccore.net\/wp-content\/uploads\/2021\/12\/28171206\/cbll-logo-color-sm.png","contentUrl":"https:\/\/cdn1.mediawpaccore.net\/wp-content\/uploads\/2021\/12\/28171206\/cbll-logo-color-sm.png","width":600,"height":133,"caption":"Cuballama"},"image":{"@id":"https:\/\/www.cuballama.com\/noticias\/#\/schema\/logo\/image\/"},"sameAs":["https:\/\/www.facebook.com\/CubaLlama","https:\/\/x.com\/cuballama","https:\/\/www.instagram.com\/stories\/cuballama_oficial\/","https:\/\/www.youtube.com\/channel\/UCKkFE-d_axENGZcrc4as0IA"]},{"@type":"Person","@id":"https:\/\/www.cuballama.com\/noticias\/#\/schema\/person\/a58502ed4146c8e9f83872e897c76cd2","name":"Roberto A.","description":"Roberto A. Periodista por decisi\u00f3n propia. Interesado en cualquier tema que me apasione y cada vez m\u00e1s comprometido con la verdad y la objetividad period\u00edstica. Graduado en La Habana hace ya muchos a\u00f1os, luego de una accidentada y polvorienta b\u00fasqueda de informaci\u00f3n sobre un tema in\u00e9dito. La Tesis, por cierto, desapareci\u00f3 de la biblioteca y no se conservan copias de la misma.","url":"https:\/\/www.cuballama.com\/noticias\/author\/roberto\/"}]}},"_links":{"self":[{"href":"https:\/\/www.cuballama.com\/noticias\/wp-json\/wp\/v2\/posts\/176825","targetHints":{"allow":["GET"]}}],"collection":[{"href":"https:\/\/www.cuballama.com\/noticias\/wp-json\/wp\/v2\/posts"}],"about":[{"href":"https:\/\/www.cuballama.com\/noticias\/wp-json\/wp\/v2\/types\/post"}],"author":[{"embeddable":true,"href":"https:\/\/www.cuballama.com\/noticias\/wp-json\/wp\/v2\/users\/13"}],"replies":[{"embeddable":true,"href":"https:\/\/www.cuballama.com\/noticias\/wp-json\/wp\/v2\/comments?post=176825"}],"version-history":[{"count":2,"href":"https:\/\/www.cuballama.com\/noticias\/wp-json\/wp\/v2\/posts\/176825\/revisions"}],"predecessor-version":[{"id":176833,"href":"https:\/\/www.cuballama.com\/noticias\/wp-json\/wp\/v2\/posts\/176825\/revisions\/176833"}],"wp:featuredmedia":[{"embeddable":true,"href":"https:\/\/www.cuballama.com\/noticias\/wp-json\/wp\/v2\/media\/139361"}],"wp:attachment":[{"href":"https:\/\/www.cuballama.com\/noticias\/wp-json\/wp\/v2\/media?parent=176825"}],"wp:term":[{"taxonomy":"category","embeddable":true,"href":"https:\/\/www.cuballama.com\/noticias\/wp-json\/wp\/v2\/categories?post=176825"},{"taxonomy":"post_tag","embeddable":true,"href":"https:\/\/www.cuballama.com\/noticias\/wp-json\/wp\/v2\/tags?post=176825"}],"curies":[{"name":"wp","href":"https:\/\/api.w.org\/{rel}","templated":true}]}}