{"id":173279,"date":"2024-06-13T10:48:40","date_gmt":"2024-06-13T14:48:40","guid":{"rendered":"https:\/\/www.cuballama.com\/noticias\/?p=173279"},"modified":"2024-06-13T11:20:17","modified_gmt":"2024-06-13T15:20:17","slug":"joven-que-cumplia-el-servicio-militar-en-cuba-muere-tras-lanzarse-de-un-omnibus","status":"publish","type":"post","link":"https:\/\/www.cuballama.com\/noticias\/joven-que-cumplia-el-servicio-militar-en-cuba-muere-tras-lanzarse-de-un-omnibus\/","title":{"rendered":"Joven que cumpl\u00eda el Servicio Militar en Cuba muere tras lanzarse de un \u00f3mnibus"},"content":{"rendered":"\n<p>El recluta cubano Leandro Mu\u00f1oz Zamora, quien cumpl\u00eda el Servicio Militar Obligatorio (SMO), falleci\u00f3 luego de lanzarse de la ventanilla de un \u00f3mnibus de la Empresa Constructora Militar de Matanzas en la ma\u00f1ana de este mi\u00e9rcoles 12 de junio.<\/p>\n\n\n\n<p>Seg\u00fan inform\u00f3 la emisora oficialista CMHW, el joven de 20 a\u00f1os, residente en la ciudad de Santa Clara, falleci\u00f3 \u201cal instante\u201d, \u201ccomo consecuencia del impacto contra el pavimento\u201d.<\/p>\n\n\n\n<p>De acuerdo con la nota oficial, el hecho ocurri\u00f3 cerca de las 10 de la ma\u00f1ana en el kil\u00f3metro 254 de la Autopista Nacional, en la provincia de Villa Clara, cuando el muchacho era trasladado a Matanzas para continuar all\u00ed su SMO.<\/p>\n\n\n\n<figure class=\"wp-block-image size-large\"><img loading=\"lazy\" decoding=\"async\" width=\"1024\" height=\"638\" src=\"https:\/\/cdn1.mediawpaccore.net\/wp-content\/uploads\/2024\/06\/13104527\/SMO-1024x638.jpg\" alt=\"\" class=\"wp-image-173293\" srcset=\"https:\/\/cdn1.mediawpaccore.net\/wp-content\/uploads\/2024\/06\/13104527\/SMO-1024x638.jpg 1024w, https:\/\/cdn1.mediawpaccore.net\/wp-content\/uploads\/2024\/06\/13104527\/SMO-300x187.jpg 300w, https:\/\/cdn1.mediawpaccore.net\/wp-content\/uploads\/2024\/06\/13104527\/SMO-768x479.jpg 768w, https:\/\/cdn1.mediawpaccore.net\/wp-content\/uploads\/2024\/06\/13104527\/SMO-150x94.jpg 150w, https:\/\/cdn1.mediawpaccore.net\/wp-content\/uploads\/2024\/06\/13104527\/SMO-696x434.jpg 696w, https:\/\/cdn1.mediawpaccore.net\/wp-content\/uploads\/2024\/06\/13104527\/SMO-1068x666.jpg 1068w, https:\/\/cdn1.mediawpaccore.net\/wp-content\/uploads\/2024\/06\/13104527\/SMO.jpg 1360w\" sizes=\"auto, (max-width: 1024px) 100vw, 1024px\" \/><\/figure>\n\n\n\n<p>\u201cMu\u00f1oz Zamora viajaba junto a otros 11 soldados, tres civiles y el chofer hacia la ciudad matancera, donde continuar\u00eda su misi\u00f3n como parte del Servicio Militar Activo\u201d, precis\u00f3 el reporte.<\/p>\n\n\n\n<p>\u201cAutoridades del Partido, el Gobierno, las Fuerzas Armadas Revolucionarias y el Ministerio del Interior acudieron al lugar de inmediato\u201d, a\u00f1adi\u00f3 CMHW antes de resaltar que \u201cse investigan las causas del incidente\u201d.<\/p>\n\n\n\n<p>\u201cSon ni\u00f1os y se enferman psicol\u00f3gicamente al tener que pasar por un Servicio Militar Obligatorio, ante tantas adversidades y falta de atenci\u00f3n humanitaria por parte de los jerarcas de las unidades militares, que no tienen \u00e9tica de humanidad para con los j\u00f3venes. Es triste lo que enfrenta la juventud cubana en un servicio obligatorio involuntario\u201d, opin\u00f3 al respecto una internauta en el muro de Facebook del periodista Mario Pent\u00f3n.<\/p>\n\n\n\n<iframe loading=\"lazy\" src=\"https:\/\/www.facebook.com\/plugins\/post.php?href=https%3A%2F%2Fwww.facebook.com%2FDeuntijeretazo%2Fposts%2Fpfbid029Jt1A3PC9QHrweQRgHcsbNDKsgGKoP4ubnUzUzoPwoQwatDAyQhH5nNKPDBawDQHl&#038;show_text=true&#038;width=500\" width=\"500\" height=\"250\" style=\"border:none;overflow:hidden\" scrolling=\"no\" frameborder=\"0\" allowfullscreen=\"true\" allow=\"autoplay; clipboard-write; encrypted-media; picture-in-picture; web-share\"><\/iframe>\n\n\n\n<p>Aunque el gobierno cubano no publica cifras de personas que fallecen en el SMO, datos de la organizaci\u00f3n independiente Cubalex citados por<em> Mart\u00ed Noticias<\/em> recogen que desde 2022 han muerto al menos otros 16 j\u00f3venes en activo.<\/p>\n\n\n\n<p>Solo durante la extinci\u00f3n del incendio en la Base de Supertanqueros en 2022, el m\u00e1s grande registrado en la isla en las \u00faltimas d\u00e9cadas, fallecieron varios reclutas de la brigada de bomberos en Matanzas.\u00a0<\/p>\n\n\n\n<p>A tenor con registros del medio independiente <em>CubaNet<\/em>, en Cuba al menos 31 j\u00f3venes han muerto durante el cumplimiento del Servicio Militar Activo, con el suicidio como la causa m\u00e1s recurrente: una decena de ellos.<\/p>\n\n\n\n<p>En a\u00f1os recientes ha tomado fuerza la lucha de madres y padres cubanos que se oponen a que sus hijos sean reclutados al Servicio Militar que es obligatorio por dos a\u00f1os para los hombres entre los 17 y los 28 a\u00f1os, y por uno si posteriormente ir\u00e1n a la universidad.<\/p>\n\n\n\n<p>A mediados de 2023 el Parlamento cubano aprob\u00f3 un nuevo c\u00f3digo penal militar que <a href=\"https:\/\/www.cuballama.com\/noticias\/5-anos-de-carcel-para-jovenes-que-evadan-servicio-militar\/\" target=\"_blank\" rel=\"noreferrer noopener\">incluye sanciones de hasta cinco a\u00f1os de c\u00e1rcel<\/a> a quienes intenten evadir definitivamente el SMO, abandonen la unidad o lugar donde prestan el servicio, o dejen de presentarse cuando deban hacerlo.<\/p>\n","protected":false},"excerpt":{"rendered":"<p>El muchacho, de 20 a\u00f1os, estaba siendo trasladado de Villa Clara a Matanzas.<\/p>\n","protected":false},"author":30,"featured_media":173281,"comment_status":"open","ping_status":"closed","sticky":false,"template":"","format":"standard","meta":{"_acf_changed":false,"footnotes":""},"categories":[18,955],"tags":[941,13408,6547,16615],"class_list":{"0":"post-173279","1":"post","2":"type-post","3":"status-publish","4":"format-standard","5":"has-post-thumbnail","7":"category-noticias","8":"category-noticias-de-cuba","9":"tag-destacado","10":"tag-joven-cubano","11":"tag-servicio-militar-obligatorio","12":"tag-suicidio-en-el-servicio"},"acf":[],"yoast_head":"<!-- This site is optimized with the Yoast SEO plugin v27.5 - https:\/\/yoast.com\/product\/yoast-seo-wordpress\/ -->\n<title>Joven que cumpl\u00eda el Servicio Militar en Cuba muere tras lanzarse de un \u00f3mnibus - Cuballama Noticias<\/title>\n<meta name=\"description\" content=\"Un joven que cumpl\u00eda el Servicio Militar en Cuba muri\u00f3 tras lanzarse del \u00f3mnibus en el que era trasladado de Villa Clara a Matanzas.\" \/>\n<meta name=\"robots\" content=\"index, follow, max-snippet:-1, max-image-preview:large, max-video-preview:-1\" \/>\n<link rel=\"canonical\" href=\"https:\/\/www.cuballama.com\/noticias\/joven-que-cumplia-el-servicio-militar-en-cuba-muere-tras-lanzarse-de-un-omnibus\/\" \/>\n<meta property=\"og:locale\" content=\"es_ES\" \/>\n<meta property=\"og:type\" content=\"article\" \/>\n<meta property=\"og:title\" content=\"Joven que cumpl\u00eda el Servicio Militar en Cuba muere tras lanzarse de un \u00f3mnibus - Cuballama Noticias\" \/>\n<meta property=\"og:description\" content=\"Un joven que cumpl\u00eda el Servicio Militar en Cuba muri\u00f3 tras lanzarse del \u00f3mnibus en el que era trasladado de Villa Clara a Matanzas.\" \/>\n<meta property=\"og:url\" content=\"https:\/\/www.cuballama.com\/noticias\/joven-que-cumplia-el-servicio-militar-en-cuba-muere-tras-lanzarse-de-un-omnibus\/\" \/>\n<meta property=\"og:site_name\" content=\"Cuballama Noticias\" \/>\n<meta property=\"article:publisher\" content=\"https:\/\/www.facebook.com\/CubaLlama\" \/>\n<meta property=\"article:published_time\" content=\"2024-06-13T14:48:40+00:00\" \/>\n<meta property=\"article:modified_time\" content=\"2024-06-13T15:20:17+00:00\" \/>\n<meta property=\"og:image\" content=\"https:\/\/cdn1.mediawpaccore.net\/wp-content\/uploads\/2024\/06\/13101444\/Joven-cubano.jpg\" \/>\n\t<meta property=\"og:image:width\" content=\"1200\" \/>\n\t<meta property=\"og:image:height\" content=\"630\" \/>\n\t<meta property=\"og:image:type\" content=\"image\/jpeg\" \/>\n<meta name=\"author\" content=\"Kathy\" \/>\n<meta name=\"twitter:card\" content=\"summary_large_image\" \/>\n<meta name=\"twitter:creator\" content=\"@cuballama\" \/>\n<meta name=\"twitter:site\" content=\"@cuballama\" \/>\n<meta name=\"twitter:label1\" content=\"Escrito por\" \/>\n\t<meta name=\"twitter:data1\" content=\"Kathy\" \/>\n\t<meta name=\"twitter:label2\" content=\"Tiempo de lectura\" \/>\n\t<meta name=\"twitter:data2\" content=\"3 minutos\" \/>\n<script type=\"application\/ld+json\" class=\"yoast-schema-graph\">{\"@context\":\"https:\\\/\\\/schema.org\",\"@graph\":[{\"@type\":\"Article\",\"@id\":\"https:\\\/\\\/www.cuballama.com\\\/noticias\\\/joven-que-cumplia-el-servicio-militar-en-cuba-muere-tras-lanzarse-de-un-omnibus\\\/#article\",\"isPartOf\":{\"@id\":\"https:\\\/\\\/www.cuballama.com\\\/noticias\\\/joven-que-cumplia-el-servicio-militar-en-cuba-muere-tras-lanzarse-de-un-omnibus\\\/\"},\"author\":{\"name\":\"Kathy\",\"@id\":\"https:\\\/\\\/www.cuballama.com\\\/noticias\\\/#\\\/schema\\\/person\\\/86cd3e3f4974437f031211213bf892d5\"},\"headline\":\"Joven que cumpl\u00eda el Servicio Militar en Cuba muere tras lanzarse de un \u00f3mnibus\",\"datePublished\":\"2024-06-13T14:48:40+00:00\",\"dateModified\":\"2024-06-13T15:20:17+00:00\",\"mainEntityOfPage\":{\"@id\":\"https:\\\/\\\/www.cuballama.com\\\/noticias\\\/joven-que-cumplia-el-servicio-militar-en-cuba-muere-tras-lanzarse-de-un-omnibus\\\/\"},\"wordCount\":474,\"commentCount\":0,\"publisher\":{\"@id\":\"https:\\\/\\\/www.cuballama.com\\\/noticias\\\/#organization\"},\"image\":{\"@id\":\"https:\\\/\\\/www.cuballama.com\\\/noticias\\\/joven-que-cumplia-el-servicio-militar-en-cuba-muere-tras-lanzarse-de-un-omnibus\\\/#primaryimage\"},\"thumbnailUrl\":\"https:\\\/\\\/cdn1.mediawpaccore.net\\\/wp-content\\\/uploads\\\/2024\\\/06\\\/13101444\\\/Joven-cubano.jpg\",\"keywords\":[\"destacado\",\"joven cubano\",\"Servicio Militar Obligatorio\",\"suicidio en el Servicio\"],\"articleSection\":[\"Noticias\",\"Noticias de Cuba\"],\"inLanguage\":\"es\",\"potentialAction\":[{\"@type\":\"CommentAction\",\"name\":\"Comment\",\"target\":[\"https:\\\/\\\/www.cuballama.com\\\/noticias\\\/joven-que-cumplia-el-servicio-militar-en-cuba-muere-tras-lanzarse-de-un-omnibus\\\/#respond\"]}]},{\"@type\":\"WebPage\",\"@id\":\"https:\\\/\\\/www.cuballama.com\\\/noticias\\\/joven-que-cumplia-el-servicio-militar-en-cuba-muere-tras-lanzarse-de-un-omnibus\\\/\",\"url\":\"https:\\\/\\\/www.cuballama.com\\\/noticias\\\/joven-que-cumplia-el-servicio-militar-en-cuba-muere-tras-lanzarse-de-un-omnibus\\\/\",\"name\":\"Joven que cumpl\u00eda el Servicio Militar en Cuba muere tras lanzarse de un \u00f3mnibus - Cuballama Noticias\",\"isPartOf\":{\"@id\":\"https:\\\/\\\/www.cuballama.com\\\/noticias\\\/#website\"},\"primaryImageOfPage\":{\"@id\":\"https:\\\/\\\/www.cuballama.com\\\/noticias\\\/joven-que-cumplia-el-servicio-militar-en-cuba-muere-tras-lanzarse-de-un-omnibus\\\/#primaryimage\"},\"image\":{\"@id\":\"https:\\\/\\\/www.cuballama.com\\\/noticias\\\/joven-que-cumplia-el-servicio-militar-en-cuba-muere-tras-lanzarse-de-un-omnibus\\\/#primaryimage\"},\"thumbnailUrl\":\"https:\\\/\\\/cdn1.mediawpaccore.net\\\/wp-content\\\/uploads\\\/2024\\\/06\\\/13101444\\\/Joven-cubano.jpg\",\"datePublished\":\"2024-06-13T14:48:40+00:00\",\"dateModified\":\"2024-06-13T15:20:17+00:00\",\"description\":\"Un joven que cumpl\u00eda el Servicio Militar en Cuba muri\u00f3 tras lanzarse del \u00f3mnibus en el que era trasladado de Villa Clara a Matanzas.\",\"breadcrumb\":{\"@id\":\"https:\\\/\\\/www.cuballama.com\\\/noticias\\\/joven-que-cumplia-el-servicio-militar-en-cuba-muere-tras-lanzarse-de-un-omnibus\\\/#breadcrumb\"},\"inLanguage\":\"es\",\"potentialAction\":[{\"@type\":\"ReadAction\",\"target\":[\"https:\\\/\\\/www.cuballama.com\\\/noticias\\\/joven-que-cumplia-el-servicio-militar-en-cuba-muere-tras-lanzarse-de-un-omnibus\\\/\"]}]},{\"@type\":\"ImageObject\",\"inLanguage\":\"es\",\"@id\":\"https:\\\/\\\/www.cuballama.com\\\/noticias\\\/joven-que-cumplia-el-servicio-militar-en-cuba-muere-tras-lanzarse-de-un-omnibus\\\/#primaryimage\",\"url\":\"https:\\\/\\\/cdn1.mediawpaccore.net\\\/wp-content\\\/uploads\\\/2024\\\/06\\\/13101444\\\/Joven-cubano.jpg\",\"contentUrl\":\"https:\\\/\\\/cdn1.mediawpaccore.net\\\/wp-content\\\/uploads\\\/2024\\\/06\\\/13101444\\\/Joven-cubano.jpg\",\"width\":1200,\"height\":630,\"caption\":\"Leandro Mu\u00f1oz Zamora se suicid\u00f3 mientras cumpl\u00eda el Servicio Militar Obligatorio. Foto: Facebook\\\/Leandro Mu\u00f1oz.\"},{\"@type\":\"BreadcrumbList\",\"@id\":\"https:\\\/\\\/www.cuballama.com\\\/noticias\\\/joven-que-cumplia-el-servicio-militar-en-cuba-muere-tras-lanzarse-de-un-omnibus\\\/#breadcrumb\",\"itemListElement\":[{\"@type\":\"ListItem\",\"position\":1,\"name\":\"Home\",\"item\":\"https:\\\/\\\/www.cuballama.com\\\/noticias\\\/\"},{\"@type\":\"ListItem\",\"position\":2,\"name\":\"Joven que cumpl\u00eda el Servicio Militar en Cuba muere tras lanzarse de un \u00f3mnibus\"}]},{\"@type\":\"WebSite\",\"@id\":\"https:\\\/\\\/www.cuballama.com\\\/noticias\\\/#website\",\"url\":\"https:\\\/\\\/www.cuballama.com\\\/noticias\\\/\",\"name\":\"Cuballama Noticias\",\"description\":\"Medio digital sobre Cuba y el mundo\",\"publisher\":{\"@id\":\"https:\\\/\\\/www.cuballama.com\\\/noticias\\\/#organization\"},\"potentialAction\":[{\"@type\":\"SearchAction\",\"target\":{\"@type\":\"EntryPoint\",\"urlTemplate\":\"https:\\\/\\\/www.cuballama.com\\\/noticias\\\/?s={search_term_string}\"},\"query-input\":{\"@type\":\"PropertyValueSpecification\",\"valueRequired\":true,\"valueName\":\"search_term_string\"}}],\"inLanguage\":\"es\"},{\"@type\":\"Organization\",\"@id\":\"https:\\\/\\\/www.cuballama.com\\\/noticias\\\/#organization\",\"name\":\"Cuballama\",\"url\":\"https:\\\/\\\/www.cuballama.com\\\/noticias\\\/\",\"logo\":{\"@type\":\"ImageObject\",\"inLanguage\":\"es\",\"@id\":\"https:\\\/\\\/www.cuballama.com\\\/noticias\\\/#\\\/schema\\\/logo\\\/image\\\/\",\"url\":\"https:\\\/\\\/cdn1.mediawpaccore.net\\\/wp-content\\\/uploads\\\/2021\\\/12\\\/28171206\\\/cbll-logo-color-sm.png\",\"contentUrl\":\"https:\\\/\\\/cdn1.mediawpaccore.net\\\/wp-content\\\/uploads\\\/2021\\\/12\\\/28171206\\\/cbll-logo-color-sm.png\",\"width\":600,\"height\":133,\"caption\":\"Cuballama\"},\"image\":{\"@id\":\"https:\\\/\\\/www.cuballama.com\\\/noticias\\\/#\\\/schema\\\/logo\\\/image\\\/\"},\"sameAs\":[\"https:\\\/\\\/www.facebook.com\\\/CubaLlama\",\"https:\\\/\\\/x.com\\\/cuballama\",\"https:\\\/\\\/www.instagram.com\\\/stories\\\/cuballama_oficial\\\/\",\"https:\\\/\\\/www.youtube.com\\\/channel\\\/UCKkFE-d_axENGZcrc4as0IA\"]},{\"@type\":\"Person\",\"@id\":\"https:\\\/\\\/www.cuballama.com\\\/noticias\\\/#\\\/schema\\\/person\\\/86cd3e3f4974437f031211213bf892d5\",\"name\":\"Kathy\",\"url\":\"https:\\\/\\\/www.cuballama.com\\\/noticias\\\/author\\\/kathy\\\/\"}]}<\/script>\n<!-- \/ Yoast SEO plugin. -->","yoast_head_json":{"title":"Joven que cumpl\u00eda el Servicio Militar en Cuba muere tras lanzarse de un \u00f3mnibus - Cuballama Noticias","description":"Un joven que cumpl\u00eda el Servicio Militar en Cuba muri\u00f3 tras lanzarse del \u00f3mnibus en el que era trasladado de Villa Clara a Matanzas.","robots":{"index":"index","follow":"follow","max-snippet":"max-snippet:-1","max-image-preview":"max-image-preview:large","max-video-preview":"max-video-preview:-1"},"canonical":"https:\/\/www.cuballama.com\/noticias\/joven-que-cumplia-el-servicio-militar-en-cuba-muere-tras-lanzarse-de-un-omnibus\/","og_locale":"es_ES","og_type":"article","og_title":"Joven que cumpl\u00eda el Servicio Militar en Cuba muere tras lanzarse de un \u00f3mnibus - Cuballama Noticias","og_description":"Un joven que cumpl\u00eda el Servicio Militar en Cuba muri\u00f3 tras lanzarse del \u00f3mnibus en el que era trasladado de Villa Clara a Matanzas.","og_url":"https:\/\/www.cuballama.com\/noticias\/joven-que-cumplia-el-servicio-militar-en-cuba-muere-tras-lanzarse-de-un-omnibus\/","og_site_name":"Cuballama Noticias","article_publisher":"https:\/\/www.facebook.com\/CubaLlama","article_published_time":"2024-06-13T14:48:40+00:00","article_modified_time":"2024-06-13T15:20:17+00:00","og_image":[{"width":1200,"height":630,"url":"https:\/\/cdn1.mediawpaccore.net\/wp-content\/uploads\/2024\/06\/13101444\/Joven-cubano.jpg","type":"image\/jpeg"}],"author":"Kathy","twitter_card":"summary_large_image","twitter_creator":"@cuballama","twitter_site":"@cuballama","twitter_misc":{"Escrito por":"Kathy","Tiempo de lectura":"3 minutos"},"schema":{"@context":"https:\/\/schema.org","@graph":[{"@type":"Article","@id":"https:\/\/www.cuballama.com\/noticias\/joven-que-cumplia-el-servicio-militar-en-cuba-muere-tras-lanzarse-de-un-omnibus\/#article","isPartOf":{"@id":"https:\/\/www.cuballama.com\/noticias\/joven-que-cumplia-el-servicio-militar-en-cuba-muere-tras-lanzarse-de-un-omnibus\/"},"author":{"name":"Kathy","@id":"https:\/\/www.cuballama.com\/noticias\/#\/schema\/person\/86cd3e3f4974437f031211213bf892d5"},"headline":"Joven que cumpl\u00eda el Servicio Militar en Cuba muere tras lanzarse de un \u00f3mnibus","datePublished":"2024-06-13T14:48:40+00:00","dateModified":"2024-06-13T15:20:17+00:00","mainEntityOfPage":{"@id":"https:\/\/www.cuballama.com\/noticias\/joven-que-cumplia-el-servicio-militar-en-cuba-muere-tras-lanzarse-de-un-omnibus\/"},"wordCount":474,"commentCount":0,"publisher":{"@id":"https:\/\/www.cuballama.com\/noticias\/#organization"},"image":{"@id":"https:\/\/www.cuballama.com\/noticias\/joven-que-cumplia-el-servicio-militar-en-cuba-muere-tras-lanzarse-de-un-omnibus\/#primaryimage"},"thumbnailUrl":"https:\/\/cdn1.mediawpaccore.net\/wp-content\/uploads\/2024\/06\/13101444\/Joven-cubano.jpg","keywords":["destacado","joven cubano","Servicio Militar Obligatorio","suicidio en el Servicio"],"articleSection":["Noticias","Noticias de Cuba"],"inLanguage":"es","potentialAction":[{"@type":"CommentAction","name":"Comment","target":["https:\/\/www.cuballama.com\/noticias\/joven-que-cumplia-el-servicio-militar-en-cuba-muere-tras-lanzarse-de-un-omnibus\/#respond"]}]},{"@type":"WebPage","@id":"https:\/\/www.cuballama.com\/noticias\/joven-que-cumplia-el-servicio-militar-en-cuba-muere-tras-lanzarse-de-un-omnibus\/","url":"https:\/\/www.cuballama.com\/noticias\/joven-que-cumplia-el-servicio-militar-en-cuba-muere-tras-lanzarse-de-un-omnibus\/","name":"Joven que cumpl\u00eda el Servicio Militar en Cuba muere tras lanzarse de un \u00f3mnibus - Cuballama Noticias","isPartOf":{"@id":"https:\/\/www.cuballama.com\/noticias\/#website"},"primaryImageOfPage":{"@id":"https:\/\/www.cuballama.com\/noticias\/joven-que-cumplia-el-servicio-militar-en-cuba-muere-tras-lanzarse-de-un-omnibus\/#primaryimage"},"image":{"@id":"https:\/\/www.cuballama.com\/noticias\/joven-que-cumplia-el-servicio-militar-en-cuba-muere-tras-lanzarse-de-un-omnibus\/#primaryimage"},"thumbnailUrl":"https:\/\/cdn1.mediawpaccore.net\/wp-content\/uploads\/2024\/06\/13101444\/Joven-cubano.jpg","datePublished":"2024-06-13T14:48:40+00:00","dateModified":"2024-06-13T15:20:17+00:00","description":"Un joven que cumpl\u00eda el Servicio Militar en Cuba muri\u00f3 tras lanzarse del \u00f3mnibus en el que era trasladado de Villa Clara a Matanzas.","breadcrumb":{"@id":"https:\/\/www.cuballama.com\/noticias\/joven-que-cumplia-el-servicio-militar-en-cuba-muere-tras-lanzarse-de-un-omnibus\/#breadcrumb"},"inLanguage":"es","potentialAction":[{"@type":"ReadAction","target":["https:\/\/www.cuballama.com\/noticias\/joven-que-cumplia-el-servicio-militar-en-cuba-muere-tras-lanzarse-de-un-omnibus\/"]}]},{"@type":"ImageObject","inLanguage":"es","@id":"https:\/\/www.cuballama.com\/noticias\/joven-que-cumplia-el-servicio-militar-en-cuba-muere-tras-lanzarse-de-un-omnibus\/#primaryimage","url":"https:\/\/cdn1.mediawpaccore.net\/wp-content\/uploads\/2024\/06\/13101444\/Joven-cubano.jpg","contentUrl":"https:\/\/cdn1.mediawpaccore.net\/wp-content\/uploads\/2024\/06\/13101444\/Joven-cubano.jpg","width":1200,"height":630,"caption":"Leandro Mu\u00f1oz Zamora se suicid\u00f3 mientras cumpl\u00eda el Servicio Militar Obligatorio. Foto: Facebook\/Leandro Mu\u00f1oz."},{"@type":"BreadcrumbList","@id":"https:\/\/www.cuballama.com\/noticias\/joven-que-cumplia-el-servicio-militar-en-cuba-muere-tras-lanzarse-de-un-omnibus\/#breadcrumb","itemListElement":[{"@type":"ListItem","position":1,"name":"Home","item":"https:\/\/www.cuballama.com\/noticias\/"},{"@type":"ListItem","position":2,"name":"Joven que cumpl\u00eda el Servicio Militar en Cuba muere tras lanzarse de un \u00f3mnibus"}]},{"@type":"WebSite","@id":"https:\/\/www.cuballama.com\/noticias\/#website","url":"https:\/\/www.cuballama.com\/noticias\/","name":"Cuballama Noticias","description":"Medio digital sobre Cuba y el mundo","publisher":{"@id":"https:\/\/www.cuballama.com\/noticias\/#organization"},"potentialAction":[{"@type":"SearchAction","target":{"@type":"EntryPoint","urlTemplate":"https:\/\/www.cuballama.com\/noticias\/?s={search_term_string}"},"query-input":{"@type":"PropertyValueSpecification","valueRequired":true,"valueName":"search_term_string"}}],"inLanguage":"es"},{"@type":"Organization","@id":"https:\/\/www.cuballama.com\/noticias\/#organization","name":"Cuballama","url":"https:\/\/www.cuballama.com\/noticias\/","logo":{"@type":"ImageObject","inLanguage":"es","@id":"https:\/\/www.cuballama.com\/noticias\/#\/schema\/logo\/image\/","url":"https:\/\/cdn1.mediawpaccore.net\/wp-content\/uploads\/2021\/12\/28171206\/cbll-logo-color-sm.png","contentUrl":"https:\/\/cdn1.mediawpaccore.net\/wp-content\/uploads\/2021\/12\/28171206\/cbll-logo-color-sm.png","width":600,"height":133,"caption":"Cuballama"},"image":{"@id":"https:\/\/www.cuballama.com\/noticias\/#\/schema\/logo\/image\/"},"sameAs":["https:\/\/www.facebook.com\/CubaLlama","https:\/\/x.com\/cuballama","https:\/\/www.instagram.com\/stories\/cuballama_oficial\/","https:\/\/www.youtube.com\/channel\/UCKkFE-d_axENGZcrc4as0IA"]},{"@type":"Person","@id":"https:\/\/www.cuballama.com\/noticias\/#\/schema\/person\/86cd3e3f4974437f031211213bf892d5","name":"Kathy","url":"https:\/\/www.cuballama.com\/noticias\/author\/kathy\/"}]}},"_links":{"self":[{"href":"https:\/\/www.cuballama.com\/noticias\/wp-json\/wp\/v2\/posts\/173279","targetHints":{"allow":["GET"]}}],"collection":[{"href":"https:\/\/www.cuballama.com\/noticias\/wp-json\/wp\/v2\/posts"}],"about":[{"href":"https:\/\/www.cuballama.com\/noticias\/wp-json\/wp\/v2\/types\/post"}],"author":[{"embeddable":true,"href":"https:\/\/www.cuballama.com\/noticias\/wp-json\/wp\/v2\/users\/30"}],"replies":[{"embeddable":true,"href":"https:\/\/www.cuballama.com\/noticias\/wp-json\/wp\/v2\/comments?post=173279"}],"version-history":[{"count":10,"href":"https:\/\/www.cuballama.com\/noticias\/wp-json\/wp\/v2\/posts\/173279\/revisions"}],"predecessor-version":[{"id":173320,"href":"https:\/\/www.cuballama.com\/noticias\/wp-json\/wp\/v2\/posts\/173279\/revisions\/173320"}],"wp:featuredmedia":[{"embeddable":true,"href":"https:\/\/www.cuballama.com\/noticias\/wp-json\/wp\/v2\/media\/173281"}],"wp:attachment":[{"href":"https:\/\/www.cuballama.com\/noticias\/wp-json\/wp\/v2\/media?parent=173279"}],"wp:term":[{"taxonomy":"category","embeddable":true,"href":"https:\/\/www.cuballama.com\/noticias\/wp-json\/wp\/v2\/categories?post=173279"},{"taxonomy":"post_tag","embeddable":true,"href":"https:\/\/www.cuballama.com\/noticias\/wp-json\/wp\/v2\/tags?post=173279"}],"curies":[{"name":"wp","href":"https:\/\/api.w.org\/{rel}","templated":true}]}}