{"id":167363,"date":"2024-04-22T13:18:16","date_gmt":"2024-04-22T17:18:16","guid":{"rendered":"https:\/\/www.cuballama.com\/noticias\/?p=167363"},"modified":"2024-04-22T13:18:18","modified_gmt":"2024-04-22T17:18:18","slug":"cubano-regresa-a-la-isla-y-agradece-a-todos-sus-santos-por-el-viaje-y-los-sentimientos-vividos","status":"publish","type":"post","link":"https:\/\/www.cuballama.com\/noticias\/cubano-regresa-a-la-isla-y-agradece-a-todos-sus-santos-por-el-viaje-y-los-sentimientos-vividos\/","title":{"rendered":"Cubano regresa a la isla y agradece a todos sus santos por el viaje y los sentimientos vividos"},"content":{"rendered":"\n<p>Un cubano residente en Dallas regres\u00f3 a Cuba tras cinco a\u00f1os de ausencia, protagonizando un emotivo reencuentro con su familia, captado en un <a href=\"https:\/\/www.tiktok.com\/@ony_ony_de_barber\/video\/7358968036176481579\" target=\"_blank\" rel=\"noreferrer noopener nofollow\">video<\/a> que comparti\u00f3 en su perfil de TikTok. <\/p>\n\n\n\n<p>El hombre, due\u00f1o de una barber\u00eda en Estados Unidos, fue recibido con abrazos de sus seres queridos bajo la lluvia. <\/p>\n\n\n\n<p>En la publicaci\u00f3n hecha en TikTok, el hombre expres\u00f3 su gratitud por la realizaci\u00f3n de este anhelado momento, agradeciendo a \u00abtodos mis santos\u00bb por haber escuchado sus oraciones. <\/p>\n\n\n\n<blockquote class=\"tiktok-embed\" cite=\"https:\/\/www.tiktok.com\/@ony_ony_de_barber\/video\/7358968036176481579\" data-video-id=\"7358968036176481579\" style=\"max-width: 605px;min-width: 325px;\" > <section> <a target=\"_blank\" title=\"@ony_ony_de_barber\" href=\"https:\/\/www.tiktok.com\/@ony_ony_de_barber?refer=embed\" rel=\"noopener\">@ony_ony_de_barber<\/a> 5 a\u00f1os lejos de mi familia gracias a todos mis santos por escuchar mis oraciones \u2026de pedir que este gran dia llegara a mi vida por fin ya se me cumplio <a title=\"rencuentrofamiliar\" target=\"_blank\" href=\"https:\/\/www.tiktok.com\/tag\/rencuentrofamiliar?refer=embed\" rel=\"noopener\">#rencuentrofamiliar<\/a> <a title=\"familia\" target=\"_blank\" href=\"https:\/\/www.tiktok.com\/tag\/familia?refer=embed\" rel=\"noopener\">#familia<\/a> <a target=\"_blank\" title=\"\u266c YO VOLVERE Angel El White ft el Uniko - Musica Cubana \ud83c\udde8\ud83c\uddfa\" href=\"https:\/\/www.tiktok.com\/music\/YO-VOLVERE-Angel-El-White-ft-el-Uniko-6847596031698275077?refer=embed\" rel=\"noopener\">\u266c YO VOLVERE Angel El White ft el Uniko &#8211; Musica Cubana \ud83c\udde8\ud83c\uddfa<\/a> <\/section> <\/blockquote> <script async src=\"https:\/\/www.tiktok.com\/embed.js\"><\/script>\n\n\n\n<p>Esta escena es una de muchas que cubanos en el extranjero comparten en redes, emocionando a personas alrededor del mundo. Las redes sociales han demostrado ser un espacio vital para la comunidad cubana dispersa por el globo, permiti\u00e9ndoles compartir momentos significativos de reencuentro que resaltan la fuerza de los v\u00ednculos familiares a pesar de la distancia.<\/p>\n\n\n\n<p>Un ejemplo conmovedor es el de Ale \u00c1lvarez, un joven padre que comparti\u00f3 en <a href=\"https:\/\/www.tiktok.com\/@ale_alvarez_97\/video\/7359421296335228166\" target=\"_blank\" rel=\"noreferrer noopener nofollow\">TikTok<\/a> el instante en que volvi\u00f3 a ver a su hijo en Cuba despu\u00e9s de un prolongado per\u00edodo aparte. Las im\u00e1genes muestran al ni\u00f1o corriendo hacia su padre con una alegr\u00eda desbordante, culminando en un abrazo cargado de emoci\u00f3n y l\u00e1grimas, bajo el fondo musical de \u00abHoy\u00bb de Gloria Estefan, que hace eco del sentimiento de alegr\u00eda y alivio del reencuentro.<\/p>\n\n\n\n<blockquote class=\"tiktok-embed\" cite=\"https:\/\/www.tiktok.com\/@ale_alvarez_97\/video\/7359421296335228166\" data-video-id=\"7359421296335228166\" style=\"max-width: 605px;min-width: 325px;\" > <section> <a target=\"_blank\" title=\"@ale_alvarez_97\" href=\"https:\/\/www.tiktok.com\/@ale_alvarez_97?refer=embed\" rel=\"noopener\">@ale_alvarez_97<\/a> <a title=\"reencuentro\" target=\"_blank\" href=\"https:\/\/www.tiktok.com\/tag\/reencuentro?refer=embed\" rel=\"noopener\">#reencuentro<\/a> <a title=\"reencuentrofamiliar\" target=\"_blank\" href=\"https:\/\/www.tiktok.com\/tag\/reencuentrofamiliar?refer=embed\" rel=\"noopener\">#reencuentrofamiliar<\/a> <a title=\"hijos\" target=\"_blank\" href=\"https:\/\/www.tiktok.com\/tag\/hijos?refer=embed\" rel=\"noopener\">#hijos<\/a> <a title=\"reencuentroconmihijo\" target=\"_blank\" href=\"https:\/\/www.tiktok.com\/tag\/reencuentroconmihijo?refer=embed\" rel=\"noopener\">#reencuentroconmihijo<\/a> <a title=\"diostodopoderoso\" target=\"_blank\" href=\"https:\/\/www.tiktok.com\/tag\/diostodopoderoso?refer=embed\" rel=\"noopener\">#diostodopoderoso<\/a> <a title=\"bendicion\" target=\"_blank\" href=\"https:\/\/www.tiktok.com\/tag\/bendicion?refer=embed\" rel=\"noopener\">#bendicion<\/a> <a title=\"ale_alvarez\" target=\"_blank\" href=\"https:\/\/www.tiktok.com\/tag\/ale_alvarez?refer=embed\" rel=\"noopener\">#ale_alvarez<\/a> <a title=\"viralvideo\" target=\"_blank\" href=\"https:\/\/www.tiktok.com\/tag\/viralvideo?refer=embed\" rel=\"noopener\">#viralvideo<\/a> <a title=\"cubanosporelmundo\" target=\"_blank\" href=\"https:\/\/www.tiktok.com\/tag\/cubanosporelmundo?refer=embed\" rel=\"noopener\">#cubanosporelmundo<\/a> <a title=\"emigrantes\" target=\"_blank\" href=\"https:\/\/www.tiktok.com\/tag\/emigrantes?refer=embed\" rel=\"noopener\">#emigrantes<\/a> <a title=\"noterindasnunca\" target=\"_blank\" href=\"https:\/\/www.tiktok.com\/tag\/noterindasnunca?refer=embed\" rel=\"noopener\">#noterindasnunca<\/a> <a target=\"_blank\" title=\"\u266c sonido original - Ale \u00c1lvarez\" href=\"https:\/\/www.tiktok.com\/music\/sonido-original-7359421458771561221?refer=embed\" rel=\"noopener\">\u266c sonido original &#8211; Ale \u00c1lvarez<\/a> <\/section> <\/blockquote> <script async src=\"https:\/\/www.tiktok.com\/embed.js\"><\/script>\n\n\n\n<p>Otra historia es la de una mujer que viaj\u00f3 a Cuba sin avisar y sorprendi\u00f3 a sus padres despu\u00e9s de dos a\u00f1os sin verlos. <\/p>\n\n\n\n<p>El video de su llegada y el asombro y felicidad de sus padres al verla, capturado en un emotivo video, ha tocado los corazones de muchos en las redes.<\/p>\n\n\n\n<blockquote class=\"tiktok-embed\" cite=\"https:\/\/www.tiktok.com\/@julietvaldesmartinez\/video\/7358572919968107819\" data-video-id=\"7358572919968107819\" style=\"max-width: 605px;min-width: 325px;\" > <section> <a target=\"_blank\" title=\"@julietvaldesmartinez\" href=\"https:\/\/www.tiktok.com\/@julietvaldesmartinez?refer=embed\" rel=\"noopener\">@julietvaldesmartinez<\/a> Sopresa de mis padres a mis abuelos por sus cumplea\u00f1os despues de 2 a\u00f1os \ud83e\udd79  (Yo las mas llorona en el telefono \ud83d\ude05)  <a title=\"fyp\" target=\"_blank\" href=\"https:\/\/www.tiktok.com\/tag\/fyp?refer=embed\" rel=\"noopener\">#fyp<\/a> <a title=\"paratiii\" target=\"_blank\" href=\"https:\/\/www.tiktok.com\/tag\/paratiii?refer=embed\" rel=\"noopener\">#paratiii<\/a> <a title=\"cuba\" target=\"_blank\" href=\"https:\/\/www.tiktok.com\/tag\/cuba?refer=embed\" rel=\"noopener\">#cuba<\/a> <a title=\"familia\" target=\"_blank\" href=\"https:\/\/www.tiktok.com\/tag\/familia?refer=embed\" rel=\"noopener\">#familia<\/a> <a title=\"cubanosporelmundo\" target=\"_blank\" href=\"https:\/\/www.tiktok.com\/tag\/cubanosporelmundo?refer=embed\" rel=\"noopener\">#cubanosporelmundo<\/a> <a title=\"familiacubana\" target=\"_blank\" href=\"https:\/\/www.tiktok.com\/tag\/familiacubana?refer=embed\" rel=\"noopener\">#familiacubana<\/a> <a title=\"patriayvida\" target=\"_blank\" href=\"https:\/\/www.tiktok.com\/tag\/patriayvida?refer=embed\" rel=\"noopener\">#patriayvida<\/a> <a target=\"_blank\" title=\"\u266c Isla Bella - Ricky Martin\" href=\"https:\/\/www.tiktok.com\/music\/Isla-Bella-6715435896444815361?refer=embed\" rel=\"noopener\">\u266c Isla Bella &#8211; Ricky Martin<\/a> <\/section> <\/blockquote> <script async src=\"https:\/\/www.tiktok.com\/embed.js\"><\/script>\n\n\n\n<p>Adem\u00e1s, otra cubana regres\u00f3 a su tierra natal despu\u00e9s de 12 a\u00f1os de ausencia, describiendo el reencuentro como \u00ablo m\u00e1s lindo que uno puede vivir\u00bb. Su historia, al igual que muchas otras, subraya c\u00f3mo, a pesar de las dificultades y la separaci\u00f3n, el hogar y la familia mantienen un lugar irremplazable en los corazones de los expatriados.<\/p>\n\n\n\n<blockquote class=\"tiktok-embed\" cite=\"https:\/\/www.tiktok.com\/@siempre.ellaxo\/video\/7359010609951821099\" data-video-id=\"7359010609951821099\" style=\"max-width: 605px;min-width: 325px;\" > <section> <a target=\"_blank\" title=\"@siempre.ellaxo\" href=\"https:\/\/www.tiktok.com\/@siempre.ellaxo?refer=embed\" rel=\"noopener\">@siempre.ellaxo<\/a> Viaje a cuba despues de 12 a\u00f1os \ud83e\udd79\u2764\ufe0f\u200d\ud83e\ude79\ud83c\udde8\ud83c\uddfa esto es lo mas lindo que uno puede vivir. <a title=\"cuba\" target=\"_blank\" href=\"https:\/\/www.tiktok.com\/tag\/cuba?refer=embed\" rel=\"noopener\">#cuba<\/a> <a title=\"viajeacuba\" target=\"_blank\" href=\"https:\/\/www.tiktok.com\/tag\/viajeacuba?refer=embed\" rel=\"noopener\">#viajeacuba<\/a> <a title=\"viajesorpresaacuba\ud83c\udde8\ud83c\uddfa\" target=\"_blank\" href=\"https:\/\/www.tiktok.com\/tag\/viajesorpresaacuba%F0%9F%87%A8%F0%9F%87%BA?refer=embed\" rel=\"noopener\">#viajesorpresaacuba\ud83c\udde8\ud83c\uddfa<\/a> <a title=\"cubanosporelmundo\" target=\"_blank\" href=\"https:\/\/www.tiktok.com\/tag\/cubanosporelmundo?refer=embed\" rel=\"noopener\">#cubanosporelmundo<\/a> <a title=\"parati\" target=\"_blank\" href=\"https:\/\/www.tiktok.com\/tag\/parati?refer=embed\" rel=\"noopener\">#parati<\/a> <a target=\"_blank\" title=\"\u266c sonido original - \ud835\udce6\ud835\udcf2\ud835\udcf5\ud835\udcf5\ud835\udcf2\ud835\udcea\ud835\udcf6\ud835\udcfc\" href=\"https:\/\/www.tiktok.com\/music\/sonido-original-7320951296543607557?refer=embed\" rel=\"noopener\">\u266c sonido original &#8211; \ud835\udce6\ud835\udcf2\ud835\udcf5\ud835\udcf5\ud835\udcf2\ud835\udcea\ud835\udcf6\ud835\udcfc<\/a> <\/section> <\/blockquote> <script async src=\"https:\/\/www.tiktok.com\/embed.js\"><\/script>\n\n\n\n<p>Estos videos no solo documentan momentos personales de alegr\u00eda y reencuentro, sino que tambi\u00e9n ofrecen una ventana a las experiencias emocionales de la di\u00e1spora cubana. Representan un testimonio poderoso del impacto emocional de la emigraci\u00f3n y del significado profundo que el retorno a casa tiene para muchos cubanos. <\/p>\n\n\n\n<p><strong>noticia similar: <a href=\"https:\/\/www.cuballama.com\/noticias\/otra-cubana-regresa-de-sorpresa-a-la-isla-y-su-madre-explota-en-llantos-de-alegria\/\">Otra cubana regresa de sorpresa a la isla y su madre explota en llantos de alegr\u00eda<\/a><\/strong><\/p>\n\n\n\n<p><\/p>\n","protected":false},"excerpt":{"rendered":"<p>Estos videos no solo documentan momentos personales de alegr\u00eda y reencuentro, sino que tambi\u00e9n ofrecen una ventana a las experiencias emocionales de la di\u00e1spora cubana. Representan un testimonio poderoso del impacto emocional de la emigraci\u00f3n y del significado profundo que el retorno a casa tiene para muchos cubanos. <\/p>\n","protected":false},"author":13,"featured_media":167366,"comment_status":"open","ping_status":"closed","sticky":false,"template":"","format":"standard","meta":{"_acf_changed":false,"footnotes":""},"categories":[18,955,961],"tags":[100,941,21204,21203,764],"class_list":{"0":"post-167363","1":"post","2":"type-post","3":"status-publish","4":"format-standard","5":"has-post-thumbnail","7":"category-noticias","8":"category-noticias-de-cuba","9":"category-videos","10":"tag-cubano","11":"tag-destacado","12":"tag-regresos","13":"tag-viajes-sorpresas","14":"tag-videos"},"acf":[],"yoast_head":"<!-- This site is optimized with the Yoast SEO plugin v27.5 - https:\/\/yoast.com\/product\/yoast-seo-wordpress\/ -->\n<title>Cubano regresa a la isla y agradece a todos sus santos por el viaje y los sentimientos vividos - Cuballama Noticias<\/title>\n<meta name=\"description\" content=\"Un cubano viaj\u00f3 de sorpresa a la isla y bajo la lluv\u00eda sorprendi\u00f3 a sus seres queridos. El cubano vivi\u00f3 momentos muy emotivos.\" \/>\n<meta name=\"robots\" content=\"index, follow, max-snippet:-1, max-image-preview:large, max-video-preview:-1\" \/>\n<link rel=\"canonical\" href=\"https:\/\/www.cuballama.com\/noticias\/cubano-regresa-a-la-isla-y-agradece-a-todos-sus-santos-por-el-viaje-y-los-sentimientos-vividos\/\" \/>\n<meta property=\"og:locale\" content=\"es_ES\" \/>\n<meta property=\"og:type\" content=\"article\" \/>\n<meta property=\"og:title\" content=\"Cubano regresa a la isla y agradece a todos sus santos por el viaje y los sentimientos vividos - Cuballama Noticias\" \/>\n<meta property=\"og:description\" content=\"Un cubano viaj\u00f3 de sorpresa a la isla y bajo la lluv\u00eda sorprendi\u00f3 a sus seres queridos. El cubano vivi\u00f3 momentos muy emotivos.\" \/>\n<meta property=\"og:url\" content=\"https:\/\/www.cuballama.com\/noticias\/cubano-regresa-a-la-isla-y-agradece-a-todos-sus-santos-por-el-viaje-y-los-sentimientos-vividos\/\" \/>\n<meta property=\"og:site_name\" content=\"Cuballama Noticias\" \/>\n<meta property=\"article:publisher\" content=\"https:\/\/www.facebook.com\/CubaLlama\" \/>\n<meta property=\"article:published_time\" content=\"2024-04-22T17:18:16+00:00\" \/>\n<meta property=\"article:modified_time\" content=\"2024-04-22T17:18:18+00:00\" \/>\n<meta property=\"og:image\" content=\"https:\/\/cdn1.mediawpaccore.net\/wp-content\/uploads\/2024\/04\/22111702\/image-14-1024x538.png\" \/>\n\t<meta property=\"og:image:width\" content=\"1024\" \/>\n\t<meta property=\"og:image:height\" content=\"538\" \/>\n\t<meta property=\"og:image:type\" content=\"image\/png\" \/>\n<meta name=\"author\" content=\"Roberto A.\" \/>\n<meta name=\"twitter:card\" content=\"summary_large_image\" \/>\n<meta name=\"twitter:creator\" content=\"@cuballama\" \/>\n<meta name=\"twitter:site\" content=\"@cuballama\" \/>\n<meta name=\"twitter:label1\" content=\"Escrito por\" \/>\n\t<meta name=\"twitter:data1\" content=\"Roberto A.\" \/>\n\t<meta name=\"twitter:label2\" content=\"Tiempo de lectura\" \/>\n\t<meta name=\"twitter:data2\" content=\"2 minutos\" \/>\n<script type=\"application\/ld+json\" class=\"yoast-schema-graph\">{\"@context\":\"https:\\\/\\\/schema.org\",\"@graph\":[{\"@type\":\"Article\",\"@id\":\"https:\\\/\\\/www.cuballama.com\\\/noticias\\\/cubano-regresa-a-la-isla-y-agradece-a-todos-sus-santos-por-el-viaje-y-los-sentimientos-vividos\\\/#article\",\"isPartOf\":{\"@id\":\"https:\\\/\\\/www.cuballama.com\\\/noticias\\\/cubano-regresa-a-la-isla-y-agradece-a-todos-sus-santos-por-el-viaje-y-los-sentimientos-vividos\\\/\"},\"author\":{\"name\":\"Roberto A.\",\"@id\":\"https:\\\/\\\/www.cuballama.com\\\/noticias\\\/#\\\/schema\\\/person\\\/a58502ed4146c8e9f83872e897c76cd2\"},\"headline\":\"Cubano regresa a la isla y agradece a todos sus santos por el viaje y los sentimientos vividos\",\"datePublished\":\"2024-04-22T17:18:16+00:00\",\"dateModified\":\"2024-04-22T17:18:18+00:00\",\"mainEntityOfPage\":{\"@id\":\"https:\\\/\\\/www.cuballama.com\\\/noticias\\\/cubano-regresa-a-la-isla-y-agradece-a-todos-sus-santos-por-el-viaje-y-los-sentimientos-vividos\\\/\"},\"wordCount\":559,\"commentCount\":0,\"publisher\":{\"@id\":\"https:\\\/\\\/www.cuballama.com\\\/noticias\\\/#organization\"},\"image\":{\"@id\":\"https:\\\/\\\/www.cuballama.com\\\/noticias\\\/cubano-regresa-a-la-isla-y-agradece-a-todos-sus-santos-por-el-viaje-y-los-sentimientos-vividos\\\/#primaryimage\"},\"thumbnailUrl\":\"https:\\\/\\\/cdn1.mediawpaccore.net\\\/wp-content\\\/uploads\\\/2024\\\/04\\\/22111702\\\/image-14.png\",\"keywords\":[\"cubano\",\"destacado\",\"Regresos\",\"Viajes sorpresas\",\"Videos\"],\"articleSection\":[\"Noticias\",\"Noticias de Cuba\",\"Videos\"],\"inLanguage\":\"es\",\"potentialAction\":[{\"@type\":\"CommentAction\",\"name\":\"Comment\",\"target\":[\"https:\\\/\\\/www.cuballama.com\\\/noticias\\\/cubano-regresa-a-la-isla-y-agradece-a-todos-sus-santos-por-el-viaje-y-los-sentimientos-vividos\\\/#respond\"]}]},{\"@type\":\"WebPage\",\"@id\":\"https:\\\/\\\/www.cuballama.com\\\/noticias\\\/cubano-regresa-a-la-isla-y-agradece-a-todos-sus-santos-por-el-viaje-y-los-sentimientos-vividos\\\/\",\"url\":\"https:\\\/\\\/www.cuballama.com\\\/noticias\\\/cubano-regresa-a-la-isla-y-agradece-a-todos-sus-santos-por-el-viaje-y-los-sentimientos-vividos\\\/\",\"name\":\"Cubano regresa a la isla y agradece a todos sus santos por el viaje y los sentimientos vividos - Cuballama Noticias\",\"isPartOf\":{\"@id\":\"https:\\\/\\\/www.cuballama.com\\\/noticias\\\/#website\"},\"primaryImageOfPage\":{\"@id\":\"https:\\\/\\\/www.cuballama.com\\\/noticias\\\/cubano-regresa-a-la-isla-y-agradece-a-todos-sus-santos-por-el-viaje-y-los-sentimientos-vividos\\\/#primaryimage\"},\"image\":{\"@id\":\"https:\\\/\\\/www.cuballama.com\\\/noticias\\\/cubano-regresa-a-la-isla-y-agradece-a-todos-sus-santos-por-el-viaje-y-los-sentimientos-vividos\\\/#primaryimage\"},\"thumbnailUrl\":\"https:\\\/\\\/cdn1.mediawpaccore.net\\\/wp-content\\\/uploads\\\/2024\\\/04\\\/22111702\\\/image-14.png\",\"datePublished\":\"2024-04-22T17:18:16+00:00\",\"dateModified\":\"2024-04-22T17:18:18+00:00\",\"description\":\"Un cubano viaj\u00f3 de sorpresa a la isla y bajo la lluv\u00eda sorprendi\u00f3 a sus seres queridos. El cubano vivi\u00f3 momentos muy emotivos.\",\"breadcrumb\":{\"@id\":\"https:\\\/\\\/www.cuballama.com\\\/noticias\\\/cubano-regresa-a-la-isla-y-agradece-a-todos-sus-santos-por-el-viaje-y-los-sentimientos-vividos\\\/#breadcrumb\"},\"inLanguage\":\"es\",\"potentialAction\":[{\"@type\":\"ReadAction\",\"target\":[\"https:\\\/\\\/www.cuballama.com\\\/noticias\\\/cubano-regresa-a-la-isla-y-agradece-a-todos-sus-santos-por-el-viaje-y-los-sentimientos-vividos\\\/\"]}]},{\"@type\":\"ImageObject\",\"inLanguage\":\"es\",\"@id\":\"https:\\\/\\\/www.cuballama.com\\\/noticias\\\/cubano-regresa-a-la-isla-y-agradece-a-todos-sus-santos-por-el-viaje-y-los-sentimientos-vividos\\\/#primaryimage\",\"url\":\"https:\\\/\\\/cdn1.mediawpaccore.net\\\/wp-content\\\/uploads\\\/2024\\\/04\\\/22111702\\\/image-14.png\",\"contentUrl\":\"https:\\\/\\\/cdn1.mediawpaccore.net\\\/wp-content\\\/uploads\\\/2024\\\/04\\\/22111702\\\/image-14.png\",\"width\":1830,\"height\":962,\"caption\":\"Foto: Video Screenshot \\\/ Collage. V\u00eda https:\\\/\\\/www.tiktok.com\\\/@ony_ony_de_barber\"},{\"@type\":\"BreadcrumbList\",\"@id\":\"https:\\\/\\\/www.cuballama.com\\\/noticias\\\/cubano-regresa-a-la-isla-y-agradece-a-todos-sus-santos-por-el-viaje-y-los-sentimientos-vividos\\\/#breadcrumb\",\"itemListElement\":[{\"@type\":\"ListItem\",\"position\":1,\"name\":\"Home\",\"item\":\"https:\\\/\\\/www.cuballama.com\\\/noticias\\\/\"},{\"@type\":\"ListItem\",\"position\":2,\"name\":\"Cubano regresa a la isla y agradece a todos sus santos por el viaje y los sentimientos vividos\"}]},{\"@type\":\"WebSite\",\"@id\":\"https:\\\/\\\/www.cuballama.com\\\/noticias\\\/#website\",\"url\":\"https:\\\/\\\/www.cuballama.com\\\/noticias\\\/\",\"name\":\"Cuballama Noticias\",\"description\":\"Medio digital sobre Cuba y el mundo\",\"publisher\":{\"@id\":\"https:\\\/\\\/www.cuballama.com\\\/noticias\\\/#organization\"},\"potentialAction\":[{\"@type\":\"SearchAction\",\"target\":{\"@type\":\"EntryPoint\",\"urlTemplate\":\"https:\\\/\\\/www.cuballama.com\\\/noticias\\\/?s={search_term_string}\"},\"query-input\":{\"@type\":\"PropertyValueSpecification\",\"valueRequired\":true,\"valueName\":\"search_term_string\"}}],\"inLanguage\":\"es\"},{\"@type\":\"Organization\",\"@id\":\"https:\\\/\\\/www.cuballama.com\\\/noticias\\\/#organization\",\"name\":\"Cuballama\",\"url\":\"https:\\\/\\\/www.cuballama.com\\\/noticias\\\/\",\"logo\":{\"@type\":\"ImageObject\",\"inLanguage\":\"es\",\"@id\":\"https:\\\/\\\/www.cuballama.com\\\/noticias\\\/#\\\/schema\\\/logo\\\/image\\\/\",\"url\":\"https:\\\/\\\/cdn1.mediawpaccore.net\\\/wp-content\\\/uploads\\\/2021\\\/12\\\/28171206\\\/cbll-logo-color-sm.png\",\"contentUrl\":\"https:\\\/\\\/cdn1.mediawpaccore.net\\\/wp-content\\\/uploads\\\/2021\\\/12\\\/28171206\\\/cbll-logo-color-sm.png\",\"width\":600,\"height\":133,\"caption\":\"Cuballama\"},\"image\":{\"@id\":\"https:\\\/\\\/www.cuballama.com\\\/noticias\\\/#\\\/schema\\\/logo\\\/image\\\/\"},\"sameAs\":[\"https:\\\/\\\/www.facebook.com\\\/CubaLlama\",\"https:\\\/\\\/x.com\\\/cuballama\",\"https:\\\/\\\/www.instagram.com\\\/stories\\\/cuballama_oficial\\\/\",\"https:\\\/\\\/www.youtube.com\\\/channel\\\/UCKkFE-d_axENGZcrc4as0IA\"]},{\"@type\":\"Person\",\"@id\":\"https:\\\/\\\/www.cuballama.com\\\/noticias\\\/#\\\/schema\\\/person\\\/a58502ed4146c8e9f83872e897c76cd2\",\"name\":\"Roberto A.\",\"description\":\"Roberto A. Periodista por decisi\u00f3n propia. Interesado en cualquier tema que me apasione y cada vez m\u00e1s comprometido con la verdad y la objetividad period\u00edstica. Graduado en La Habana hace ya muchos a\u00f1os, luego de una accidentada y polvorienta b\u00fasqueda de informaci\u00f3n sobre un tema in\u00e9dito. La Tesis, por cierto, desapareci\u00f3 de la biblioteca y no se conservan copias de la misma.\",\"url\":\"https:\\\/\\\/www.cuballama.com\\\/noticias\\\/author\\\/roberto\\\/\"}]}<\/script>\n<!-- \/ Yoast SEO plugin. -->","yoast_head_json":{"title":"Cubano regresa a la isla y agradece a todos sus santos por el viaje y los sentimientos vividos - Cuballama Noticias","description":"Un cubano viaj\u00f3 de sorpresa a la isla y bajo la lluv\u00eda sorprendi\u00f3 a sus seres queridos. El cubano vivi\u00f3 momentos muy emotivos.","robots":{"index":"index","follow":"follow","max-snippet":"max-snippet:-1","max-image-preview":"max-image-preview:large","max-video-preview":"max-video-preview:-1"},"canonical":"https:\/\/www.cuballama.com\/noticias\/cubano-regresa-a-la-isla-y-agradece-a-todos-sus-santos-por-el-viaje-y-los-sentimientos-vividos\/","og_locale":"es_ES","og_type":"article","og_title":"Cubano regresa a la isla y agradece a todos sus santos por el viaje y los sentimientos vividos - Cuballama Noticias","og_description":"Un cubano viaj\u00f3 de sorpresa a la isla y bajo la lluv\u00eda sorprendi\u00f3 a sus seres queridos. El cubano vivi\u00f3 momentos muy emotivos.","og_url":"https:\/\/www.cuballama.com\/noticias\/cubano-regresa-a-la-isla-y-agradece-a-todos-sus-santos-por-el-viaje-y-los-sentimientos-vividos\/","og_site_name":"Cuballama Noticias","article_publisher":"https:\/\/www.facebook.com\/CubaLlama","article_published_time":"2024-04-22T17:18:16+00:00","article_modified_time":"2024-04-22T17:18:18+00:00","og_image":[{"width":1024,"height":538,"url":"https:\/\/cdn1.mediawpaccore.net\/wp-content\/uploads\/2024\/04\/22111702\/image-14-1024x538.png","type":"image\/png"}],"author":"Roberto A.","twitter_card":"summary_large_image","twitter_creator":"@cuballama","twitter_site":"@cuballama","twitter_misc":{"Escrito por":"Roberto A.","Tiempo de lectura":"2 minutos"},"schema":{"@context":"https:\/\/schema.org","@graph":[{"@type":"Article","@id":"https:\/\/www.cuballama.com\/noticias\/cubano-regresa-a-la-isla-y-agradece-a-todos-sus-santos-por-el-viaje-y-los-sentimientos-vividos\/#article","isPartOf":{"@id":"https:\/\/www.cuballama.com\/noticias\/cubano-regresa-a-la-isla-y-agradece-a-todos-sus-santos-por-el-viaje-y-los-sentimientos-vividos\/"},"author":{"name":"Roberto A.","@id":"https:\/\/www.cuballama.com\/noticias\/#\/schema\/person\/a58502ed4146c8e9f83872e897c76cd2"},"headline":"Cubano regresa a la isla y agradece a todos sus santos por el viaje y los sentimientos vividos","datePublished":"2024-04-22T17:18:16+00:00","dateModified":"2024-04-22T17:18:18+00:00","mainEntityOfPage":{"@id":"https:\/\/www.cuballama.com\/noticias\/cubano-regresa-a-la-isla-y-agradece-a-todos-sus-santos-por-el-viaje-y-los-sentimientos-vividos\/"},"wordCount":559,"commentCount":0,"publisher":{"@id":"https:\/\/www.cuballama.com\/noticias\/#organization"},"image":{"@id":"https:\/\/www.cuballama.com\/noticias\/cubano-regresa-a-la-isla-y-agradece-a-todos-sus-santos-por-el-viaje-y-los-sentimientos-vividos\/#primaryimage"},"thumbnailUrl":"https:\/\/cdn1.mediawpaccore.net\/wp-content\/uploads\/2024\/04\/22111702\/image-14.png","keywords":["cubano","destacado","Regresos","Viajes sorpresas","Videos"],"articleSection":["Noticias","Noticias de Cuba","Videos"],"inLanguage":"es","potentialAction":[{"@type":"CommentAction","name":"Comment","target":["https:\/\/www.cuballama.com\/noticias\/cubano-regresa-a-la-isla-y-agradece-a-todos-sus-santos-por-el-viaje-y-los-sentimientos-vividos\/#respond"]}]},{"@type":"WebPage","@id":"https:\/\/www.cuballama.com\/noticias\/cubano-regresa-a-la-isla-y-agradece-a-todos-sus-santos-por-el-viaje-y-los-sentimientos-vividos\/","url":"https:\/\/www.cuballama.com\/noticias\/cubano-regresa-a-la-isla-y-agradece-a-todos-sus-santos-por-el-viaje-y-los-sentimientos-vividos\/","name":"Cubano regresa a la isla y agradece a todos sus santos por el viaje y los sentimientos vividos - Cuballama Noticias","isPartOf":{"@id":"https:\/\/www.cuballama.com\/noticias\/#website"},"primaryImageOfPage":{"@id":"https:\/\/www.cuballama.com\/noticias\/cubano-regresa-a-la-isla-y-agradece-a-todos-sus-santos-por-el-viaje-y-los-sentimientos-vividos\/#primaryimage"},"image":{"@id":"https:\/\/www.cuballama.com\/noticias\/cubano-regresa-a-la-isla-y-agradece-a-todos-sus-santos-por-el-viaje-y-los-sentimientos-vividos\/#primaryimage"},"thumbnailUrl":"https:\/\/cdn1.mediawpaccore.net\/wp-content\/uploads\/2024\/04\/22111702\/image-14.png","datePublished":"2024-04-22T17:18:16+00:00","dateModified":"2024-04-22T17:18:18+00:00","description":"Un cubano viaj\u00f3 de sorpresa a la isla y bajo la lluv\u00eda sorprendi\u00f3 a sus seres queridos. El cubano vivi\u00f3 momentos muy emotivos.","breadcrumb":{"@id":"https:\/\/www.cuballama.com\/noticias\/cubano-regresa-a-la-isla-y-agradece-a-todos-sus-santos-por-el-viaje-y-los-sentimientos-vividos\/#breadcrumb"},"inLanguage":"es","potentialAction":[{"@type":"ReadAction","target":["https:\/\/www.cuballama.com\/noticias\/cubano-regresa-a-la-isla-y-agradece-a-todos-sus-santos-por-el-viaje-y-los-sentimientos-vividos\/"]}]},{"@type":"ImageObject","inLanguage":"es","@id":"https:\/\/www.cuballama.com\/noticias\/cubano-regresa-a-la-isla-y-agradece-a-todos-sus-santos-por-el-viaje-y-los-sentimientos-vividos\/#primaryimage","url":"https:\/\/cdn1.mediawpaccore.net\/wp-content\/uploads\/2024\/04\/22111702\/image-14.png","contentUrl":"https:\/\/cdn1.mediawpaccore.net\/wp-content\/uploads\/2024\/04\/22111702\/image-14.png","width":1830,"height":962,"caption":"Foto: Video Screenshot \/ Collage. V\u00eda https:\/\/www.tiktok.com\/@ony_ony_de_barber"},{"@type":"BreadcrumbList","@id":"https:\/\/www.cuballama.com\/noticias\/cubano-regresa-a-la-isla-y-agradece-a-todos-sus-santos-por-el-viaje-y-los-sentimientos-vividos\/#breadcrumb","itemListElement":[{"@type":"ListItem","position":1,"name":"Home","item":"https:\/\/www.cuballama.com\/noticias\/"},{"@type":"ListItem","position":2,"name":"Cubano regresa a la isla y agradece a todos sus santos por el viaje y los sentimientos vividos"}]},{"@type":"WebSite","@id":"https:\/\/www.cuballama.com\/noticias\/#website","url":"https:\/\/www.cuballama.com\/noticias\/","name":"Cuballama Noticias","description":"Medio digital sobre Cuba y el mundo","publisher":{"@id":"https:\/\/www.cuballama.com\/noticias\/#organization"},"potentialAction":[{"@type":"SearchAction","target":{"@type":"EntryPoint","urlTemplate":"https:\/\/www.cuballama.com\/noticias\/?s={search_term_string}"},"query-input":{"@type":"PropertyValueSpecification","valueRequired":true,"valueName":"search_term_string"}}],"inLanguage":"es"},{"@type":"Organization","@id":"https:\/\/www.cuballama.com\/noticias\/#organization","name":"Cuballama","url":"https:\/\/www.cuballama.com\/noticias\/","logo":{"@type":"ImageObject","inLanguage":"es","@id":"https:\/\/www.cuballama.com\/noticias\/#\/schema\/logo\/image\/","url":"https:\/\/cdn1.mediawpaccore.net\/wp-content\/uploads\/2021\/12\/28171206\/cbll-logo-color-sm.png","contentUrl":"https:\/\/cdn1.mediawpaccore.net\/wp-content\/uploads\/2021\/12\/28171206\/cbll-logo-color-sm.png","width":600,"height":133,"caption":"Cuballama"},"image":{"@id":"https:\/\/www.cuballama.com\/noticias\/#\/schema\/logo\/image\/"},"sameAs":["https:\/\/www.facebook.com\/CubaLlama","https:\/\/x.com\/cuballama","https:\/\/www.instagram.com\/stories\/cuballama_oficial\/","https:\/\/www.youtube.com\/channel\/UCKkFE-d_axENGZcrc4as0IA"]},{"@type":"Person","@id":"https:\/\/www.cuballama.com\/noticias\/#\/schema\/person\/a58502ed4146c8e9f83872e897c76cd2","name":"Roberto A.","description":"Roberto A. Periodista por decisi\u00f3n propia. Interesado en cualquier tema que me apasione y cada vez m\u00e1s comprometido con la verdad y la objetividad period\u00edstica. Graduado en La Habana hace ya muchos a\u00f1os, luego de una accidentada y polvorienta b\u00fasqueda de informaci\u00f3n sobre un tema in\u00e9dito. La Tesis, por cierto, desapareci\u00f3 de la biblioteca y no se conservan copias de la misma.","url":"https:\/\/www.cuballama.com\/noticias\/author\/roberto\/"}]}},"_links":{"self":[{"href":"https:\/\/www.cuballama.com\/noticias\/wp-json\/wp\/v2\/posts\/167363","targetHints":{"allow":["GET"]}}],"collection":[{"href":"https:\/\/www.cuballama.com\/noticias\/wp-json\/wp\/v2\/posts"}],"about":[{"href":"https:\/\/www.cuballama.com\/noticias\/wp-json\/wp\/v2\/types\/post"}],"author":[{"embeddable":true,"href":"https:\/\/www.cuballama.com\/noticias\/wp-json\/wp\/v2\/users\/13"}],"replies":[{"embeddable":true,"href":"https:\/\/www.cuballama.com\/noticias\/wp-json\/wp\/v2\/comments?post=167363"}],"version-history":[{"count":2,"href":"https:\/\/www.cuballama.com\/noticias\/wp-json\/wp\/v2\/posts\/167363\/revisions"}],"predecessor-version":[{"id":167368,"href":"https:\/\/www.cuballama.com\/noticias\/wp-json\/wp\/v2\/posts\/167363\/revisions\/167368"}],"wp:featuredmedia":[{"embeddable":true,"href":"https:\/\/www.cuballama.com\/noticias\/wp-json\/wp\/v2\/media\/167366"}],"wp:attachment":[{"href":"https:\/\/www.cuballama.com\/noticias\/wp-json\/wp\/v2\/media?parent=167363"}],"wp:term":[{"taxonomy":"category","embeddable":true,"href":"https:\/\/www.cuballama.com\/noticias\/wp-json\/wp\/v2\/categories?post=167363"},{"taxonomy":"post_tag","embeddable":true,"href":"https:\/\/www.cuballama.com\/noticias\/wp-json\/wp\/v2\/tags?post=167363"}],"curies":[{"name":"wp","href":"https:\/\/api.w.org\/{rel}","templated":true}]}}