{"id":166644,"date":"2024-04-18T10:38:55","date_gmt":"2024-04-18T14:38:55","guid":{"rendered":"https:\/\/www.cuballama.com\/noticias\/?p=166644"},"modified":"2024-04-18T10:38:58","modified_gmt":"2024-04-18T14:38:58","slug":"detenidos-tres-cubanos-en-miami-por-revender-mercancia-robada-en-tiendas-home-depot","status":"publish","type":"post","link":"https:\/\/www.cuballama.com\/noticias\/detenidos-tres-cubanos-en-miami-por-revender-mercancia-robada-en-tiendas-home-depot\/","title":{"rendered":"Detenidos tres cubanos en Miami por revender mercanc\u00eda robada en tiendas Home Depot"},"content":{"rendered":"\n<h2 class=\"wp-block-heading\">Una ola de robos en tiendas Home Depot culmin\u00f3 con los arrestos de tres cubanos en la ciudad de Miami<\/h2>\n\n\n\n<p>En Miami, tres ciudadanos cubanos fueron arrestados tras ser acusados de robar y revender productos de Home Depot, exponiendo un problema recurrente en la cadena de tiendas. <\/p>\n\n\n\n<p>El tr\u00edo, compuesto por L\u00e1zaro Dunier Echevarr\u00eda, Jos\u00e9 Bello Vald\u00e9s y Yoannys Montano Solano, operaba un esquema en el que Echevarr\u00eda facilitaba la sustracci\u00f3n de mercanc\u00edas para su posterior venta online a precios reducidos.<\/p>\n\n\n\n<p>El arresto de Bello-Vald\u00e9s en abril de 2024 marca un punto de inflexi\u00f3n en la investigaci\u00f3n que comenz\u00f3 en noviembre de 2023. <\/p>\n\n\n\n<p>Se\u00f1ala el portal Am\u00e9rica Teve se recuperaron art\u00edculos valorados en m\u00e1s de 260,000 d\u00f3lares, lo cual evidencia la magnitud del fraude.<\/p>\n\n\n\n<iframe loading=\"lazy\" width=\"790\" height=\"445\" src=\"https:\/\/www.youtube.com\/embed\/rR1Oul1XO7E\" title=\"Tres cubanos detenidos en Miami acusados de revender productos robados de Home Depot\" frameborder=\"0\" allow=\"accelerometer; autoplay; clipboard-write; encrypted-media; gyroscope; picture-in-picture; web-share\" referrerpolicy=\"strict-origin-when-cross-origin\" allowfullscreen><\/iframe>\n\n\n\n<p>Este incidente es parte de una tendencia m\u00e1s amplia que afecta a m\u00faltiples tiendas Home Depot a lo largo de Estados Unidos. <\/p>\n\n\n\n<p>Los robos frecuentes y la reventa de mercanc\u00eda han llevado a la empresa a reforzar las medidas de seguridad y colaborar estrechamente con las autoridades para frenar estas actividades ilegales. La cadena est\u00e1 implementando tecnolog\u00eda avanzada y aumentando el personal de seguridad en puntos cr\u00edticos para prevenir futuros incidentes.<\/p>\n\n\n\n<p>La comunidad local y los consumidores a menudo han expresado su preocupaci\u00f3n por el aumento de la criminalidad en tiendas minoristas, lo cual resalta la necesidad de estrategias de prevenci\u00f3n m\u00e1s eficaces y cooperaci\u00f3n interinstitucional para proteger tanto a negocios como a consumidores.<\/p>\n\n\n\n<p>Este caso no solo subraya los desaf\u00edos que enfrentan los minoristas, sino que tambi\u00e9n sirve de advertencia sobre las consecuencias legales de la participaci\u00f3n en redes de reventa de productos robados.<\/p>\n\n\n\n<p><strong>Robos en tiendas<\/strong><\/p>\n\n\n\n<p>El problema de los robos en grandes cadenas como Walmart, Macy&#8217;s, Target, y Publix, es recurrente en varios estados y ciudades del pa\u00eds.<\/p>\n\n\n\n<p>Walmart es uno de los minoristas que m\u00e1s ha enfrentado desaf\u00edos similares, con m\u00faltiples informes de robos en varias ubicaciones, y es un objetivo frecuente para este tipo de cr\u00edmenes. <\/p>\n\n\n\n<p>A esta tienda departamental se unen Target y Publix. Ambas tiendas han sido tambi\u00e9n objetivo de robos, especialmente debido a su amplia gama de productos y grandes vol\u00famenes de tr\u00e1fico de clientes, aunque en el caso de Publix los art\u00edculos &#8211; por tratarse mayoritariamente de alimentos &#8211; no son tan caros y son perecederos.<\/p>\n\n\n\n<p>Tambi\u00e9n Macy\u00b4s es una tienda preferida de los ladrones. Recientemente uno de los tres cubanos involucrados en una tienda de esta cadena, en Miami, fue arrestado en el Aeropuerto de Miami cuando pretend\u00eda escapar hacia Cuba.<\/p>\n\n\n\n<p>Varios ciudadanos de origen cubano han estado vinculados a robos en tiendas o en gran escala. <\/p>\n\n\n\n<p>En el a\u00f1o 2021, una banda compuesta por seis hombres, cinco de ellos cubanos, fue acusada de robar m\u00e1s de 1.27 millones de d\u00f3lares en productos l\u00e1cteos desde 2021 en el condado de Miami-Dade<\/p>\n\n\n\n<p>M\u00e1s recientemente a\u00fan, un grupo de cinco hombres de origen cubano fueron arrestados por participar en robos organizados en comercios minoristas en al menos 13 condados de Florida, incluyendo tiendas como Home Depot, seg\u00fan anunci\u00f3 a inicios a inicios de este mes &#8211; abril &#8211; el Departamento de Cumplimiento de la Ley de Florida (FDLE) en un&nbsp;<a href=\"https:\/\/www.fdle.state.fl.us\/News\/2024\/April\/FDLE-arrests-five-organized-retail-theft-schemers\">comunicado<\/a>.<\/p>\n\n\n\n<p>La investigaci\u00f3n, que comenz\u00f3 en julio de 2022, revel\u00f3 que estos individuos hab\u00edan cometido m\u00e1s de 53 robos, logrando obtener ilegalmente miles de d\u00f3lares en mercanc\u00edas. Los arrestos se llevaron a cabo en marzo de 2024, y los implicados enfrentan varios cargos por delitos graves relacionados con el robo y el fraude organizado.<\/p>\n\n\n\n<figure class=\"wp-block-embed is-type-rich is-provider-twitter wp-block-embed-twitter\"><div class=\"wp-block-embed__wrapper\">\n<blockquote class=\"twitter-tweet\" data-width=\"550\" data-dnt=\"true\"><p lang=\"es\" dir=\"ltr\"><a href=\"https:\/\/twitter.com\/hashtag\/YourFDLE?src=hash&amp;ref_src=twsrc%5Etfw\">#YourFDLE<\/a> Miami arrested Maike Acosta De Armas, 47, Lazaro Santiago Acosta De Armas, 45, Yusser Echemendia Rodriguez, 42, Elias Ramos Hernandez, 48, and Honasi Diaz Santos, 47, for their involvement in a large-scale organized retail theft fraud scheme. <a href=\"https:\/\/t.co\/JuF1ARt8d8\">pic.twitter.com\/JuF1ARt8d8<\/a><\/p>&mdash; FDLE (@fdlepio) <a href=\"https:\/\/twitter.com\/fdlepio\/status\/1775217623199879459?ref_src=twsrc%5Etfw\">April 2, 2024<\/a><\/blockquote><script async src=\"https:\/\/platform.twitter.com\/widgets.js\" charset=\"utf-8\"><\/script>\n<\/div><\/figure>\n\n\n\n<p>Las mercanc\u00edas, valoradas en cerca de dos millones de d\u00f3lares, fueron enviadas a Cuba.<\/p>\n\n\n\n<p>Estos casos reflejan problemas continuos de delincuencia organizada en tiendas minoristas y las medidas en\u00e9rgicas que est\u00e1n tomando las autoridades para combatir estos cr\u00edmenes en Florida. Algunos de ellos reflejan la participaci\u00f3n de individuos de origen cubano, no solo en la regi\u00f3n de Miami-Dade, sino tambi\u00e9n en otros condados de Florida. <\/p>\n\n\n\n<ol class=\"wp-block-list\">\n<li><\/li>\n<\/ol>\n\n\n\n<p><strong>tal vez quieras leer: <a href=\"https:\/\/www.cuballama.com\/noticias\/arrestado-en-miami-expelotero-cubano-de-grandes-ligas-yuniesky-betancourt\/\">Arrestado en Miami expelotero cubano de Grandes Ligas Yuniesky Betancourt<\/a><\/strong><\/p>\n","protected":false},"excerpt":{"rendered":"<p>El tr\u00edo, compuesto por L\u00e1zaro Dunier Echevarr\u00eda, Jos\u00e9 Bello Vald\u00e9s y Yoannys Montano Solano, operaba un esquema en el que Echevarr\u00eda facilitaba la sustracci\u00f3n de mercanc\u00edas para su posterior venta online a precios reducidos.<\/p>\n","protected":false},"author":13,"featured_media":166645,"comment_status":"open","ping_status":"closed","sticky":false,"template":"","format":"standard","meta":{"_acf_changed":false,"footnotes":""},"categories":[18,11024],"tags":[11050,19351,13019,620,13382,21154,18786,2742],"class_list":{"0":"post-166644","1":"post","2":"type-post","3":"status-publish","4":"format-standard","5":"has-post-thumbnail","7":"category-noticias","8":"category-noticias-de-miami","9":"tag-cubanos-en-miami","10":"tag-home-depot","11":"tag-macys","12":"tag-publix","13":"tag-robos-en-miami","14":"tag-robos-en-tiendas","15":"tag-target","16":"tag-walmart"},"acf":[],"yoast_head":"<!-- This site is optimized with the Yoast SEO plugin v27.5 - https:\/\/yoast.com\/product\/yoast-seo-wordpress\/ -->\n<title>Detenidos tres cubanos en Miami por revender mercanc\u00eda robada en tiendas Home Depot - Cuballama Noticias<\/title>\n<meta name=\"description\" content=\"Tres cubanos son arrestados por perpetrar robos en tiendas de Home Depot. La mercanc\u00eda robada era luego vendida online.\" \/>\n<meta name=\"robots\" content=\"index, follow, max-snippet:-1, max-image-preview:large, max-video-preview:-1\" \/>\n<link rel=\"canonical\" href=\"https:\/\/www.cuballama.com\/noticias\/detenidos-tres-cubanos-en-miami-por-revender-mercancia-robada-en-tiendas-home-depot\/\" \/>\n<meta property=\"og:locale\" content=\"es_ES\" \/>\n<meta property=\"og:type\" content=\"article\" \/>\n<meta property=\"og:title\" content=\"Detenidos tres cubanos en Miami por revender mercanc\u00eda robada en tiendas Home Depot - Cuballama Noticias\" \/>\n<meta property=\"og:description\" content=\"Tres cubanos son arrestados por perpetrar robos en tiendas de Home Depot. La mercanc\u00eda robada era luego vendida online.\" \/>\n<meta property=\"og:url\" content=\"https:\/\/www.cuballama.com\/noticias\/detenidos-tres-cubanos-en-miami-por-revender-mercancia-robada-en-tiendas-home-depot\/\" \/>\n<meta property=\"og:site_name\" content=\"Cuballama Noticias\" \/>\n<meta property=\"article:publisher\" content=\"https:\/\/www.facebook.com\/CubaLlama\" \/>\n<meta property=\"article:published_time\" content=\"2024-04-18T14:38:55+00:00\" \/>\n<meta property=\"article:modified_time\" content=\"2024-04-18T14:38:58+00:00\" \/>\n<meta property=\"og:image\" content=\"https:\/\/cdn1.mediawpaccore.net\/wp-content\/uploads\/2024\/04\/16102912\/image-11-e1713279360882.png\" \/>\n\t<meta property=\"og:image:width\" content=\"931\" \/>\n\t<meta property=\"og:image:height\" content=\"470\" \/>\n\t<meta property=\"og:image:type\" content=\"image\/png\" \/>\n<meta name=\"author\" content=\"Roberto A.\" \/>\n<meta name=\"twitter:card\" content=\"summary_large_image\" \/>\n<meta name=\"twitter:creator\" content=\"@cuballama\" \/>\n<meta name=\"twitter:site\" content=\"@cuballama\" \/>\n<meta name=\"twitter:label1\" content=\"Escrito por\" \/>\n\t<meta name=\"twitter:data1\" content=\"Roberto A.\" \/>\n\t<meta name=\"twitter:label2\" content=\"Tiempo de lectura\" \/>\n\t<meta name=\"twitter:data2\" content=\"4 minutos\" \/>\n<script type=\"application\/ld+json\" class=\"yoast-schema-graph\">{\"@context\":\"https:\\\/\\\/schema.org\",\"@graph\":[{\"@type\":\"Article\",\"@id\":\"https:\\\/\\\/www.cuballama.com\\\/noticias\\\/detenidos-tres-cubanos-en-miami-por-revender-mercancia-robada-en-tiendas-home-depot\\\/#article\",\"isPartOf\":{\"@id\":\"https:\\\/\\\/www.cuballama.com\\\/noticias\\\/detenidos-tres-cubanos-en-miami-por-revender-mercancia-robada-en-tiendas-home-depot\\\/\"},\"author\":{\"name\":\"Roberto A.\",\"@id\":\"https:\\\/\\\/www.cuballama.com\\\/noticias\\\/#\\\/schema\\\/person\\\/a58502ed4146c8e9f83872e897c76cd2\"},\"headline\":\"Detenidos tres cubanos en Miami por revender mercanc\u00eda robada en tiendas Home Depot\",\"datePublished\":\"2024-04-18T14:38:55+00:00\",\"dateModified\":\"2024-04-18T14:38:58+00:00\",\"mainEntityOfPage\":{\"@id\":\"https:\\\/\\\/www.cuballama.com\\\/noticias\\\/detenidos-tres-cubanos-en-miami-por-revender-mercancia-robada-en-tiendas-home-depot\\\/\"},\"wordCount\":724,\"commentCount\":0,\"publisher\":{\"@id\":\"https:\\\/\\\/www.cuballama.com\\\/noticias\\\/#organization\"},\"image\":{\"@id\":\"https:\\\/\\\/www.cuballama.com\\\/noticias\\\/detenidos-tres-cubanos-en-miami-por-revender-mercancia-robada-en-tiendas-home-depot\\\/#primaryimage\"},\"thumbnailUrl\":\"https:\\\/\\\/cdn1.mediawpaccore.net\\\/wp-content\\\/uploads\\\/2024\\\/04\\\/16102912\\\/image-11-e1713279360882.png\",\"keywords\":[\"cubanos en Miami\",\"Home Depot\",\"Macy\u00b4s\",\"Publix\",\"Robos en Miami\",\"Robos en tiendas\",\"Target\",\"Walmart\"],\"articleSection\":[\"Noticias\",\"Noticias de Miami\"],\"inLanguage\":\"es\",\"potentialAction\":[{\"@type\":\"CommentAction\",\"name\":\"Comment\",\"target\":[\"https:\\\/\\\/www.cuballama.com\\\/noticias\\\/detenidos-tres-cubanos-en-miami-por-revender-mercancia-robada-en-tiendas-home-depot\\\/#respond\"]}]},{\"@type\":\"WebPage\",\"@id\":\"https:\\\/\\\/www.cuballama.com\\\/noticias\\\/detenidos-tres-cubanos-en-miami-por-revender-mercancia-robada-en-tiendas-home-depot\\\/\",\"url\":\"https:\\\/\\\/www.cuballama.com\\\/noticias\\\/detenidos-tres-cubanos-en-miami-por-revender-mercancia-robada-en-tiendas-home-depot\\\/\",\"name\":\"Detenidos tres cubanos en Miami por revender mercanc\u00eda robada en tiendas Home Depot - Cuballama Noticias\",\"isPartOf\":{\"@id\":\"https:\\\/\\\/www.cuballama.com\\\/noticias\\\/#website\"},\"primaryImageOfPage\":{\"@id\":\"https:\\\/\\\/www.cuballama.com\\\/noticias\\\/detenidos-tres-cubanos-en-miami-por-revender-mercancia-robada-en-tiendas-home-depot\\\/#primaryimage\"},\"image\":{\"@id\":\"https:\\\/\\\/www.cuballama.com\\\/noticias\\\/detenidos-tres-cubanos-en-miami-por-revender-mercancia-robada-en-tiendas-home-depot\\\/#primaryimage\"},\"thumbnailUrl\":\"https:\\\/\\\/cdn1.mediawpaccore.net\\\/wp-content\\\/uploads\\\/2024\\\/04\\\/16102912\\\/image-11-e1713279360882.png\",\"datePublished\":\"2024-04-18T14:38:55+00:00\",\"dateModified\":\"2024-04-18T14:38:58+00:00\",\"description\":\"Tres cubanos son arrestados por perpetrar robos en tiendas de Home Depot. La mercanc\u00eda robada era luego vendida online.\",\"breadcrumb\":{\"@id\":\"https:\\\/\\\/www.cuballama.com\\\/noticias\\\/detenidos-tres-cubanos-en-miami-por-revender-mercancia-robada-en-tiendas-home-depot\\\/#breadcrumb\"},\"inLanguage\":\"es\",\"potentialAction\":[{\"@type\":\"ReadAction\",\"target\":[\"https:\\\/\\\/www.cuballama.com\\\/noticias\\\/detenidos-tres-cubanos-en-miami-por-revender-mercancia-robada-en-tiendas-home-depot\\\/\"]}]},{\"@type\":\"ImageObject\",\"inLanguage\":\"es\",\"@id\":\"https:\\\/\\\/www.cuballama.com\\\/noticias\\\/detenidos-tres-cubanos-en-miami-por-revender-mercancia-robada-en-tiendas-home-depot\\\/#primaryimage\",\"url\":\"https:\\\/\\\/cdn1.mediawpaccore.net\\\/wp-content\\\/uploads\\\/2024\\\/04\\\/16102912\\\/image-11-e1713279360882.png\",\"contentUrl\":\"https:\\\/\\\/cdn1.mediawpaccore.net\\\/wp-content\\\/uploads\\\/2024\\\/04\\\/16102912\\\/image-11-e1713279360882.png\",\"width\":931,\"height\":470,\"caption\":\"Foto: Collage v\u00eda MDCR\"},{\"@type\":\"BreadcrumbList\",\"@id\":\"https:\\\/\\\/www.cuballama.com\\\/noticias\\\/detenidos-tres-cubanos-en-miami-por-revender-mercancia-robada-en-tiendas-home-depot\\\/#breadcrumb\",\"itemListElement\":[{\"@type\":\"ListItem\",\"position\":1,\"name\":\"Home\",\"item\":\"https:\\\/\\\/www.cuballama.com\\\/noticias\\\/\"},{\"@type\":\"ListItem\",\"position\":2,\"name\":\"Detenidos tres cubanos en Miami por revender mercanc\u00eda robada en tiendas Home Depot\"}]},{\"@type\":\"WebSite\",\"@id\":\"https:\\\/\\\/www.cuballama.com\\\/noticias\\\/#website\",\"url\":\"https:\\\/\\\/www.cuballama.com\\\/noticias\\\/\",\"name\":\"Cuballama Noticias\",\"description\":\"Medio digital sobre Cuba y el mundo\",\"publisher\":{\"@id\":\"https:\\\/\\\/www.cuballama.com\\\/noticias\\\/#organization\"},\"potentialAction\":[{\"@type\":\"SearchAction\",\"target\":{\"@type\":\"EntryPoint\",\"urlTemplate\":\"https:\\\/\\\/www.cuballama.com\\\/noticias\\\/?s={search_term_string}\"},\"query-input\":{\"@type\":\"PropertyValueSpecification\",\"valueRequired\":true,\"valueName\":\"search_term_string\"}}],\"inLanguage\":\"es\"},{\"@type\":\"Organization\",\"@id\":\"https:\\\/\\\/www.cuballama.com\\\/noticias\\\/#organization\",\"name\":\"Cuballama\",\"url\":\"https:\\\/\\\/www.cuballama.com\\\/noticias\\\/\",\"logo\":{\"@type\":\"ImageObject\",\"inLanguage\":\"es\",\"@id\":\"https:\\\/\\\/www.cuballama.com\\\/noticias\\\/#\\\/schema\\\/logo\\\/image\\\/\",\"url\":\"https:\\\/\\\/cdn1.mediawpaccore.net\\\/wp-content\\\/uploads\\\/2021\\\/12\\\/28171206\\\/cbll-logo-color-sm.png\",\"contentUrl\":\"https:\\\/\\\/cdn1.mediawpaccore.net\\\/wp-content\\\/uploads\\\/2021\\\/12\\\/28171206\\\/cbll-logo-color-sm.png\",\"width\":600,\"height\":133,\"caption\":\"Cuballama\"},\"image\":{\"@id\":\"https:\\\/\\\/www.cuballama.com\\\/noticias\\\/#\\\/schema\\\/logo\\\/image\\\/\"},\"sameAs\":[\"https:\\\/\\\/www.facebook.com\\\/CubaLlama\",\"https:\\\/\\\/x.com\\\/cuballama\",\"https:\\\/\\\/www.instagram.com\\\/stories\\\/cuballama_oficial\\\/\",\"https:\\\/\\\/www.youtube.com\\\/channel\\\/UCKkFE-d_axENGZcrc4as0IA\"]},{\"@type\":\"Person\",\"@id\":\"https:\\\/\\\/www.cuballama.com\\\/noticias\\\/#\\\/schema\\\/person\\\/a58502ed4146c8e9f83872e897c76cd2\",\"name\":\"Roberto A.\",\"description\":\"Roberto A. Periodista por decisi\u00f3n propia. Interesado en cualquier tema que me apasione y cada vez m\u00e1s comprometido con la verdad y la objetividad period\u00edstica. Graduado en La Habana hace ya muchos a\u00f1os, luego de una accidentada y polvorienta b\u00fasqueda de informaci\u00f3n sobre un tema in\u00e9dito. La Tesis, por cierto, desapareci\u00f3 de la biblioteca y no se conservan copias de la misma.\",\"url\":\"https:\\\/\\\/www.cuballama.com\\\/noticias\\\/author\\\/roberto\\\/\"}]}<\/script>\n<!-- \/ Yoast SEO plugin. -->","yoast_head_json":{"title":"Detenidos tres cubanos en Miami por revender mercanc\u00eda robada en tiendas Home Depot - Cuballama Noticias","description":"Tres cubanos son arrestados por perpetrar robos en tiendas de Home Depot. La mercanc\u00eda robada era luego vendida online.","robots":{"index":"index","follow":"follow","max-snippet":"max-snippet:-1","max-image-preview":"max-image-preview:large","max-video-preview":"max-video-preview:-1"},"canonical":"https:\/\/www.cuballama.com\/noticias\/detenidos-tres-cubanos-en-miami-por-revender-mercancia-robada-en-tiendas-home-depot\/","og_locale":"es_ES","og_type":"article","og_title":"Detenidos tres cubanos en Miami por revender mercanc\u00eda robada en tiendas Home Depot - Cuballama Noticias","og_description":"Tres cubanos son arrestados por perpetrar robos en tiendas de Home Depot. La mercanc\u00eda robada era luego vendida online.","og_url":"https:\/\/www.cuballama.com\/noticias\/detenidos-tres-cubanos-en-miami-por-revender-mercancia-robada-en-tiendas-home-depot\/","og_site_name":"Cuballama Noticias","article_publisher":"https:\/\/www.facebook.com\/CubaLlama","article_published_time":"2024-04-18T14:38:55+00:00","article_modified_time":"2024-04-18T14:38:58+00:00","og_image":[{"width":931,"height":470,"url":"https:\/\/cdn1.mediawpaccore.net\/wp-content\/uploads\/2024\/04\/16102912\/image-11-e1713279360882.png","type":"image\/png"}],"author":"Roberto A.","twitter_card":"summary_large_image","twitter_creator":"@cuballama","twitter_site":"@cuballama","twitter_misc":{"Escrito por":"Roberto A.","Tiempo de lectura":"4 minutos"},"schema":{"@context":"https:\/\/schema.org","@graph":[{"@type":"Article","@id":"https:\/\/www.cuballama.com\/noticias\/detenidos-tres-cubanos-en-miami-por-revender-mercancia-robada-en-tiendas-home-depot\/#article","isPartOf":{"@id":"https:\/\/www.cuballama.com\/noticias\/detenidos-tres-cubanos-en-miami-por-revender-mercancia-robada-en-tiendas-home-depot\/"},"author":{"name":"Roberto A.","@id":"https:\/\/www.cuballama.com\/noticias\/#\/schema\/person\/a58502ed4146c8e9f83872e897c76cd2"},"headline":"Detenidos tres cubanos en Miami por revender mercanc\u00eda robada en tiendas Home Depot","datePublished":"2024-04-18T14:38:55+00:00","dateModified":"2024-04-18T14:38:58+00:00","mainEntityOfPage":{"@id":"https:\/\/www.cuballama.com\/noticias\/detenidos-tres-cubanos-en-miami-por-revender-mercancia-robada-en-tiendas-home-depot\/"},"wordCount":724,"commentCount":0,"publisher":{"@id":"https:\/\/www.cuballama.com\/noticias\/#organization"},"image":{"@id":"https:\/\/www.cuballama.com\/noticias\/detenidos-tres-cubanos-en-miami-por-revender-mercancia-robada-en-tiendas-home-depot\/#primaryimage"},"thumbnailUrl":"https:\/\/cdn1.mediawpaccore.net\/wp-content\/uploads\/2024\/04\/16102912\/image-11-e1713279360882.png","keywords":["cubanos en Miami","Home Depot","Macy\u00b4s","Publix","Robos en Miami","Robos en tiendas","Target","Walmart"],"articleSection":["Noticias","Noticias de Miami"],"inLanguage":"es","potentialAction":[{"@type":"CommentAction","name":"Comment","target":["https:\/\/www.cuballama.com\/noticias\/detenidos-tres-cubanos-en-miami-por-revender-mercancia-robada-en-tiendas-home-depot\/#respond"]}]},{"@type":"WebPage","@id":"https:\/\/www.cuballama.com\/noticias\/detenidos-tres-cubanos-en-miami-por-revender-mercancia-robada-en-tiendas-home-depot\/","url":"https:\/\/www.cuballama.com\/noticias\/detenidos-tres-cubanos-en-miami-por-revender-mercancia-robada-en-tiendas-home-depot\/","name":"Detenidos tres cubanos en Miami por revender mercanc\u00eda robada en tiendas Home Depot - Cuballama Noticias","isPartOf":{"@id":"https:\/\/www.cuballama.com\/noticias\/#website"},"primaryImageOfPage":{"@id":"https:\/\/www.cuballama.com\/noticias\/detenidos-tres-cubanos-en-miami-por-revender-mercancia-robada-en-tiendas-home-depot\/#primaryimage"},"image":{"@id":"https:\/\/www.cuballama.com\/noticias\/detenidos-tres-cubanos-en-miami-por-revender-mercancia-robada-en-tiendas-home-depot\/#primaryimage"},"thumbnailUrl":"https:\/\/cdn1.mediawpaccore.net\/wp-content\/uploads\/2024\/04\/16102912\/image-11-e1713279360882.png","datePublished":"2024-04-18T14:38:55+00:00","dateModified":"2024-04-18T14:38:58+00:00","description":"Tres cubanos son arrestados por perpetrar robos en tiendas de Home Depot. La mercanc\u00eda robada era luego vendida online.","breadcrumb":{"@id":"https:\/\/www.cuballama.com\/noticias\/detenidos-tres-cubanos-en-miami-por-revender-mercancia-robada-en-tiendas-home-depot\/#breadcrumb"},"inLanguage":"es","potentialAction":[{"@type":"ReadAction","target":["https:\/\/www.cuballama.com\/noticias\/detenidos-tres-cubanos-en-miami-por-revender-mercancia-robada-en-tiendas-home-depot\/"]}]},{"@type":"ImageObject","inLanguage":"es","@id":"https:\/\/www.cuballama.com\/noticias\/detenidos-tres-cubanos-en-miami-por-revender-mercancia-robada-en-tiendas-home-depot\/#primaryimage","url":"https:\/\/cdn1.mediawpaccore.net\/wp-content\/uploads\/2024\/04\/16102912\/image-11-e1713279360882.png","contentUrl":"https:\/\/cdn1.mediawpaccore.net\/wp-content\/uploads\/2024\/04\/16102912\/image-11-e1713279360882.png","width":931,"height":470,"caption":"Foto: Collage v\u00eda MDCR"},{"@type":"BreadcrumbList","@id":"https:\/\/www.cuballama.com\/noticias\/detenidos-tres-cubanos-en-miami-por-revender-mercancia-robada-en-tiendas-home-depot\/#breadcrumb","itemListElement":[{"@type":"ListItem","position":1,"name":"Home","item":"https:\/\/www.cuballama.com\/noticias\/"},{"@type":"ListItem","position":2,"name":"Detenidos tres cubanos en Miami por revender mercanc\u00eda robada en tiendas Home Depot"}]},{"@type":"WebSite","@id":"https:\/\/www.cuballama.com\/noticias\/#website","url":"https:\/\/www.cuballama.com\/noticias\/","name":"Cuballama Noticias","description":"Medio digital sobre Cuba y el mundo","publisher":{"@id":"https:\/\/www.cuballama.com\/noticias\/#organization"},"potentialAction":[{"@type":"SearchAction","target":{"@type":"EntryPoint","urlTemplate":"https:\/\/www.cuballama.com\/noticias\/?s={search_term_string}"},"query-input":{"@type":"PropertyValueSpecification","valueRequired":true,"valueName":"search_term_string"}}],"inLanguage":"es"},{"@type":"Organization","@id":"https:\/\/www.cuballama.com\/noticias\/#organization","name":"Cuballama","url":"https:\/\/www.cuballama.com\/noticias\/","logo":{"@type":"ImageObject","inLanguage":"es","@id":"https:\/\/www.cuballama.com\/noticias\/#\/schema\/logo\/image\/","url":"https:\/\/cdn1.mediawpaccore.net\/wp-content\/uploads\/2021\/12\/28171206\/cbll-logo-color-sm.png","contentUrl":"https:\/\/cdn1.mediawpaccore.net\/wp-content\/uploads\/2021\/12\/28171206\/cbll-logo-color-sm.png","width":600,"height":133,"caption":"Cuballama"},"image":{"@id":"https:\/\/www.cuballama.com\/noticias\/#\/schema\/logo\/image\/"},"sameAs":["https:\/\/www.facebook.com\/CubaLlama","https:\/\/x.com\/cuballama","https:\/\/www.instagram.com\/stories\/cuballama_oficial\/","https:\/\/www.youtube.com\/channel\/UCKkFE-d_axENGZcrc4as0IA"]},{"@type":"Person","@id":"https:\/\/www.cuballama.com\/noticias\/#\/schema\/person\/a58502ed4146c8e9f83872e897c76cd2","name":"Roberto A.","description":"Roberto A. Periodista por decisi\u00f3n propia. Interesado en cualquier tema que me apasione y cada vez m\u00e1s comprometido con la verdad y la objetividad period\u00edstica. Graduado en La Habana hace ya muchos a\u00f1os, luego de una accidentada y polvorienta b\u00fasqueda de informaci\u00f3n sobre un tema in\u00e9dito. La Tesis, por cierto, desapareci\u00f3 de la biblioteca y no se conservan copias de la misma.","url":"https:\/\/www.cuballama.com\/noticias\/author\/roberto\/"}]}},"_links":{"self":[{"href":"https:\/\/www.cuballama.com\/noticias\/wp-json\/wp\/v2\/posts\/166644","targetHints":{"allow":["GET"]}}],"collection":[{"href":"https:\/\/www.cuballama.com\/noticias\/wp-json\/wp\/v2\/posts"}],"about":[{"href":"https:\/\/www.cuballama.com\/noticias\/wp-json\/wp\/v2\/types\/post"}],"author":[{"embeddable":true,"href":"https:\/\/www.cuballama.com\/noticias\/wp-json\/wp\/v2\/users\/13"}],"replies":[{"embeddable":true,"href":"https:\/\/www.cuballama.com\/noticias\/wp-json\/wp\/v2\/comments?post=166644"}],"version-history":[{"count":5,"href":"https:\/\/www.cuballama.com\/noticias\/wp-json\/wp\/v2\/posts\/166644\/revisions"}],"predecessor-version":[{"id":166949,"href":"https:\/\/www.cuballama.com\/noticias\/wp-json\/wp\/v2\/posts\/166644\/revisions\/166949"}],"wp:featuredmedia":[{"embeddable":true,"href":"https:\/\/www.cuballama.com\/noticias\/wp-json\/wp\/v2\/media\/166645"}],"wp:attachment":[{"href":"https:\/\/www.cuballama.com\/noticias\/wp-json\/wp\/v2\/media?parent=166644"}],"wp:term":[{"taxonomy":"category","embeddable":true,"href":"https:\/\/www.cuballama.com\/noticias\/wp-json\/wp\/v2\/categories?post=166644"},{"taxonomy":"post_tag","embeddable":true,"href":"https:\/\/www.cuballama.com\/noticias\/wp-json\/wp\/v2\/tags?post=166644"}],"curies":[{"name":"wp","href":"https:\/\/api.w.org\/{rel}","templated":true}]}}