{"id":156189,"date":"2024-02-02T12:07:20","date_gmt":"2024-02-02T17:07:20","guid":{"rendered":"https:\/\/www.cuballama.com\/noticias\/?p=156189"},"modified":"2024-02-02T12:08:13","modified_gmt":"2024-02-02T17:08:13","slug":"padres-cubanos-preocupados-por-violencia-en-fiestas-con-cancion-de-chocolate","status":"publish","type":"post","link":"https:\/\/www.cuballama.com\/noticias\/padres-cubanos-preocupados-por-violencia-en-fiestas-con-cancion-de-chocolate\/","title":{"rendered":"Padres cubanos preocupados por violencia en fiestas con canci\u00f3n de Chocolate"},"content":{"rendered":"\n<p>La canci\u00f3n \u201cAbaku\u00e1 nam\u00e1\u201d, del reguetonero&nbsp;Chocolate ha provocado que muchos j\u00f3venes y adolescentes cubanos sean v\u00edctimas de actos violentos de alg\u00fan tipo, ya sea con el uso de machetes o cuchillos en fiestas o eventos recreativos.&nbsp;<\/p>\n\n\n\n<p>Ya se han visto im\u00e1genes de estas fiestas en que los j\u00f3venes sacan armas blancas para bailar al ritmo de esta canci\u00f3n, lo que en ocasiones ha provocado hechos de violencia.<\/p>\n\n\n\n<p>La&nbsp;canci\u00f3n se ha hecho muy popular en la isla en medio de la ola de violencia que azota el pa\u00eds, marcada por asaltos, robos y asesinatos, algo que ha sido incluso reconocido por las autoridades policiales.&nbsp;<\/p>\n\n\n\n<p>Chocolate, no obstante, ha declarado que su objetivo no es promover la violencia sino mostrar la cruda&nbsp; realidad que se vive en Cuba. &nbsp;Agreg\u00f3, por otro lado, que&nbsp;el tema&nbsp; invita a los abaku\u00e1s a reflexionar sobre lo que se vive en la isla.&nbsp;<\/p>\n\n\n\n<p>Esta situaci\u00f3n ha incrementado la preocupaci\u00f3n de los padres cubanos cuyos hijos frecuentan las fiestas donde se escucha el <a href=\"https:\/\/www.cuballama.com\/noticias\/chocolate-mc-dice-que-quiere-ir-a-cuba-pero\/\" target=\"_blank\" rel=\"noreferrer noopener\">reparto<\/a> u otras canciones de este g\u00e9nero, lo que es habitual entre la mayor\u00eda de los adolescentes en la isla.<\/p>\n\n\n\n<p>\u201cMi hijo fue a una fiesta hace unos d\u00edas por Cerro y Boyeros&nbsp; y aquello termin\u00f3 bastante mal cuando pusieron el famoso tema de Chocolate. \u00c9l se fue junto a otros amigos porque otros muchachos sacaron una especie de machetes recortados y se pusieron a bailar y beber. Despu\u00e9s supimos que cortaron a una muchacha en la pierna\u201d, asegur\u00f3 a Cuballama Noticias&nbsp; una madre cubana que pidi\u00f3 el anonimato.<\/p>\n\n\n\n<p>Una psic\u00f3loga se\u00f1al\u00f3 que no se trata de la canci\u00f3n sino que se inserta en un contexto muy dif\u00edcil en la isla en que la violencia est\u00e1 a la orden del d\u00eda.<\/p>\n\n\n\n<p>\u201cNadie por escuchar una canci\u00f3n del g\u00e9nero que sea se vuelve violento. La persona ya tiene tras de s\u00ed una personalidad proclive a la violencia y posiblemente haya participado de este tipo de actos y aprovecha el escenario del tema para provocar ese tipo de crisis. Adem\u00e1s est\u00e1 de fondo&nbsp; la situaci\u00f3n del pa\u00eds, un terreno muy f\u00e9rtil para estos hechos\u201d, a\u00f1ade.<\/p>\n\n\n\n<p>Por lo pronto la canci\u00f3n tiene cientos de miles de visualizaciones en Youtube y sigue sonando en las fiestas de toda Cuba.&nbsp;<\/p>\n","protected":false},"excerpt":{"rendered":"<p>La canci\u00f3n \u201cAbaku\u00e1 nam\u00e1\u201d, del reguetonero\u00a0 Chocolate ha provocado que muchos j\u00f3venes y adolescentes cubanos sean presas de actos violentos de alg\u00fan tipo.<\/p>\n","protected":false},"author":24,"featured_media":154465,"comment_status":"open","ping_status":"closed","sticky":false,"template":"","format":"standard","meta":{"_acf_changed":false,"footnotes":""},"categories":[18,955],"tags":[20217,252,10867,92,941],"class_list":{"0":"post-156189","1":"post","2":"type-post","3":"status-publish","4":"format-standard","5":"has-post-thumbnail","7":"category-noticias","8":"category-noticias-de-cuba","9":"tag-abakua","10":"tag-artistas-cubanos","11":"tag-crisis-en-cuba","12":"tag-cubanos","13":"tag-destacado"},"acf":[],"yoast_head":"<!-- This site is optimized with the Yoast SEO plugin v27.5 - https:\/\/yoast.com\/product\/yoast-seo-wordpress\/ -->\n<title>Padres cubanos preocupados por violencia en fiestas con canci\u00f3n de Chocolate - Cuballama Noticias<\/title>\n<meta name=\"description\" content=\"La canci\u00f3n \u201cAbaku\u00e1 nam\u00e1\u201d, del reguetonero\u00a0 Chocolate ha provocado que muchos j\u00f3venes y adolescentes cubanos sean presas de actos violentos.\" \/>\n<meta name=\"robots\" content=\"index, follow, max-snippet:-1, max-image-preview:large, max-video-preview:-1\" \/>\n<link rel=\"canonical\" href=\"https:\/\/www.cuballama.com\/noticias\/padres-cubanos-preocupados-por-violencia-en-fiestas-con-cancion-de-chocolate\/\" \/>\n<meta property=\"og:locale\" content=\"es_ES\" \/>\n<meta property=\"og:type\" content=\"article\" \/>\n<meta property=\"og:title\" content=\"Padres cubanos preocupados por violencia en fiestas con canci\u00f3n de Chocolate - Cuballama Noticias\" \/>\n<meta property=\"og:description\" content=\"La canci\u00f3n \u201cAbaku\u00e1 nam\u00e1\u201d, del reguetonero\u00a0 Chocolate ha provocado que muchos j\u00f3venes y adolescentes cubanos sean presas de actos violentos.\" \/>\n<meta property=\"og:url\" content=\"https:\/\/www.cuballama.com\/noticias\/padres-cubanos-preocupados-por-violencia-en-fiestas-con-cancion-de-chocolate\/\" \/>\n<meta property=\"og:site_name\" content=\"Cuballama Noticias\" \/>\n<meta property=\"article:publisher\" content=\"https:\/\/www.facebook.com\/CubaLlama\" \/>\n<meta property=\"article:published_time\" content=\"2024-02-02T17:07:20+00:00\" \/>\n<meta property=\"article:modified_time\" content=\"2024-02-02T17:08:13+00:00\" \/>\n<meta property=\"og:image\" content=\"https:\/\/cdn1.mediawpaccore.net\/wp-content\/uploads\/2024\/01\/23131546\/Captura-de-pantalla-2024-01-23-a-las-19.12.31.png\" \/>\n\t<meta property=\"og:image:width\" content=\"612\" \/>\n\t<meta property=\"og:image:height\" content=\"366\" \/>\n\t<meta property=\"og:image:type\" content=\"image\/png\" \/>\n<meta name=\"author\" content=\"Manu\" \/>\n<meta name=\"twitter:card\" content=\"summary_large_image\" \/>\n<meta name=\"twitter:creator\" content=\"@cuballama\" \/>\n<meta name=\"twitter:site\" content=\"@cuballama\" \/>\n<meta name=\"twitter:label1\" content=\"Escrito por\" \/>\n\t<meta name=\"twitter:data1\" content=\"Manu\" \/>\n\t<meta name=\"twitter:label2\" content=\"Tiempo de lectura\" \/>\n\t<meta name=\"twitter:data2\" content=\"2 minutos\" \/>\n<script type=\"application\/ld+json\" class=\"yoast-schema-graph\">{\"@context\":\"https:\\\/\\\/schema.org\",\"@graph\":[{\"@type\":\"Article\",\"@id\":\"https:\\\/\\\/www.cuballama.com\\\/noticias\\\/padres-cubanos-preocupados-por-violencia-en-fiestas-con-cancion-de-chocolate\\\/#article\",\"isPartOf\":{\"@id\":\"https:\\\/\\\/www.cuballama.com\\\/noticias\\\/padres-cubanos-preocupados-por-violencia-en-fiestas-con-cancion-de-chocolate\\\/\"},\"author\":{\"name\":\"Manu\",\"@id\":\"https:\\\/\\\/www.cuballama.com\\\/noticias\\\/#\\\/schema\\\/person\\\/5889f7d070564f8386e7944d14d436cd\"},\"headline\":\"Padres cubanos preocupados por violencia en fiestas con canci\u00f3n de Chocolate\",\"datePublished\":\"2024-02-02T17:07:20+00:00\",\"dateModified\":\"2024-02-02T17:08:13+00:00\",\"mainEntityOfPage\":{\"@id\":\"https:\\\/\\\/www.cuballama.com\\\/noticias\\\/padres-cubanos-preocupados-por-violencia-en-fiestas-con-cancion-de-chocolate\\\/\"},\"wordCount\":427,\"commentCount\":0,\"publisher\":{\"@id\":\"https:\\\/\\\/www.cuballama.com\\\/noticias\\\/#organization\"},\"image\":{\"@id\":\"https:\\\/\\\/www.cuballama.com\\\/noticias\\\/padres-cubanos-preocupados-por-violencia-en-fiestas-con-cancion-de-chocolate\\\/#primaryimage\"},\"thumbnailUrl\":\"https:\\\/\\\/cdn1.mediawpaccore.net\\\/wp-content\\\/uploads\\\/2024\\\/01\\\/23131546\\\/Captura-de-pantalla-2024-01-23-a-las-19.12.31.png\",\"keywords\":[\"Abaku\u00e1\",\"Artistas cubanos\",\"Crisis en Cuba\",\"cubanos\",\"destacado\"],\"articleSection\":[\"Noticias\",\"Noticias de Cuba\"],\"inLanguage\":\"es\",\"potentialAction\":[{\"@type\":\"CommentAction\",\"name\":\"Comment\",\"target\":[\"https:\\\/\\\/www.cuballama.com\\\/noticias\\\/padres-cubanos-preocupados-por-violencia-en-fiestas-con-cancion-de-chocolate\\\/#respond\"]}]},{\"@type\":\"WebPage\",\"@id\":\"https:\\\/\\\/www.cuballama.com\\\/noticias\\\/padres-cubanos-preocupados-por-violencia-en-fiestas-con-cancion-de-chocolate\\\/\",\"url\":\"https:\\\/\\\/www.cuballama.com\\\/noticias\\\/padres-cubanos-preocupados-por-violencia-en-fiestas-con-cancion-de-chocolate\\\/\",\"name\":\"Padres cubanos preocupados por violencia en fiestas con canci\u00f3n de Chocolate - Cuballama Noticias\",\"isPartOf\":{\"@id\":\"https:\\\/\\\/www.cuballama.com\\\/noticias\\\/#website\"},\"primaryImageOfPage\":{\"@id\":\"https:\\\/\\\/www.cuballama.com\\\/noticias\\\/padres-cubanos-preocupados-por-violencia-en-fiestas-con-cancion-de-chocolate\\\/#primaryimage\"},\"image\":{\"@id\":\"https:\\\/\\\/www.cuballama.com\\\/noticias\\\/padres-cubanos-preocupados-por-violencia-en-fiestas-con-cancion-de-chocolate\\\/#primaryimage\"},\"thumbnailUrl\":\"https:\\\/\\\/cdn1.mediawpaccore.net\\\/wp-content\\\/uploads\\\/2024\\\/01\\\/23131546\\\/Captura-de-pantalla-2024-01-23-a-las-19.12.31.png\",\"datePublished\":\"2024-02-02T17:07:20+00:00\",\"dateModified\":\"2024-02-02T17:08:13+00:00\",\"description\":\"La canci\u00f3n \u201cAbaku\u00e1 nam\u00e1\u201d, del reguetonero\u00a0 Chocolate ha provocado que muchos j\u00f3venes y adolescentes cubanos sean presas de actos violentos.\",\"breadcrumb\":{\"@id\":\"https:\\\/\\\/www.cuballama.com\\\/noticias\\\/padres-cubanos-preocupados-por-violencia-en-fiestas-con-cancion-de-chocolate\\\/#breadcrumb\"},\"inLanguage\":\"es\",\"potentialAction\":[{\"@type\":\"ReadAction\",\"target\":[\"https:\\\/\\\/www.cuballama.com\\\/noticias\\\/padres-cubanos-preocupados-por-violencia-en-fiestas-con-cancion-de-chocolate\\\/\"]}]},{\"@type\":\"ImageObject\",\"inLanguage\":\"es\",\"@id\":\"https:\\\/\\\/www.cuballama.com\\\/noticias\\\/padres-cubanos-preocupados-por-violencia-en-fiestas-con-cancion-de-chocolate\\\/#primaryimage\",\"url\":\"https:\\\/\\\/cdn1.mediawpaccore.net\\\/wp-content\\\/uploads\\\/2024\\\/01\\\/23131546\\\/Captura-de-pantalla-2024-01-23-a-las-19.12.31.png\",\"contentUrl\":\"https:\\\/\\\/cdn1.mediawpaccore.net\\\/wp-content\\\/uploads\\\/2024\\\/01\\\/23131546\\\/Captura-de-pantalla-2024-01-23-a-las-19.12.31.png\",\"width\":612,\"height\":366,\"caption\":\"Foto tomada del perfil de Instagram de Chocolate MC\"},{\"@type\":\"BreadcrumbList\",\"@id\":\"https:\\\/\\\/www.cuballama.com\\\/noticias\\\/padres-cubanos-preocupados-por-violencia-en-fiestas-con-cancion-de-chocolate\\\/#breadcrumb\",\"itemListElement\":[{\"@type\":\"ListItem\",\"position\":1,\"name\":\"Home\",\"item\":\"https:\\\/\\\/www.cuballama.com\\\/noticias\\\/\"},{\"@type\":\"ListItem\",\"position\":2,\"name\":\"Padres cubanos preocupados por violencia en fiestas con canci\u00f3n de Chocolate\"}]},{\"@type\":\"WebSite\",\"@id\":\"https:\\\/\\\/www.cuballama.com\\\/noticias\\\/#website\",\"url\":\"https:\\\/\\\/www.cuballama.com\\\/noticias\\\/\",\"name\":\"Cuballama Noticias\",\"description\":\"Medio digital sobre Cuba y el mundo\",\"publisher\":{\"@id\":\"https:\\\/\\\/www.cuballama.com\\\/noticias\\\/#organization\"},\"potentialAction\":[{\"@type\":\"SearchAction\",\"target\":{\"@type\":\"EntryPoint\",\"urlTemplate\":\"https:\\\/\\\/www.cuballama.com\\\/noticias\\\/?s={search_term_string}\"},\"query-input\":{\"@type\":\"PropertyValueSpecification\",\"valueRequired\":true,\"valueName\":\"search_term_string\"}}],\"inLanguage\":\"es\"},{\"@type\":\"Organization\",\"@id\":\"https:\\\/\\\/www.cuballama.com\\\/noticias\\\/#organization\",\"name\":\"Cuballama\",\"url\":\"https:\\\/\\\/www.cuballama.com\\\/noticias\\\/\",\"logo\":{\"@type\":\"ImageObject\",\"inLanguage\":\"es\",\"@id\":\"https:\\\/\\\/www.cuballama.com\\\/noticias\\\/#\\\/schema\\\/logo\\\/image\\\/\",\"url\":\"https:\\\/\\\/cdn1.mediawpaccore.net\\\/wp-content\\\/uploads\\\/2021\\\/12\\\/28171206\\\/cbll-logo-color-sm.png\",\"contentUrl\":\"https:\\\/\\\/cdn1.mediawpaccore.net\\\/wp-content\\\/uploads\\\/2021\\\/12\\\/28171206\\\/cbll-logo-color-sm.png\",\"width\":600,\"height\":133,\"caption\":\"Cuballama\"},\"image\":{\"@id\":\"https:\\\/\\\/www.cuballama.com\\\/noticias\\\/#\\\/schema\\\/logo\\\/image\\\/\"},\"sameAs\":[\"https:\\\/\\\/www.facebook.com\\\/CubaLlama\",\"https:\\\/\\\/x.com\\\/cuballama\",\"https:\\\/\\\/www.instagram.com\\\/stories\\\/cuballama_oficial\\\/\",\"https:\\\/\\\/www.youtube.com\\\/channel\\\/UCKkFE-d_axENGZcrc4as0IA\"]},{\"@type\":\"Person\",\"@id\":\"https:\\\/\\\/www.cuballama.com\\\/noticias\\\/#\\\/schema\\\/person\\\/5889f7d070564f8386e7944d14d436cd\",\"name\":\"Manu\",\"url\":\"https:\\\/\\\/www.cuballama.com\\\/noticias\\\/author\\\/manu\\\/\"}]}<\/script>\n<!-- \/ Yoast SEO plugin. -->","yoast_head_json":{"title":"Padres cubanos preocupados por violencia en fiestas con canci\u00f3n de Chocolate - Cuballama Noticias","description":"La canci\u00f3n \u201cAbaku\u00e1 nam\u00e1\u201d, del reguetonero\u00a0 Chocolate ha provocado que muchos j\u00f3venes y adolescentes cubanos sean presas de actos violentos.","robots":{"index":"index","follow":"follow","max-snippet":"max-snippet:-1","max-image-preview":"max-image-preview:large","max-video-preview":"max-video-preview:-1"},"canonical":"https:\/\/www.cuballama.com\/noticias\/padres-cubanos-preocupados-por-violencia-en-fiestas-con-cancion-de-chocolate\/","og_locale":"es_ES","og_type":"article","og_title":"Padres cubanos preocupados por violencia en fiestas con canci\u00f3n de Chocolate - Cuballama Noticias","og_description":"La canci\u00f3n \u201cAbaku\u00e1 nam\u00e1\u201d, del reguetonero\u00a0 Chocolate ha provocado que muchos j\u00f3venes y adolescentes cubanos sean presas de actos violentos.","og_url":"https:\/\/www.cuballama.com\/noticias\/padres-cubanos-preocupados-por-violencia-en-fiestas-con-cancion-de-chocolate\/","og_site_name":"Cuballama Noticias","article_publisher":"https:\/\/www.facebook.com\/CubaLlama","article_published_time":"2024-02-02T17:07:20+00:00","article_modified_time":"2024-02-02T17:08:13+00:00","og_image":[{"width":612,"height":366,"url":"https:\/\/cdn1.mediawpaccore.net\/wp-content\/uploads\/2024\/01\/23131546\/Captura-de-pantalla-2024-01-23-a-las-19.12.31.png","type":"image\/png"}],"author":"Manu","twitter_card":"summary_large_image","twitter_creator":"@cuballama","twitter_site":"@cuballama","twitter_misc":{"Escrito por":"Manu","Tiempo de lectura":"2 minutos"},"schema":{"@context":"https:\/\/schema.org","@graph":[{"@type":"Article","@id":"https:\/\/www.cuballama.com\/noticias\/padres-cubanos-preocupados-por-violencia-en-fiestas-con-cancion-de-chocolate\/#article","isPartOf":{"@id":"https:\/\/www.cuballama.com\/noticias\/padres-cubanos-preocupados-por-violencia-en-fiestas-con-cancion-de-chocolate\/"},"author":{"name":"Manu","@id":"https:\/\/www.cuballama.com\/noticias\/#\/schema\/person\/5889f7d070564f8386e7944d14d436cd"},"headline":"Padres cubanos preocupados por violencia en fiestas con canci\u00f3n de Chocolate","datePublished":"2024-02-02T17:07:20+00:00","dateModified":"2024-02-02T17:08:13+00:00","mainEntityOfPage":{"@id":"https:\/\/www.cuballama.com\/noticias\/padres-cubanos-preocupados-por-violencia-en-fiestas-con-cancion-de-chocolate\/"},"wordCount":427,"commentCount":0,"publisher":{"@id":"https:\/\/www.cuballama.com\/noticias\/#organization"},"image":{"@id":"https:\/\/www.cuballama.com\/noticias\/padres-cubanos-preocupados-por-violencia-en-fiestas-con-cancion-de-chocolate\/#primaryimage"},"thumbnailUrl":"https:\/\/cdn1.mediawpaccore.net\/wp-content\/uploads\/2024\/01\/23131546\/Captura-de-pantalla-2024-01-23-a-las-19.12.31.png","keywords":["Abaku\u00e1","Artistas cubanos","Crisis en Cuba","cubanos","destacado"],"articleSection":["Noticias","Noticias de Cuba"],"inLanguage":"es","potentialAction":[{"@type":"CommentAction","name":"Comment","target":["https:\/\/www.cuballama.com\/noticias\/padres-cubanos-preocupados-por-violencia-en-fiestas-con-cancion-de-chocolate\/#respond"]}]},{"@type":"WebPage","@id":"https:\/\/www.cuballama.com\/noticias\/padres-cubanos-preocupados-por-violencia-en-fiestas-con-cancion-de-chocolate\/","url":"https:\/\/www.cuballama.com\/noticias\/padres-cubanos-preocupados-por-violencia-en-fiestas-con-cancion-de-chocolate\/","name":"Padres cubanos preocupados por violencia en fiestas con canci\u00f3n de Chocolate - Cuballama Noticias","isPartOf":{"@id":"https:\/\/www.cuballama.com\/noticias\/#website"},"primaryImageOfPage":{"@id":"https:\/\/www.cuballama.com\/noticias\/padres-cubanos-preocupados-por-violencia-en-fiestas-con-cancion-de-chocolate\/#primaryimage"},"image":{"@id":"https:\/\/www.cuballama.com\/noticias\/padres-cubanos-preocupados-por-violencia-en-fiestas-con-cancion-de-chocolate\/#primaryimage"},"thumbnailUrl":"https:\/\/cdn1.mediawpaccore.net\/wp-content\/uploads\/2024\/01\/23131546\/Captura-de-pantalla-2024-01-23-a-las-19.12.31.png","datePublished":"2024-02-02T17:07:20+00:00","dateModified":"2024-02-02T17:08:13+00:00","description":"La canci\u00f3n \u201cAbaku\u00e1 nam\u00e1\u201d, del reguetonero\u00a0 Chocolate ha provocado que muchos j\u00f3venes y adolescentes cubanos sean presas de actos violentos.","breadcrumb":{"@id":"https:\/\/www.cuballama.com\/noticias\/padres-cubanos-preocupados-por-violencia-en-fiestas-con-cancion-de-chocolate\/#breadcrumb"},"inLanguage":"es","potentialAction":[{"@type":"ReadAction","target":["https:\/\/www.cuballama.com\/noticias\/padres-cubanos-preocupados-por-violencia-en-fiestas-con-cancion-de-chocolate\/"]}]},{"@type":"ImageObject","inLanguage":"es","@id":"https:\/\/www.cuballama.com\/noticias\/padres-cubanos-preocupados-por-violencia-en-fiestas-con-cancion-de-chocolate\/#primaryimage","url":"https:\/\/cdn1.mediawpaccore.net\/wp-content\/uploads\/2024\/01\/23131546\/Captura-de-pantalla-2024-01-23-a-las-19.12.31.png","contentUrl":"https:\/\/cdn1.mediawpaccore.net\/wp-content\/uploads\/2024\/01\/23131546\/Captura-de-pantalla-2024-01-23-a-las-19.12.31.png","width":612,"height":366,"caption":"Foto tomada del perfil de Instagram de Chocolate MC"},{"@type":"BreadcrumbList","@id":"https:\/\/www.cuballama.com\/noticias\/padres-cubanos-preocupados-por-violencia-en-fiestas-con-cancion-de-chocolate\/#breadcrumb","itemListElement":[{"@type":"ListItem","position":1,"name":"Home","item":"https:\/\/www.cuballama.com\/noticias\/"},{"@type":"ListItem","position":2,"name":"Padres cubanos preocupados por violencia en fiestas con canci\u00f3n de Chocolate"}]},{"@type":"WebSite","@id":"https:\/\/www.cuballama.com\/noticias\/#website","url":"https:\/\/www.cuballama.com\/noticias\/","name":"Cuballama Noticias","description":"Medio digital sobre Cuba y el mundo","publisher":{"@id":"https:\/\/www.cuballama.com\/noticias\/#organization"},"potentialAction":[{"@type":"SearchAction","target":{"@type":"EntryPoint","urlTemplate":"https:\/\/www.cuballama.com\/noticias\/?s={search_term_string}"},"query-input":{"@type":"PropertyValueSpecification","valueRequired":true,"valueName":"search_term_string"}}],"inLanguage":"es"},{"@type":"Organization","@id":"https:\/\/www.cuballama.com\/noticias\/#organization","name":"Cuballama","url":"https:\/\/www.cuballama.com\/noticias\/","logo":{"@type":"ImageObject","inLanguage":"es","@id":"https:\/\/www.cuballama.com\/noticias\/#\/schema\/logo\/image\/","url":"https:\/\/cdn1.mediawpaccore.net\/wp-content\/uploads\/2021\/12\/28171206\/cbll-logo-color-sm.png","contentUrl":"https:\/\/cdn1.mediawpaccore.net\/wp-content\/uploads\/2021\/12\/28171206\/cbll-logo-color-sm.png","width":600,"height":133,"caption":"Cuballama"},"image":{"@id":"https:\/\/www.cuballama.com\/noticias\/#\/schema\/logo\/image\/"},"sameAs":["https:\/\/www.facebook.com\/CubaLlama","https:\/\/x.com\/cuballama","https:\/\/www.instagram.com\/stories\/cuballama_oficial\/","https:\/\/www.youtube.com\/channel\/UCKkFE-d_axENGZcrc4as0IA"]},{"@type":"Person","@id":"https:\/\/www.cuballama.com\/noticias\/#\/schema\/person\/5889f7d070564f8386e7944d14d436cd","name":"Manu","url":"https:\/\/www.cuballama.com\/noticias\/author\/manu\/"}]}},"_links":{"self":[{"href":"https:\/\/www.cuballama.com\/noticias\/wp-json\/wp\/v2\/posts\/156189","targetHints":{"allow":["GET"]}}],"collection":[{"href":"https:\/\/www.cuballama.com\/noticias\/wp-json\/wp\/v2\/posts"}],"about":[{"href":"https:\/\/www.cuballama.com\/noticias\/wp-json\/wp\/v2\/types\/post"}],"author":[{"embeddable":true,"href":"https:\/\/www.cuballama.com\/noticias\/wp-json\/wp\/v2\/users\/24"}],"replies":[{"embeddable":true,"href":"https:\/\/www.cuballama.com\/noticias\/wp-json\/wp\/v2\/comments?post=156189"}],"version-history":[{"count":2,"href":"https:\/\/www.cuballama.com\/noticias\/wp-json\/wp\/v2\/posts\/156189\/revisions"}],"predecessor-version":[{"id":156191,"href":"https:\/\/www.cuballama.com\/noticias\/wp-json\/wp\/v2\/posts\/156189\/revisions\/156191"}],"wp:featuredmedia":[{"embeddable":true,"href":"https:\/\/www.cuballama.com\/noticias\/wp-json\/wp\/v2\/media\/154465"}],"wp:attachment":[{"href":"https:\/\/www.cuballama.com\/noticias\/wp-json\/wp\/v2\/media?parent=156189"}],"wp:term":[{"taxonomy":"category","embeddable":true,"href":"https:\/\/www.cuballama.com\/noticias\/wp-json\/wp\/v2\/categories?post=156189"},{"taxonomy":"post_tag","embeddable":true,"href":"https:\/\/www.cuballama.com\/noticias\/wp-json\/wp\/v2\/tags?post=156189"}],"curies":[{"name":"wp","href":"https:\/\/api.w.org\/{rel}","templated":true}]}}