{"id":153732,"date":"2024-01-18T06:00:00","date_gmt":"2024-01-18T11:00:00","guid":{"rendered":"https:\/\/www.cuballama.com\/noticias\/?p=153732"},"modified":"2024-01-18T08:12:35","modified_gmt":"2024-01-18T13:12:35","slug":"emilio-frias-regresa-a-cuba-la-familia-es-lo-mas-grande","status":"publish","type":"post","link":"https:\/\/www.cuballama.com\/noticias\/emilio-frias-regresa-a-cuba-la-familia-es-lo-mas-grande\/","title":{"rendered":"Emilio Fr\u00edas regresa a Cuba: \u201cLa familia es lo m\u00e1s grande\u201d"},"content":{"rendered":"\n<p>De vuelta a su pa\u00eds natal, el cantante cubano Emilio Fr\u00edas logr\u00f3 hacer realidad el sue\u00f1o de reunir \u201ca toda la familia o a la parte que queda en Cuba\u201d.<\/p>\n\n\n\n<p>\u201cBisabuelos, abuelos, padres, hermanos, hijos, nietos, bisnieto, todos juntos en una misma mesa, todos un mismo pensamiento: que la familia es lo m\u00e1s grande y que por encima de ella no hay nada\u201d, expres\u00f3 <a href=\"https:\/\/www.cuballama.com\/noticias\/el-nino-aclara-la-verdad-sobre-la-verdad\/\" target=\"_blank\" rel=\"noreferrer noopener\">el director de la orquesta El Ni\u00f1o y la Verdad<\/a>, que actualmente se encuentra de visita en la isla.\u00a0<\/p>\n\n\n\n<p>Tras el emotivo encuentro familiar, que tuvo lugar en el Hotel Nacional de Cuba, el m\u00fasico agradeci\u00f3 \u201ca todo lo que existe por permitirme vivir estas experiencias, que es el ox\u00edgeno que da vida a mi esp\u00edritu\u201d.<\/p>\n\n\n\n<p>Asimismo, Fr\u00edas dese\u00f3 este martes a trav\u00e9s de sus redes sociales, \u201cque cada una de las familias que se han separado puedan estar unidas otra vez\u201d.\u00a0<\/p>\n\n\n\n<iframe loading=\"lazy\" src=\"https:\/\/www.facebook.com\/plugins\/post.php?href=https%3A%2F%2Fwww.facebook.com%2FelninoylaverdadOficial%2Fposts%2Fpfbid035VRitq3TzJY6m15Z4ppjmBRAT66JGaNAzHwSpx7ZYaTsvDt8NCY4wqudXEi5zwJul&#038;show_text=true&#038;width=500\" width=\"500\" height=\"511\" style=\"border:none;overflow:hidden\" scrolling=\"no\" frameborder=\"0\" allowfullscreen=\"true\" allow=\"autoplay; clipboard-write; encrypted-media; picture-in-picture; web-share\"><\/iframe>\n\n\n\n<p>\u201cSomos muchos los que no pudimos volver a darle un besote a alguien muy querido. Solo me consuela que \u2018volveremos a estar juntos\u2019\u201d, concluy\u00f3 el cantante, que el pasado tres de enero dio a conocer la triste noticia de la muerte de su abuelo.<\/p>\n\n\n\n<p>\u201cHa partido el mayor de los Fr\u00edas, mi abuelo querido, el que puso con 10 a\u00f1os una guitarra en mis manos y del que hered\u00e9 el talento de cantar\u201d, dijo entonces el artista antes de prometerle a su abuelo que \u201cseguir\u00e1 d\u00e1ndole prestigio y orgullo al apellido Fr\u00edas\u201d.<\/p>\n\n\n\n<p>Hace cinco d\u00edas el cantante anunci\u00f3 su regreso a la isla al escribir: \u201cCuando la sangre lo llama, el negro vuelve a La Habana. Por mi familia todo\u201d.<\/p>\n\n\n\n<iframe loading=\"lazy\" src=\"https:\/\/www.facebook.com\/plugins\/post.php?href=https%3A%2F%2Fwww.facebook.com%2FelninoylaverdadOficial%2Fposts%2Fpfbid02PCsqDz8RMveT7sYtPFfkLX24WAwDC8M77xXdQ9AMUy1K7G737mVUVbzL2gVuNbbVl&#038;show_text=true&#038;width=500\" width=\"500\" height=\"647\" style=\"border:none;overflow:hidden\" scrolling=\"no\" frameborder=\"0\" allowfullscreen=\"true\" allow=\"autoplay; clipboard-write; encrypted-media; picture-in-picture; web-share\"><\/iframe>\n\n\n\n<p>Fr\u00edas, que ha echado ra\u00edces en M\u00e9xico, donde naci\u00f3 en septiembre de 2023 su hija Evangeline, fruto de su relaci\u00f3n con Yensi Herrero, tiene otras dos hijas en Cuba: Emily, de 15 a\u00f1os, y Emilenys, de 9.&nbsp;&nbsp;<\/p>\n\n\n\n<p>No obstante, Fr\u00edas ha hecho m\u00e1s que compartir con su familia durante su paso La Habana, ya que \u201cme fui en busca de la foto que ser\u00e1 la portada de mi pr\u00f3ximo CD \u2018Tributo a El Pr\u00edncipe\u2019\u201d, la cual estuvo a cargo de \u201cuno de los artistas m\u00e1s grandes que he conocido, Eduardo Rodr\u00edguez\u201d, a quien dio las gracias \u201cpor tu arte y por tu ser\u201d.<\/p>\n","protected":false},"excerpt":{"rendered":"<p>\u201cCuando la sangre lo llama, el negro vuelve a La Habana. Por mi familia todo\u201d, expres\u00f3 el m\u00fasico.<\/p>\n","protected":false},"author":30,"featured_media":153734,"comment_status":"open","ping_status":"closed","sticky":false,"template":"","format":"standard","meta":{"_acf_changed":false,"footnotes":""},"categories":[18,955],"tags":[15468,941,13841,18451,11518,14190,19473,1019,17719],"class_list":{"0":"post-153732","1":"post","2":"type-post","3":"status-publish","4":"format-standard","5":"has-post-thumbnail","7":"category-noticias","8":"category-noticias-de-cuba","9":"tag-cantante-cubano","10":"tag-destacado","11":"tag-el-nino-y-la-verdad","12":"tag-emilio-frias-2","13":"tag-familia-cubana","14":"tag-musico-cubano","15":"tag-orquesta-cubana","16":"tag-viajes-a-cuba","17":"tag-visitas-a-cuba"},"acf":[],"yoast_head":"<!-- This site is optimized with the Yoast SEO plugin v27.5 - https:\/\/yoast.com\/product\/yoast-seo-wordpress\/ -->\n<title>Emilio Fr\u00edas regresa a Cuba: \u201cLa familia es lo m\u00e1s grande\u201d - Cuballama Noticias<\/title>\n<meta name=\"description\" content=\"De vuelta a su pa\u00eds natal, el cantante cubano Emilio Fr\u00edas logr\u00f3 reunir \u201ca toda la familia o a la parte que queda en Cuba\u201d.\" \/>\n<meta name=\"robots\" content=\"index, follow, max-snippet:-1, max-image-preview:large, max-video-preview:-1\" \/>\n<link rel=\"canonical\" href=\"https:\/\/www.cuballama.com\/noticias\/emilio-frias-regresa-a-cuba-la-familia-es-lo-mas-grande\/\" \/>\n<meta property=\"og:locale\" content=\"es_ES\" \/>\n<meta property=\"og:type\" content=\"article\" \/>\n<meta property=\"og:title\" content=\"Emilio Fr\u00edas regresa a Cuba: \u201cLa familia es lo m\u00e1s grande\u201d - Cuballama Noticias\" \/>\n<meta property=\"og:description\" content=\"De vuelta a su pa\u00eds natal, el cantante cubano Emilio Fr\u00edas logr\u00f3 reunir \u201ca toda la familia o a la parte que queda en Cuba\u201d.\" \/>\n<meta property=\"og:url\" content=\"https:\/\/www.cuballama.com\/noticias\/emilio-frias-regresa-a-cuba-la-familia-es-lo-mas-grande\/\" \/>\n<meta property=\"og:site_name\" content=\"Cuballama Noticias\" \/>\n<meta property=\"article:publisher\" content=\"https:\/\/www.facebook.com\/CubaLlama\" \/>\n<meta property=\"article:published_time\" content=\"2024-01-18T11:00:00+00:00\" \/>\n<meta property=\"article:modified_time\" content=\"2024-01-18T13:12:35+00:00\" \/>\n<meta property=\"og:image\" content=\"https:\/\/cdn1.mediawpaccore.net\/wp-content\/uploads\/2024\/01\/17191228\/El-Nino.jpg\" \/>\n\t<meta property=\"og:image:width\" content=\"1200\" \/>\n\t<meta property=\"og:image:height\" content=\"630\" \/>\n\t<meta property=\"og:image:type\" content=\"image\/jpeg\" \/>\n<meta name=\"author\" content=\"Kathy\" \/>\n<meta name=\"twitter:card\" content=\"summary_large_image\" \/>\n<meta name=\"twitter:creator\" content=\"@cuballama\" \/>\n<meta name=\"twitter:site\" content=\"@cuballama\" \/>\n<meta name=\"twitter:label1\" content=\"Escrito por\" \/>\n\t<meta name=\"twitter:data1\" content=\"Kathy\" \/>\n\t<meta name=\"twitter:label2\" content=\"Tiempo de lectura\" \/>\n\t<meta name=\"twitter:data2\" content=\"2 minutos\" \/>\n<script type=\"application\/ld+json\" class=\"yoast-schema-graph\">{\"@context\":\"https:\\\/\\\/schema.org\",\"@graph\":[{\"@type\":\"Article\",\"@id\":\"https:\\\/\\\/www.cuballama.com\\\/noticias\\\/emilio-frias-regresa-a-cuba-la-familia-es-lo-mas-grande\\\/#article\",\"isPartOf\":{\"@id\":\"https:\\\/\\\/www.cuballama.com\\\/noticias\\\/emilio-frias-regresa-a-cuba-la-familia-es-lo-mas-grande\\\/\"},\"author\":{\"name\":\"Kathy\",\"@id\":\"https:\\\/\\\/www.cuballama.com\\\/noticias\\\/#\\\/schema\\\/person\\\/86cd3e3f4974437f031211213bf892d5\"},\"headline\":\"Emilio Fr\u00edas regresa a Cuba: \u201cLa familia es lo m\u00e1s grande\u201d\",\"datePublished\":\"2024-01-18T11:00:00+00:00\",\"dateModified\":\"2024-01-18T13:12:35+00:00\",\"mainEntityOfPage\":{\"@id\":\"https:\\\/\\\/www.cuballama.com\\\/noticias\\\/emilio-frias-regresa-a-cuba-la-familia-es-lo-mas-grande\\\/\"},\"wordCount\":406,\"commentCount\":0,\"publisher\":{\"@id\":\"https:\\\/\\\/www.cuballama.com\\\/noticias\\\/#organization\"},\"image\":{\"@id\":\"https:\\\/\\\/www.cuballama.com\\\/noticias\\\/emilio-frias-regresa-a-cuba-la-familia-es-lo-mas-grande\\\/#primaryimage\"},\"thumbnailUrl\":\"https:\\\/\\\/cdn1.mediawpaccore.net\\\/wp-content\\\/uploads\\\/2024\\\/01\\\/17191228\\\/El-Nino.jpg\",\"keywords\":[\"cantante cubano\",\"destacado\",\"El Ni\u00f1o y la Verdad\",\"Emilio Fr\u00edas\",\"familia cubana\",\"m\u00fasico cubano\",\"orquesta cubana\",\"Viajes a Cuba\",\"visitas a Cuba\"],\"articleSection\":[\"Noticias\",\"Noticias de Cuba\"],\"inLanguage\":\"es\",\"potentialAction\":[{\"@type\":\"CommentAction\",\"name\":\"Comment\",\"target\":[\"https:\\\/\\\/www.cuballama.com\\\/noticias\\\/emilio-frias-regresa-a-cuba-la-familia-es-lo-mas-grande\\\/#respond\"]}]},{\"@type\":\"WebPage\",\"@id\":\"https:\\\/\\\/www.cuballama.com\\\/noticias\\\/emilio-frias-regresa-a-cuba-la-familia-es-lo-mas-grande\\\/\",\"url\":\"https:\\\/\\\/www.cuballama.com\\\/noticias\\\/emilio-frias-regresa-a-cuba-la-familia-es-lo-mas-grande\\\/\",\"name\":\"Emilio Fr\u00edas regresa a Cuba: \u201cLa familia es lo m\u00e1s grande\u201d - Cuballama Noticias\",\"isPartOf\":{\"@id\":\"https:\\\/\\\/www.cuballama.com\\\/noticias\\\/#website\"},\"primaryImageOfPage\":{\"@id\":\"https:\\\/\\\/www.cuballama.com\\\/noticias\\\/emilio-frias-regresa-a-cuba-la-familia-es-lo-mas-grande\\\/#primaryimage\"},\"image\":{\"@id\":\"https:\\\/\\\/www.cuballama.com\\\/noticias\\\/emilio-frias-regresa-a-cuba-la-familia-es-lo-mas-grande\\\/#primaryimage\"},\"thumbnailUrl\":\"https:\\\/\\\/cdn1.mediawpaccore.net\\\/wp-content\\\/uploads\\\/2024\\\/01\\\/17191228\\\/El-Nino.jpg\",\"datePublished\":\"2024-01-18T11:00:00+00:00\",\"dateModified\":\"2024-01-18T13:12:35+00:00\",\"description\":\"De vuelta a su pa\u00eds natal, el cantante cubano Emilio Fr\u00edas logr\u00f3 reunir \u201ca toda la familia o a la parte que queda en Cuba\u201d.\",\"breadcrumb\":{\"@id\":\"https:\\\/\\\/www.cuballama.com\\\/noticias\\\/emilio-frias-regresa-a-cuba-la-familia-es-lo-mas-grande\\\/#breadcrumb\"},\"inLanguage\":\"es\",\"potentialAction\":[{\"@type\":\"ReadAction\",\"target\":[\"https:\\\/\\\/www.cuballama.com\\\/noticias\\\/emilio-frias-regresa-a-cuba-la-familia-es-lo-mas-grande\\\/\"]}]},{\"@type\":\"ImageObject\",\"inLanguage\":\"es\",\"@id\":\"https:\\\/\\\/www.cuballama.com\\\/noticias\\\/emilio-frias-regresa-a-cuba-la-familia-es-lo-mas-grande\\\/#primaryimage\",\"url\":\"https:\\\/\\\/cdn1.mediawpaccore.net\\\/wp-content\\\/uploads\\\/2024\\\/01\\\/17191228\\\/El-Nino.jpg\",\"contentUrl\":\"https:\\\/\\\/cdn1.mediawpaccore.net\\\/wp-content\\\/uploads\\\/2024\\\/01\\\/17191228\\\/El-Nino.jpg\",\"width\":1200,\"height\":630,\"caption\":\"Emilio Fr\u00edas. Foto: Facebook\\\/El Ni\u00f1o y La Verdad.\"},{\"@type\":\"BreadcrumbList\",\"@id\":\"https:\\\/\\\/www.cuballama.com\\\/noticias\\\/emilio-frias-regresa-a-cuba-la-familia-es-lo-mas-grande\\\/#breadcrumb\",\"itemListElement\":[{\"@type\":\"ListItem\",\"position\":1,\"name\":\"Home\",\"item\":\"https:\\\/\\\/www.cuballama.com\\\/noticias\\\/\"},{\"@type\":\"ListItem\",\"position\":2,\"name\":\"Emilio Fr\u00edas regresa a Cuba: \u201cLa familia es lo m\u00e1s grande\u201d\"}]},{\"@type\":\"WebSite\",\"@id\":\"https:\\\/\\\/www.cuballama.com\\\/noticias\\\/#website\",\"url\":\"https:\\\/\\\/www.cuballama.com\\\/noticias\\\/\",\"name\":\"Cuballama Noticias\",\"description\":\"Medio digital sobre Cuba y el mundo\",\"publisher\":{\"@id\":\"https:\\\/\\\/www.cuballama.com\\\/noticias\\\/#organization\"},\"potentialAction\":[{\"@type\":\"SearchAction\",\"target\":{\"@type\":\"EntryPoint\",\"urlTemplate\":\"https:\\\/\\\/www.cuballama.com\\\/noticias\\\/?s={search_term_string}\"},\"query-input\":{\"@type\":\"PropertyValueSpecification\",\"valueRequired\":true,\"valueName\":\"search_term_string\"}}],\"inLanguage\":\"es\"},{\"@type\":\"Organization\",\"@id\":\"https:\\\/\\\/www.cuballama.com\\\/noticias\\\/#organization\",\"name\":\"Cuballama\",\"url\":\"https:\\\/\\\/www.cuballama.com\\\/noticias\\\/\",\"logo\":{\"@type\":\"ImageObject\",\"inLanguage\":\"es\",\"@id\":\"https:\\\/\\\/www.cuballama.com\\\/noticias\\\/#\\\/schema\\\/logo\\\/image\\\/\",\"url\":\"https:\\\/\\\/cdn1.mediawpaccore.net\\\/wp-content\\\/uploads\\\/2021\\\/12\\\/28171206\\\/cbll-logo-color-sm.png\",\"contentUrl\":\"https:\\\/\\\/cdn1.mediawpaccore.net\\\/wp-content\\\/uploads\\\/2021\\\/12\\\/28171206\\\/cbll-logo-color-sm.png\",\"width\":600,\"height\":133,\"caption\":\"Cuballama\"},\"image\":{\"@id\":\"https:\\\/\\\/www.cuballama.com\\\/noticias\\\/#\\\/schema\\\/logo\\\/image\\\/\"},\"sameAs\":[\"https:\\\/\\\/www.facebook.com\\\/CubaLlama\",\"https:\\\/\\\/x.com\\\/cuballama\",\"https:\\\/\\\/www.instagram.com\\\/stories\\\/cuballama_oficial\\\/\",\"https:\\\/\\\/www.youtube.com\\\/channel\\\/UCKkFE-d_axENGZcrc4as0IA\"]},{\"@type\":\"Person\",\"@id\":\"https:\\\/\\\/www.cuballama.com\\\/noticias\\\/#\\\/schema\\\/person\\\/86cd3e3f4974437f031211213bf892d5\",\"name\":\"Kathy\",\"url\":\"https:\\\/\\\/www.cuballama.com\\\/noticias\\\/author\\\/kathy\\\/\"}]}<\/script>\n<!-- \/ Yoast SEO plugin. -->","yoast_head_json":{"title":"Emilio Fr\u00edas regresa a Cuba: \u201cLa familia es lo m\u00e1s grande\u201d - Cuballama Noticias","description":"De vuelta a su pa\u00eds natal, el cantante cubano Emilio Fr\u00edas logr\u00f3 reunir \u201ca toda la familia o a la parte que queda en Cuba\u201d.","robots":{"index":"index","follow":"follow","max-snippet":"max-snippet:-1","max-image-preview":"max-image-preview:large","max-video-preview":"max-video-preview:-1"},"canonical":"https:\/\/www.cuballama.com\/noticias\/emilio-frias-regresa-a-cuba-la-familia-es-lo-mas-grande\/","og_locale":"es_ES","og_type":"article","og_title":"Emilio Fr\u00edas regresa a Cuba: \u201cLa familia es lo m\u00e1s grande\u201d - Cuballama Noticias","og_description":"De vuelta a su pa\u00eds natal, el cantante cubano Emilio Fr\u00edas logr\u00f3 reunir \u201ca toda la familia o a la parte que queda en Cuba\u201d.","og_url":"https:\/\/www.cuballama.com\/noticias\/emilio-frias-regresa-a-cuba-la-familia-es-lo-mas-grande\/","og_site_name":"Cuballama Noticias","article_publisher":"https:\/\/www.facebook.com\/CubaLlama","article_published_time":"2024-01-18T11:00:00+00:00","article_modified_time":"2024-01-18T13:12:35+00:00","og_image":[{"width":1200,"height":630,"url":"https:\/\/cdn1.mediawpaccore.net\/wp-content\/uploads\/2024\/01\/17191228\/El-Nino.jpg","type":"image\/jpeg"}],"author":"Kathy","twitter_card":"summary_large_image","twitter_creator":"@cuballama","twitter_site":"@cuballama","twitter_misc":{"Escrito por":"Kathy","Tiempo de lectura":"2 minutos"},"schema":{"@context":"https:\/\/schema.org","@graph":[{"@type":"Article","@id":"https:\/\/www.cuballama.com\/noticias\/emilio-frias-regresa-a-cuba-la-familia-es-lo-mas-grande\/#article","isPartOf":{"@id":"https:\/\/www.cuballama.com\/noticias\/emilio-frias-regresa-a-cuba-la-familia-es-lo-mas-grande\/"},"author":{"name":"Kathy","@id":"https:\/\/www.cuballama.com\/noticias\/#\/schema\/person\/86cd3e3f4974437f031211213bf892d5"},"headline":"Emilio Fr\u00edas regresa a Cuba: \u201cLa familia es lo m\u00e1s grande\u201d","datePublished":"2024-01-18T11:00:00+00:00","dateModified":"2024-01-18T13:12:35+00:00","mainEntityOfPage":{"@id":"https:\/\/www.cuballama.com\/noticias\/emilio-frias-regresa-a-cuba-la-familia-es-lo-mas-grande\/"},"wordCount":406,"commentCount":0,"publisher":{"@id":"https:\/\/www.cuballama.com\/noticias\/#organization"},"image":{"@id":"https:\/\/www.cuballama.com\/noticias\/emilio-frias-regresa-a-cuba-la-familia-es-lo-mas-grande\/#primaryimage"},"thumbnailUrl":"https:\/\/cdn1.mediawpaccore.net\/wp-content\/uploads\/2024\/01\/17191228\/El-Nino.jpg","keywords":["cantante cubano","destacado","El Ni\u00f1o y la Verdad","Emilio Fr\u00edas","familia cubana","m\u00fasico cubano","orquesta cubana","Viajes a Cuba","visitas a Cuba"],"articleSection":["Noticias","Noticias de Cuba"],"inLanguage":"es","potentialAction":[{"@type":"CommentAction","name":"Comment","target":["https:\/\/www.cuballama.com\/noticias\/emilio-frias-regresa-a-cuba-la-familia-es-lo-mas-grande\/#respond"]}]},{"@type":"WebPage","@id":"https:\/\/www.cuballama.com\/noticias\/emilio-frias-regresa-a-cuba-la-familia-es-lo-mas-grande\/","url":"https:\/\/www.cuballama.com\/noticias\/emilio-frias-regresa-a-cuba-la-familia-es-lo-mas-grande\/","name":"Emilio Fr\u00edas regresa a Cuba: \u201cLa familia es lo m\u00e1s grande\u201d - Cuballama Noticias","isPartOf":{"@id":"https:\/\/www.cuballama.com\/noticias\/#website"},"primaryImageOfPage":{"@id":"https:\/\/www.cuballama.com\/noticias\/emilio-frias-regresa-a-cuba-la-familia-es-lo-mas-grande\/#primaryimage"},"image":{"@id":"https:\/\/www.cuballama.com\/noticias\/emilio-frias-regresa-a-cuba-la-familia-es-lo-mas-grande\/#primaryimage"},"thumbnailUrl":"https:\/\/cdn1.mediawpaccore.net\/wp-content\/uploads\/2024\/01\/17191228\/El-Nino.jpg","datePublished":"2024-01-18T11:00:00+00:00","dateModified":"2024-01-18T13:12:35+00:00","description":"De vuelta a su pa\u00eds natal, el cantante cubano Emilio Fr\u00edas logr\u00f3 reunir \u201ca toda la familia o a la parte que queda en Cuba\u201d.","breadcrumb":{"@id":"https:\/\/www.cuballama.com\/noticias\/emilio-frias-regresa-a-cuba-la-familia-es-lo-mas-grande\/#breadcrumb"},"inLanguage":"es","potentialAction":[{"@type":"ReadAction","target":["https:\/\/www.cuballama.com\/noticias\/emilio-frias-regresa-a-cuba-la-familia-es-lo-mas-grande\/"]}]},{"@type":"ImageObject","inLanguage":"es","@id":"https:\/\/www.cuballama.com\/noticias\/emilio-frias-regresa-a-cuba-la-familia-es-lo-mas-grande\/#primaryimage","url":"https:\/\/cdn1.mediawpaccore.net\/wp-content\/uploads\/2024\/01\/17191228\/El-Nino.jpg","contentUrl":"https:\/\/cdn1.mediawpaccore.net\/wp-content\/uploads\/2024\/01\/17191228\/El-Nino.jpg","width":1200,"height":630,"caption":"Emilio Fr\u00edas. Foto: Facebook\/El Ni\u00f1o y La Verdad."},{"@type":"BreadcrumbList","@id":"https:\/\/www.cuballama.com\/noticias\/emilio-frias-regresa-a-cuba-la-familia-es-lo-mas-grande\/#breadcrumb","itemListElement":[{"@type":"ListItem","position":1,"name":"Home","item":"https:\/\/www.cuballama.com\/noticias\/"},{"@type":"ListItem","position":2,"name":"Emilio Fr\u00edas regresa a Cuba: \u201cLa familia es lo m\u00e1s grande\u201d"}]},{"@type":"WebSite","@id":"https:\/\/www.cuballama.com\/noticias\/#website","url":"https:\/\/www.cuballama.com\/noticias\/","name":"Cuballama Noticias","description":"Medio digital sobre Cuba y el mundo","publisher":{"@id":"https:\/\/www.cuballama.com\/noticias\/#organization"},"potentialAction":[{"@type":"SearchAction","target":{"@type":"EntryPoint","urlTemplate":"https:\/\/www.cuballama.com\/noticias\/?s={search_term_string}"},"query-input":{"@type":"PropertyValueSpecification","valueRequired":true,"valueName":"search_term_string"}}],"inLanguage":"es"},{"@type":"Organization","@id":"https:\/\/www.cuballama.com\/noticias\/#organization","name":"Cuballama","url":"https:\/\/www.cuballama.com\/noticias\/","logo":{"@type":"ImageObject","inLanguage":"es","@id":"https:\/\/www.cuballama.com\/noticias\/#\/schema\/logo\/image\/","url":"https:\/\/cdn1.mediawpaccore.net\/wp-content\/uploads\/2021\/12\/28171206\/cbll-logo-color-sm.png","contentUrl":"https:\/\/cdn1.mediawpaccore.net\/wp-content\/uploads\/2021\/12\/28171206\/cbll-logo-color-sm.png","width":600,"height":133,"caption":"Cuballama"},"image":{"@id":"https:\/\/www.cuballama.com\/noticias\/#\/schema\/logo\/image\/"},"sameAs":["https:\/\/www.facebook.com\/CubaLlama","https:\/\/x.com\/cuballama","https:\/\/www.instagram.com\/stories\/cuballama_oficial\/","https:\/\/www.youtube.com\/channel\/UCKkFE-d_axENGZcrc4as0IA"]},{"@type":"Person","@id":"https:\/\/www.cuballama.com\/noticias\/#\/schema\/person\/86cd3e3f4974437f031211213bf892d5","name":"Kathy","url":"https:\/\/www.cuballama.com\/noticias\/author\/kathy\/"}]}},"_links":{"self":[{"href":"https:\/\/www.cuballama.com\/noticias\/wp-json\/wp\/v2\/posts\/153732","targetHints":{"allow":["GET"]}}],"collection":[{"href":"https:\/\/www.cuballama.com\/noticias\/wp-json\/wp\/v2\/posts"}],"about":[{"href":"https:\/\/www.cuballama.com\/noticias\/wp-json\/wp\/v2\/types\/post"}],"author":[{"embeddable":true,"href":"https:\/\/www.cuballama.com\/noticias\/wp-json\/wp\/v2\/users\/30"}],"replies":[{"embeddable":true,"href":"https:\/\/www.cuballama.com\/noticias\/wp-json\/wp\/v2\/comments?post=153732"}],"version-history":[{"count":3,"href":"https:\/\/www.cuballama.com\/noticias\/wp-json\/wp\/v2\/posts\/153732\/revisions"}],"predecessor-version":[{"id":153736,"href":"https:\/\/www.cuballama.com\/noticias\/wp-json\/wp\/v2\/posts\/153732\/revisions\/153736"}],"wp:featuredmedia":[{"embeddable":true,"href":"https:\/\/www.cuballama.com\/noticias\/wp-json\/wp\/v2\/media\/153734"}],"wp:attachment":[{"href":"https:\/\/www.cuballama.com\/noticias\/wp-json\/wp\/v2\/media?parent=153732"}],"wp:term":[{"taxonomy":"category","embeddable":true,"href":"https:\/\/www.cuballama.com\/noticias\/wp-json\/wp\/v2\/categories?post=153732"},{"taxonomy":"post_tag","embeddable":true,"href":"https:\/\/www.cuballama.com\/noticias\/wp-json\/wp\/v2\/tags?post=153732"}],"curies":[{"name":"wp","href":"https:\/\/api.w.org\/{rel}","templated":true}]}}