{"id":152889,"date":"2024-01-11T14:32:30","date_gmt":"2024-01-11T19:32:30","guid":{"rendered":"https:\/\/www.cuballama.com\/noticias\/?p=152889"},"modified":"2024-01-11T14:37:38","modified_gmt":"2024-01-11T19:37:38","slug":"se-disparan-los-precios-de-los-almendrones-ante-el-incremento-del-costo-de-la-gasolina","status":"publish","type":"post","link":"https:\/\/www.cuballama.com\/noticias\/se-disparan-los-precios-de-los-almendrones-ante-el-incremento-del-costo-de-la-gasolina\/","title":{"rendered":"Se disparan los precios de los almendrones ante el incremento del costo de la gasolina"},"content":{"rendered":"\n<p>Era de esperar. Tras el anuncio de la subida de los precios a la gasolina los transportistas privados no se han quedado atr\u00e1s. Algunos han duplicado el precio del pasaje y otros han llegado a multiplicarlo por tres.<\/p>\n\n\n\n<p>Los usuarios en redes sociales han confirmado que, por ejemplo, varios choferes de \u201calmendrones\u201d ya cobran 200 pesos de 100 y 51 hasta la esquina de Cerro y Boyeros, un trayecto que anteriormente pod\u00eda costar de 50 a 100 pesos.&nbsp;<\/p>\n\n\n\n<p>De igual forma de la esquina de 23 y G hasta las cercan\u00edas de la Ciudad Deportiva no pasaba de los 100 y ahora vale el doble.<\/p>\n\n\n\n<p>La profesora Yadira Albet ha resumido en un breve post la esperada repercursi\u00f3n de la subida del combustible en los <a href=\"https:\/\/www.cuballama.com\/blog\/almendrones-historias-nostalgias-cubanos\/\" target=\"_blank\" rel=\"noreferrer noopener\">taxistas privados<\/a> en horario diurno.<\/p>\n\n\n\n<p>Marianao-La Habana: 250<\/p>\n\n\n\n<p>La Lisa-La Habana: 300<\/p>\n\n\n\n<p>Marianao-Cerro: 200<\/p>\n\n\n\n<p>Marianao-Playa (por 70): 150<\/p>\n\n\n\n<p>Marianao-Playa (antes del t\u00fanel): 150<\/p>\n\n\n\n<p>Marianao-Vedado (antes de San L\u00e1zaro): 150 a 200<\/p>\n\n\n\n<p>Marianao-Boyeros (puente de 100): 100 o 150<\/p>\n\n\n\n<p>Marianao-La Palma: 200 o 250<\/p>\n\n\n\n<p>Esta lista es una aproximaci\u00f3n a los precios implantados por los transportistas privados pero, como se dijo anteriormente, se incrementan mucho m\u00e1s en diferentes trayectos y de acuerdo al chofer. Por no mencionar el costo de los servicios de las agencias privadas de taxis, que si bien por su costo extra ya estaban reservados para una minor\u00eda, ahora el c\u00edrculo de clientes se estrechar\u00e1 a\u00fan m\u00e1s.&nbsp;<\/p>\n\n\n\n<p>\u201cY antes de que vengan a decirme que deber\u00eda coger guagua o botella les digo par de cosas: la cantidad de guaguas que hay no resuelve la transportaci\u00f3n de todo el mundo ni a tiempo y no todos somos h\u00e1biles en la botella (ni todo el que posee ruedas la da)\u201d, a\u00f1adi\u00f3 la acad\u00e9mica.<\/p>\n\n\n\n<p>Las medidas tomadas por el gobierno sobre el combustible han sido duramente criticadas por los cubanos,&nbsp; porque como se esperaba iban a tener una repercusi\u00f3n negativa en la vida del ciudadano com\u00fan y corriente, que ya hasta se la ve dif\u00edcil para tomar un \u201dalmendr\u00f3n\u201d para cubrir sus necesidades&nbsp;de transporte ante la ausencia casi total de \u00f3mnibus urbanos.<\/p>\n","protected":false},"excerpt":{"rendered":"<p>Los usuarios en redes sociales han confirmado que, por ejemplo, varios choferes de \u201calmendrones\u201d ya cobran el doble del pasaje.<\/p>\n","protected":false},"author":24,"featured_media":152893,"comment_status":"open","ping_status":"closed","sticky":false,"template":"","format":"standard","meta":{"_acf_changed":false,"footnotes":""},"categories":[18,955],"tags":[606,19831,12393,7345,7861,11017,2260,1380],"class_list":{"0":"post-152889","1":"post","2":"type-post","3":"status-publish","4":"format-standard","5":"has-post-thumbnail","7":"category-noticias","8":"category-noticias-de-cuba","9":"tag-carros","10":"tag-nuevos-precios","11":"tag-omnibus-2","12":"tag-pasajes","13":"tag-precios-en-cuba","14":"tag-superdestacado","15":"tag-taxis","16":"tag-transporte"},"acf":[],"yoast_head":"<!-- This site is optimized with the Yoast SEO plugin v27.5 - https:\/\/yoast.com\/product\/yoast-seo-wordpress\/ -->\n<title>Se disparan los precios de los almendrones ante el incremento del costo de la gasolina - Cuballama Noticias<\/title>\n<meta name=\"description\" content=\"Los usuarios en redes sociales han confirmado que por ejemplo varios choferes de \u201calmendrones\u201d ya cobran el doble del pasajes.\" \/>\n<meta name=\"robots\" content=\"index, follow, max-snippet:-1, max-image-preview:large, max-video-preview:-1\" \/>\n<link rel=\"canonical\" href=\"https:\/\/www.cuballama.com\/noticias\/se-disparan-los-precios-de-los-almendrones-ante-el-incremento-del-costo-de-la-gasolina\/\" \/>\n<meta property=\"og:locale\" content=\"es_ES\" \/>\n<meta property=\"og:type\" content=\"article\" \/>\n<meta property=\"og:title\" content=\"Se disparan los precios de los almendrones ante el incremento del costo de la gasolina - Cuballama Noticias\" \/>\n<meta property=\"og:description\" content=\"Los usuarios en redes sociales han confirmado que por ejemplo varios choferes de \u201calmendrones\u201d ya cobran el doble del pasajes.\" \/>\n<meta property=\"og:url\" content=\"https:\/\/www.cuballama.com\/noticias\/se-disparan-los-precios-de-los-almendrones-ante-el-incremento-del-costo-de-la-gasolina\/\" \/>\n<meta property=\"og:site_name\" content=\"Cuballama Noticias\" \/>\n<meta property=\"article:publisher\" content=\"https:\/\/www.facebook.com\/CubaLlama\" \/>\n<meta property=\"article:published_time\" content=\"2024-01-11T19:32:30+00:00\" \/>\n<meta property=\"article:modified_time\" content=\"2024-01-11T19:37:38+00:00\" \/>\n<meta property=\"og:image\" content=\"https:\/\/cdn1.mediawpaccore.net\/wp-content\/uploads\/2024\/01\/11133152\/20230923_120742-scaled.jpg\" \/>\n\t<meta property=\"og:image:width\" content=\"2560\" \/>\n\t<meta property=\"og:image:height\" content=\"1152\" \/>\n\t<meta property=\"og:image:type\" content=\"image\/jpeg\" \/>\n<meta name=\"author\" content=\"Manu\" \/>\n<meta name=\"twitter:card\" content=\"summary_large_image\" \/>\n<meta name=\"twitter:creator\" content=\"@cuballama\" \/>\n<meta name=\"twitter:site\" content=\"@cuballama\" \/>\n<meta name=\"twitter:label1\" content=\"Escrito por\" \/>\n\t<meta name=\"twitter:data1\" content=\"Manu\" \/>\n\t<meta name=\"twitter:label2\" content=\"Tiempo de lectura\" \/>\n\t<meta name=\"twitter:data2\" content=\"2 minutos\" \/>\n<script type=\"application\/ld+json\" class=\"yoast-schema-graph\">{\"@context\":\"https:\\\/\\\/schema.org\",\"@graph\":[{\"@type\":\"Article\",\"@id\":\"https:\\\/\\\/www.cuballama.com\\\/noticias\\\/se-disparan-los-precios-de-los-almendrones-ante-el-incremento-del-costo-de-la-gasolina\\\/#article\",\"isPartOf\":{\"@id\":\"https:\\\/\\\/www.cuballama.com\\\/noticias\\\/se-disparan-los-precios-de-los-almendrones-ante-el-incremento-del-costo-de-la-gasolina\\\/\"},\"author\":{\"name\":\"Manu\",\"@id\":\"https:\\\/\\\/www.cuballama.com\\\/noticias\\\/#\\\/schema\\\/person\\\/5889f7d070564f8386e7944d14d436cd\"},\"headline\":\"Se disparan los precios de los almendrones ante el incremento del costo de la gasolina\",\"datePublished\":\"2024-01-11T19:32:30+00:00\",\"dateModified\":\"2024-01-11T19:37:38+00:00\",\"mainEntityOfPage\":{\"@id\":\"https:\\\/\\\/www.cuballama.com\\\/noticias\\\/se-disparan-los-precios-de-los-almendrones-ante-el-incremento-del-costo-de-la-gasolina\\\/\"},\"wordCount\":367,\"commentCount\":0,\"publisher\":{\"@id\":\"https:\\\/\\\/www.cuballama.com\\\/noticias\\\/#organization\"},\"image\":{\"@id\":\"https:\\\/\\\/www.cuballama.com\\\/noticias\\\/se-disparan-los-precios-de-los-almendrones-ante-el-incremento-del-costo-de-la-gasolina\\\/#primaryimage\"},\"thumbnailUrl\":\"https:\\\/\\\/cdn1.mediawpaccore.net\\\/wp-content\\\/uploads\\\/2024\\\/01\\\/11133152\\\/20230923_120742-scaled.jpg\",\"keywords\":[\"Carros\",\"nuevos precios\",\"\u00f3mnibus\",\"pasajes\",\"Precios en Cuba\",\"superdestacado\",\"taxis\",\"Transporte\"],\"articleSection\":[\"Noticias\",\"Noticias de Cuba\"],\"inLanguage\":\"es\",\"potentialAction\":[{\"@type\":\"CommentAction\",\"name\":\"Comment\",\"target\":[\"https:\\\/\\\/www.cuballama.com\\\/noticias\\\/se-disparan-los-precios-de-los-almendrones-ante-el-incremento-del-costo-de-la-gasolina\\\/#respond\"]}]},{\"@type\":\"WebPage\",\"@id\":\"https:\\\/\\\/www.cuballama.com\\\/noticias\\\/se-disparan-los-precios-de-los-almendrones-ante-el-incremento-del-costo-de-la-gasolina\\\/\",\"url\":\"https:\\\/\\\/www.cuballama.com\\\/noticias\\\/se-disparan-los-precios-de-los-almendrones-ante-el-incremento-del-costo-de-la-gasolina\\\/\",\"name\":\"Se disparan los precios de los almendrones ante el incremento del costo de la gasolina - Cuballama Noticias\",\"isPartOf\":{\"@id\":\"https:\\\/\\\/www.cuballama.com\\\/noticias\\\/#website\"},\"primaryImageOfPage\":{\"@id\":\"https:\\\/\\\/www.cuballama.com\\\/noticias\\\/se-disparan-los-precios-de-los-almendrones-ante-el-incremento-del-costo-de-la-gasolina\\\/#primaryimage\"},\"image\":{\"@id\":\"https:\\\/\\\/www.cuballama.com\\\/noticias\\\/se-disparan-los-precios-de-los-almendrones-ante-el-incremento-del-costo-de-la-gasolina\\\/#primaryimage\"},\"thumbnailUrl\":\"https:\\\/\\\/cdn1.mediawpaccore.net\\\/wp-content\\\/uploads\\\/2024\\\/01\\\/11133152\\\/20230923_120742-scaled.jpg\",\"datePublished\":\"2024-01-11T19:32:30+00:00\",\"dateModified\":\"2024-01-11T19:37:38+00:00\",\"description\":\"Los usuarios en redes sociales han confirmado que por ejemplo varios choferes de \u201calmendrones\u201d ya cobran el doble del pasajes.\",\"breadcrumb\":{\"@id\":\"https:\\\/\\\/www.cuballama.com\\\/noticias\\\/se-disparan-los-precios-de-los-almendrones-ante-el-incremento-del-costo-de-la-gasolina\\\/#breadcrumb\"},\"inLanguage\":\"es\",\"potentialAction\":[{\"@type\":\"ReadAction\",\"target\":[\"https:\\\/\\\/www.cuballama.com\\\/noticias\\\/se-disparan-los-precios-de-los-almendrones-ante-el-incremento-del-costo-de-la-gasolina\\\/\"]}]},{\"@type\":\"ImageObject\",\"inLanguage\":\"es\",\"@id\":\"https:\\\/\\\/www.cuballama.com\\\/noticias\\\/se-disparan-los-precios-de-los-almendrones-ante-el-incremento-del-costo-de-la-gasolina\\\/#primaryimage\",\"url\":\"https:\\\/\\\/cdn1.mediawpaccore.net\\\/wp-content\\\/uploads\\\/2024\\\/01\\\/11133152\\\/20230923_120742-scaled.jpg\",\"contentUrl\":\"https:\\\/\\\/cdn1.mediawpaccore.net\\\/wp-content\\\/uploads\\\/2024\\\/01\\\/11133152\\\/20230923_120742-scaled.jpg\",\"width\":2560,\"height\":1152,\"caption\":\"Foto Cuballama Noticias\"},{\"@type\":\"BreadcrumbList\",\"@id\":\"https:\\\/\\\/www.cuballama.com\\\/noticias\\\/se-disparan-los-precios-de-los-almendrones-ante-el-incremento-del-costo-de-la-gasolina\\\/#breadcrumb\",\"itemListElement\":[{\"@type\":\"ListItem\",\"position\":1,\"name\":\"Home\",\"item\":\"https:\\\/\\\/www.cuballama.com\\\/noticias\\\/\"},{\"@type\":\"ListItem\",\"position\":2,\"name\":\"Se disparan los precios de los almendrones ante el incremento del costo de la gasolina\"}]},{\"@type\":\"WebSite\",\"@id\":\"https:\\\/\\\/www.cuballama.com\\\/noticias\\\/#website\",\"url\":\"https:\\\/\\\/www.cuballama.com\\\/noticias\\\/\",\"name\":\"Cuballama Noticias\",\"description\":\"Medio digital sobre Cuba y el mundo\",\"publisher\":{\"@id\":\"https:\\\/\\\/www.cuballama.com\\\/noticias\\\/#organization\"},\"potentialAction\":[{\"@type\":\"SearchAction\",\"target\":{\"@type\":\"EntryPoint\",\"urlTemplate\":\"https:\\\/\\\/www.cuballama.com\\\/noticias\\\/?s={search_term_string}\"},\"query-input\":{\"@type\":\"PropertyValueSpecification\",\"valueRequired\":true,\"valueName\":\"search_term_string\"}}],\"inLanguage\":\"es\"},{\"@type\":\"Organization\",\"@id\":\"https:\\\/\\\/www.cuballama.com\\\/noticias\\\/#organization\",\"name\":\"Cuballama\",\"url\":\"https:\\\/\\\/www.cuballama.com\\\/noticias\\\/\",\"logo\":{\"@type\":\"ImageObject\",\"inLanguage\":\"es\",\"@id\":\"https:\\\/\\\/www.cuballama.com\\\/noticias\\\/#\\\/schema\\\/logo\\\/image\\\/\",\"url\":\"https:\\\/\\\/cdn1.mediawpaccore.net\\\/wp-content\\\/uploads\\\/2021\\\/12\\\/28171206\\\/cbll-logo-color-sm.png\",\"contentUrl\":\"https:\\\/\\\/cdn1.mediawpaccore.net\\\/wp-content\\\/uploads\\\/2021\\\/12\\\/28171206\\\/cbll-logo-color-sm.png\",\"width\":600,\"height\":133,\"caption\":\"Cuballama\"},\"image\":{\"@id\":\"https:\\\/\\\/www.cuballama.com\\\/noticias\\\/#\\\/schema\\\/logo\\\/image\\\/\"},\"sameAs\":[\"https:\\\/\\\/www.facebook.com\\\/CubaLlama\",\"https:\\\/\\\/x.com\\\/cuballama\",\"https:\\\/\\\/www.instagram.com\\\/stories\\\/cuballama_oficial\\\/\",\"https:\\\/\\\/www.youtube.com\\\/channel\\\/UCKkFE-d_axENGZcrc4as0IA\"]},{\"@type\":\"Person\",\"@id\":\"https:\\\/\\\/www.cuballama.com\\\/noticias\\\/#\\\/schema\\\/person\\\/5889f7d070564f8386e7944d14d436cd\",\"name\":\"Manu\",\"url\":\"https:\\\/\\\/www.cuballama.com\\\/noticias\\\/author\\\/manu\\\/\"}]}<\/script>\n<!-- \/ Yoast SEO plugin. -->","yoast_head_json":{"title":"Se disparan los precios de los almendrones ante el incremento del costo de la gasolina - Cuballama Noticias","description":"Los usuarios en redes sociales han confirmado que por ejemplo varios choferes de \u201calmendrones\u201d ya cobran el doble del pasajes.","robots":{"index":"index","follow":"follow","max-snippet":"max-snippet:-1","max-image-preview":"max-image-preview:large","max-video-preview":"max-video-preview:-1"},"canonical":"https:\/\/www.cuballama.com\/noticias\/se-disparan-los-precios-de-los-almendrones-ante-el-incremento-del-costo-de-la-gasolina\/","og_locale":"es_ES","og_type":"article","og_title":"Se disparan los precios de los almendrones ante el incremento del costo de la gasolina - Cuballama Noticias","og_description":"Los usuarios en redes sociales han confirmado que por ejemplo varios choferes de \u201calmendrones\u201d ya cobran el doble del pasajes.","og_url":"https:\/\/www.cuballama.com\/noticias\/se-disparan-los-precios-de-los-almendrones-ante-el-incremento-del-costo-de-la-gasolina\/","og_site_name":"Cuballama Noticias","article_publisher":"https:\/\/www.facebook.com\/CubaLlama","article_published_time":"2024-01-11T19:32:30+00:00","article_modified_time":"2024-01-11T19:37:38+00:00","og_image":[{"width":2560,"height":1152,"url":"https:\/\/cdn1.mediawpaccore.net\/wp-content\/uploads\/2024\/01\/11133152\/20230923_120742-scaled.jpg","type":"image\/jpeg"}],"author":"Manu","twitter_card":"summary_large_image","twitter_creator":"@cuballama","twitter_site":"@cuballama","twitter_misc":{"Escrito por":"Manu","Tiempo de lectura":"2 minutos"},"schema":{"@context":"https:\/\/schema.org","@graph":[{"@type":"Article","@id":"https:\/\/www.cuballama.com\/noticias\/se-disparan-los-precios-de-los-almendrones-ante-el-incremento-del-costo-de-la-gasolina\/#article","isPartOf":{"@id":"https:\/\/www.cuballama.com\/noticias\/se-disparan-los-precios-de-los-almendrones-ante-el-incremento-del-costo-de-la-gasolina\/"},"author":{"name":"Manu","@id":"https:\/\/www.cuballama.com\/noticias\/#\/schema\/person\/5889f7d070564f8386e7944d14d436cd"},"headline":"Se disparan los precios de los almendrones ante el incremento del costo de la gasolina","datePublished":"2024-01-11T19:32:30+00:00","dateModified":"2024-01-11T19:37:38+00:00","mainEntityOfPage":{"@id":"https:\/\/www.cuballama.com\/noticias\/se-disparan-los-precios-de-los-almendrones-ante-el-incremento-del-costo-de-la-gasolina\/"},"wordCount":367,"commentCount":0,"publisher":{"@id":"https:\/\/www.cuballama.com\/noticias\/#organization"},"image":{"@id":"https:\/\/www.cuballama.com\/noticias\/se-disparan-los-precios-de-los-almendrones-ante-el-incremento-del-costo-de-la-gasolina\/#primaryimage"},"thumbnailUrl":"https:\/\/cdn1.mediawpaccore.net\/wp-content\/uploads\/2024\/01\/11133152\/20230923_120742-scaled.jpg","keywords":["Carros","nuevos precios","\u00f3mnibus","pasajes","Precios en Cuba","superdestacado","taxis","Transporte"],"articleSection":["Noticias","Noticias de Cuba"],"inLanguage":"es","potentialAction":[{"@type":"CommentAction","name":"Comment","target":["https:\/\/www.cuballama.com\/noticias\/se-disparan-los-precios-de-los-almendrones-ante-el-incremento-del-costo-de-la-gasolina\/#respond"]}]},{"@type":"WebPage","@id":"https:\/\/www.cuballama.com\/noticias\/se-disparan-los-precios-de-los-almendrones-ante-el-incremento-del-costo-de-la-gasolina\/","url":"https:\/\/www.cuballama.com\/noticias\/se-disparan-los-precios-de-los-almendrones-ante-el-incremento-del-costo-de-la-gasolina\/","name":"Se disparan los precios de los almendrones ante el incremento del costo de la gasolina - Cuballama Noticias","isPartOf":{"@id":"https:\/\/www.cuballama.com\/noticias\/#website"},"primaryImageOfPage":{"@id":"https:\/\/www.cuballama.com\/noticias\/se-disparan-los-precios-de-los-almendrones-ante-el-incremento-del-costo-de-la-gasolina\/#primaryimage"},"image":{"@id":"https:\/\/www.cuballama.com\/noticias\/se-disparan-los-precios-de-los-almendrones-ante-el-incremento-del-costo-de-la-gasolina\/#primaryimage"},"thumbnailUrl":"https:\/\/cdn1.mediawpaccore.net\/wp-content\/uploads\/2024\/01\/11133152\/20230923_120742-scaled.jpg","datePublished":"2024-01-11T19:32:30+00:00","dateModified":"2024-01-11T19:37:38+00:00","description":"Los usuarios en redes sociales han confirmado que por ejemplo varios choferes de \u201calmendrones\u201d ya cobran el doble del pasajes.","breadcrumb":{"@id":"https:\/\/www.cuballama.com\/noticias\/se-disparan-los-precios-de-los-almendrones-ante-el-incremento-del-costo-de-la-gasolina\/#breadcrumb"},"inLanguage":"es","potentialAction":[{"@type":"ReadAction","target":["https:\/\/www.cuballama.com\/noticias\/se-disparan-los-precios-de-los-almendrones-ante-el-incremento-del-costo-de-la-gasolina\/"]}]},{"@type":"ImageObject","inLanguage":"es","@id":"https:\/\/www.cuballama.com\/noticias\/se-disparan-los-precios-de-los-almendrones-ante-el-incremento-del-costo-de-la-gasolina\/#primaryimage","url":"https:\/\/cdn1.mediawpaccore.net\/wp-content\/uploads\/2024\/01\/11133152\/20230923_120742-scaled.jpg","contentUrl":"https:\/\/cdn1.mediawpaccore.net\/wp-content\/uploads\/2024\/01\/11133152\/20230923_120742-scaled.jpg","width":2560,"height":1152,"caption":"Foto Cuballama Noticias"},{"@type":"BreadcrumbList","@id":"https:\/\/www.cuballama.com\/noticias\/se-disparan-los-precios-de-los-almendrones-ante-el-incremento-del-costo-de-la-gasolina\/#breadcrumb","itemListElement":[{"@type":"ListItem","position":1,"name":"Home","item":"https:\/\/www.cuballama.com\/noticias\/"},{"@type":"ListItem","position":2,"name":"Se disparan los precios de los almendrones ante el incremento del costo de la gasolina"}]},{"@type":"WebSite","@id":"https:\/\/www.cuballama.com\/noticias\/#website","url":"https:\/\/www.cuballama.com\/noticias\/","name":"Cuballama Noticias","description":"Medio digital sobre Cuba y el mundo","publisher":{"@id":"https:\/\/www.cuballama.com\/noticias\/#organization"},"potentialAction":[{"@type":"SearchAction","target":{"@type":"EntryPoint","urlTemplate":"https:\/\/www.cuballama.com\/noticias\/?s={search_term_string}"},"query-input":{"@type":"PropertyValueSpecification","valueRequired":true,"valueName":"search_term_string"}}],"inLanguage":"es"},{"@type":"Organization","@id":"https:\/\/www.cuballama.com\/noticias\/#organization","name":"Cuballama","url":"https:\/\/www.cuballama.com\/noticias\/","logo":{"@type":"ImageObject","inLanguage":"es","@id":"https:\/\/www.cuballama.com\/noticias\/#\/schema\/logo\/image\/","url":"https:\/\/cdn1.mediawpaccore.net\/wp-content\/uploads\/2021\/12\/28171206\/cbll-logo-color-sm.png","contentUrl":"https:\/\/cdn1.mediawpaccore.net\/wp-content\/uploads\/2021\/12\/28171206\/cbll-logo-color-sm.png","width":600,"height":133,"caption":"Cuballama"},"image":{"@id":"https:\/\/www.cuballama.com\/noticias\/#\/schema\/logo\/image\/"},"sameAs":["https:\/\/www.facebook.com\/CubaLlama","https:\/\/x.com\/cuballama","https:\/\/www.instagram.com\/stories\/cuballama_oficial\/","https:\/\/www.youtube.com\/channel\/UCKkFE-d_axENGZcrc4as0IA"]},{"@type":"Person","@id":"https:\/\/www.cuballama.com\/noticias\/#\/schema\/person\/5889f7d070564f8386e7944d14d436cd","name":"Manu","url":"https:\/\/www.cuballama.com\/noticias\/author\/manu\/"}]}},"_links":{"self":[{"href":"https:\/\/www.cuballama.com\/noticias\/wp-json\/wp\/v2\/posts\/152889","targetHints":{"allow":["GET"]}}],"collection":[{"href":"https:\/\/www.cuballama.com\/noticias\/wp-json\/wp\/v2\/posts"}],"about":[{"href":"https:\/\/www.cuballama.com\/noticias\/wp-json\/wp\/v2\/types\/post"}],"author":[{"embeddable":true,"href":"https:\/\/www.cuballama.com\/noticias\/wp-json\/wp\/v2\/users\/24"}],"replies":[{"embeddable":true,"href":"https:\/\/www.cuballama.com\/noticias\/wp-json\/wp\/v2\/comments?post=152889"}],"version-history":[{"count":6,"href":"https:\/\/www.cuballama.com\/noticias\/wp-json\/wp\/v2\/posts\/152889\/revisions"}],"predecessor-version":[{"id":152926,"href":"https:\/\/www.cuballama.com\/noticias\/wp-json\/wp\/v2\/posts\/152889\/revisions\/152926"}],"wp:featuredmedia":[{"embeddable":true,"href":"https:\/\/www.cuballama.com\/noticias\/wp-json\/wp\/v2\/media\/152893"}],"wp:attachment":[{"href":"https:\/\/www.cuballama.com\/noticias\/wp-json\/wp\/v2\/media?parent=152889"}],"wp:term":[{"taxonomy":"category","embeddable":true,"href":"https:\/\/www.cuballama.com\/noticias\/wp-json\/wp\/v2\/categories?post=152889"},{"taxonomy":"post_tag","embeddable":true,"href":"https:\/\/www.cuballama.com\/noticias\/wp-json\/wp\/v2\/tags?post=152889"}],"curies":[{"name":"wp","href":"https:\/\/api.w.org\/{rel}","templated":true}]}}