{"id":140033,"date":"2023-10-05T09:11:24","date_gmt":"2023-10-05T13:11:24","guid":{"rendered":"https:\/\/www.cuballama.com\/noticias\/?p=140033"},"modified":"2023-10-05T09:11:26","modified_gmt":"2023-10-05T13:11:26","slug":"cuba-empresas-privadas-e-inversiones-extranjeras-si-pero-no-cambios-politicos-confirma-vicecanciller-fernandez-de-cossio","status":"publish","type":"post","link":"https:\/\/www.cuballama.com\/noticias\/cuba-empresas-privadas-e-inversiones-extranjeras-si-pero-no-cambios-politicos-confirma-vicecanciller-fernandez-de-cossio\/","title":{"rendered":"Cuba: Empresas privadas e inversiones extranjeras s\u00ed, pero no cambios pol\u00edticos, confirma Vicecanciller Fern\u00e1ndez de Coss\u00edo"},"content":{"rendered":"\n<p>En una entrevista reciente con <em>WLRN<\/em>, el Vice Ministro de Relaciones Exteriores de Cuba, Carlos Fern\u00e1ndez de Coss\u00edo, discuti\u00f3 varios temas relacionados con la situaci\u00f3n actual de Cuba y sus relaciones con Estados Unidos.<\/p>\n\n\n\n<p>La semana pasada, numerosos empresarios privados de Cuba visitaron Miami para aprender de sus contrapartes cubano-americanas y posiblemente establecer relaciones de inversi\u00f3n. Esto refleja el reconocimiento del gobierno cubano de que el sector privado es esencial para salvar la econom\u00eda de la isla, que ha sufrido enormemente. Aunque las autoridades en La Habana culpan al embargo econ\u00f3mico de EE.UU. por la crisis, est\u00e1n considerando cambios m\u00e1s profundos.<\/p>\n\n\n\n<p>En relaci\u00f3n con un reciente ataque al edificio de la embajada cubana en Washington, D.C., Fern\u00e1ndez de Coss\u00edo mencion\u00f3 que la investigaci\u00f3n est\u00e1 en manos de las autoridades estadounidenses y que no se debe apresurar a hacer acusaciones sin hechos concretos.<\/p>\n\n\n\n<p>Al discutir las relaciones bilaterales entre Cuba y EE.UU., el Vice Ministro se\u00f1al\u00f3 que, a pesar de las medidas agresivas contra la econom\u00eda cubana, ha habido cooperaci\u00f3n en \u00e1reas como migraci\u00f3n, aplicaci\u00f3n de la ley, ciencia ambiental, arte, cultura y educaci\u00f3n.<\/p>\n\n\n\n<p>En cuanto al embargo de EE.UU. contra Cuba, Fern\u00e1ndez de Coss\u00edo expres\u00f3 que Cuba no es enemiga de EE.UU. y que las desavenencias pol\u00edticas son comunes en las relaciones internacionales. Sin embargo, destac\u00f3 que el crecimiento del sector privado en Cuba es una decisi\u00f3n nacional y no depende de las acciones de EE.UU.<\/p>\n\n\n\n<p>El Vice Ministro tambi\u00e9n aclar\u00f3 los comentarios del Presidente cubano, Miguel D\u00edaz-Canel, sobre la posibilidad de que los cubano-americanos posean negocios en Cuba en el futuro. Afirm\u00f3 que los cubanos que viven en el extranjero pueden invertir en Cuba, pero para establecer una empresa, deben ser residentes.<\/p>\n\n\n\n<p>Finalmente, en cuanto a la liberalizaci\u00f3n pol\u00edtica, Fern\u00e1ndez de Coss\u00edo fue claro al afirmar que no buscan que el dinero participe en la pol\u00edtica ni que los partidos act\u00faen como m\u00e1quinas para que los pol\u00edticos avancen. Rechaz\u00f3 la idea de que el pluralismo pol\u00edtico pueda surgir de la liberalizaci\u00f3n econ\u00f3mica si eso significa que el capital sea el motor del avance pol\u00edtico.<\/p>\n\n\n\n<p>La entrevista proporciona una visi\u00f3n detallada de la postura de Cuba sobre diversos temas y destaca la complejidad de las relaciones entre Cuba y EE.UU. y los desaf\u00edos internos que enfrenta la isla; pero expone sin tapujos que el gobierno cubano no ceder\u00e1 en lo absoluto el poder pol\u00edtico, que es a la larga el principal problema que enfrentan los cubanos, por m\u00e1s que el Vicecanciller lo esconda tras una \u00abcrisis econ\u00f3mica\u00bb.<\/p>\n","protected":false},"excerpt":{"rendered":"<p>Fern\u00e1ndez de Coss\u00edo fue claro al afirmar que no buscan que el dinero participe en la pol\u00edtica ni que los partidos act\u00faen como m\u00e1quinas para que los pol\u00edticos avancen. <\/p>\n","protected":false},"author":13,"featured_media":71478,"comment_status":"open","ping_status":"closed","sticky":false,"template":"","format":"standard","meta":{"_acf_changed":false,"footnotes":""},"categories":[18,955],"tags":[2865,11,18513],"class_list":{"0":"post-140033","1":"post","2":"type-post","3":"status-publish","4":"format-standard","5":"has-post-thumbnail","7":"category-noticias","8":"category-noticias-de-cuba","9":"tag-carlos-fernandez-de-cossio","10":"tag-cuba","11":"tag-vice-ministro-de-relaciones-exteriores-de-cuba"},"acf":[],"yoast_head":"<!-- This site is optimized with the Yoast SEO plugin v27.4 - https:\/\/yoast.com\/product\/yoast-seo-wordpress\/ -->\n<title>Cuba: Empresas privadas e inversiones extranjeras s\u00ed, pero no cambios pol\u00edticos, confirma Vicecanciller Fern\u00e1ndez de Coss\u00edo - Cuballama Noticias<\/title>\n<meta name=\"description\" content=\"Vice Ministro de Relaciones Exteriores de Cuba, Carlos Fern\u00e1ndez de Coss\u00edo confirma que el r\u00e9gimen no har\u00e1 concesiones en el orden pol\u00edtico\" \/>\n<meta name=\"robots\" content=\"index, follow, max-snippet:-1, max-image-preview:large, max-video-preview:-1\" \/>\n<link rel=\"canonical\" href=\"https:\/\/www.cuballama.com\/noticias\/cuba-empresas-privadas-e-inversiones-extranjeras-si-pero-no-cambios-politicos-confirma-vicecanciller-fernandez-de-cossio\/\" \/>\n<meta property=\"og:locale\" content=\"es_ES\" \/>\n<meta property=\"og:type\" content=\"article\" \/>\n<meta property=\"og:title\" content=\"Cuba: Empresas privadas e inversiones extranjeras s\u00ed, pero no cambios pol\u00edticos, confirma Vicecanciller Fern\u00e1ndez de Coss\u00edo - Cuballama Noticias\" \/>\n<meta property=\"og:description\" content=\"Vice Ministro de Relaciones Exteriores de Cuba, Carlos Fern\u00e1ndez de Coss\u00edo confirma que el r\u00e9gimen no har\u00e1 concesiones en el orden pol\u00edtico\" \/>\n<meta property=\"og:url\" content=\"https:\/\/www.cuballama.com\/noticias\/cuba-empresas-privadas-e-inversiones-extranjeras-si-pero-no-cambios-politicos-confirma-vicecanciller-fernandez-de-cossio\/\" \/>\n<meta property=\"og:site_name\" content=\"Cuballama Noticias\" \/>\n<meta property=\"article:publisher\" content=\"https:\/\/www.facebook.com\/CubaLlama\" \/>\n<meta property=\"article:published_time\" content=\"2023-10-05T13:11:24+00:00\" \/>\n<meta property=\"article:modified_time\" content=\"2023-10-05T13:11:26+00:00\" \/>\n<meta property=\"og:image\" content=\"https:\/\/cdn1.mediawpaccore.net\/wp-content\/uploads\/2021\/07\/29093224\/carlos-fernandez-de-cossio-director-de-eeuu-del-minrex-4.jpg\" \/>\n\t<meta property=\"og:image:width\" content=\"1200\" \/>\n\t<meta property=\"og:image:height\" content=\"630\" \/>\n\t<meta property=\"og:image:type\" content=\"image\/jpeg\" \/>\n<meta name=\"author\" content=\"Roberto A.\" \/>\n<meta name=\"twitter:card\" content=\"summary_large_image\" \/>\n<meta name=\"twitter:creator\" content=\"@cuballama\" \/>\n<meta name=\"twitter:site\" content=\"@cuballama\" \/>\n<meta name=\"twitter:label1\" content=\"Escrito por\" \/>\n\t<meta name=\"twitter:data1\" content=\"Roberto A.\" \/>\n\t<meta name=\"twitter:label2\" content=\"Tiempo de lectura\" \/>\n\t<meta name=\"twitter:data2\" content=\"2 minutos\" \/>\n<script type=\"application\/ld+json\" class=\"yoast-schema-graph\">{\"@context\":\"https:\\\/\\\/schema.org\",\"@graph\":[{\"@type\":\"Article\",\"@id\":\"https:\\\/\\\/www.cuballama.com\\\/noticias\\\/cuba-empresas-privadas-e-inversiones-extranjeras-si-pero-no-cambios-politicos-confirma-vicecanciller-fernandez-de-cossio\\\/#article\",\"isPartOf\":{\"@id\":\"https:\\\/\\\/www.cuballama.com\\\/noticias\\\/cuba-empresas-privadas-e-inversiones-extranjeras-si-pero-no-cambios-politicos-confirma-vicecanciller-fernandez-de-cossio\\\/\"},\"author\":{\"name\":\"Roberto A.\",\"@id\":\"https:\\\/\\\/www.cuballama.com\\\/noticias\\\/#\\\/schema\\\/person\\\/a58502ed4146c8e9f83872e897c76cd2\"},\"headline\":\"Cuba: Empresas privadas e inversiones extranjeras s\u00ed, pero no cambios pol\u00edticos, confirma Vicecanciller Fern\u00e1ndez de Coss\u00edo\",\"datePublished\":\"2023-10-05T13:11:24+00:00\",\"dateModified\":\"2023-10-05T13:11:26+00:00\",\"mainEntityOfPage\":{\"@id\":\"https:\\\/\\\/www.cuballama.com\\\/noticias\\\/cuba-empresas-privadas-e-inversiones-extranjeras-si-pero-no-cambios-politicos-confirma-vicecanciller-fernandez-de-cossio\\\/\"},\"wordCount\":484,\"commentCount\":0,\"publisher\":{\"@id\":\"https:\\\/\\\/www.cuballama.com\\\/noticias\\\/#organization\"},\"image\":{\"@id\":\"https:\\\/\\\/www.cuballama.com\\\/noticias\\\/cuba-empresas-privadas-e-inversiones-extranjeras-si-pero-no-cambios-politicos-confirma-vicecanciller-fernandez-de-cossio\\\/#primaryimage\"},\"thumbnailUrl\":\"https:\\\/\\\/cdn1.mediawpaccore.net\\\/wp-content\\\/uploads\\\/2021\\\/07\\\/29093224\\\/carlos-fernandez-de-cossio-director-de-eeuu-del-minrex-4.jpg\",\"keywords\":[\"Carlos Fern\u00e1ndez de Coss\u00edo\",\"Cuba\",\"Vice Ministro de Relaciones Exteriores de Cuba\"],\"articleSection\":[\"Noticias\",\"Noticias de Cuba\"],\"inLanguage\":\"es\",\"potentialAction\":[{\"@type\":\"CommentAction\",\"name\":\"Comment\",\"target\":[\"https:\\\/\\\/www.cuballama.com\\\/noticias\\\/cuba-empresas-privadas-e-inversiones-extranjeras-si-pero-no-cambios-politicos-confirma-vicecanciller-fernandez-de-cossio\\\/#respond\"]}]},{\"@type\":\"WebPage\",\"@id\":\"https:\\\/\\\/www.cuballama.com\\\/noticias\\\/cuba-empresas-privadas-e-inversiones-extranjeras-si-pero-no-cambios-politicos-confirma-vicecanciller-fernandez-de-cossio\\\/\",\"url\":\"https:\\\/\\\/www.cuballama.com\\\/noticias\\\/cuba-empresas-privadas-e-inversiones-extranjeras-si-pero-no-cambios-politicos-confirma-vicecanciller-fernandez-de-cossio\\\/\",\"name\":\"Cuba: Empresas privadas e inversiones extranjeras s\u00ed, pero no cambios pol\u00edticos, confirma Vicecanciller Fern\u00e1ndez de Coss\u00edo - Cuballama Noticias\",\"isPartOf\":{\"@id\":\"https:\\\/\\\/www.cuballama.com\\\/noticias\\\/#website\"},\"primaryImageOfPage\":{\"@id\":\"https:\\\/\\\/www.cuballama.com\\\/noticias\\\/cuba-empresas-privadas-e-inversiones-extranjeras-si-pero-no-cambios-politicos-confirma-vicecanciller-fernandez-de-cossio\\\/#primaryimage\"},\"image\":{\"@id\":\"https:\\\/\\\/www.cuballama.com\\\/noticias\\\/cuba-empresas-privadas-e-inversiones-extranjeras-si-pero-no-cambios-politicos-confirma-vicecanciller-fernandez-de-cossio\\\/#primaryimage\"},\"thumbnailUrl\":\"https:\\\/\\\/cdn1.mediawpaccore.net\\\/wp-content\\\/uploads\\\/2021\\\/07\\\/29093224\\\/carlos-fernandez-de-cossio-director-de-eeuu-del-minrex-4.jpg\",\"datePublished\":\"2023-10-05T13:11:24+00:00\",\"dateModified\":\"2023-10-05T13:11:26+00:00\",\"description\":\"Vice Ministro de Relaciones Exteriores de Cuba, Carlos Fern\u00e1ndez de Coss\u00edo confirma que el r\u00e9gimen no har\u00e1 concesiones en el orden pol\u00edtico\",\"breadcrumb\":{\"@id\":\"https:\\\/\\\/www.cuballama.com\\\/noticias\\\/cuba-empresas-privadas-e-inversiones-extranjeras-si-pero-no-cambios-politicos-confirma-vicecanciller-fernandez-de-cossio\\\/#breadcrumb\"},\"inLanguage\":\"es\",\"potentialAction\":[{\"@type\":\"ReadAction\",\"target\":[\"https:\\\/\\\/www.cuballama.com\\\/noticias\\\/cuba-empresas-privadas-e-inversiones-extranjeras-si-pero-no-cambios-politicos-confirma-vicecanciller-fernandez-de-cossio\\\/\"]}]},{\"@type\":\"ImageObject\",\"inLanguage\":\"es\",\"@id\":\"https:\\\/\\\/www.cuballama.com\\\/noticias\\\/cuba-empresas-privadas-e-inversiones-extranjeras-si-pero-no-cambios-politicos-confirma-vicecanciller-fernandez-de-cossio\\\/#primaryimage\",\"url\":\"https:\\\/\\\/cdn1.mediawpaccore.net\\\/wp-content\\\/uploads\\\/2021\\\/07\\\/29093224\\\/carlos-fernandez-de-cossio-director-de-eeuu-del-minrex-4.jpg\",\"contentUrl\":\"https:\\\/\\\/cdn1.mediawpaccore.net\\\/wp-content\\\/uploads\\\/2021\\\/07\\\/29093224\\\/carlos-fernandez-de-cossio-director-de-eeuu-del-minrex-4.jpg\",\"width\":1200,\"height\":630,\"caption\":\"Carlos Fern\u00e1ndez de Coss\u00edo Foto: MINREX\"},{\"@type\":\"BreadcrumbList\",\"@id\":\"https:\\\/\\\/www.cuballama.com\\\/noticias\\\/cuba-empresas-privadas-e-inversiones-extranjeras-si-pero-no-cambios-politicos-confirma-vicecanciller-fernandez-de-cossio\\\/#breadcrumb\",\"itemListElement\":[{\"@type\":\"ListItem\",\"position\":1,\"name\":\"Home\",\"item\":\"https:\\\/\\\/www.cuballama.com\\\/noticias\\\/\"},{\"@type\":\"ListItem\",\"position\":2,\"name\":\"Cuba: Empresas privadas e inversiones extranjeras s\u00ed, pero no cambios pol\u00edticos, confirma Vicecanciller Fern\u00e1ndez de Coss\u00edo\"}]},{\"@type\":\"WebSite\",\"@id\":\"https:\\\/\\\/www.cuballama.com\\\/noticias\\\/#website\",\"url\":\"https:\\\/\\\/www.cuballama.com\\\/noticias\\\/\",\"name\":\"Cuballama Noticias\",\"description\":\"Medio digital sobre Cuba y el mundo\",\"publisher\":{\"@id\":\"https:\\\/\\\/www.cuballama.com\\\/noticias\\\/#organization\"},\"potentialAction\":[{\"@type\":\"SearchAction\",\"target\":{\"@type\":\"EntryPoint\",\"urlTemplate\":\"https:\\\/\\\/www.cuballama.com\\\/noticias\\\/?s={search_term_string}\"},\"query-input\":{\"@type\":\"PropertyValueSpecification\",\"valueRequired\":true,\"valueName\":\"search_term_string\"}}],\"inLanguage\":\"es\"},{\"@type\":\"Organization\",\"@id\":\"https:\\\/\\\/www.cuballama.com\\\/noticias\\\/#organization\",\"name\":\"Cuballama\",\"url\":\"https:\\\/\\\/www.cuballama.com\\\/noticias\\\/\",\"logo\":{\"@type\":\"ImageObject\",\"inLanguage\":\"es\",\"@id\":\"https:\\\/\\\/www.cuballama.com\\\/noticias\\\/#\\\/schema\\\/logo\\\/image\\\/\",\"url\":\"https:\\\/\\\/cdn1.mediawpaccore.net\\\/wp-content\\\/uploads\\\/2021\\\/12\\\/28171206\\\/cbll-logo-color-sm.png\",\"contentUrl\":\"https:\\\/\\\/cdn1.mediawpaccore.net\\\/wp-content\\\/uploads\\\/2021\\\/12\\\/28171206\\\/cbll-logo-color-sm.png\",\"width\":600,\"height\":133,\"caption\":\"Cuballama\"},\"image\":{\"@id\":\"https:\\\/\\\/www.cuballama.com\\\/noticias\\\/#\\\/schema\\\/logo\\\/image\\\/\"},\"sameAs\":[\"https:\\\/\\\/www.facebook.com\\\/CubaLlama\",\"https:\\\/\\\/x.com\\\/cuballama\",\"https:\\\/\\\/www.instagram.com\\\/stories\\\/cuballama_oficial\\\/\",\"https:\\\/\\\/www.youtube.com\\\/channel\\\/UCKkFE-d_axENGZcrc4as0IA\"]},{\"@type\":\"Person\",\"@id\":\"https:\\\/\\\/www.cuballama.com\\\/noticias\\\/#\\\/schema\\\/person\\\/a58502ed4146c8e9f83872e897c76cd2\",\"name\":\"Roberto A.\",\"description\":\"Roberto A. Periodista por decisi\u00f3n propia. Interesado en cualquier tema que me apasione y cada vez m\u00e1s comprometido con la verdad y la objetividad period\u00edstica. Graduado en La Habana hace ya muchos a\u00f1os, luego de una accidentada y polvorienta b\u00fasqueda de informaci\u00f3n sobre un tema in\u00e9dito. La Tesis, por cierto, desapareci\u00f3 de la biblioteca y no se conservan copias de la misma.\",\"url\":\"https:\\\/\\\/www.cuballama.com\\\/noticias\\\/author\\\/roberto\\\/\"}]}<\/script>\n<!-- \/ Yoast SEO plugin. -->","yoast_head_json":{"title":"Cuba: Empresas privadas e inversiones extranjeras s\u00ed, pero no cambios pol\u00edticos, confirma Vicecanciller Fern\u00e1ndez de Coss\u00edo - Cuballama Noticias","description":"Vice Ministro de Relaciones Exteriores de Cuba, Carlos Fern\u00e1ndez de Coss\u00edo confirma que el r\u00e9gimen no har\u00e1 concesiones en el orden pol\u00edtico","robots":{"index":"index","follow":"follow","max-snippet":"max-snippet:-1","max-image-preview":"max-image-preview:large","max-video-preview":"max-video-preview:-1"},"canonical":"https:\/\/www.cuballama.com\/noticias\/cuba-empresas-privadas-e-inversiones-extranjeras-si-pero-no-cambios-politicos-confirma-vicecanciller-fernandez-de-cossio\/","og_locale":"es_ES","og_type":"article","og_title":"Cuba: Empresas privadas e inversiones extranjeras s\u00ed, pero no cambios pol\u00edticos, confirma Vicecanciller Fern\u00e1ndez de Coss\u00edo - Cuballama Noticias","og_description":"Vice Ministro de Relaciones Exteriores de Cuba, Carlos Fern\u00e1ndez de Coss\u00edo confirma que el r\u00e9gimen no har\u00e1 concesiones en el orden pol\u00edtico","og_url":"https:\/\/www.cuballama.com\/noticias\/cuba-empresas-privadas-e-inversiones-extranjeras-si-pero-no-cambios-politicos-confirma-vicecanciller-fernandez-de-cossio\/","og_site_name":"Cuballama Noticias","article_publisher":"https:\/\/www.facebook.com\/CubaLlama","article_published_time":"2023-10-05T13:11:24+00:00","article_modified_time":"2023-10-05T13:11:26+00:00","og_image":[{"width":1200,"height":630,"url":"https:\/\/cdn1.mediawpaccore.net\/wp-content\/uploads\/2021\/07\/29093224\/carlos-fernandez-de-cossio-director-de-eeuu-del-minrex-4.jpg","type":"image\/jpeg"}],"author":"Roberto A.","twitter_card":"summary_large_image","twitter_creator":"@cuballama","twitter_site":"@cuballama","twitter_misc":{"Escrito por":"Roberto A.","Tiempo de lectura":"2 minutos"},"schema":{"@context":"https:\/\/schema.org","@graph":[{"@type":"Article","@id":"https:\/\/www.cuballama.com\/noticias\/cuba-empresas-privadas-e-inversiones-extranjeras-si-pero-no-cambios-politicos-confirma-vicecanciller-fernandez-de-cossio\/#article","isPartOf":{"@id":"https:\/\/www.cuballama.com\/noticias\/cuba-empresas-privadas-e-inversiones-extranjeras-si-pero-no-cambios-politicos-confirma-vicecanciller-fernandez-de-cossio\/"},"author":{"name":"Roberto A.","@id":"https:\/\/www.cuballama.com\/noticias\/#\/schema\/person\/a58502ed4146c8e9f83872e897c76cd2"},"headline":"Cuba: Empresas privadas e inversiones extranjeras s\u00ed, pero no cambios pol\u00edticos, confirma Vicecanciller Fern\u00e1ndez de Coss\u00edo","datePublished":"2023-10-05T13:11:24+00:00","dateModified":"2023-10-05T13:11:26+00:00","mainEntityOfPage":{"@id":"https:\/\/www.cuballama.com\/noticias\/cuba-empresas-privadas-e-inversiones-extranjeras-si-pero-no-cambios-politicos-confirma-vicecanciller-fernandez-de-cossio\/"},"wordCount":484,"commentCount":0,"publisher":{"@id":"https:\/\/www.cuballama.com\/noticias\/#organization"},"image":{"@id":"https:\/\/www.cuballama.com\/noticias\/cuba-empresas-privadas-e-inversiones-extranjeras-si-pero-no-cambios-politicos-confirma-vicecanciller-fernandez-de-cossio\/#primaryimage"},"thumbnailUrl":"https:\/\/cdn1.mediawpaccore.net\/wp-content\/uploads\/2021\/07\/29093224\/carlos-fernandez-de-cossio-director-de-eeuu-del-minrex-4.jpg","keywords":["Carlos Fern\u00e1ndez de Coss\u00edo","Cuba","Vice Ministro de Relaciones Exteriores de Cuba"],"articleSection":["Noticias","Noticias de Cuba"],"inLanguage":"es","potentialAction":[{"@type":"CommentAction","name":"Comment","target":["https:\/\/www.cuballama.com\/noticias\/cuba-empresas-privadas-e-inversiones-extranjeras-si-pero-no-cambios-politicos-confirma-vicecanciller-fernandez-de-cossio\/#respond"]}]},{"@type":"WebPage","@id":"https:\/\/www.cuballama.com\/noticias\/cuba-empresas-privadas-e-inversiones-extranjeras-si-pero-no-cambios-politicos-confirma-vicecanciller-fernandez-de-cossio\/","url":"https:\/\/www.cuballama.com\/noticias\/cuba-empresas-privadas-e-inversiones-extranjeras-si-pero-no-cambios-politicos-confirma-vicecanciller-fernandez-de-cossio\/","name":"Cuba: Empresas privadas e inversiones extranjeras s\u00ed, pero no cambios pol\u00edticos, confirma Vicecanciller Fern\u00e1ndez de Coss\u00edo - Cuballama Noticias","isPartOf":{"@id":"https:\/\/www.cuballama.com\/noticias\/#website"},"primaryImageOfPage":{"@id":"https:\/\/www.cuballama.com\/noticias\/cuba-empresas-privadas-e-inversiones-extranjeras-si-pero-no-cambios-politicos-confirma-vicecanciller-fernandez-de-cossio\/#primaryimage"},"image":{"@id":"https:\/\/www.cuballama.com\/noticias\/cuba-empresas-privadas-e-inversiones-extranjeras-si-pero-no-cambios-politicos-confirma-vicecanciller-fernandez-de-cossio\/#primaryimage"},"thumbnailUrl":"https:\/\/cdn1.mediawpaccore.net\/wp-content\/uploads\/2021\/07\/29093224\/carlos-fernandez-de-cossio-director-de-eeuu-del-minrex-4.jpg","datePublished":"2023-10-05T13:11:24+00:00","dateModified":"2023-10-05T13:11:26+00:00","description":"Vice Ministro de Relaciones Exteriores de Cuba, Carlos Fern\u00e1ndez de Coss\u00edo confirma que el r\u00e9gimen no har\u00e1 concesiones en el orden pol\u00edtico","breadcrumb":{"@id":"https:\/\/www.cuballama.com\/noticias\/cuba-empresas-privadas-e-inversiones-extranjeras-si-pero-no-cambios-politicos-confirma-vicecanciller-fernandez-de-cossio\/#breadcrumb"},"inLanguage":"es","potentialAction":[{"@type":"ReadAction","target":["https:\/\/www.cuballama.com\/noticias\/cuba-empresas-privadas-e-inversiones-extranjeras-si-pero-no-cambios-politicos-confirma-vicecanciller-fernandez-de-cossio\/"]}]},{"@type":"ImageObject","inLanguage":"es","@id":"https:\/\/www.cuballama.com\/noticias\/cuba-empresas-privadas-e-inversiones-extranjeras-si-pero-no-cambios-politicos-confirma-vicecanciller-fernandez-de-cossio\/#primaryimage","url":"https:\/\/cdn1.mediawpaccore.net\/wp-content\/uploads\/2021\/07\/29093224\/carlos-fernandez-de-cossio-director-de-eeuu-del-minrex-4.jpg","contentUrl":"https:\/\/cdn1.mediawpaccore.net\/wp-content\/uploads\/2021\/07\/29093224\/carlos-fernandez-de-cossio-director-de-eeuu-del-minrex-4.jpg","width":1200,"height":630,"caption":"Carlos Fern\u00e1ndez de Coss\u00edo Foto: MINREX"},{"@type":"BreadcrumbList","@id":"https:\/\/www.cuballama.com\/noticias\/cuba-empresas-privadas-e-inversiones-extranjeras-si-pero-no-cambios-politicos-confirma-vicecanciller-fernandez-de-cossio\/#breadcrumb","itemListElement":[{"@type":"ListItem","position":1,"name":"Home","item":"https:\/\/www.cuballama.com\/noticias\/"},{"@type":"ListItem","position":2,"name":"Cuba: Empresas privadas e inversiones extranjeras s\u00ed, pero no cambios pol\u00edticos, confirma Vicecanciller Fern\u00e1ndez de Coss\u00edo"}]},{"@type":"WebSite","@id":"https:\/\/www.cuballama.com\/noticias\/#website","url":"https:\/\/www.cuballama.com\/noticias\/","name":"Cuballama Noticias","description":"Medio digital sobre Cuba y el mundo","publisher":{"@id":"https:\/\/www.cuballama.com\/noticias\/#organization"},"potentialAction":[{"@type":"SearchAction","target":{"@type":"EntryPoint","urlTemplate":"https:\/\/www.cuballama.com\/noticias\/?s={search_term_string}"},"query-input":{"@type":"PropertyValueSpecification","valueRequired":true,"valueName":"search_term_string"}}],"inLanguage":"es"},{"@type":"Organization","@id":"https:\/\/www.cuballama.com\/noticias\/#organization","name":"Cuballama","url":"https:\/\/www.cuballama.com\/noticias\/","logo":{"@type":"ImageObject","inLanguage":"es","@id":"https:\/\/www.cuballama.com\/noticias\/#\/schema\/logo\/image\/","url":"https:\/\/cdn1.mediawpaccore.net\/wp-content\/uploads\/2021\/12\/28171206\/cbll-logo-color-sm.png","contentUrl":"https:\/\/cdn1.mediawpaccore.net\/wp-content\/uploads\/2021\/12\/28171206\/cbll-logo-color-sm.png","width":600,"height":133,"caption":"Cuballama"},"image":{"@id":"https:\/\/www.cuballama.com\/noticias\/#\/schema\/logo\/image\/"},"sameAs":["https:\/\/www.facebook.com\/CubaLlama","https:\/\/x.com\/cuballama","https:\/\/www.instagram.com\/stories\/cuballama_oficial\/","https:\/\/www.youtube.com\/channel\/UCKkFE-d_axENGZcrc4as0IA"]},{"@type":"Person","@id":"https:\/\/www.cuballama.com\/noticias\/#\/schema\/person\/a58502ed4146c8e9f83872e897c76cd2","name":"Roberto A.","description":"Roberto A. Periodista por decisi\u00f3n propia. Interesado en cualquier tema que me apasione y cada vez m\u00e1s comprometido con la verdad y la objetividad period\u00edstica. Graduado en La Habana hace ya muchos a\u00f1os, luego de una accidentada y polvorienta b\u00fasqueda de informaci\u00f3n sobre un tema in\u00e9dito. La Tesis, por cierto, desapareci\u00f3 de la biblioteca y no se conservan copias de la misma.","url":"https:\/\/www.cuballama.com\/noticias\/author\/roberto\/"}]}},"_links":{"self":[{"href":"https:\/\/www.cuballama.com\/noticias\/wp-json\/wp\/v2\/posts\/140033","targetHints":{"allow":["GET"]}}],"collection":[{"href":"https:\/\/www.cuballama.com\/noticias\/wp-json\/wp\/v2\/posts"}],"about":[{"href":"https:\/\/www.cuballama.com\/noticias\/wp-json\/wp\/v2\/types\/post"}],"author":[{"embeddable":true,"href":"https:\/\/www.cuballama.com\/noticias\/wp-json\/wp\/v2\/users\/13"}],"replies":[{"embeddable":true,"href":"https:\/\/www.cuballama.com\/noticias\/wp-json\/wp\/v2\/comments?post=140033"}],"version-history":[{"count":3,"href":"https:\/\/www.cuballama.com\/noticias\/wp-json\/wp\/v2\/posts\/140033\/revisions"}],"predecessor-version":[{"id":140309,"href":"https:\/\/www.cuballama.com\/noticias\/wp-json\/wp\/v2\/posts\/140033\/revisions\/140309"}],"wp:featuredmedia":[{"embeddable":true,"href":"https:\/\/www.cuballama.com\/noticias\/wp-json\/wp\/v2\/media\/71478"}],"wp:attachment":[{"href":"https:\/\/www.cuballama.com\/noticias\/wp-json\/wp\/v2\/media?parent=140033"}],"wp:term":[{"taxonomy":"category","embeddable":true,"href":"https:\/\/www.cuballama.com\/noticias\/wp-json\/wp\/v2\/categories?post=140033"},{"taxonomy":"post_tag","embeddable":true,"href":"https:\/\/www.cuballama.com\/noticias\/wp-json\/wp\/v2\/tags?post=140033"}],"curies":[{"name":"wp","href":"https:\/\/api.w.org\/{rel}","templated":true}]}}