{"id":138589,"date":"2023-09-22T07:44:00","date_gmt":"2023-09-22T11:44:00","guid":{"rendered":"https:\/\/www.cuballama.com\/noticias\/?p=138589"},"modified":"2023-09-21T13:00:15","modified_gmt":"2023-09-21T17:00:15","slug":"restituyen-a-familia-de-artista-asesinado-en-el-holocausto-siete-obras-de-arte-de-egon-schiele-robadas-por-los-nazis","status":"publish","type":"post","link":"https:\/\/www.cuballama.com\/noticias\/restituyen-a-familia-de-artista-asesinado-en-el-holocausto-siete-obras-de-arte-de-egon-schiele-robadas-por-los-nazis\/","title":{"rendered":"Restituyen a familia de artista asesinado en el Holocausto, siete obras de arte de Egon Schiele robadas por los nazis"},"content":{"rendered":"\n<h2 class=\"wp-block-heading\">Estados Unidos devolver\u00e1 siete obras de arte robadas por los nazis a la familia de Fritz Grunbaum, un artista de cabaret jud\u00edo austr\u00edaco asesinado en el Holocausto. <\/h2>\n\n\n\n<h3 class=\"wp-block-heading\">Estas obras, valoradas en millones de d\u00f3lares, fueron confiscadas durante el r\u00e9gimen nazi y finalmente ser\u00e1n devueltas a los descendientes de Grunbaum. <\/h3>\n\n\n\n<h4 class=\"wp-block-heading\">Este acto refleja el compromiso de Estados Unidos con la justicia hist\u00f3rica y la restituci\u00f3n de bienes robados durante el Holocausto.<\/h4>\n\n\n\n<p>En un hito importante para la restituci\u00f3n del Holocausto, siete obras de arte del expresionista austriaco Egon Schiele han sido devueltas a los herederos de Fritz Gr\u00fcnbaum, un artista de cabaret vien\u00e9s asesinado por los nazis durante la Segunda Guerra Mundial. Esta emotiva ceremonia de restituci\u00f3n tuvo lugar en la oficina del fiscal de distrito de Manhattan despu\u00e9s de m\u00e1s de 25 a\u00f1os de batallas legales para recuperar la colecci\u00f3n de arte que inclu\u00eda obras de Schiele, se\u00f1al\u00f3 <em>The New York Times<\/em>.<\/p>\n\n\n\n<p>La restituci\u00f3n fue posible tras un fallo de un tribunal civil de Nueva York de 2018 que estableci\u00f3 que Gr\u00fcnbaum nunca hab\u00eda vendido ni entregado sus obras de arte antes de su muerte, confirmando a sus herederos como los propietarios leg\u00edtimos. La oficina del fiscal de distrito de Manhattan se uni\u00f3 al caso en diciembre, reuniendo pruebas de que las obras de arte hab\u00edan pasado por manos de un comerciante de Manhattan, lo que proporcion\u00f3 la base legal para su devoluci\u00f3n.<\/p>\n\n\n\n<p>Destacados museos y coleccionistas entregaron voluntariamente las obras de arte de Schiele despu\u00e9s de ser informados de que pose\u00edan propiedad robada. Estas obras devueltas se subastar\u00e1n y las ganancias financiar\u00e1n un programa de becas establecido en nombre de Fritz Gr\u00fcnbaum.<\/p>\n\n\n\n<iframe loading=\"lazy\" width=\"1202\" height=\"676\" src=\"https:\/\/www.youtube.com\/embed\/qdQnkGy-tAk\" title=\"Artwork stolen by Nazis now on display in Lower Manhattan\" frameborder=\"0\" allow=\"accelerometer; autoplay; clipboard-write; encrypted-media; gyroscope; picture-in-picture; web-share\" allowfullscreen=\"\"><\/iframe>\n\n\n\n<p>Esta restituci\u00f3n pone de relieve los esfuerzos en curso para rectificar las injusticias hist\u00f3ricas y devolver el arte saqueado a sus leg\u00edtimos propietarios, incluso d\u00e9cadas despu\u00e9s de la Segunda Guerra Mundial. Sirve como precedente para futuros casos de restituci\u00f3n del Holocausto, enfatizando la importancia de reconocer y abordar los legados del robo y la opresi\u00f3n. Las obras de arte en cuesti\u00f3n fueron consideradas &#8216;degeneradas&#8217; por el r\u00e9gimen nazi, lo que refleja su saqueo sistem\u00e1tico de arte durante la guerra.<\/p>\n\n\n\n<p>Adem\u00e1s de las obras de arte devueltas, se est\u00e1n realizando m\u00e1s esfuerzos para reunir la colecci\u00f3n de Gr\u00fcnbaum, y al menos seis de las obras de Schiele devueltas se vender\u00e1n en una subasta para apoyar a la Fundaci\u00f3n Gr\u00fcnbaum Fischer, un programa de becas para j\u00f3venes m\u00fasicos, dijo <em>CNN<\/em>.<\/p>\n\n\n\n<p>Este acontecimiento hist\u00f3rico sirve como recordatorio de la resiliencia del esp\u00edritu humano al buscar justicia y preservar la memoria de los afectados por el Holocausto.<\/p>\n\n\n\n<p>En varios actos de justicia hist\u00f3rica, varios pa\u00edses han tomado medidas significativas para devolver obras de arte saqueadas por los nazis a las familias jud\u00edas a las que originalmente pertenec\u00edan. Estos actos reflejan un esfuerzo continuo por rectificar las injusticias cometidas durante la Segunda Guerra Mundial y la persecuci\u00f3n del Holocausto.<\/p>\n\n\n\n<p>Francia ha sido uno de los pa\u00edses l\u00edderes en este esfuerzo de restituci\u00f3n. Recientemente, se anunci\u00f3 que Francia devolver\u00e1 una quincena de obras de arte que fueron saqueadas por los nazis a las familias jud\u00edas. Estas piezas de arte fueron confiscadas durante el r\u00e9gimen nazi y finalmente ser\u00e1n devueltas a sus leg\u00edtimos propietarios o sus herederos. Esta decisi\u00f3n representa un importante paso hacia la reparaci\u00f3n de las atrocidades cometidas durante ese per\u00edodo oscuro de la historia. La medida fue anunciada en marzo de 2022 y es parte de un esfuerzo continuo para devolver el arte saqueado por los nazis a sus leg\u00edtimos propietarios.<\/p>\n\n\n\n<p>No solo Francia y Estados Unidos est\u00e1n tomando medidas para devolver obras de arte saqueadas por los nazis, sino que tambi\u00e9n hay otros esfuerzos en todo el mundo. Por ejemplo, instituciones alemanas recientemente han regresado piezas de plata que fueron robadas por los nazis a familias jud\u00edas. Esto incluye tazas, candelabros y otros elementos que alguna vez pertenecieron a estas familias y que terminaron en manos de los nazis durante la Segunda Guerra Mundial. Estos actos de restituci\u00f3n son parte de un esfuerzo global para abordar la restituci\u00f3n de propiedades saqueadas durante el Holocausto y asegurar que regresen a sus leg\u00edtimos propietarios o sus descendientes.<\/p>\n\n\n\n<p>Existe una pel\u00edcula que aborda el tema de la devoluci\u00f3n de una obra de arte de un pintor famoso a su leg\u00edtima heredera. Esta pel\u00edcula se titula <em>\u00abLa Dama de Oro\u00bb<\/em> (en ingl\u00e9s, \u00abWoman in Gold\u00bb). Fue lanzada en 2015, est\u00e1 basada en hechos reales, y es una de las pel\u00edculas que en su \u00abestreno\u00bb y durante mucho tiempo, fue de las m\u00e1s vistas en la plataforma de Netflix.<\/p>\n\n\n\n<iframe loading=\"lazy\" width=\"1202\" height=\"676\" src=\"https:\/\/www.youtube.com\/embed\/IE2OC50bj_E\" title=\"Woman In Gold Official Trailer \u2013 Out in UK Cinemas 10th April 2015\" frameborder=\"0\" allow=\"accelerometer; autoplay; clipboard-write; encrypted-media; gyroscope; picture-in-picture; web-share\" allowfullscreen=\"\"><\/iframe>\n\n\n\n<p>La trama de \u00abLa Dama de Oro\u00bb se centra en la historia de Maria Altmann, interpretada por Helen Mirren, una mujer jud\u00eda que busca la restituci\u00f3n de una valiosa pintura de Gustav Klimt que fue robada por los nazis durante la Segunda Guerra Mundial. La obra en cuesti\u00f3n es el retrato de su t\u00eda, Adele Bloch-Bauer I, tambi\u00e9n conocida como \u00abLa Dama de Oro\u00bb. Ryan Reynolds interpreta a Randy Schoenberg, el abogado que la ayuda en su lucha legal para recuperar la pintura.<\/p>\n\n\n\n<p>La pel\u00edcula aborda temas relacionados con la justicia, la restituci\u00f3n de bienes culturales robados por los nazis y la importancia de preservar la memoria hist\u00f3rica. Tambi\u00e9n muestra el proceso legal y los desaf\u00edos que enfrenta Maria Altmann en su b\u00fasqueda por hacer justicia a su familia y a su legado cultural.<\/p>\n\n\n\n<p>\u00abLa Dama de Oro\u00bb es un emotivo drama basado en una historia real que arroja luz sobre los esfuerzos por devolver obras de arte saqueadas durante la Segunda Guerra Mundial a sus leg\u00edtimos propietarios y herederos. La pel\u00edcula recibi\u00f3 elogios por su representaci\u00f3n de esta historia conmovedora y por abordar temas importantes relacionados con la historia y la cultura.<\/p>\n\n\n\n<p><strong>tal vez quieras leer: <a href=\"https:\/\/www.cuballama.com\/noticias\/amigos-holocausto-se-reunen-80-anos-despues\/\" target=\"_blank\" rel=\"noreferrer noopener\">Amigos durante el holocausto se re\u00fanen 80 a\u00f1os despu\u00e9s<\/a><\/strong><\/p>\n","protected":false},"excerpt":{"rendered":"<p>Estados Unidos devolver\u00e1 siete obras de arte robadas por los nazis a la familia de Fritz Grunbaum, un artista de cabaret jud\u00edo austr\u00edaco asesinado en el Holocausto. <\/p>\n","protected":false},"author":13,"featured_media":138596,"comment_status":"open","ping_status":"closed","sticky":false,"template":"","format":"standard","meta":{"_acf_changed":false,"footnotes":""},"categories":[18,953],"tags":[388,18341,18342,328,36,10617,14494,18340],"class_list":{"0":"post-138589","1":"post","2":"type-post","3":"status-publish","4":"format-standard","5":"has-post-thumbnail","7":"category-noticias","8":"category-usa","9":"tag-arte","10":"tag-egon-schiele","11":"tag-fritz-grunbaum","12":"tag-hechos-inspiradores","13":"tag-historia","14":"tag-holocausto","15":"tag-nazis","16":"tag-obras-de-arte"},"acf":[],"yoast_head":"<!-- This site is optimized with the Yoast SEO plugin v27.5 - https:\/\/yoast.com\/product\/yoast-seo-wordpress\/ -->\n<title>Restituyen a familia de artista asesinado en el Holocausto, siete obras de arte de Egon Schiele robadas por los nazis - Cuballama Noticias<\/title>\n<meta name=\"description\" content=\"Siete obras de arte del expresionista austriaco Egon Schiele han sido devueltas a los herederos de Fritz Gr\u00fcnbaum, v\u00edctima del Holocausto.\" \/>\n<meta name=\"robots\" content=\"index, follow, max-snippet:-1, max-image-preview:large, max-video-preview:-1\" \/>\n<link rel=\"canonical\" href=\"https:\/\/www.cuballama.com\/noticias\/restituyen-a-familia-de-artista-asesinado-en-el-holocausto-siete-obras-de-arte-de-egon-schiele-robadas-por-los-nazis\/\" \/>\n<meta property=\"og:locale\" content=\"es_ES\" \/>\n<meta property=\"og:type\" content=\"article\" \/>\n<meta property=\"og:title\" content=\"Restituyen a familia de artista asesinado en el Holocausto, siete obras de arte de Egon Schiele robadas por los nazis - Cuballama Noticias\" \/>\n<meta property=\"og:description\" content=\"Siete obras de arte del expresionista austriaco Egon Schiele han sido devueltas a los herederos de Fritz Gr\u00fcnbaum, v\u00edctima del Holocausto.\" \/>\n<meta property=\"og:url\" content=\"https:\/\/www.cuballama.com\/noticias\/restituyen-a-familia-de-artista-asesinado-en-el-holocausto-siete-obras-de-arte-de-egon-schiele-robadas-por-los-nazis\/\" \/>\n<meta property=\"og:site_name\" content=\"Cuballama Noticias\" \/>\n<meta property=\"article:publisher\" content=\"https:\/\/www.facebook.com\/CubaLlama\" \/>\n<meta property=\"article:published_time\" content=\"2023-09-22T11:44:00+00:00\" \/>\n<meta property=\"og:image\" content=\"https:\/\/cdn1.mediawpaccore.net\/wp-content\/uploads\/2023\/09\/21094215\/Untitled-design-43.jpg\" \/>\n\t<meta property=\"og:image:width\" content=\"1200\" \/>\n\t<meta property=\"og:image:height\" content=\"630\" \/>\n\t<meta property=\"og:image:type\" content=\"image\/jpeg\" \/>\n<meta name=\"author\" content=\"Roberto A.\" \/>\n<meta name=\"twitter:card\" content=\"summary_large_image\" \/>\n<meta name=\"twitter:creator\" content=\"@cuballama\" \/>\n<meta name=\"twitter:site\" content=\"@cuballama\" \/>\n<meta name=\"twitter:label1\" content=\"Escrito por\" \/>\n\t<meta name=\"twitter:data1\" content=\"Roberto A.\" \/>\n\t<meta name=\"twitter:label2\" content=\"Tiempo de lectura\" \/>\n\t<meta name=\"twitter:data2\" content=\"5 minutos\" \/>\n<script type=\"application\/ld+json\" class=\"yoast-schema-graph\">{\"@context\":\"https:\\\/\\\/schema.org\",\"@graph\":[{\"@type\":\"Article\",\"@id\":\"https:\\\/\\\/www.cuballama.com\\\/noticias\\\/restituyen-a-familia-de-artista-asesinado-en-el-holocausto-siete-obras-de-arte-de-egon-schiele-robadas-por-los-nazis\\\/#article\",\"isPartOf\":{\"@id\":\"https:\\\/\\\/www.cuballama.com\\\/noticias\\\/restituyen-a-familia-de-artista-asesinado-en-el-holocausto-siete-obras-de-arte-de-egon-schiele-robadas-por-los-nazis\\\/\"},\"author\":{\"name\":\"Roberto A.\",\"@id\":\"https:\\\/\\\/www.cuballama.com\\\/noticias\\\/#\\\/schema\\\/person\\\/a58502ed4146c8e9f83872e897c76cd2\"},\"headline\":\"Restituyen a familia de artista asesinado en el Holocausto, siete obras de arte de Egon Schiele robadas por los nazis\",\"datePublished\":\"2023-09-22T11:44:00+00:00\",\"mainEntityOfPage\":{\"@id\":\"https:\\\/\\\/www.cuballama.com\\\/noticias\\\/restituyen-a-familia-de-artista-asesinado-en-el-holocausto-siete-obras-de-arte-de-egon-schiele-robadas-por-los-nazis\\\/\"},\"wordCount\":1071,\"commentCount\":0,\"publisher\":{\"@id\":\"https:\\\/\\\/www.cuballama.com\\\/noticias\\\/#organization\"},\"image\":{\"@id\":\"https:\\\/\\\/www.cuballama.com\\\/noticias\\\/restituyen-a-familia-de-artista-asesinado-en-el-holocausto-siete-obras-de-arte-de-egon-schiele-robadas-por-los-nazis\\\/#primaryimage\"},\"thumbnailUrl\":\"https:\\\/\\\/cdn1.mediawpaccore.net\\\/wp-content\\\/uploads\\\/2023\\\/09\\\/21094215\\\/Untitled-design-43.jpg\",\"keywords\":[\"Arte\",\"Egon Schiele\",\"Fritz Gr\u00fcnbaum\",\"hechos inspiradores\",\"historia\",\"Holocausto\",\"Nazis\",\"Obras de Arte\"],\"articleSection\":[\"Noticias\",\"USA\"],\"inLanguage\":\"es\",\"potentialAction\":[{\"@type\":\"CommentAction\",\"name\":\"Comment\",\"target\":[\"https:\\\/\\\/www.cuballama.com\\\/noticias\\\/restituyen-a-familia-de-artista-asesinado-en-el-holocausto-siete-obras-de-arte-de-egon-schiele-robadas-por-los-nazis\\\/#respond\"]}]},{\"@type\":\"WebPage\",\"@id\":\"https:\\\/\\\/www.cuballama.com\\\/noticias\\\/restituyen-a-familia-de-artista-asesinado-en-el-holocausto-siete-obras-de-arte-de-egon-schiele-robadas-por-los-nazis\\\/\",\"url\":\"https:\\\/\\\/www.cuballama.com\\\/noticias\\\/restituyen-a-familia-de-artista-asesinado-en-el-holocausto-siete-obras-de-arte-de-egon-schiele-robadas-por-los-nazis\\\/\",\"name\":\"Restituyen a familia de artista asesinado en el Holocausto, siete obras de arte de Egon Schiele robadas por los nazis - Cuballama Noticias\",\"isPartOf\":{\"@id\":\"https:\\\/\\\/www.cuballama.com\\\/noticias\\\/#website\"},\"primaryImageOfPage\":{\"@id\":\"https:\\\/\\\/www.cuballama.com\\\/noticias\\\/restituyen-a-familia-de-artista-asesinado-en-el-holocausto-siete-obras-de-arte-de-egon-schiele-robadas-por-los-nazis\\\/#primaryimage\"},\"image\":{\"@id\":\"https:\\\/\\\/www.cuballama.com\\\/noticias\\\/restituyen-a-familia-de-artista-asesinado-en-el-holocausto-siete-obras-de-arte-de-egon-schiele-robadas-por-los-nazis\\\/#primaryimage\"},\"thumbnailUrl\":\"https:\\\/\\\/cdn1.mediawpaccore.net\\\/wp-content\\\/uploads\\\/2023\\\/09\\\/21094215\\\/Untitled-design-43.jpg\",\"datePublished\":\"2023-09-22T11:44:00+00:00\",\"description\":\"Siete obras de arte del expresionista austriaco Egon Schiele han sido devueltas a los herederos de Fritz Gr\u00fcnbaum, v\u00edctima del Holocausto.\",\"breadcrumb\":{\"@id\":\"https:\\\/\\\/www.cuballama.com\\\/noticias\\\/restituyen-a-familia-de-artista-asesinado-en-el-holocausto-siete-obras-de-arte-de-egon-schiele-robadas-por-los-nazis\\\/#breadcrumb\"},\"inLanguage\":\"es\",\"potentialAction\":[{\"@type\":\"ReadAction\",\"target\":[\"https:\\\/\\\/www.cuballama.com\\\/noticias\\\/restituyen-a-familia-de-artista-asesinado-en-el-holocausto-siete-obras-de-arte-de-egon-schiele-robadas-por-los-nazis\\\/\"]}]},{\"@type\":\"ImageObject\",\"inLanguage\":\"es\",\"@id\":\"https:\\\/\\\/www.cuballama.com\\\/noticias\\\/restituyen-a-familia-de-artista-asesinado-en-el-holocausto-siete-obras-de-arte-de-egon-schiele-robadas-por-los-nazis\\\/#primaryimage\",\"url\":\"https:\\\/\\\/cdn1.mediawpaccore.net\\\/wp-content\\\/uploads\\\/2023\\\/09\\\/21094215\\\/Untitled-design-43.jpg\",\"contentUrl\":\"https:\\\/\\\/cdn1.mediawpaccore.net\\\/wp-content\\\/uploads\\\/2023\\\/09\\\/21094215\\\/Untitled-design-43.jpg\",\"width\":1200,\"height\":630,\"caption\":\"FOTO: Cuadro de Egon Schiele - Self-Portrait with Physalis (Esta es una reproducci\u00f3n fotogr\u00e1fica fiel de una obra de arte bidimensional de dominio p\u00fablico. La obra de arte en s\u00ed es de dominio p\u00fablico por el siguiente motivo: El autor muri\u00f3 en 1918, por lo que esta obra es de dominio p\u00fablico en su pa\u00eds de origen y en otros pa\u00edses y \u00e1reas donde el plazo de copyright es la vida del autor m\u00e1s 100 a\u00f1os o menos. Esta obra es de dominio p\u00fablico en los Estados Unidos porque fue publicada (o registrada en la Oficina de Derechos de Autor de los EE. UU.) antes del 1 de enero de 1928.)\"},{\"@type\":\"BreadcrumbList\",\"@id\":\"https:\\\/\\\/www.cuballama.com\\\/noticias\\\/restituyen-a-familia-de-artista-asesinado-en-el-holocausto-siete-obras-de-arte-de-egon-schiele-robadas-por-los-nazis\\\/#breadcrumb\",\"itemListElement\":[{\"@type\":\"ListItem\",\"position\":1,\"name\":\"Home\",\"item\":\"https:\\\/\\\/www.cuballama.com\\\/noticias\\\/\"},{\"@type\":\"ListItem\",\"position\":2,\"name\":\"Restituyen a familia de artista asesinado en el Holocausto, siete obras de arte de Egon Schiele robadas por los nazis\"}]},{\"@type\":\"WebSite\",\"@id\":\"https:\\\/\\\/www.cuballama.com\\\/noticias\\\/#website\",\"url\":\"https:\\\/\\\/www.cuballama.com\\\/noticias\\\/\",\"name\":\"Cuballama Noticias\",\"description\":\"Medio digital sobre Cuba y el mundo\",\"publisher\":{\"@id\":\"https:\\\/\\\/www.cuballama.com\\\/noticias\\\/#organization\"},\"potentialAction\":[{\"@type\":\"SearchAction\",\"target\":{\"@type\":\"EntryPoint\",\"urlTemplate\":\"https:\\\/\\\/www.cuballama.com\\\/noticias\\\/?s={search_term_string}\"},\"query-input\":{\"@type\":\"PropertyValueSpecification\",\"valueRequired\":true,\"valueName\":\"search_term_string\"}}],\"inLanguage\":\"es\"},{\"@type\":\"Organization\",\"@id\":\"https:\\\/\\\/www.cuballama.com\\\/noticias\\\/#organization\",\"name\":\"Cuballama\",\"url\":\"https:\\\/\\\/www.cuballama.com\\\/noticias\\\/\",\"logo\":{\"@type\":\"ImageObject\",\"inLanguage\":\"es\",\"@id\":\"https:\\\/\\\/www.cuballama.com\\\/noticias\\\/#\\\/schema\\\/logo\\\/image\\\/\",\"url\":\"https:\\\/\\\/cdn1.mediawpaccore.net\\\/wp-content\\\/uploads\\\/2021\\\/12\\\/28171206\\\/cbll-logo-color-sm.png\",\"contentUrl\":\"https:\\\/\\\/cdn1.mediawpaccore.net\\\/wp-content\\\/uploads\\\/2021\\\/12\\\/28171206\\\/cbll-logo-color-sm.png\",\"width\":600,\"height\":133,\"caption\":\"Cuballama\"},\"image\":{\"@id\":\"https:\\\/\\\/www.cuballama.com\\\/noticias\\\/#\\\/schema\\\/logo\\\/image\\\/\"},\"sameAs\":[\"https:\\\/\\\/www.facebook.com\\\/CubaLlama\",\"https:\\\/\\\/x.com\\\/cuballama\",\"https:\\\/\\\/www.instagram.com\\\/stories\\\/cuballama_oficial\\\/\",\"https:\\\/\\\/www.youtube.com\\\/channel\\\/UCKkFE-d_axENGZcrc4as0IA\"]},{\"@type\":\"Person\",\"@id\":\"https:\\\/\\\/www.cuballama.com\\\/noticias\\\/#\\\/schema\\\/person\\\/a58502ed4146c8e9f83872e897c76cd2\",\"name\":\"Roberto A.\",\"description\":\"Roberto A. Periodista por decisi\u00f3n propia. Interesado en cualquier tema que me apasione y cada vez m\u00e1s comprometido con la verdad y la objetividad period\u00edstica. Graduado en La Habana hace ya muchos a\u00f1os, luego de una accidentada y polvorienta b\u00fasqueda de informaci\u00f3n sobre un tema in\u00e9dito. La Tesis, por cierto, desapareci\u00f3 de la biblioteca y no se conservan copias de la misma.\",\"url\":\"https:\\\/\\\/www.cuballama.com\\\/noticias\\\/author\\\/roberto\\\/\"}]}<\/script>\n<!-- \/ Yoast SEO plugin. -->","yoast_head_json":{"title":"Restituyen a familia de artista asesinado en el Holocausto, siete obras de arte de Egon Schiele robadas por los nazis - Cuballama Noticias","description":"Siete obras de arte del expresionista austriaco Egon Schiele han sido devueltas a los herederos de Fritz Gr\u00fcnbaum, v\u00edctima del Holocausto.","robots":{"index":"index","follow":"follow","max-snippet":"max-snippet:-1","max-image-preview":"max-image-preview:large","max-video-preview":"max-video-preview:-1"},"canonical":"https:\/\/www.cuballama.com\/noticias\/restituyen-a-familia-de-artista-asesinado-en-el-holocausto-siete-obras-de-arte-de-egon-schiele-robadas-por-los-nazis\/","og_locale":"es_ES","og_type":"article","og_title":"Restituyen a familia de artista asesinado en el Holocausto, siete obras de arte de Egon Schiele robadas por los nazis - Cuballama Noticias","og_description":"Siete obras de arte del expresionista austriaco Egon Schiele han sido devueltas a los herederos de Fritz Gr\u00fcnbaum, v\u00edctima del Holocausto.","og_url":"https:\/\/www.cuballama.com\/noticias\/restituyen-a-familia-de-artista-asesinado-en-el-holocausto-siete-obras-de-arte-de-egon-schiele-robadas-por-los-nazis\/","og_site_name":"Cuballama Noticias","article_publisher":"https:\/\/www.facebook.com\/CubaLlama","article_published_time":"2023-09-22T11:44:00+00:00","og_image":[{"width":1200,"height":630,"url":"https:\/\/cdn1.mediawpaccore.net\/wp-content\/uploads\/2023\/09\/21094215\/Untitled-design-43.jpg","type":"image\/jpeg"}],"author":"Roberto A.","twitter_card":"summary_large_image","twitter_creator":"@cuballama","twitter_site":"@cuballama","twitter_misc":{"Escrito por":"Roberto A.","Tiempo de lectura":"5 minutos"},"schema":{"@context":"https:\/\/schema.org","@graph":[{"@type":"Article","@id":"https:\/\/www.cuballama.com\/noticias\/restituyen-a-familia-de-artista-asesinado-en-el-holocausto-siete-obras-de-arte-de-egon-schiele-robadas-por-los-nazis\/#article","isPartOf":{"@id":"https:\/\/www.cuballama.com\/noticias\/restituyen-a-familia-de-artista-asesinado-en-el-holocausto-siete-obras-de-arte-de-egon-schiele-robadas-por-los-nazis\/"},"author":{"name":"Roberto A.","@id":"https:\/\/www.cuballama.com\/noticias\/#\/schema\/person\/a58502ed4146c8e9f83872e897c76cd2"},"headline":"Restituyen a familia de artista asesinado en el Holocausto, siete obras de arte de Egon Schiele robadas por los nazis","datePublished":"2023-09-22T11:44:00+00:00","mainEntityOfPage":{"@id":"https:\/\/www.cuballama.com\/noticias\/restituyen-a-familia-de-artista-asesinado-en-el-holocausto-siete-obras-de-arte-de-egon-schiele-robadas-por-los-nazis\/"},"wordCount":1071,"commentCount":0,"publisher":{"@id":"https:\/\/www.cuballama.com\/noticias\/#organization"},"image":{"@id":"https:\/\/www.cuballama.com\/noticias\/restituyen-a-familia-de-artista-asesinado-en-el-holocausto-siete-obras-de-arte-de-egon-schiele-robadas-por-los-nazis\/#primaryimage"},"thumbnailUrl":"https:\/\/cdn1.mediawpaccore.net\/wp-content\/uploads\/2023\/09\/21094215\/Untitled-design-43.jpg","keywords":["Arte","Egon Schiele","Fritz Gr\u00fcnbaum","hechos inspiradores","historia","Holocausto","Nazis","Obras de Arte"],"articleSection":["Noticias","USA"],"inLanguage":"es","potentialAction":[{"@type":"CommentAction","name":"Comment","target":["https:\/\/www.cuballama.com\/noticias\/restituyen-a-familia-de-artista-asesinado-en-el-holocausto-siete-obras-de-arte-de-egon-schiele-robadas-por-los-nazis\/#respond"]}]},{"@type":"WebPage","@id":"https:\/\/www.cuballama.com\/noticias\/restituyen-a-familia-de-artista-asesinado-en-el-holocausto-siete-obras-de-arte-de-egon-schiele-robadas-por-los-nazis\/","url":"https:\/\/www.cuballama.com\/noticias\/restituyen-a-familia-de-artista-asesinado-en-el-holocausto-siete-obras-de-arte-de-egon-schiele-robadas-por-los-nazis\/","name":"Restituyen a familia de artista asesinado en el Holocausto, siete obras de arte de Egon Schiele robadas por los nazis - Cuballama Noticias","isPartOf":{"@id":"https:\/\/www.cuballama.com\/noticias\/#website"},"primaryImageOfPage":{"@id":"https:\/\/www.cuballama.com\/noticias\/restituyen-a-familia-de-artista-asesinado-en-el-holocausto-siete-obras-de-arte-de-egon-schiele-robadas-por-los-nazis\/#primaryimage"},"image":{"@id":"https:\/\/www.cuballama.com\/noticias\/restituyen-a-familia-de-artista-asesinado-en-el-holocausto-siete-obras-de-arte-de-egon-schiele-robadas-por-los-nazis\/#primaryimage"},"thumbnailUrl":"https:\/\/cdn1.mediawpaccore.net\/wp-content\/uploads\/2023\/09\/21094215\/Untitled-design-43.jpg","datePublished":"2023-09-22T11:44:00+00:00","description":"Siete obras de arte del expresionista austriaco Egon Schiele han sido devueltas a los herederos de Fritz Gr\u00fcnbaum, v\u00edctima del Holocausto.","breadcrumb":{"@id":"https:\/\/www.cuballama.com\/noticias\/restituyen-a-familia-de-artista-asesinado-en-el-holocausto-siete-obras-de-arte-de-egon-schiele-robadas-por-los-nazis\/#breadcrumb"},"inLanguage":"es","potentialAction":[{"@type":"ReadAction","target":["https:\/\/www.cuballama.com\/noticias\/restituyen-a-familia-de-artista-asesinado-en-el-holocausto-siete-obras-de-arte-de-egon-schiele-robadas-por-los-nazis\/"]}]},{"@type":"ImageObject","inLanguage":"es","@id":"https:\/\/www.cuballama.com\/noticias\/restituyen-a-familia-de-artista-asesinado-en-el-holocausto-siete-obras-de-arte-de-egon-schiele-robadas-por-los-nazis\/#primaryimage","url":"https:\/\/cdn1.mediawpaccore.net\/wp-content\/uploads\/2023\/09\/21094215\/Untitled-design-43.jpg","contentUrl":"https:\/\/cdn1.mediawpaccore.net\/wp-content\/uploads\/2023\/09\/21094215\/Untitled-design-43.jpg","width":1200,"height":630,"caption":"FOTO: Cuadro de Egon Schiele - Self-Portrait with Physalis (Esta es una reproducci\u00f3n fotogr\u00e1fica fiel de una obra de arte bidimensional de dominio p\u00fablico. La obra de arte en s\u00ed es de dominio p\u00fablico por el siguiente motivo: El autor muri\u00f3 en 1918, por lo que esta obra es de dominio p\u00fablico en su pa\u00eds de origen y en otros pa\u00edses y \u00e1reas donde el plazo de copyright es la vida del autor m\u00e1s 100 a\u00f1os o menos. Esta obra es de dominio p\u00fablico en los Estados Unidos porque fue publicada (o registrada en la Oficina de Derechos de Autor de los EE. UU.) antes del 1 de enero de 1928.)"},{"@type":"BreadcrumbList","@id":"https:\/\/www.cuballama.com\/noticias\/restituyen-a-familia-de-artista-asesinado-en-el-holocausto-siete-obras-de-arte-de-egon-schiele-robadas-por-los-nazis\/#breadcrumb","itemListElement":[{"@type":"ListItem","position":1,"name":"Home","item":"https:\/\/www.cuballama.com\/noticias\/"},{"@type":"ListItem","position":2,"name":"Restituyen a familia de artista asesinado en el Holocausto, siete obras de arte de Egon Schiele robadas por los nazis"}]},{"@type":"WebSite","@id":"https:\/\/www.cuballama.com\/noticias\/#website","url":"https:\/\/www.cuballama.com\/noticias\/","name":"Cuballama Noticias","description":"Medio digital sobre Cuba y el mundo","publisher":{"@id":"https:\/\/www.cuballama.com\/noticias\/#organization"},"potentialAction":[{"@type":"SearchAction","target":{"@type":"EntryPoint","urlTemplate":"https:\/\/www.cuballama.com\/noticias\/?s={search_term_string}"},"query-input":{"@type":"PropertyValueSpecification","valueRequired":true,"valueName":"search_term_string"}}],"inLanguage":"es"},{"@type":"Organization","@id":"https:\/\/www.cuballama.com\/noticias\/#organization","name":"Cuballama","url":"https:\/\/www.cuballama.com\/noticias\/","logo":{"@type":"ImageObject","inLanguage":"es","@id":"https:\/\/www.cuballama.com\/noticias\/#\/schema\/logo\/image\/","url":"https:\/\/cdn1.mediawpaccore.net\/wp-content\/uploads\/2021\/12\/28171206\/cbll-logo-color-sm.png","contentUrl":"https:\/\/cdn1.mediawpaccore.net\/wp-content\/uploads\/2021\/12\/28171206\/cbll-logo-color-sm.png","width":600,"height":133,"caption":"Cuballama"},"image":{"@id":"https:\/\/www.cuballama.com\/noticias\/#\/schema\/logo\/image\/"},"sameAs":["https:\/\/www.facebook.com\/CubaLlama","https:\/\/x.com\/cuballama","https:\/\/www.instagram.com\/stories\/cuballama_oficial\/","https:\/\/www.youtube.com\/channel\/UCKkFE-d_axENGZcrc4as0IA"]},{"@type":"Person","@id":"https:\/\/www.cuballama.com\/noticias\/#\/schema\/person\/a58502ed4146c8e9f83872e897c76cd2","name":"Roberto A.","description":"Roberto A. Periodista por decisi\u00f3n propia. Interesado en cualquier tema que me apasione y cada vez m\u00e1s comprometido con la verdad y la objetividad period\u00edstica. Graduado en La Habana hace ya muchos a\u00f1os, luego de una accidentada y polvorienta b\u00fasqueda de informaci\u00f3n sobre un tema in\u00e9dito. La Tesis, por cierto, desapareci\u00f3 de la biblioteca y no se conservan copias de la misma.","url":"https:\/\/www.cuballama.com\/noticias\/author\/roberto\/"}]}},"_links":{"self":[{"href":"https:\/\/www.cuballama.com\/noticias\/wp-json\/wp\/v2\/posts\/138589","targetHints":{"allow":["GET"]}}],"collection":[{"href":"https:\/\/www.cuballama.com\/noticias\/wp-json\/wp\/v2\/posts"}],"about":[{"href":"https:\/\/www.cuballama.com\/noticias\/wp-json\/wp\/v2\/types\/post"}],"author":[{"embeddable":true,"href":"https:\/\/www.cuballama.com\/noticias\/wp-json\/wp\/v2\/users\/13"}],"replies":[{"embeddable":true,"href":"https:\/\/www.cuballama.com\/noticias\/wp-json\/wp\/v2\/comments?post=138589"}],"version-history":[{"count":3,"href":"https:\/\/www.cuballama.com\/noticias\/wp-json\/wp\/v2\/posts\/138589\/revisions"}],"predecessor-version":[{"id":138698,"href":"https:\/\/www.cuballama.com\/noticias\/wp-json\/wp\/v2\/posts\/138589\/revisions\/138698"}],"wp:featuredmedia":[{"embeddable":true,"href":"https:\/\/www.cuballama.com\/noticias\/wp-json\/wp\/v2\/media\/138596"}],"wp:attachment":[{"href":"https:\/\/www.cuballama.com\/noticias\/wp-json\/wp\/v2\/media?parent=138589"}],"wp:term":[{"taxonomy":"category","embeddable":true,"href":"https:\/\/www.cuballama.com\/noticias\/wp-json\/wp\/v2\/categories?post=138589"},{"taxonomy":"post_tag","embeddable":true,"href":"https:\/\/www.cuballama.com\/noticias\/wp-json\/wp\/v2\/tags?post=138589"}],"curies":[{"name":"wp","href":"https:\/\/api.w.org\/{rel}","templated":true}]}}