{"id":122274,"date":"2023-05-09T15:58:36","date_gmt":"2023-05-09T19:58:36","guid":{"rendered":"https:\/\/www.cuballama.com\/noticias\/?p=122274"},"modified":"2023-05-09T17:03:44","modified_gmt":"2023-05-09T21:03:44","slug":"video-policia-cubano-dispara-en-plena-calle-contra-agresor","status":"publish","type":"post","link":"https:\/\/www.cuballama.com\/noticias\/video-policia-cubano-dispara-en-plena-calle-contra-agresor\/","title":{"rendered":"VIDEO: Polic\u00eda cubano dispara en plena calle contra agresor"},"content":{"rendered":"\n<p>En redes sociales circulan varios videos que muestran el momento en que un polic\u00eda cubano le dispara en el pie a un hombre armado con un cuchillo, y luego se lo llevan preso.<\/p>\n\n\n\n<p>Al menos dos videos diferentes muestran la escena, filmada en el municipio habanero El Cotorro, y que muestra c\u00f3mo una persona se les acerca, despacio y cuchillo en mano, a dos agentes que llegaron en una patrulla, presumiblemente en respuesta a un llamado.<\/p>\n\n\n\n<p>El joven sal\u00eda del cine Sal\u00f3n Rosa, luego de caerle a pedradas a la vidriera de la instalaci\u00f3n.<\/p>\n\n\n\n<blockquote class=\"instagram-media\" data-instgrm-captioned data-instgrm-permalink=\"https:\/\/www.instagram.com\/reel\/CsCBXu2ATnY\/?utm_source=ig_embed&amp;utm_campaign=loading\" data-instgrm-version=\"14\" style=\" background:#FFF; border:0; border-radius:3px; box-shadow:0 0 1px 0 rgba(0,0,0,0.5),0 1px 10px 0 rgba(0,0,0,0.15); margin: 1px; max-width:540px; min-width:326px; padding:0; width:99.375%; width:-webkit-calc(100% - 2px); width:calc(100% - 2px);\"><div style=\"padding:16px;\"> <a href=\"https:\/\/www.instagram.com\/reel\/CsCBXu2ATnY\/?utm_source=ig_embed&amp;utm_campaign=loading\" style=\" background:#FFFFFF; line-height:0; padding:0 0; text-align:center; text-decoration:none; width:100%;\" target=\"_blank\" rel=\"noopener\"> <div style=\" display: flex; flex-direction: row; align-items: center;\"> <div style=\"background-color: #F4F4F4; border-radius: 50%; flex-grow: 0; height: 40px; margin-right: 14px; width: 40px;\"><\/div> <div style=\"display: flex; flex-direction: column; flex-grow: 1; justify-content: center;\"> <div style=\" background-color: #F4F4F4; border-radius: 4px; flex-grow: 0; height: 14px; margin-bottom: 6px; width: 100px;\"><\/div> <div style=\" background-color: #F4F4F4; border-radius: 4px; flex-grow: 0; height: 14px; width: 60px;\"><\/div><\/div><\/div><div style=\"padding: 19% 0;\"><\/div> <div style=\"display:block; height:50px; margin:0 auto 12px; width:50px;\"><svg width=\"50px\" height=\"50px\" viewBox=\"0 0 60 60\" version=\"1.1\" xmlns=\"https:\/\/www.w3.org\/2000\/svg\" xmlns:xlink=\"https:\/\/www.w3.org\/1999\/xlink\"><g stroke=\"none\" stroke-width=\"1\" fill=\"none\" fill-rule=\"evenodd\"><g transform=\"translate(-511.000000, -20.000000)\" fill=\"#000000\"><g><path d=\"M556.869,30.41 C554.814,30.41 553.148,32.076 553.148,34.131 C553.148,36.186 554.814,37.852 556.869,37.852 C558.924,37.852 560.59,36.186 560.59,34.131 C560.59,32.076 558.924,30.41 556.869,30.41 M541,60.657 C535.114,60.657 530.342,55.887 530.342,50 C530.342,44.114 535.114,39.342 541,39.342 C546.887,39.342 551.658,44.114 551.658,50 C551.658,55.887 546.887,60.657 541,60.657 M541,33.886 C532.1,33.886 524.886,41.1 524.886,50 C524.886,58.899 532.1,66.113 541,66.113 C549.9,66.113 557.115,58.899 557.115,50 C557.115,41.1 549.9,33.886 541,33.886 M565.378,62.101 C565.244,65.022 564.756,66.606 564.346,67.663 C563.803,69.06 563.154,70.057 562.106,71.106 C561.058,72.155 560.06,72.803 558.662,73.347 C557.607,73.757 556.021,74.244 553.102,74.378 C549.944,74.521 548.997,74.552 541,74.552 C533.003,74.552 532.056,74.521 528.898,74.378 C525.979,74.244 524.393,73.757 523.338,73.347 C521.94,72.803 520.942,72.155 519.894,71.106 C518.846,70.057 518.197,69.06 517.654,67.663 C517.244,66.606 516.755,65.022 516.623,62.101 C516.479,58.943 516.448,57.996 516.448,50 C516.448,42.003 516.479,41.056 516.623,37.899 C516.755,34.978 517.244,33.391 517.654,32.338 C518.197,30.938 518.846,29.942 519.894,28.894 C520.942,27.846 521.94,27.196 523.338,26.654 C524.393,26.244 525.979,25.756 528.898,25.623 C532.057,25.479 533.004,25.448 541,25.448 C548.997,25.448 549.943,25.479 553.102,25.623 C556.021,25.756 557.607,26.244 558.662,26.654 C560.06,27.196 561.058,27.846 562.106,28.894 C563.154,29.942 563.803,30.938 564.346,32.338 C564.756,33.391 565.244,34.978 565.378,37.899 C565.522,41.056 565.552,42.003 565.552,50 C565.552,57.996 565.522,58.943 565.378,62.101 M570.82,37.631 C570.674,34.438 570.167,32.258 569.425,30.349 C568.659,28.377 567.633,26.702 565.965,25.035 C564.297,23.368 562.623,22.342 560.652,21.575 C558.743,20.834 556.562,20.326 553.369,20.18 C550.169,20.033 549.148,20 541,20 C532.853,20 531.831,20.033 528.631,20.18 C525.438,20.326 523.257,20.834 521.349,21.575 C519.376,22.342 517.703,23.368 516.035,25.035 C514.368,26.702 513.342,28.377 512.574,30.349 C511.834,32.258 511.326,34.438 511.181,37.631 C511.035,40.831 511,41.851 511,50 C511,58.147 511.035,59.17 511.181,62.369 C511.326,65.562 511.834,67.743 512.574,69.651 C513.342,71.625 514.368,73.296 516.035,74.965 C517.703,76.634 519.376,77.658 521.349,78.425 C523.257,79.167 525.438,79.673 528.631,79.82 C531.831,79.965 532.853,80.001 541,80.001 C549.148,80.001 550.169,79.965 553.369,79.82 C556.562,79.673 558.743,79.167 560.652,78.425 C562.623,77.658 564.297,76.634 565.965,74.965 C567.633,73.296 568.659,71.625 569.425,69.651 C570.167,67.743 570.674,65.562 570.82,62.369 C570.966,59.17 571,58.147 571,50 C571,41.851 570.966,40.831 570.82,37.631\"><\/path><\/g><\/g><\/g><\/svg><\/div><div style=\"padding-top: 8px;\"> <div style=\" color:#3897f0; font-family:Arial,sans-serif; font-size:14px; font-style:normal; font-weight:550; line-height:18px;\">Ver esta publicaci\u00f3n en Instagram<\/div><\/div><div style=\"padding: 12.5% 0;\"><\/div> <div style=\"display: flex; flex-direction: row; margin-bottom: 14px; align-items: center;\"><div> <div style=\"background-color: #F4F4F4; border-radius: 50%; height: 12.5px; width: 12.5px; transform: translateX(0px) translateY(7px);\"><\/div> <div style=\"background-color: #F4F4F4; height: 12.5px; transform: rotate(-45deg) translateX(3px) translateY(1px); width: 12.5px; flex-grow: 0; margin-right: 14px; margin-left: 2px;\"><\/div> <div style=\"background-color: #F4F4F4; border-radius: 50%; height: 12.5px; width: 12.5px; transform: translateX(9px) translateY(-18px);\"><\/div><\/div><div style=\"margin-left: 8px;\"> <div style=\" background-color: #F4F4F4; border-radius: 50%; flex-grow: 0; height: 20px; width: 20px;\"><\/div> <div style=\" width: 0; height: 0; border-top: 2px solid transparent; border-left: 6px solid #f4f4f4; border-bottom: 2px solid transparent; transform: translateX(16px) translateY(-4px) rotate(30deg)\"><\/div><\/div><div style=\"margin-left: auto;\"> <div style=\" width: 0px; border-top: 8px solid #F4F4F4; border-right: 8px solid transparent; transform: translateY(16px);\"><\/div> <div style=\" background-color: #F4F4F4; flex-grow: 0; height: 12px; width: 16px; transform: translateY(-4px);\"><\/div> <div style=\" width: 0; height: 0; border-top: 8px solid #F4F4F4; border-left: 8px solid transparent; transform: translateY(-4px) translateX(8px);\"><\/div><\/div><\/div> <div style=\"display: flex; flex-direction: column; flex-grow: 1; justify-content: center; margin-bottom: 24px;\"> <div style=\" background-color: #F4F4F4; border-radius: 4px; flex-grow: 0; height: 14px; margin-bottom: 6px; width: 224px;\"><\/div> <div style=\" background-color: #F4F4F4; border-radius: 4px; flex-grow: 0; height: 14px; width: 144px;\"><\/div><\/div><\/a><p style=\" color:#c9c8cd; font-family:Arial,sans-serif; font-size:14px; line-height:17px; margin-bottom:0; margin-top:8px; overflow:hidden; padding:8px 0 7px; text-align:center; text-overflow:ellipsis; white-space:nowrap;\"><a href=\"https:\/\/www.instagram.com\/reel\/CsCBXu2ATnY\/?utm_source=ig_embed&amp;utm_campaign=loading\" style=\" color:#c9c8cd; font-family:Arial,sans-serif; font-size:14px; font-style:normal; font-weight:normal; line-height:17px; text-decoration:none;\" target=\"_blank\" rel=\"noopener\">Una publicaci\u00f3n compartida por Cubanos por el Mundo (@cubanosdelmundo)<\/a><\/p><\/div><\/blockquote> <script async src=\"\/\/www.instagram.com\/embed.js\"><\/script>\n\n\n\n<p>Las grabaciones no permiten escuchar con claridad la supuesta conversaci\u00f3n entre los polic\u00edas y el hombre armado, pero este avanzaba hacia ellos, los uniformados retrocedieron indic\u00e1ndole algo, hasta que uno de ellos le dispar\u00f3 en el pie al potencial agresor.<\/p>\n\n\n\n<p>El disparo fue hecho a corta distancia y al pie, y las im\u00e1genes muestran que hubo un cruce de palabras entre los miembros de la Polic\u00eda Nacional Revolucionaria (PNR) y la persona, que a priori no mostraba signos de violencia, salvo por el hecho de irles arriba con un arma blanca.<\/p>\n\n\n\n<p>Los testigos no se involucran en el incidente, y se les escucha a algunos reconocer que la reacci\u00f3n fue proporcional: \u201cAmenaza con un cuchillo, le meto un tiro\u201d, se oye decir a uno.<\/p>\n\n\n\n<iframe loading=\"lazy\" src=\"https:\/\/www.facebook.com\/plugins\/video.php?height=476&#038;href=https%3A%2F%2Fwww.facebook.com%2F100081443434692%2Fvideos%2F272020928500165%2F&#038;show_text=false&#038;width=261&#038;t=0\" width=\"261\" height=\"476\" style=\"border:none;overflow:hidden\" scrolling=\"no\" frameborder=\"0\" allowfullscreen=\"true\" allow=\"autoplay; clipboard-write; encrypted-media; picture-in-picture; web-share\" allowFullScreen=\"true\"><\/iframe>\n\n\n\n<p>El estallido del disparo sorprendi\u00f3 a todos, mientras en la avenida los carros segu\u00edan pasando. \u201cFilma eso, filma eso\u201d, dec\u00edan.<\/p>\n\n\n\n<p>Desde la acera del frente, en otra toma, una mujer cuestiona al hombre que encar\u00f3 a los polic\u00edas: \u201cEse est\u00e1 arrebatao\u2026 Est\u00e1 fumao, no se fumen m\u00e1s eso caballero\u201d, coment\u00f3 una mujer.<\/p>\n\n\n\n<p>En redes sociales se suscit\u00f3 un debate entre los foristas, entre quienes creen que hubo un abuso de poder, que evidencia el car\u00e1cter represivo de las autoridades de la isla, y quienes opinan que los agentes no ten\u00edan otra opci\u00f3n que defenderse.<\/p>\n\n\n\n<p>\u201cEn cualquier pa\u00eds un ciudadano le va para arriba a un polic\u00eda y este autom\u00e1ticamente dispara\u201d, escribi\u00f3 una usuaria de Instagram, mientras otro asegur\u00f3 que el hombre que acab\u00f3 con un tiro en el pie dio un ejemplo a seguir, al encarar a los \u201crepresores\u201d.<\/p>\n\n\n\n<p>M\u00e1s all\u00e1 de las circunstancias puntuales, los agentes del orden en Cuba han sido acusados de usar la violencia con exceso y muchas veces sin justificaci\u00f3n alguna. A mediados de 2022 muri\u00f3 un joven de 17 a\u00f1os, v\u00edctima del disparo de un polic\u00eda que lo ten\u00eda inmovilizado contra la calle.&nbsp;<\/p>\n\n\n\n<p>A su vez, en marzo pasado un joven de 30 a\u00f1os muri\u00f3 en Santiago de Cuba como consecuencia de la paliza que le propin\u00f3 un polic\u00eda, sin causa aparente.<\/p>\n","protected":false},"excerpt":{"rendered":"<p>Un polic\u00eda en Cuba le dispar\u00f3 en el pie a un individuo que lo encar\u00f3 con un cuchillo, tras caerle a padradas a un cine en El Cotorro<\/p>\n","protected":false},"author":28,"featured_media":122275,"comment_status":"open","ping_status":"closed","sticky":false,"template":"","format":"standard","meta":{"_acf_changed":false,"footnotes":""},"categories":[18,955],"tags":[10610,10867,11,941,4990,16326,16325,10276],"class_list":{"0":"post-122274","1":"post","2":"type-post","3":"status-publish","4":"format-standard","5":"has-post-thumbnail","7":"category-noticias","8":"category-noticias-de-cuba","9":"tag-abuso-policial-en-cuba","10":"tag-crisis-en-cuba","11":"tag-cuba","12":"tag-destacado","13":"tag-el-cotorro","14":"tag-policia-cubano-dispara","15":"tag-video-de-policia-cubano","16":"tag-violencia-en-cuba"},"acf":[],"yoast_head":"<!-- This site is optimized with the Yoast SEO plugin v27.5 - https:\/\/yoast.com\/product\/yoast-seo-wordpress\/ -->\n<title>VIDEO: Polic\u00eda cubano dispara en plena calle contra agresor - Cuballama Noticias<\/title>\n<meta name=\"description\" content=\"Un polic\u00eda en Cuba le dispar\u00f3 en el pie a un individuo que lo encar\u00f3 con un cuchillo, tras caerle a padradas a un cine en El Cotorro\" \/>\n<meta name=\"robots\" content=\"index, follow, max-snippet:-1, max-image-preview:large, max-video-preview:-1\" \/>\n<link rel=\"canonical\" href=\"https:\/\/www.cuballama.com\/noticias\/video-policia-cubano-dispara-en-plena-calle-contra-agresor\/\" \/>\n<meta property=\"og:locale\" content=\"es_ES\" \/>\n<meta property=\"og:type\" content=\"article\" \/>\n<meta property=\"og:title\" content=\"VIDEO: Polic\u00eda cubano dispara en plena calle contra agresor - Cuballama Noticias\" \/>\n<meta property=\"og:description\" content=\"Un polic\u00eda en Cuba le dispar\u00f3 en el pie a un individuo que lo encar\u00f3 con un cuchillo, tras caerle a padradas a un cine en El Cotorro\" \/>\n<meta property=\"og:url\" content=\"https:\/\/www.cuballama.com\/noticias\/video-policia-cubano-dispara-en-plena-calle-contra-agresor\/\" \/>\n<meta property=\"og:site_name\" content=\"Cuballama Noticias\" \/>\n<meta property=\"article:publisher\" content=\"https:\/\/www.facebook.com\/CubaLlama\" \/>\n<meta property=\"article:published_time\" content=\"2023-05-09T19:58:36+00:00\" \/>\n<meta property=\"article:modified_time\" content=\"2023-05-09T21:03:44+00:00\" \/>\n<meta property=\"og:image\" content=\"https:\/\/www.cuballama.com\/noticias\/wp-content\/uploads\/2023\/05\/pnc.png\" \/>\n\t<meta property=\"og:image:width\" content=\"519\" \/>\n\t<meta property=\"og:image:height\" content=\"363\" \/>\n\t<meta property=\"og:image:type\" content=\"image\/png\" \/>\n<meta name=\"author\" content=\"Aragorn\" \/>\n<meta name=\"twitter:card\" content=\"summary_large_image\" \/>\n<meta name=\"twitter:creator\" content=\"@cuballama\" \/>\n<meta name=\"twitter:site\" content=\"@cuballama\" \/>\n<meta name=\"twitter:label1\" content=\"Escrito por\" \/>\n\t<meta name=\"twitter:data1\" content=\"Aragorn\" \/>\n\t<meta name=\"twitter:label2\" content=\"Tiempo de lectura\" \/>\n\t<meta name=\"twitter:data2\" content=\"2 minutos\" \/>\n<script type=\"application\/ld+json\" class=\"yoast-schema-graph\">{\"@context\":\"https:\\\/\\\/schema.org\",\"@graph\":[{\"@type\":\"Article\",\"@id\":\"https:\\\/\\\/www.cuballama.com\\\/noticias\\\/video-policia-cubano-dispara-en-plena-calle-contra-agresor\\\/#article\",\"isPartOf\":{\"@id\":\"https:\\\/\\\/www.cuballama.com\\\/noticias\\\/video-policia-cubano-dispara-en-plena-calle-contra-agresor\\\/\"},\"author\":{\"name\":\"Aragorn\",\"@id\":\"https:\\\/\\\/www.cuballama.com\\\/noticias\\\/#\\\/schema\\\/person\\\/5bb4e967923f1874b761db3bbd19a2be\"},\"headline\":\"VIDEO: Polic\u00eda cubano dispara en plena calle contra agresor\",\"datePublished\":\"2023-05-09T19:58:36+00:00\",\"dateModified\":\"2023-05-09T21:03:44+00:00\",\"mainEntityOfPage\":{\"@id\":\"https:\\\/\\\/www.cuballama.com\\\/noticias\\\/video-policia-cubano-dispara-en-plena-calle-contra-agresor\\\/\"},\"wordCount\":489,\"commentCount\":0,\"publisher\":{\"@id\":\"https:\\\/\\\/www.cuballama.com\\\/noticias\\\/#organization\"},\"image\":{\"@id\":\"https:\\\/\\\/www.cuballama.com\\\/noticias\\\/video-policia-cubano-dispara-en-plena-calle-contra-agresor\\\/#primaryimage\"},\"thumbnailUrl\":\"https:\\\/\\\/cdn1.mediawpaccore.net\\\/wp-content\\\/uploads\\\/2023\\\/05\\\/09154244\\\/pnc.png\",\"keywords\":[\"Abuso policial en Cuba\",\"Crisis en Cuba\",\"Cuba\",\"destacado\",\"El Cotorro\",\"polic\u00eda cubano dispara\",\"video de polic\u00eda cubano\",\"violencia en Cuba\"],\"articleSection\":[\"Noticias\",\"Noticias de Cuba\"],\"inLanguage\":\"es\",\"potentialAction\":[{\"@type\":\"CommentAction\",\"name\":\"Comment\",\"target\":[\"https:\\\/\\\/www.cuballama.com\\\/noticias\\\/video-policia-cubano-dispara-en-plena-calle-contra-agresor\\\/#respond\"]}]},{\"@type\":\"WebPage\",\"@id\":\"https:\\\/\\\/www.cuballama.com\\\/noticias\\\/video-policia-cubano-dispara-en-plena-calle-contra-agresor\\\/\",\"url\":\"https:\\\/\\\/www.cuballama.com\\\/noticias\\\/video-policia-cubano-dispara-en-plena-calle-contra-agresor\\\/\",\"name\":\"VIDEO: Polic\u00eda cubano dispara en plena calle contra agresor - Cuballama Noticias\",\"isPartOf\":{\"@id\":\"https:\\\/\\\/www.cuballama.com\\\/noticias\\\/#website\"},\"primaryImageOfPage\":{\"@id\":\"https:\\\/\\\/www.cuballama.com\\\/noticias\\\/video-policia-cubano-dispara-en-plena-calle-contra-agresor\\\/#primaryimage\"},\"image\":{\"@id\":\"https:\\\/\\\/www.cuballama.com\\\/noticias\\\/video-policia-cubano-dispara-en-plena-calle-contra-agresor\\\/#primaryimage\"},\"thumbnailUrl\":\"https:\\\/\\\/cdn1.mediawpaccore.net\\\/wp-content\\\/uploads\\\/2023\\\/05\\\/09154244\\\/pnc.png\",\"datePublished\":\"2023-05-09T19:58:36+00:00\",\"dateModified\":\"2023-05-09T21:03:44+00:00\",\"description\":\"Un polic\u00eda en Cuba le dispar\u00f3 en el pie a un individuo que lo encar\u00f3 con un cuchillo, tras caerle a padradas a un cine en El Cotorro\",\"breadcrumb\":{\"@id\":\"https:\\\/\\\/www.cuballama.com\\\/noticias\\\/video-policia-cubano-dispara-en-plena-calle-contra-agresor\\\/#breadcrumb\"},\"inLanguage\":\"es\",\"potentialAction\":[{\"@type\":\"ReadAction\",\"target\":[\"https:\\\/\\\/www.cuballama.com\\\/noticias\\\/video-policia-cubano-dispara-en-plena-calle-contra-agresor\\\/\"]}]},{\"@type\":\"ImageObject\",\"inLanguage\":\"es\",\"@id\":\"https:\\\/\\\/www.cuballama.com\\\/noticias\\\/video-policia-cubano-dispara-en-plena-calle-contra-agresor\\\/#primaryimage\",\"url\":\"https:\\\/\\\/cdn1.mediawpaccore.net\\\/wp-content\\\/uploads\\\/2023\\\/05\\\/09154244\\\/pnc.png\",\"contentUrl\":\"https:\\\/\\\/cdn1.mediawpaccore.net\\\/wp-content\\\/uploads\\\/2023\\\/05\\\/09154244\\\/pnc.png\",\"width\":519,\"height\":363},{\"@type\":\"BreadcrumbList\",\"@id\":\"https:\\\/\\\/www.cuballama.com\\\/noticias\\\/video-policia-cubano-dispara-en-plena-calle-contra-agresor\\\/#breadcrumb\",\"itemListElement\":[{\"@type\":\"ListItem\",\"position\":1,\"name\":\"Home\",\"item\":\"https:\\\/\\\/www.cuballama.com\\\/noticias\\\/\"},{\"@type\":\"ListItem\",\"position\":2,\"name\":\"VIDEO: Polic\u00eda cubano dispara en plena calle contra agresor\"}]},{\"@type\":\"WebSite\",\"@id\":\"https:\\\/\\\/www.cuballama.com\\\/noticias\\\/#website\",\"url\":\"https:\\\/\\\/www.cuballama.com\\\/noticias\\\/\",\"name\":\"Cuballama Noticias\",\"description\":\"Medio digital sobre Cuba y el mundo\",\"publisher\":{\"@id\":\"https:\\\/\\\/www.cuballama.com\\\/noticias\\\/#organization\"},\"potentialAction\":[{\"@type\":\"SearchAction\",\"target\":{\"@type\":\"EntryPoint\",\"urlTemplate\":\"https:\\\/\\\/www.cuballama.com\\\/noticias\\\/?s={search_term_string}\"},\"query-input\":{\"@type\":\"PropertyValueSpecification\",\"valueRequired\":true,\"valueName\":\"search_term_string\"}}],\"inLanguage\":\"es\"},{\"@type\":\"Organization\",\"@id\":\"https:\\\/\\\/www.cuballama.com\\\/noticias\\\/#organization\",\"name\":\"Cuballama\",\"url\":\"https:\\\/\\\/www.cuballama.com\\\/noticias\\\/\",\"logo\":{\"@type\":\"ImageObject\",\"inLanguage\":\"es\",\"@id\":\"https:\\\/\\\/www.cuballama.com\\\/noticias\\\/#\\\/schema\\\/logo\\\/image\\\/\",\"url\":\"https:\\\/\\\/cdn1.mediawpaccore.net\\\/wp-content\\\/uploads\\\/2021\\\/12\\\/28171206\\\/cbll-logo-color-sm.png\",\"contentUrl\":\"https:\\\/\\\/cdn1.mediawpaccore.net\\\/wp-content\\\/uploads\\\/2021\\\/12\\\/28171206\\\/cbll-logo-color-sm.png\",\"width\":600,\"height\":133,\"caption\":\"Cuballama\"},\"image\":{\"@id\":\"https:\\\/\\\/www.cuballama.com\\\/noticias\\\/#\\\/schema\\\/logo\\\/image\\\/\"},\"sameAs\":[\"https:\\\/\\\/www.facebook.com\\\/CubaLlama\",\"https:\\\/\\\/x.com\\\/cuballama\",\"https:\\\/\\\/www.instagram.com\\\/stories\\\/cuballama_oficial\\\/\",\"https:\\\/\\\/www.youtube.com\\\/channel\\\/UCKkFE-d_axENGZcrc4as0IA\"]},{\"@type\":\"Person\",\"@id\":\"https:\\\/\\\/www.cuballama.com\\\/noticias\\\/#\\\/schema\\\/person\\\/5bb4e967923f1874b761db3bbd19a2be\",\"name\":\"Aragorn\",\"url\":\"https:\\\/\\\/www.cuballama.com\\\/noticias\\\/author\\\/aragorn\\\/\"}]}<\/script>\n<!-- \/ Yoast SEO plugin. -->","yoast_head_json":{"title":"VIDEO: Polic\u00eda cubano dispara en plena calle contra agresor - Cuballama Noticias","description":"Un polic\u00eda en Cuba le dispar\u00f3 en el pie a un individuo que lo encar\u00f3 con un cuchillo, tras caerle a padradas a un cine en El Cotorro","robots":{"index":"index","follow":"follow","max-snippet":"max-snippet:-1","max-image-preview":"max-image-preview:large","max-video-preview":"max-video-preview:-1"},"canonical":"https:\/\/www.cuballama.com\/noticias\/video-policia-cubano-dispara-en-plena-calle-contra-agresor\/","og_locale":"es_ES","og_type":"article","og_title":"VIDEO: Polic\u00eda cubano dispara en plena calle contra agresor - Cuballama Noticias","og_description":"Un polic\u00eda en Cuba le dispar\u00f3 en el pie a un individuo que lo encar\u00f3 con un cuchillo, tras caerle a padradas a un cine en El Cotorro","og_url":"https:\/\/www.cuballama.com\/noticias\/video-policia-cubano-dispara-en-plena-calle-contra-agresor\/","og_site_name":"Cuballama Noticias","article_publisher":"https:\/\/www.facebook.com\/CubaLlama","article_published_time":"2023-05-09T19:58:36+00:00","article_modified_time":"2023-05-09T21:03:44+00:00","og_image":[{"width":519,"height":363,"url":"https:\/\/www.cuballama.com\/noticias\/wp-content\/uploads\/2023\/05\/pnc.png","type":"image\/png"}],"author":"Aragorn","twitter_card":"summary_large_image","twitter_creator":"@cuballama","twitter_site":"@cuballama","twitter_misc":{"Escrito por":"Aragorn","Tiempo de lectura":"2 minutos"},"schema":{"@context":"https:\/\/schema.org","@graph":[{"@type":"Article","@id":"https:\/\/www.cuballama.com\/noticias\/video-policia-cubano-dispara-en-plena-calle-contra-agresor\/#article","isPartOf":{"@id":"https:\/\/www.cuballama.com\/noticias\/video-policia-cubano-dispara-en-plena-calle-contra-agresor\/"},"author":{"name":"Aragorn","@id":"https:\/\/www.cuballama.com\/noticias\/#\/schema\/person\/5bb4e967923f1874b761db3bbd19a2be"},"headline":"VIDEO: Polic\u00eda cubano dispara en plena calle contra agresor","datePublished":"2023-05-09T19:58:36+00:00","dateModified":"2023-05-09T21:03:44+00:00","mainEntityOfPage":{"@id":"https:\/\/www.cuballama.com\/noticias\/video-policia-cubano-dispara-en-plena-calle-contra-agresor\/"},"wordCount":489,"commentCount":0,"publisher":{"@id":"https:\/\/www.cuballama.com\/noticias\/#organization"},"image":{"@id":"https:\/\/www.cuballama.com\/noticias\/video-policia-cubano-dispara-en-plena-calle-contra-agresor\/#primaryimage"},"thumbnailUrl":"https:\/\/cdn1.mediawpaccore.net\/wp-content\/uploads\/2023\/05\/09154244\/pnc.png","keywords":["Abuso policial en Cuba","Crisis en Cuba","Cuba","destacado","El Cotorro","polic\u00eda cubano dispara","video de polic\u00eda cubano","violencia en Cuba"],"articleSection":["Noticias","Noticias de Cuba"],"inLanguage":"es","potentialAction":[{"@type":"CommentAction","name":"Comment","target":["https:\/\/www.cuballama.com\/noticias\/video-policia-cubano-dispara-en-plena-calle-contra-agresor\/#respond"]}]},{"@type":"WebPage","@id":"https:\/\/www.cuballama.com\/noticias\/video-policia-cubano-dispara-en-plena-calle-contra-agresor\/","url":"https:\/\/www.cuballama.com\/noticias\/video-policia-cubano-dispara-en-plena-calle-contra-agresor\/","name":"VIDEO: Polic\u00eda cubano dispara en plena calle contra agresor - Cuballama Noticias","isPartOf":{"@id":"https:\/\/www.cuballama.com\/noticias\/#website"},"primaryImageOfPage":{"@id":"https:\/\/www.cuballama.com\/noticias\/video-policia-cubano-dispara-en-plena-calle-contra-agresor\/#primaryimage"},"image":{"@id":"https:\/\/www.cuballama.com\/noticias\/video-policia-cubano-dispara-en-plena-calle-contra-agresor\/#primaryimage"},"thumbnailUrl":"https:\/\/cdn1.mediawpaccore.net\/wp-content\/uploads\/2023\/05\/09154244\/pnc.png","datePublished":"2023-05-09T19:58:36+00:00","dateModified":"2023-05-09T21:03:44+00:00","description":"Un polic\u00eda en Cuba le dispar\u00f3 en el pie a un individuo que lo encar\u00f3 con un cuchillo, tras caerle a padradas a un cine en El Cotorro","breadcrumb":{"@id":"https:\/\/www.cuballama.com\/noticias\/video-policia-cubano-dispara-en-plena-calle-contra-agresor\/#breadcrumb"},"inLanguage":"es","potentialAction":[{"@type":"ReadAction","target":["https:\/\/www.cuballama.com\/noticias\/video-policia-cubano-dispara-en-plena-calle-contra-agresor\/"]}]},{"@type":"ImageObject","inLanguage":"es","@id":"https:\/\/www.cuballama.com\/noticias\/video-policia-cubano-dispara-en-plena-calle-contra-agresor\/#primaryimage","url":"https:\/\/cdn1.mediawpaccore.net\/wp-content\/uploads\/2023\/05\/09154244\/pnc.png","contentUrl":"https:\/\/cdn1.mediawpaccore.net\/wp-content\/uploads\/2023\/05\/09154244\/pnc.png","width":519,"height":363},{"@type":"BreadcrumbList","@id":"https:\/\/www.cuballama.com\/noticias\/video-policia-cubano-dispara-en-plena-calle-contra-agresor\/#breadcrumb","itemListElement":[{"@type":"ListItem","position":1,"name":"Home","item":"https:\/\/www.cuballama.com\/noticias\/"},{"@type":"ListItem","position":2,"name":"VIDEO: Polic\u00eda cubano dispara en plena calle contra agresor"}]},{"@type":"WebSite","@id":"https:\/\/www.cuballama.com\/noticias\/#website","url":"https:\/\/www.cuballama.com\/noticias\/","name":"Cuballama Noticias","description":"Medio digital sobre Cuba y el mundo","publisher":{"@id":"https:\/\/www.cuballama.com\/noticias\/#organization"},"potentialAction":[{"@type":"SearchAction","target":{"@type":"EntryPoint","urlTemplate":"https:\/\/www.cuballama.com\/noticias\/?s={search_term_string}"},"query-input":{"@type":"PropertyValueSpecification","valueRequired":true,"valueName":"search_term_string"}}],"inLanguage":"es"},{"@type":"Organization","@id":"https:\/\/www.cuballama.com\/noticias\/#organization","name":"Cuballama","url":"https:\/\/www.cuballama.com\/noticias\/","logo":{"@type":"ImageObject","inLanguage":"es","@id":"https:\/\/www.cuballama.com\/noticias\/#\/schema\/logo\/image\/","url":"https:\/\/cdn1.mediawpaccore.net\/wp-content\/uploads\/2021\/12\/28171206\/cbll-logo-color-sm.png","contentUrl":"https:\/\/cdn1.mediawpaccore.net\/wp-content\/uploads\/2021\/12\/28171206\/cbll-logo-color-sm.png","width":600,"height":133,"caption":"Cuballama"},"image":{"@id":"https:\/\/www.cuballama.com\/noticias\/#\/schema\/logo\/image\/"},"sameAs":["https:\/\/www.facebook.com\/CubaLlama","https:\/\/x.com\/cuballama","https:\/\/www.instagram.com\/stories\/cuballama_oficial\/","https:\/\/www.youtube.com\/channel\/UCKkFE-d_axENGZcrc4as0IA"]},{"@type":"Person","@id":"https:\/\/www.cuballama.com\/noticias\/#\/schema\/person\/5bb4e967923f1874b761db3bbd19a2be","name":"Aragorn","url":"https:\/\/www.cuballama.com\/noticias\/author\/aragorn\/"}]}},"_links":{"self":[{"href":"https:\/\/www.cuballama.com\/noticias\/wp-json\/wp\/v2\/posts\/122274","targetHints":{"allow":["GET"]}}],"collection":[{"href":"https:\/\/www.cuballama.com\/noticias\/wp-json\/wp\/v2\/posts"}],"about":[{"href":"https:\/\/www.cuballama.com\/noticias\/wp-json\/wp\/v2\/types\/post"}],"author":[{"embeddable":true,"href":"https:\/\/www.cuballama.com\/noticias\/wp-json\/wp\/v2\/users\/28"}],"replies":[{"embeddable":true,"href":"https:\/\/www.cuballama.com\/noticias\/wp-json\/wp\/v2\/comments?post=122274"}],"version-history":[{"count":3,"href":"https:\/\/www.cuballama.com\/noticias\/wp-json\/wp\/v2\/posts\/122274\/revisions"}],"predecessor-version":[{"id":122279,"href":"https:\/\/www.cuballama.com\/noticias\/wp-json\/wp\/v2\/posts\/122274\/revisions\/122279"}],"wp:featuredmedia":[{"embeddable":true,"href":"https:\/\/www.cuballama.com\/noticias\/wp-json\/wp\/v2\/media\/122275"}],"wp:attachment":[{"href":"https:\/\/www.cuballama.com\/noticias\/wp-json\/wp\/v2\/media?parent=122274"}],"wp:term":[{"taxonomy":"category","embeddable":true,"href":"https:\/\/www.cuballama.com\/noticias\/wp-json\/wp\/v2\/categories?post=122274"},{"taxonomy":"post_tag","embeddable":true,"href":"https:\/\/www.cuballama.com\/noticias\/wp-json\/wp\/v2\/tags?post=122274"}],"curies":[{"name":"wp","href":"https:\/\/api.w.org\/{rel}","templated":true}]}}