{"id":104649,"date":"2022-10-20T12:31:57","date_gmt":"2022-10-20T16:31:57","guid":{"rendered":"https:\/\/www.cuballama.com\/noticias\/?p=104649"},"modified":"2022-10-20T12:32:01","modified_gmt":"2022-10-20T16:32:01","slug":"cubana-maria-isabel-diaz-lago-recuerda-su-participacion-en-famosa-serie-vis-a-vis","status":"publish","type":"post","link":"https:\/\/www.cuballama.com\/noticias\/cubana-maria-isabel-diaz-lago-recuerda-su-participacion-en-famosa-serie-vis-a-vis\/","title":{"rendered":"Cubana Mar\u00eda Isabel D\u00edaz Lago recuerda su participaci\u00f3n en famosa serie Vis a Vis"},"content":{"rendered":"\n<p>La reconocida actriz cubana Mar\u00eda Isabel D\u00edaz Lago, a quien muchos recuerdan en la Isla por su protag\u00f3nico en la pel\u00edcula <em>Una novia para David, <\/em>record\u00f3 recientemente en redes sociales su paso por la serie espa\u00f1ola <em>Vis a Vis, <\/em>una producci\u00f3n que la catapult\u00f3 al \u00e9xito en esa naci\u00f3n y que le abri\u00f3 luego las puertas a otros proyectos.&nbsp;<\/p>\n\n\n\n<p>\u201cEste tbt me hace creer en que los sue\u00f1os s\u00ed que se cumplen. Un beso visavisero para todos\u201d, escribir la int\u00e9rprete, junto con un video de hace cuatro a\u00f1os, cuando en 2018 se ultimaban los detalles en la producci\u00f3n de <em>Vis a Vis<\/em>, la serie cuya trama se desarrolla en una prisi\u00f3n de mujeres y la cubana da vida a Sole, una de las reclusas con mayor peso en la historia.&nbsp;<\/p>\n\n\n\n<p>En las im\u00e1genes puede verse el proceso de trasformaci\u00f3n al que se someti\u00f3 la cubana Mar\u00eda Isabel D\u00edaz para encarnar el personaje, un proceso que la llev\u00f3 a cortarse m\u00e1s de 10 cm de cabello, asegur\u00f3, as\u00ed como incorporar una serie de elementos psicol\u00f3gicos que caracterizaban a la conocida reclusa. En aquel momento la actriz se refer\u00eda al \u00e9xito incre\u00edble de la serie y hablaba de una \u201cmarea amarilla\u201d, para hacer referencia a la cantidad de fans por todo el mundo y al color amarillo que identificaba sus uniformes en prisi\u00f3n.\u00a0<\/p>\n\n\n\n<p>\u201cNi me recuerdes a<em> Vis a Vis <\/em>porque se rob\u00f3 mi coraz\u00f3n por siempre. La veo, la vuelvo a ver, la reveo y as\u00ed ser\u00e1 para siempre. Ol\u00e9 mil veces\u201d, escribi\u00f3 una seguidora de la artista. Para la <a href=\"https:\/\/www.facebook.com\/629833508\/posts\/10159502769978509\/\" target=\"_blank\" rel=\"noreferrer noopener nofollow\">cubana<\/a>, ese proyecto signific\u00f3 un cambio radical en la carrera que intentaba desarrollar en Espa\u00f1a, un pa\u00eds al que hab\u00eda llegado desde hac\u00eda muchos a\u00f1os, pero en el que debi\u00f3 afrontar las mismas dificultades que cualquier emigrante.\u00a0<\/p>\n\n\n\n<p>Sin embargo, el talento de la <a href=\"https:\/\/www.cuballama.com\/noticias\/maria-isabel-diaz-ayuda-economica\/\" target=\"_blank\" rel=\"noreferrer noopener\">actriz<\/a> hizo que al fin fuera reconocido su trabajo y hasta el d\u00eda de hoy cuenta con una magn\u00edfica hoja profesional, donde ha podido combinar la televisi\u00f3n con el teatro y el cine. En este \u00faltimo, mano a mano con actrices y directores tan emblem\u00e1ticos en todo el mundo como Pen\u00e9lope Cruz y Pedro Almod\u00f3var.\u00a0<\/p>\n\n\n\n<p>En su nost\u00e1lgica publicaci\u00f3n sobre <em>Vis a Vis, <\/em>la cual se pudo disfrutar tambi\u00e9n en Cuba gracias al conocido Paquete Semanal, un fan de la actriz le escribi\u00f3 la mejor de las valoraciones por su trabajo.&nbsp;<\/p>\n\n\n\n<p>\u201cQuerida, fant\u00e1stica en aquel papel, pero que me dices del que vi ayer, <em>En los m\u00e1rgenes, <\/em>la nueva pel\u00edcula con Pen\u00e9lope, Tosar y Juan Diego. Te golpea directo al coraz\u00f3n, te hace enmudecer, el nudo en la garganta no se te quita desde el primero minuto. Enhorabuena por tu papel\u201d, escribi\u00f3 el admirador.&nbsp;<\/p>\n\n\n\n<p>A pesar de que su carrera ha continuado en Espa\u00f1a, Mar\u00eda Isabel D\u00edaz Lago es muy recordada en Cuba y su relaci\u00f3n con la Isla no ha deca\u00eddo ni un instante. En sus viajes al pa\u00eds donde naci\u00f3 ha podido v\u00e9rsele en varios circuitos art\u00edsticos y casi siempre haciendo remembranzas de sus \u00e9pocas juveniles cuando se dio a conocer en el cine.&nbsp;<\/p>\n\n\n\n<p>Asimismo, la interprete que se mantiene muy activa en redes sociales y es considerada una figura p\u00fablica de importancia, ha usado sus influencias para promover campa\u00f1as de ayuda humanitaria dirigidas al pa\u00eds y se mantiene al tanto de otros prop\u00f3sitos como la lucha contra la violencia de g\u00e9nero y el di\u00e1logo entre las autoridades y el pueblo.<\/p>\n","protected":false},"excerpt":{"rendered":"<p> Mar\u00eda Isabel D\u00edaz Lago, a quien muchos recuerdan  por su protag\u00f3nico en Una novia para David, record\u00f3  su paso por la serie espa\u00f1ola Vis a Vis. <\/p>\n","protected":false},"author":24,"featured_media":104650,"comment_status":"open","ping_status":"closed","sticky":false,"template":"","format":"standard","meta":{"_acf_changed":false,"footnotes":""},"categories":[443,18,955],"tags":[5170,252,92,941,1334,10473],"class_list":{"0":"post-104649","1":"post","2":"type-post","3":"status-publish","4":"format-standard","5":"has-post-thumbnail","7":"category-farandula","8":"category-noticias","9":"category-noticias-de-cuba","10":"tag-actrices-cubanas","11":"tag-artistas-cubanos","12":"tag-cubanos","13":"tag-destacado","14":"tag-maria-isabel-diaz","15":"tag-vis-a-vis"},"acf":[],"yoast_head":"<!-- This site is optimized with the Yoast SEO plugin v27.5 - https:\/\/yoast.com\/product\/yoast-seo-wordpress\/ -->\n<title>Cubana Mar\u00eda Isabel D\u00edaz Lago recuerda su participaci\u00f3n en famosa serie Vis a Vis - Cuballama Noticias<\/title>\n<meta name=\"description\" content=\"La cubana Mar\u00eda Isabel D\u00edaz Lago, a quien muchos recuerdan por Una novia para David, record\u00f3 su paso por la serie espa\u00f1ola Vis a Vis.\" \/>\n<meta name=\"robots\" content=\"index, follow, max-snippet:-1, max-image-preview:large, max-video-preview:-1\" \/>\n<link rel=\"canonical\" href=\"https:\/\/www.cuballama.com\/noticias\/cubana-maria-isabel-diaz-lago-recuerda-su-participacion-en-famosa-serie-vis-a-vis\/\" \/>\n<meta property=\"og:locale\" content=\"es_ES\" \/>\n<meta property=\"og:type\" content=\"article\" \/>\n<meta property=\"og:title\" content=\"Cubana Mar\u00eda Isabel D\u00edaz Lago recuerda su participaci\u00f3n en famosa serie Vis a Vis - Cuballama Noticias\" \/>\n<meta property=\"og:description\" content=\"La cubana Mar\u00eda Isabel D\u00edaz Lago, a quien muchos recuerdan por Una novia para David, record\u00f3 su paso por la serie espa\u00f1ola Vis a Vis.\" \/>\n<meta property=\"og:url\" content=\"https:\/\/www.cuballama.com\/noticias\/cubana-maria-isabel-diaz-lago-recuerda-su-participacion-en-famosa-serie-vis-a-vis\/\" \/>\n<meta property=\"og:site_name\" content=\"Cuballama Noticias\" \/>\n<meta property=\"article:publisher\" content=\"https:\/\/www.facebook.com\/CubaLlama\" \/>\n<meta property=\"article:published_time\" content=\"2022-10-20T16:31:57+00:00\" \/>\n<meta property=\"article:modified_time\" content=\"2022-10-20T16:32:01+00:00\" \/>\n<meta property=\"og:image\" content=\"https:\/\/www.cuballama.com\/noticias\/wp-content\/uploads\/2022\/10\/011e88ef4a8328e08be9d913808b8290_L.jpg\" \/>\n\t<meta property=\"og:image:width\" content=\"1024\" \/>\n\t<meta property=\"og:image:height\" content=\"683\" \/>\n\t<meta property=\"og:image:type\" content=\"image\/jpeg\" \/>\n<meta name=\"author\" content=\"Manu\" \/>\n<meta name=\"twitter:card\" content=\"summary_large_image\" \/>\n<meta name=\"twitter:creator\" content=\"@cuballama\" \/>\n<meta name=\"twitter:site\" content=\"@cuballama\" \/>\n<meta name=\"twitter:label1\" content=\"Escrito por\" \/>\n\t<meta name=\"twitter:data1\" content=\"Manu\" \/>\n\t<meta name=\"twitter:label2\" content=\"Tiempo de lectura\" \/>\n\t<meta name=\"twitter:data2\" content=\"3 minutos\" \/>\n<script type=\"application\/ld+json\" class=\"yoast-schema-graph\">{\"@context\":\"https:\\\/\\\/schema.org\",\"@graph\":[{\"@type\":\"Article\",\"@id\":\"https:\\\/\\\/www.cuballama.com\\\/noticias\\\/cubana-maria-isabel-diaz-lago-recuerda-su-participacion-en-famosa-serie-vis-a-vis\\\/#article\",\"isPartOf\":{\"@id\":\"https:\\\/\\\/www.cuballama.com\\\/noticias\\\/cubana-maria-isabel-diaz-lago-recuerda-su-participacion-en-famosa-serie-vis-a-vis\\\/\"},\"author\":{\"name\":\"Manu\",\"@id\":\"https:\\\/\\\/www.cuballama.com\\\/noticias\\\/#\\\/schema\\\/person\\\/5889f7d070564f8386e7944d14d436cd\"},\"headline\":\"Cubana Mar\u00eda Isabel D\u00edaz Lago recuerda su participaci\u00f3n en famosa serie Vis a Vis\",\"datePublished\":\"2022-10-20T16:31:57+00:00\",\"dateModified\":\"2022-10-20T16:32:01+00:00\",\"mainEntityOfPage\":{\"@id\":\"https:\\\/\\\/www.cuballama.com\\\/noticias\\\/cubana-maria-isabel-diaz-lago-recuerda-su-participacion-en-famosa-serie-vis-a-vis\\\/\"},\"wordCount\":640,\"commentCount\":0,\"publisher\":{\"@id\":\"https:\\\/\\\/www.cuballama.com\\\/noticias\\\/#organization\"},\"image\":{\"@id\":\"https:\\\/\\\/www.cuballama.com\\\/noticias\\\/cubana-maria-isabel-diaz-lago-recuerda-su-participacion-en-famosa-serie-vis-a-vis\\\/#primaryimage\"},\"thumbnailUrl\":\"https:\\\/\\\/cdn1.mediawpaccore.net\\\/wp-content\\\/uploads\\\/2022\\\/10\\\/20122633\\\/011e88ef4a8328e08be9d913808b8290_L.jpg\",\"keywords\":[\"Actrices cubanas\",\"Artistas cubanos\",\"cubanos\",\"destacado\",\"Mar\u00eda Isabel D\u00edaz\",\"Vis a Vis\"],\"articleSection\":[\"Far\u00e1ndula\",\"Noticias\",\"Noticias de Cuba\"],\"inLanguage\":\"es\",\"potentialAction\":[{\"@type\":\"CommentAction\",\"name\":\"Comment\",\"target\":[\"https:\\\/\\\/www.cuballama.com\\\/noticias\\\/cubana-maria-isabel-diaz-lago-recuerda-su-participacion-en-famosa-serie-vis-a-vis\\\/#respond\"]}]},{\"@type\":\"WebPage\",\"@id\":\"https:\\\/\\\/www.cuballama.com\\\/noticias\\\/cubana-maria-isabel-diaz-lago-recuerda-su-participacion-en-famosa-serie-vis-a-vis\\\/\",\"url\":\"https:\\\/\\\/www.cuballama.com\\\/noticias\\\/cubana-maria-isabel-diaz-lago-recuerda-su-participacion-en-famosa-serie-vis-a-vis\\\/\",\"name\":\"Cubana Mar\u00eda Isabel D\u00edaz Lago recuerda su participaci\u00f3n en famosa serie Vis a Vis - Cuballama Noticias\",\"isPartOf\":{\"@id\":\"https:\\\/\\\/www.cuballama.com\\\/noticias\\\/#website\"},\"primaryImageOfPage\":{\"@id\":\"https:\\\/\\\/www.cuballama.com\\\/noticias\\\/cubana-maria-isabel-diaz-lago-recuerda-su-participacion-en-famosa-serie-vis-a-vis\\\/#primaryimage\"},\"image\":{\"@id\":\"https:\\\/\\\/www.cuballama.com\\\/noticias\\\/cubana-maria-isabel-diaz-lago-recuerda-su-participacion-en-famosa-serie-vis-a-vis\\\/#primaryimage\"},\"thumbnailUrl\":\"https:\\\/\\\/cdn1.mediawpaccore.net\\\/wp-content\\\/uploads\\\/2022\\\/10\\\/20122633\\\/011e88ef4a8328e08be9d913808b8290_L.jpg\",\"datePublished\":\"2022-10-20T16:31:57+00:00\",\"dateModified\":\"2022-10-20T16:32:01+00:00\",\"description\":\"La cubana Mar\u00eda Isabel D\u00edaz Lago, a quien muchos recuerdan por Una novia para David, record\u00f3 su paso por la serie espa\u00f1ola Vis a Vis.\",\"breadcrumb\":{\"@id\":\"https:\\\/\\\/www.cuballama.com\\\/noticias\\\/cubana-maria-isabel-diaz-lago-recuerda-su-participacion-en-famosa-serie-vis-a-vis\\\/#breadcrumb\"},\"inLanguage\":\"es\",\"potentialAction\":[{\"@type\":\"ReadAction\",\"target\":[\"https:\\\/\\\/www.cuballama.com\\\/noticias\\\/cubana-maria-isabel-diaz-lago-recuerda-su-participacion-en-famosa-serie-vis-a-vis\\\/\"]}]},{\"@type\":\"ImageObject\",\"inLanguage\":\"es\",\"@id\":\"https:\\\/\\\/www.cuballama.com\\\/noticias\\\/cubana-maria-isabel-diaz-lago-recuerda-su-participacion-en-famosa-serie-vis-a-vis\\\/#primaryimage\",\"url\":\"https:\\\/\\\/cdn1.mediawpaccore.net\\\/wp-content\\\/uploads\\\/2022\\\/10\\\/20122633\\\/011e88ef4a8328e08be9d913808b8290_L.jpg\",\"contentUrl\":\"https:\\\/\\\/cdn1.mediawpaccore.net\\\/wp-content\\\/uploads\\\/2022\\\/10\\\/20122633\\\/011e88ef4a8328e08be9d913808b8290_L.jpg\",\"width\":1024,\"height\":683},{\"@type\":\"BreadcrumbList\",\"@id\":\"https:\\\/\\\/www.cuballama.com\\\/noticias\\\/cubana-maria-isabel-diaz-lago-recuerda-su-participacion-en-famosa-serie-vis-a-vis\\\/#breadcrumb\",\"itemListElement\":[{\"@type\":\"ListItem\",\"position\":1,\"name\":\"Home\",\"item\":\"https:\\\/\\\/www.cuballama.com\\\/noticias\\\/\"},{\"@type\":\"ListItem\",\"position\":2,\"name\":\"Cubana Mar\u00eda Isabel D\u00edaz Lago recuerda su participaci\u00f3n en famosa serie Vis a Vis\"}]},{\"@type\":\"WebSite\",\"@id\":\"https:\\\/\\\/www.cuballama.com\\\/noticias\\\/#website\",\"url\":\"https:\\\/\\\/www.cuballama.com\\\/noticias\\\/\",\"name\":\"Cuballama Noticias\",\"description\":\"Medio digital sobre Cuba y el mundo\",\"publisher\":{\"@id\":\"https:\\\/\\\/www.cuballama.com\\\/noticias\\\/#organization\"},\"potentialAction\":[{\"@type\":\"SearchAction\",\"target\":{\"@type\":\"EntryPoint\",\"urlTemplate\":\"https:\\\/\\\/www.cuballama.com\\\/noticias\\\/?s={search_term_string}\"},\"query-input\":{\"@type\":\"PropertyValueSpecification\",\"valueRequired\":true,\"valueName\":\"search_term_string\"}}],\"inLanguage\":\"es\"},{\"@type\":\"Organization\",\"@id\":\"https:\\\/\\\/www.cuballama.com\\\/noticias\\\/#organization\",\"name\":\"Cuballama\",\"url\":\"https:\\\/\\\/www.cuballama.com\\\/noticias\\\/\",\"logo\":{\"@type\":\"ImageObject\",\"inLanguage\":\"es\",\"@id\":\"https:\\\/\\\/www.cuballama.com\\\/noticias\\\/#\\\/schema\\\/logo\\\/image\\\/\",\"url\":\"https:\\\/\\\/cdn1.mediawpaccore.net\\\/wp-content\\\/uploads\\\/2021\\\/12\\\/28171206\\\/cbll-logo-color-sm.png\",\"contentUrl\":\"https:\\\/\\\/cdn1.mediawpaccore.net\\\/wp-content\\\/uploads\\\/2021\\\/12\\\/28171206\\\/cbll-logo-color-sm.png\",\"width\":600,\"height\":133,\"caption\":\"Cuballama\"},\"image\":{\"@id\":\"https:\\\/\\\/www.cuballama.com\\\/noticias\\\/#\\\/schema\\\/logo\\\/image\\\/\"},\"sameAs\":[\"https:\\\/\\\/www.facebook.com\\\/CubaLlama\",\"https:\\\/\\\/x.com\\\/cuballama\",\"https:\\\/\\\/www.instagram.com\\\/stories\\\/cuballama_oficial\\\/\",\"https:\\\/\\\/www.youtube.com\\\/channel\\\/UCKkFE-d_axENGZcrc4as0IA\"]},{\"@type\":\"Person\",\"@id\":\"https:\\\/\\\/www.cuballama.com\\\/noticias\\\/#\\\/schema\\\/person\\\/5889f7d070564f8386e7944d14d436cd\",\"name\":\"Manu\",\"url\":\"https:\\\/\\\/www.cuballama.com\\\/noticias\\\/author\\\/manu\\\/\"}]}<\/script>\n<!-- \/ Yoast SEO plugin. -->","yoast_head_json":{"title":"Cubana Mar\u00eda Isabel D\u00edaz Lago recuerda su participaci\u00f3n en famosa serie Vis a Vis - Cuballama Noticias","description":"La cubana Mar\u00eda Isabel D\u00edaz Lago, a quien muchos recuerdan por Una novia para David, record\u00f3 su paso por la serie espa\u00f1ola Vis a Vis.","robots":{"index":"index","follow":"follow","max-snippet":"max-snippet:-1","max-image-preview":"max-image-preview:large","max-video-preview":"max-video-preview:-1"},"canonical":"https:\/\/www.cuballama.com\/noticias\/cubana-maria-isabel-diaz-lago-recuerda-su-participacion-en-famosa-serie-vis-a-vis\/","og_locale":"es_ES","og_type":"article","og_title":"Cubana Mar\u00eda Isabel D\u00edaz Lago recuerda su participaci\u00f3n en famosa serie Vis a Vis - Cuballama Noticias","og_description":"La cubana Mar\u00eda Isabel D\u00edaz Lago, a quien muchos recuerdan por Una novia para David, record\u00f3 su paso por la serie espa\u00f1ola Vis a Vis.","og_url":"https:\/\/www.cuballama.com\/noticias\/cubana-maria-isabel-diaz-lago-recuerda-su-participacion-en-famosa-serie-vis-a-vis\/","og_site_name":"Cuballama Noticias","article_publisher":"https:\/\/www.facebook.com\/CubaLlama","article_published_time":"2022-10-20T16:31:57+00:00","article_modified_time":"2022-10-20T16:32:01+00:00","og_image":[{"width":1024,"height":683,"url":"https:\/\/www.cuballama.com\/noticias\/wp-content\/uploads\/2022\/10\/011e88ef4a8328e08be9d913808b8290_L.jpg","type":"image\/jpeg"}],"author":"Manu","twitter_card":"summary_large_image","twitter_creator":"@cuballama","twitter_site":"@cuballama","twitter_misc":{"Escrito por":"Manu","Tiempo de lectura":"3 minutos"},"schema":{"@context":"https:\/\/schema.org","@graph":[{"@type":"Article","@id":"https:\/\/www.cuballama.com\/noticias\/cubana-maria-isabel-diaz-lago-recuerda-su-participacion-en-famosa-serie-vis-a-vis\/#article","isPartOf":{"@id":"https:\/\/www.cuballama.com\/noticias\/cubana-maria-isabel-diaz-lago-recuerda-su-participacion-en-famosa-serie-vis-a-vis\/"},"author":{"name":"Manu","@id":"https:\/\/www.cuballama.com\/noticias\/#\/schema\/person\/5889f7d070564f8386e7944d14d436cd"},"headline":"Cubana Mar\u00eda Isabel D\u00edaz Lago recuerda su participaci\u00f3n en famosa serie Vis a Vis","datePublished":"2022-10-20T16:31:57+00:00","dateModified":"2022-10-20T16:32:01+00:00","mainEntityOfPage":{"@id":"https:\/\/www.cuballama.com\/noticias\/cubana-maria-isabel-diaz-lago-recuerda-su-participacion-en-famosa-serie-vis-a-vis\/"},"wordCount":640,"commentCount":0,"publisher":{"@id":"https:\/\/www.cuballama.com\/noticias\/#organization"},"image":{"@id":"https:\/\/www.cuballama.com\/noticias\/cubana-maria-isabel-diaz-lago-recuerda-su-participacion-en-famosa-serie-vis-a-vis\/#primaryimage"},"thumbnailUrl":"https:\/\/cdn1.mediawpaccore.net\/wp-content\/uploads\/2022\/10\/20122633\/011e88ef4a8328e08be9d913808b8290_L.jpg","keywords":["Actrices cubanas","Artistas cubanos","cubanos","destacado","Mar\u00eda Isabel D\u00edaz","Vis a Vis"],"articleSection":["Far\u00e1ndula","Noticias","Noticias de Cuba"],"inLanguage":"es","potentialAction":[{"@type":"CommentAction","name":"Comment","target":["https:\/\/www.cuballama.com\/noticias\/cubana-maria-isabel-diaz-lago-recuerda-su-participacion-en-famosa-serie-vis-a-vis\/#respond"]}]},{"@type":"WebPage","@id":"https:\/\/www.cuballama.com\/noticias\/cubana-maria-isabel-diaz-lago-recuerda-su-participacion-en-famosa-serie-vis-a-vis\/","url":"https:\/\/www.cuballama.com\/noticias\/cubana-maria-isabel-diaz-lago-recuerda-su-participacion-en-famosa-serie-vis-a-vis\/","name":"Cubana Mar\u00eda Isabel D\u00edaz Lago recuerda su participaci\u00f3n en famosa serie Vis a Vis - Cuballama Noticias","isPartOf":{"@id":"https:\/\/www.cuballama.com\/noticias\/#website"},"primaryImageOfPage":{"@id":"https:\/\/www.cuballama.com\/noticias\/cubana-maria-isabel-diaz-lago-recuerda-su-participacion-en-famosa-serie-vis-a-vis\/#primaryimage"},"image":{"@id":"https:\/\/www.cuballama.com\/noticias\/cubana-maria-isabel-diaz-lago-recuerda-su-participacion-en-famosa-serie-vis-a-vis\/#primaryimage"},"thumbnailUrl":"https:\/\/cdn1.mediawpaccore.net\/wp-content\/uploads\/2022\/10\/20122633\/011e88ef4a8328e08be9d913808b8290_L.jpg","datePublished":"2022-10-20T16:31:57+00:00","dateModified":"2022-10-20T16:32:01+00:00","description":"La cubana Mar\u00eda Isabel D\u00edaz Lago, a quien muchos recuerdan por Una novia para David, record\u00f3 su paso por la serie espa\u00f1ola Vis a Vis.","breadcrumb":{"@id":"https:\/\/www.cuballama.com\/noticias\/cubana-maria-isabel-diaz-lago-recuerda-su-participacion-en-famosa-serie-vis-a-vis\/#breadcrumb"},"inLanguage":"es","potentialAction":[{"@type":"ReadAction","target":["https:\/\/www.cuballama.com\/noticias\/cubana-maria-isabel-diaz-lago-recuerda-su-participacion-en-famosa-serie-vis-a-vis\/"]}]},{"@type":"ImageObject","inLanguage":"es","@id":"https:\/\/www.cuballama.com\/noticias\/cubana-maria-isabel-diaz-lago-recuerda-su-participacion-en-famosa-serie-vis-a-vis\/#primaryimage","url":"https:\/\/cdn1.mediawpaccore.net\/wp-content\/uploads\/2022\/10\/20122633\/011e88ef4a8328e08be9d913808b8290_L.jpg","contentUrl":"https:\/\/cdn1.mediawpaccore.net\/wp-content\/uploads\/2022\/10\/20122633\/011e88ef4a8328e08be9d913808b8290_L.jpg","width":1024,"height":683},{"@type":"BreadcrumbList","@id":"https:\/\/www.cuballama.com\/noticias\/cubana-maria-isabel-diaz-lago-recuerda-su-participacion-en-famosa-serie-vis-a-vis\/#breadcrumb","itemListElement":[{"@type":"ListItem","position":1,"name":"Home","item":"https:\/\/www.cuballama.com\/noticias\/"},{"@type":"ListItem","position":2,"name":"Cubana Mar\u00eda Isabel D\u00edaz Lago recuerda su participaci\u00f3n en famosa serie Vis a Vis"}]},{"@type":"WebSite","@id":"https:\/\/www.cuballama.com\/noticias\/#website","url":"https:\/\/www.cuballama.com\/noticias\/","name":"Cuballama Noticias","description":"Medio digital sobre Cuba y el mundo","publisher":{"@id":"https:\/\/www.cuballama.com\/noticias\/#organization"},"potentialAction":[{"@type":"SearchAction","target":{"@type":"EntryPoint","urlTemplate":"https:\/\/www.cuballama.com\/noticias\/?s={search_term_string}"},"query-input":{"@type":"PropertyValueSpecification","valueRequired":true,"valueName":"search_term_string"}}],"inLanguage":"es"},{"@type":"Organization","@id":"https:\/\/www.cuballama.com\/noticias\/#organization","name":"Cuballama","url":"https:\/\/www.cuballama.com\/noticias\/","logo":{"@type":"ImageObject","inLanguage":"es","@id":"https:\/\/www.cuballama.com\/noticias\/#\/schema\/logo\/image\/","url":"https:\/\/cdn1.mediawpaccore.net\/wp-content\/uploads\/2021\/12\/28171206\/cbll-logo-color-sm.png","contentUrl":"https:\/\/cdn1.mediawpaccore.net\/wp-content\/uploads\/2021\/12\/28171206\/cbll-logo-color-sm.png","width":600,"height":133,"caption":"Cuballama"},"image":{"@id":"https:\/\/www.cuballama.com\/noticias\/#\/schema\/logo\/image\/"},"sameAs":["https:\/\/www.facebook.com\/CubaLlama","https:\/\/x.com\/cuballama","https:\/\/www.instagram.com\/stories\/cuballama_oficial\/","https:\/\/www.youtube.com\/channel\/UCKkFE-d_axENGZcrc4as0IA"]},{"@type":"Person","@id":"https:\/\/www.cuballama.com\/noticias\/#\/schema\/person\/5889f7d070564f8386e7944d14d436cd","name":"Manu","url":"https:\/\/www.cuballama.com\/noticias\/author\/manu\/"}]}},"_links":{"self":[{"href":"https:\/\/www.cuballama.com\/noticias\/wp-json\/wp\/v2\/posts\/104649","targetHints":{"allow":["GET"]}}],"collection":[{"href":"https:\/\/www.cuballama.com\/noticias\/wp-json\/wp\/v2\/posts"}],"about":[{"href":"https:\/\/www.cuballama.com\/noticias\/wp-json\/wp\/v2\/types\/post"}],"author":[{"embeddable":true,"href":"https:\/\/www.cuballama.com\/noticias\/wp-json\/wp\/v2\/users\/24"}],"replies":[{"embeddable":true,"href":"https:\/\/www.cuballama.com\/noticias\/wp-json\/wp\/v2\/comments?post=104649"}],"version-history":[{"count":1,"href":"https:\/\/www.cuballama.com\/noticias\/wp-json\/wp\/v2\/posts\/104649\/revisions"}],"predecessor-version":[{"id":104653,"href":"https:\/\/www.cuballama.com\/noticias\/wp-json\/wp\/v2\/posts\/104649\/revisions\/104653"}],"wp:featuredmedia":[{"embeddable":true,"href":"https:\/\/www.cuballama.com\/noticias\/wp-json\/wp\/v2\/media\/104650"}],"wp:attachment":[{"href":"https:\/\/www.cuballama.com\/noticias\/wp-json\/wp\/v2\/media?parent=104649"}],"wp:term":[{"taxonomy":"category","embeddable":true,"href":"https:\/\/www.cuballama.com\/noticias\/wp-json\/wp\/v2\/categories?post=104649"},{"taxonomy":"post_tag","embeddable":true,"href":"https:\/\/www.cuballama.com\/noticias\/wp-json\/wp\/v2\/tags?post=104649"}],"curies":[{"name":"wp","href":"https:\/\/api.w.org\/{rel}","templated":true}]}}