{"id":101837,"date":"2022-09-06T18:21:56","date_gmt":"2022-09-06T22:21:56","guid":{"rendered":"https:\/\/www.cuballama.com\/noticias\/?p=101837"},"modified":"2022-09-06T18:24:04","modified_gmt":"2022-09-06T22:24:04","slug":"la-diosa-espera-irse-a-estados-unidos-con-su-familia","status":"publish","type":"post","link":"https:\/\/www.cuballama.com\/noticias\/la-diosa-espera-irse-a-estados-unidos-con-su-familia\/","title":{"rendered":"La Diosa espera irse a Estados Unidos con su familia"},"content":{"rendered":"\n<p>La cantante cubana Dianelys Alfonoso Cartaya, m\u00e1s conocida como la Diosa, asegur\u00f3 este fin de semana que su destino es mudarse a los Estados Unidos con su familia, algo que ya hab\u00eda estado en sus planes, incluso desde antes irse de gira por Europa.&nbsp;<\/p>\n\n\n\n<p>Aunque a\u00fan no confirma su fecha de salida del pa\u00eds, ni la v\u00eda que utilizar\u00edan, la int\u00e9rprete de<em> 40 libras <\/em>public\u00f3 este fin de semana una imagen en sus redes sociales junto con Rey el Mago y la hija de ambos en alg\u00fan establecimiento de La Habana, con la cual dejaban pistas sobre sus planes y la inminente salida del pa\u00eds.&nbsp;<\/p>\n\n\n\n<p>\u201cSi hacen zoom en el medio de la foto sabr\u00e1n a donde nos dirigimos, eso es si o si\u201d, escribi\u00f3 La Diosa y al instante comenzaron a llegar las reacciones de sus seguidores quienes descubr\u00edan que el elemento que destacaba al momento de acercar la imagen era una bandera de Los Estados Unidos.&nbsp;<\/p>\n\n\n\n<p>\u201cSi, arriba, t\u00fa eres una guerrera. Directo sin mirar atr\u00e1s los tres. Bendiciones\u201d, le escribi\u00f3 una fan\u00e1tica, mientras que otra persona le deseo que pronto pudiera organizar sus conciertos en Miami y que todo el p\u00fablico cubano que all\u00ed la espera pudiera disfrutar de sus carism\u00e1ticas interpretaciones.&nbsp;<\/p>\n\n\n\n<p>En una de sus recientes publicaciones, la Diosa aconsej\u00f3 a sus fans que se mantuvieran atentos a las redes sociales porque se encuentra a punto de lanzar nuevos sencillos. \u201cM\u00fasica Fresquita y nueva es lo que viene ahora\u201d y adelant\u00f3 un fragmento de <em>Te di paso, <\/em>la canci\u00f3n que promete ser su pr\u00f3ximo hit.&nbsp;<\/p>\n\n\n\n<p>Durante todo el mes de mayo la <a href=\"https:\/\/www.cuballama.com\/noticias\/la-diosa-de-regreso-en-cuba-aprendan-a-hacer-una-gira-y-nos-vemos-en-estados-unidos\/\" target=\"_blank\" rel=\"noreferrer noopener\">cantante cubana <\/a>y su esposo, quien tambi\u00e9n forma parte de la orquesta estuvieron de gira por varios pa\u00edses de Europa en lo que ella misma consider\u00f3 como \u00e9xito rotundo y la cima de su carrera musical.\u00a0<\/p>\n\n\n\n<p>Durante el regreso a la Isla, La Diosa, quien cuenta con unos 135 mil seguidores en Instagram, ofreci\u00f3 detalles de todo cuanto hab\u00eda importado para ella y para sus hijos, al tiempo que recalc\u00f3 su entrega incondicional al p\u00fablico y la seriedad con que se hab\u00eda propuesto llevar su arte al mundo.&nbsp;<\/p>\n\n\n\n<p>No obstante, siendo fiel a la sinceridad que ha mantenido con sus admirados, la cubana confes\u00f3 que planeaba irse del pa\u00eds y anunci\u00f3 primero la salida de su hijo mayor, quien parti\u00f3 solo hacia Europa y todav\u00eda permanece all\u00ed en compa\u00f1\u00eda de quienes pudieran ser amigos o familiares del muchacho y su madre.&nbsp;<\/p>\n\n\n\n<p>La Diosa es una de las artistas que aun permanece en Cuba y que no cuenta con la aprobaci\u00f3n de la oficialidad para realizar presentaciones con el auspicio de las instituciones. Sin embargo, se trata tambi\u00e9n de una de las cantantes m\u00e1s populares y con ello ha logrado presentarse en club nocturnos y otros espacios m\u00e1s \u00edntimos.&nbsp;<\/p>\n","protected":false},"excerpt":{"rendered":"<p>La cantante cubana Dianelys Alfonoso Cartaya, m\u00e1s conocida como la Diosa, asegur\u00f3 este fin de semana que su destino es mudarse a los Estados Unidos.<\/p>\n","protected":false},"author":24,"featured_media":95857,"comment_status":"open","ping_status":"closed","sticky":false,"template":"","format":"standard","meta":{"_acf_changed":false,"footnotes":""},"categories":[443,955],"tags":[],"class_list":{"0":"post-101837","1":"post","2":"type-post","3":"status-publish","4":"format-standard","5":"has-post-thumbnail","7":"category-farandula","8":"category-noticias-de-cuba"},"acf":[],"yoast_head":"<!-- This site is optimized with the Yoast SEO plugin v27.5 - https:\/\/yoast.com\/product\/yoast-seo-wordpress\/ -->\n<title>La Diosa espera irse a Estados Unidos con su familia - Cuballama Noticias<\/title>\n<meta name=\"description\" content=\"Dianelys Alfonoso Cartaya, m\u00e1s conocida como la Diosa, asegur\u00f3 este fin de semana que su destino es mudarse a los Estados Unidos.\" \/>\n<meta name=\"robots\" content=\"index, follow, max-snippet:-1, max-image-preview:large, max-video-preview:-1\" \/>\n<link rel=\"canonical\" href=\"https:\/\/www.cuballama.com\/noticias\/la-diosa-espera-irse-a-estados-unidos-con-su-familia\/\" \/>\n<meta property=\"og:locale\" content=\"es_ES\" \/>\n<meta property=\"og:type\" content=\"article\" \/>\n<meta property=\"og:title\" content=\"La Diosa espera irse a Estados Unidos con su familia - Cuballama Noticias\" \/>\n<meta property=\"og:description\" content=\"Dianelys Alfonoso Cartaya, m\u00e1s conocida como la Diosa, asegur\u00f3 este fin de semana que su destino es mudarse a los Estados Unidos.\" \/>\n<meta property=\"og:url\" content=\"https:\/\/www.cuballama.com\/noticias\/la-diosa-espera-irse-a-estados-unidos-con-su-familia\/\" \/>\n<meta property=\"og:site_name\" content=\"Cuballama Noticias\" \/>\n<meta property=\"article:publisher\" content=\"https:\/\/www.facebook.com\/CubaLlama\" \/>\n<meta property=\"article:published_time\" content=\"2022-09-06T22:21:56+00:00\" \/>\n<meta property=\"article:modified_time\" content=\"2022-09-06T22:24:04+00:00\" \/>\n<meta property=\"og:image\" content=\"https:\/\/www.cuballama.com\/noticias\/wp-content\/uploads\/2022\/06\/la-diosa-cuba.jpg\" \/>\n\t<meta property=\"og:image:width\" content=\"941\" \/>\n\t<meta property=\"og:image:height\" content=\"555\" \/>\n\t<meta property=\"og:image:type\" content=\"image\/jpeg\" \/>\n<meta name=\"author\" content=\"Manu\" \/>\n<meta name=\"twitter:card\" content=\"summary_large_image\" \/>\n<meta name=\"twitter:creator\" content=\"@cuballama\" \/>\n<meta name=\"twitter:site\" content=\"@cuballama\" \/>\n<meta name=\"twitter:label1\" content=\"Escrito por\" \/>\n\t<meta name=\"twitter:data1\" content=\"Manu\" \/>\n\t<meta name=\"twitter:label2\" content=\"Tiempo de lectura\" \/>\n\t<meta name=\"twitter:data2\" content=\"3 minutos\" \/>\n<script type=\"application\/ld+json\" class=\"yoast-schema-graph\">{\"@context\":\"https:\\\/\\\/schema.org\",\"@graph\":[{\"@type\":\"Article\",\"@id\":\"https:\\\/\\\/www.cuballama.com\\\/noticias\\\/la-diosa-espera-irse-a-estados-unidos-con-su-familia\\\/#article\",\"isPartOf\":{\"@id\":\"https:\\\/\\\/www.cuballama.com\\\/noticias\\\/la-diosa-espera-irse-a-estados-unidos-con-su-familia\\\/\"},\"author\":{\"name\":\"Manu\",\"@id\":\"https:\\\/\\\/www.cuballama.com\\\/noticias\\\/#\\\/schema\\\/person\\\/5889f7d070564f8386e7944d14d436cd\"},\"headline\":\"La Diosa espera irse a Estados Unidos con su familia\",\"datePublished\":\"2022-09-06T22:21:56+00:00\",\"dateModified\":\"2022-09-06T22:24:04+00:00\",\"mainEntityOfPage\":{\"@id\":\"https:\\\/\\\/www.cuballama.com\\\/noticias\\\/la-diosa-espera-irse-a-estados-unidos-con-su-familia\\\/\"},\"wordCount\":510,\"commentCount\":0,\"publisher\":{\"@id\":\"https:\\\/\\\/www.cuballama.com\\\/noticias\\\/#organization\"},\"image\":{\"@id\":\"https:\\\/\\\/www.cuballama.com\\\/noticias\\\/la-diosa-espera-irse-a-estados-unidos-con-su-familia\\\/#primaryimage\"},\"thumbnailUrl\":\"https:\\\/\\\/cdn1.mediawpaccore.net\\\/wp-content\\\/uploads\\\/2022\\\/06\\\/21132323\\\/la-diosa-cuba.jpg\",\"articleSection\":[\"Far\u00e1ndula\",\"Noticias de Cuba\"],\"inLanguage\":\"es\",\"potentialAction\":[{\"@type\":\"CommentAction\",\"name\":\"Comment\",\"target\":[\"https:\\\/\\\/www.cuballama.com\\\/noticias\\\/la-diosa-espera-irse-a-estados-unidos-con-su-familia\\\/#respond\"]}]},{\"@type\":\"WebPage\",\"@id\":\"https:\\\/\\\/www.cuballama.com\\\/noticias\\\/la-diosa-espera-irse-a-estados-unidos-con-su-familia\\\/\",\"url\":\"https:\\\/\\\/www.cuballama.com\\\/noticias\\\/la-diosa-espera-irse-a-estados-unidos-con-su-familia\\\/\",\"name\":\"La Diosa espera irse a Estados Unidos con su familia - Cuballama Noticias\",\"isPartOf\":{\"@id\":\"https:\\\/\\\/www.cuballama.com\\\/noticias\\\/#website\"},\"primaryImageOfPage\":{\"@id\":\"https:\\\/\\\/www.cuballama.com\\\/noticias\\\/la-diosa-espera-irse-a-estados-unidos-con-su-familia\\\/#primaryimage\"},\"image\":{\"@id\":\"https:\\\/\\\/www.cuballama.com\\\/noticias\\\/la-diosa-espera-irse-a-estados-unidos-con-su-familia\\\/#primaryimage\"},\"thumbnailUrl\":\"https:\\\/\\\/cdn1.mediawpaccore.net\\\/wp-content\\\/uploads\\\/2022\\\/06\\\/21132323\\\/la-diosa-cuba.jpg\",\"datePublished\":\"2022-09-06T22:21:56+00:00\",\"dateModified\":\"2022-09-06T22:24:04+00:00\",\"description\":\"Dianelys Alfonoso Cartaya, m\u00e1s conocida como la Diosa, asegur\u00f3 este fin de semana que su destino es mudarse a los Estados Unidos.\",\"breadcrumb\":{\"@id\":\"https:\\\/\\\/www.cuballama.com\\\/noticias\\\/la-diosa-espera-irse-a-estados-unidos-con-su-familia\\\/#breadcrumb\"},\"inLanguage\":\"es\",\"potentialAction\":[{\"@type\":\"ReadAction\",\"target\":[\"https:\\\/\\\/www.cuballama.com\\\/noticias\\\/la-diosa-espera-irse-a-estados-unidos-con-su-familia\\\/\"]}]},{\"@type\":\"ImageObject\",\"inLanguage\":\"es\",\"@id\":\"https:\\\/\\\/www.cuballama.com\\\/noticias\\\/la-diosa-espera-irse-a-estados-unidos-con-su-familia\\\/#primaryimage\",\"url\":\"https:\\\/\\\/cdn1.mediawpaccore.net\\\/wp-content\\\/uploads\\\/2022\\\/06\\\/21132323\\\/la-diosa-cuba.jpg\",\"contentUrl\":\"https:\\\/\\\/cdn1.mediawpaccore.net\\\/wp-content\\\/uploads\\\/2022\\\/06\\\/21132323\\\/la-diosa-cuba.jpg\",\"width\":941,\"height\":555,\"caption\":\"La Diosa,\"},{\"@type\":\"BreadcrumbList\",\"@id\":\"https:\\\/\\\/www.cuballama.com\\\/noticias\\\/la-diosa-espera-irse-a-estados-unidos-con-su-familia\\\/#breadcrumb\",\"itemListElement\":[{\"@type\":\"ListItem\",\"position\":1,\"name\":\"Home\",\"item\":\"https:\\\/\\\/www.cuballama.com\\\/noticias\\\/\"},{\"@type\":\"ListItem\",\"position\":2,\"name\":\"La Diosa espera irse a Estados Unidos con su familia\"}]},{\"@type\":\"WebSite\",\"@id\":\"https:\\\/\\\/www.cuballama.com\\\/noticias\\\/#website\",\"url\":\"https:\\\/\\\/www.cuballama.com\\\/noticias\\\/\",\"name\":\"Cuballama Noticias\",\"description\":\"Medio digital sobre Cuba y el mundo\",\"publisher\":{\"@id\":\"https:\\\/\\\/www.cuballama.com\\\/noticias\\\/#organization\"},\"potentialAction\":[{\"@type\":\"SearchAction\",\"target\":{\"@type\":\"EntryPoint\",\"urlTemplate\":\"https:\\\/\\\/www.cuballama.com\\\/noticias\\\/?s={search_term_string}\"},\"query-input\":{\"@type\":\"PropertyValueSpecification\",\"valueRequired\":true,\"valueName\":\"search_term_string\"}}],\"inLanguage\":\"es\"},{\"@type\":\"Organization\",\"@id\":\"https:\\\/\\\/www.cuballama.com\\\/noticias\\\/#organization\",\"name\":\"Cuballama\",\"url\":\"https:\\\/\\\/www.cuballama.com\\\/noticias\\\/\",\"logo\":{\"@type\":\"ImageObject\",\"inLanguage\":\"es\",\"@id\":\"https:\\\/\\\/www.cuballama.com\\\/noticias\\\/#\\\/schema\\\/logo\\\/image\\\/\",\"url\":\"https:\\\/\\\/cdn1.mediawpaccore.net\\\/wp-content\\\/uploads\\\/2021\\\/12\\\/28171206\\\/cbll-logo-color-sm.png\",\"contentUrl\":\"https:\\\/\\\/cdn1.mediawpaccore.net\\\/wp-content\\\/uploads\\\/2021\\\/12\\\/28171206\\\/cbll-logo-color-sm.png\",\"width\":600,\"height\":133,\"caption\":\"Cuballama\"},\"image\":{\"@id\":\"https:\\\/\\\/www.cuballama.com\\\/noticias\\\/#\\\/schema\\\/logo\\\/image\\\/\"},\"sameAs\":[\"https:\\\/\\\/www.facebook.com\\\/CubaLlama\",\"https:\\\/\\\/x.com\\\/cuballama\",\"https:\\\/\\\/www.instagram.com\\\/stories\\\/cuballama_oficial\\\/\",\"https:\\\/\\\/www.youtube.com\\\/channel\\\/UCKkFE-d_axENGZcrc4as0IA\"]},{\"@type\":\"Person\",\"@id\":\"https:\\\/\\\/www.cuballama.com\\\/noticias\\\/#\\\/schema\\\/person\\\/5889f7d070564f8386e7944d14d436cd\",\"name\":\"Manu\",\"url\":\"https:\\\/\\\/www.cuballama.com\\\/noticias\\\/author\\\/manu\\\/\"}]}<\/script>\n<!-- \/ Yoast SEO plugin. -->","yoast_head_json":{"title":"La Diosa espera irse a Estados Unidos con su familia - Cuballama Noticias","description":"Dianelys Alfonoso Cartaya, m\u00e1s conocida como la Diosa, asegur\u00f3 este fin de semana que su destino es mudarse a los Estados Unidos.","robots":{"index":"index","follow":"follow","max-snippet":"max-snippet:-1","max-image-preview":"max-image-preview:large","max-video-preview":"max-video-preview:-1"},"canonical":"https:\/\/www.cuballama.com\/noticias\/la-diosa-espera-irse-a-estados-unidos-con-su-familia\/","og_locale":"es_ES","og_type":"article","og_title":"La Diosa espera irse a Estados Unidos con su familia - Cuballama Noticias","og_description":"Dianelys Alfonoso Cartaya, m\u00e1s conocida como la Diosa, asegur\u00f3 este fin de semana que su destino es mudarse a los Estados Unidos.","og_url":"https:\/\/www.cuballama.com\/noticias\/la-diosa-espera-irse-a-estados-unidos-con-su-familia\/","og_site_name":"Cuballama Noticias","article_publisher":"https:\/\/www.facebook.com\/CubaLlama","article_published_time":"2022-09-06T22:21:56+00:00","article_modified_time":"2022-09-06T22:24:04+00:00","og_image":[{"width":941,"height":555,"url":"https:\/\/www.cuballama.com\/noticias\/wp-content\/uploads\/2022\/06\/la-diosa-cuba.jpg","type":"image\/jpeg"}],"author":"Manu","twitter_card":"summary_large_image","twitter_creator":"@cuballama","twitter_site":"@cuballama","twitter_misc":{"Escrito por":"Manu","Tiempo de lectura":"3 minutos"},"schema":{"@context":"https:\/\/schema.org","@graph":[{"@type":"Article","@id":"https:\/\/www.cuballama.com\/noticias\/la-diosa-espera-irse-a-estados-unidos-con-su-familia\/#article","isPartOf":{"@id":"https:\/\/www.cuballama.com\/noticias\/la-diosa-espera-irse-a-estados-unidos-con-su-familia\/"},"author":{"name":"Manu","@id":"https:\/\/www.cuballama.com\/noticias\/#\/schema\/person\/5889f7d070564f8386e7944d14d436cd"},"headline":"La Diosa espera irse a Estados Unidos con su familia","datePublished":"2022-09-06T22:21:56+00:00","dateModified":"2022-09-06T22:24:04+00:00","mainEntityOfPage":{"@id":"https:\/\/www.cuballama.com\/noticias\/la-diosa-espera-irse-a-estados-unidos-con-su-familia\/"},"wordCount":510,"commentCount":0,"publisher":{"@id":"https:\/\/www.cuballama.com\/noticias\/#organization"},"image":{"@id":"https:\/\/www.cuballama.com\/noticias\/la-diosa-espera-irse-a-estados-unidos-con-su-familia\/#primaryimage"},"thumbnailUrl":"https:\/\/cdn1.mediawpaccore.net\/wp-content\/uploads\/2022\/06\/21132323\/la-diosa-cuba.jpg","articleSection":["Far\u00e1ndula","Noticias de Cuba"],"inLanguage":"es","potentialAction":[{"@type":"CommentAction","name":"Comment","target":["https:\/\/www.cuballama.com\/noticias\/la-diosa-espera-irse-a-estados-unidos-con-su-familia\/#respond"]}]},{"@type":"WebPage","@id":"https:\/\/www.cuballama.com\/noticias\/la-diosa-espera-irse-a-estados-unidos-con-su-familia\/","url":"https:\/\/www.cuballama.com\/noticias\/la-diosa-espera-irse-a-estados-unidos-con-su-familia\/","name":"La Diosa espera irse a Estados Unidos con su familia - Cuballama Noticias","isPartOf":{"@id":"https:\/\/www.cuballama.com\/noticias\/#website"},"primaryImageOfPage":{"@id":"https:\/\/www.cuballama.com\/noticias\/la-diosa-espera-irse-a-estados-unidos-con-su-familia\/#primaryimage"},"image":{"@id":"https:\/\/www.cuballama.com\/noticias\/la-diosa-espera-irse-a-estados-unidos-con-su-familia\/#primaryimage"},"thumbnailUrl":"https:\/\/cdn1.mediawpaccore.net\/wp-content\/uploads\/2022\/06\/21132323\/la-diosa-cuba.jpg","datePublished":"2022-09-06T22:21:56+00:00","dateModified":"2022-09-06T22:24:04+00:00","description":"Dianelys Alfonoso Cartaya, m\u00e1s conocida como la Diosa, asegur\u00f3 este fin de semana que su destino es mudarse a los Estados Unidos.","breadcrumb":{"@id":"https:\/\/www.cuballama.com\/noticias\/la-diosa-espera-irse-a-estados-unidos-con-su-familia\/#breadcrumb"},"inLanguage":"es","potentialAction":[{"@type":"ReadAction","target":["https:\/\/www.cuballama.com\/noticias\/la-diosa-espera-irse-a-estados-unidos-con-su-familia\/"]}]},{"@type":"ImageObject","inLanguage":"es","@id":"https:\/\/www.cuballama.com\/noticias\/la-diosa-espera-irse-a-estados-unidos-con-su-familia\/#primaryimage","url":"https:\/\/cdn1.mediawpaccore.net\/wp-content\/uploads\/2022\/06\/21132323\/la-diosa-cuba.jpg","contentUrl":"https:\/\/cdn1.mediawpaccore.net\/wp-content\/uploads\/2022\/06\/21132323\/la-diosa-cuba.jpg","width":941,"height":555,"caption":"La Diosa,"},{"@type":"BreadcrumbList","@id":"https:\/\/www.cuballama.com\/noticias\/la-diosa-espera-irse-a-estados-unidos-con-su-familia\/#breadcrumb","itemListElement":[{"@type":"ListItem","position":1,"name":"Home","item":"https:\/\/www.cuballama.com\/noticias\/"},{"@type":"ListItem","position":2,"name":"La Diosa espera irse a Estados Unidos con su familia"}]},{"@type":"WebSite","@id":"https:\/\/www.cuballama.com\/noticias\/#website","url":"https:\/\/www.cuballama.com\/noticias\/","name":"Cuballama Noticias","description":"Medio digital sobre Cuba y el mundo","publisher":{"@id":"https:\/\/www.cuballama.com\/noticias\/#organization"},"potentialAction":[{"@type":"SearchAction","target":{"@type":"EntryPoint","urlTemplate":"https:\/\/www.cuballama.com\/noticias\/?s={search_term_string}"},"query-input":{"@type":"PropertyValueSpecification","valueRequired":true,"valueName":"search_term_string"}}],"inLanguage":"es"},{"@type":"Organization","@id":"https:\/\/www.cuballama.com\/noticias\/#organization","name":"Cuballama","url":"https:\/\/www.cuballama.com\/noticias\/","logo":{"@type":"ImageObject","inLanguage":"es","@id":"https:\/\/www.cuballama.com\/noticias\/#\/schema\/logo\/image\/","url":"https:\/\/cdn1.mediawpaccore.net\/wp-content\/uploads\/2021\/12\/28171206\/cbll-logo-color-sm.png","contentUrl":"https:\/\/cdn1.mediawpaccore.net\/wp-content\/uploads\/2021\/12\/28171206\/cbll-logo-color-sm.png","width":600,"height":133,"caption":"Cuballama"},"image":{"@id":"https:\/\/www.cuballama.com\/noticias\/#\/schema\/logo\/image\/"},"sameAs":["https:\/\/www.facebook.com\/CubaLlama","https:\/\/x.com\/cuballama","https:\/\/www.instagram.com\/stories\/cuballama_oficial\/","https:\/\/www.youtube.com\/channel\/UCKkFE-d_axENGZcrc4as0IA"]},{"@type":"Person","@id":"https:\/\/www.cuballama.com\/noticias\/#\/schema\/person\/5889f7d070564f8386e7944d14d436cd","name":"Manu","url":"https:\/\/www.cuballama.com\/noticias\/author\/manu\/"}]}},"_links":{"self":[{"href":"https:\/\/www.cuballama.com\/noticias\/wp-json\/wp\/v2\/posts\/101837","targetHints":{"allow":["GET"]}}],"collection":[{"href":"https:\/\/www.cuballama.com\/noticias\/wp-json\/wp\/v2\/posts"}],"about":[{"href":"https:\/\/www.cuballama.com\/noticias\/wp-json\/wp\/v2\/types\/post"}],"author":[{"embeddable":true,"href":"https:\/\/www.cuballama.com\/noticias\/wp-json\/wp\/v2\/users\/24"}],"replies":[{"embeddable":true,"href":"https:\/\/www.cuballama.com\/noticias\/wp-json\/wp\/v2\/comments?post=101837"}],"version-history":[{"count":2,"href":"https:\/\/www.cuballama.com\/noticias\/wp-json\/wp\/v2\/posts\/101837\/revisions"}],"predecessor-version":[{"id":101840,"href":"https:\/\/www.cuballama.com\/noticias\/wp-json\/wp\/v2\/posts\/101837\/revisions\/101840"}],"wp:featuredmedia":[{"embeddable":true,"href":"https:\/\/www.cuballama.com\/noticias\/wp-json\/wp\/v2\/media\/95857"}],"wp:attachment":[{"href":"https:\/\/www.cuballama.com\/noticias\/wp-json\/wp\/v2\/media?parent=101837"}],"wp:term":[{"taxonomy":"category","embeddable":true,"href":"https:\/\/www.cuballama.com\/noticias\/wp-json\/wp\/v2\/categories?post=101837"},{"taxonomy":"post_tag","embeddable":true,"href":"https:\/\/www.cuballama.com\/noticias\/wp-json\/wp\/v2\/tags?post=101837"}],"curies":[{"name":"wp","href":"https:\/\/api.w.org\/{rel}","templated":true}]}}